{"id":143323,"date":"2024-05-16T16:38:00","date_gmt":"2024-05-16T22:38:00","guid":{"rendered":"https:\/\/kuali.com.mx\/web\/?p=143323"},"modified":"2024-05-16T17:55:11","modified_gmt":"2024-05-16T23:55:11","slug":"lucra-morena-con-homicidio-de-gisela-pan","status":"publish","type":"post","link":"https:\/\/kuali.com.mx\/web\/2024\/05\/16\/lucra-morena-con-homicidio-de-gisela-pan\/","title":{"rendered":"LUCRA MORENA CON HOMICIDIO DE GISELA: PAN"},"content":{"rendered":"\n<p><strong><em>Kuali\/Guanajuato, Gto.-<\/em><\/strong>En sesi\u00f3n del Congreso de Guanajuato, el diputado del PAN, Armando Rangel, acus\u00f3 a Morena de lucrar pol\u00edticamente con el asesinato de la candidata a la alcald\u00eda de Celaya, Gisela Gayt\u00e1n Guti\u00e9rrez.<\/p>\n\n\n\n<p>Al hacer uso de la voz, el legislador se\u00f1al\u00f3 que en este caso a\u00fan existen muchos elementos que deben ser aclarados, tales como: por qu\u00e9 nunca tramitaron en forma la solicitud de protecci\u00f3n de la aspirante ante la autoridad correspondiente, la omisi\u00f3n de Morena de no aportar los medios de contacto, por qu\u00e9 se le llev\u00f3 a un lugar que no estaba en su agenda p\u00fablica y c\u00f3mo sab\u00edan los responsables que iba estar ah\u00ed.<\/p>\n\n\n\n<p>\u201cTal vez no es culpabilidad, pero s\u00ed ineficiencia por parte de su partido. En el reino animal al cual pertenecemos todos biol\u00f3gicamente, hay seres que se regocijan ante un cad\u00e1ver y se les llama carro\u00f1a, la actitud que han tenido ustedes en este asunto ha sido sumamente carro\u00f1era, no son culpables, pero s\u00ed carro\u00f1eros\u201d, expres\u00f3.<\/p>\n\n\n\n<p>Tambi\u00e9n, hizo referencia a que, al enterarse del terrible asesinato, Alma Alcar\u00e1z y Ricardo Sheffield, candidatos a gobernadora y senador de la Rep\u00fablica, respectivamente, sin lamentar el hecho, solidarizarse, ni pedir justicia, lo primero que hicieron fue culpar al Gobierno del Estado.<\/p>\n\n\n\n<p>Asimismo, Armando Rangel record\u00f3 el acto pol\u00edtico que realiz\u00f3 en el Congreso del Estado la candidata a la gubernatura por Morena, donde s\u00f3lo busc\u00f3 beneficiarse de los hechos.<\/p>\n\n\n\n<p>El diputado confi\u00f3 en que las autoridades castiguen a quienes asesinaron a la candidata y que asuman su responsabilidad los que tuvieron que ver de manera directa o indirecta para que se diera este lamentable hecho.<\/p>\n\n\n\n<p>\u201cYo creo que Guanajuato, Morena y Gisela Gayt\u00e1n merecen que este asunto llegue hasta sus \u00faltimas consecuencias y nos sumamos, evidentemente, a esta exigencia\u201d, concluy\u00f3.<\/p>\n","protected":false},"excerpt":{"rendered":"Kuali\/Guanajuato, Gto.-En sesi\u00f3n del Congreso de Guanajuato, el diputado del PAN, Armando Rangel, acus\u00f3 a Morena de lucrar pol\u00edticamente con el asesinato de la candidata a la alcald\u00eda de Celaya, Gisela Gayt\u00e1n Guti\u00e9rrez. Al hacer uso de la voz, el legislador se\u00f1al\u00f3 que en este caso a\u00fan existen muchos elementos que deben ser aclarados, tales [&hellip;]","protected":false},"author":2,"featured_media":139872,"comment_status":"open","ping_status":"open","sticky":false,"template":"","format":"standard","meta":{"_seopress_robots_primary_cat":"none","_seopress_titles_title":"","_seopress_titles_desc":"","_seopress_robots_index":"","_monsterinsights_skip_tracking":false,"_monsterinsights_sitenote_active":false,"_monsterinsights_sitenote_note":"","_monsterinsights_sitenote_category":0,"footnotes":""},"categories":[3],"tags":[],"class_list":["post-143323","post","type-post","status-publish","format-standard","has-post-thumbnail","hentry","category-politica"],"yoast_head":"<!-- This site is optimized with the Yoast SEO plugin v27.4 - https:\/\/yoast.com\/product\/yoast-seo-wordpress\/ -->\n<title>LUCRA MORENA CON HOMICIDIO DE GISELA: PAN - Kuali<\/title>\n<meta name=\"robots\" content=\"index, follow, max-snippet:-1, max-image-preview:large, max-video-preview:-1\" \/>\n<link rel=\"canonical\" href=\"https:\/\/kuali.com.mx\/web\/2024\/05\/16\/lucra-morena-con-homicidio-de-gisela-pan\/\" \/>\n<meta property=\"og:locale\" content=\"es_MX\" \/>\n<meta property=\"og:type\" content=\"article\" \/>\n<meta property=\"og:title\" content=\"LUCRA MORENA CON HOMICIDIO DE GISELA: PAN - Kuali\" \/>\n<meta property=\"og:description\" content=\"Kuali\/Guanajuato, Gto.-En sesi\u00f3n del Congreso de Guanajuato, el diputado del PAN, Armando Rangel, acus\u00f3 a Morena de lucrar pol\u00edticamente con el asesinato de la candidata a la alcald\u00eda de Celaya, Gisela Gayt\u00e1n Guti\u00e9rrez. Al hacer uso de la voz, el legislador se\u00f1al\u00f3 que en este caso a\u00fan existen muchos elementos que deben ser aclarados, tales [&hellip;]\" \/>\n<meta property=\"og:url\" content=\"https:\/\/kuali.com.mx\/web\/2024\/05\/16\/lucra-morena-con-homicidio-de-gisela-pan\/\" \/>\n<meta property=\"og:site_name\" content=\"Kuali\" \/>\n<meta property=\"article:publisher\" content=\"https:\/\/kuali.com.mx\/web\/wp-content\/uploads\/2018\/04\/cropped-kuali_logo-1-1.png\" \/>\n<meta property=\"article:published_time\" content=\"2024-05-16T22:38:00+00:00\" \/>\n<meta property=\"article:modified_time\" content=\"2024-05-16T23:55:11+00:00\" \/>\n<meta property=\"og:image\" content=\"https:\/\/kuali.com.mx\/web\/wp-content\/uploads\/2024\/04\/Gisela-Gaytan-segundo-dia-de-campana-e1712023548440.jpg\" \/>\n\t<meta property=\"og:image:width\" content=\"1387\" \/>\n\t<meta property=\"og:image:height\" content=\"890\" \/>\n\t<meta property=\"og:image:type\" content=\"image\/jpeg\" \/>\n<meta name=\"author\" content=\"Kuali Staff\" \/>\n<meta name=\"twitter:card\" content=\"summary_large_image\" \/>\n<meta name=\"twitter:creator\" content=\"@kuali_noticias\" \/>\n<meta name=\"twitter:site\" content=\"@kuali_noticias\" \/>\n<meta name=\"twitter:label1\" content=\"Escrito por\" \/>\n\t<meta name=\"twitter:data1\" content=\"Kuali Staff\" \/>\n\t<meta name=\"twitter:label2\" content=\"Tiempo de lectura\" \/>\n\t<meta name=\"twitter:data2\" content=\"2 minutos\" \/>\n<script type=\"application\/ld+json\" class=\"yoast-schema-graph\">{\"@context\":\"https:\\\/\\\/schema.org\",\"@graph\":[{\"@type\":\"Article\",\"@id\":\"https:\\\/\\\/kuali.com.mx\\\/web\\\/2024\\\/05\\\/16\\\/lucra-morena-con-homicidio-de-gisela-pan\\\/#article\",\"isPartOf\":{\"@id\":\"https:\\\/\\\/kuali.com.mx\\\/web\\\/2024\\\/05\\\/16\\\/lucra-morena-con-homicidio-de-gisela-pan\\\/\"},\"author\":{\"name\":\"Kuali Staff\",\"@id\":\"https:\\\/\\\/kuali.com.mx\\\/web\\\/#\\\/schema\\\/person\\\/6f89ffa8ecba9dae50662357923c5289\"},\"headline\":\"LUCRA MORENA CON HOMICIDIO DE GISELA: PAN\",\"datePublished\":\"2024-05-16T22:38:00+00:00\",\"dateModified\":\"2024-05-16T23:55:11+00:00\",\"mainEntityOfPage\":{\"@id\":\"https:\\\/\\\/kuali.com.mx\\\/web\\\/2024\\\/05\\\/16\\\/lucra-morena-con-homicidio-de-gisela-pan\\\/\"},\"wordCount\":327,\"commentCount\":0,\"image\":{\"@id\":\"https:\\\/\\\/kuali.com.mx\\\/web\\\/2024\\\/05\\\/16\\\/lucra-morena-con-homicidio-de-gisela-pan\\\/#primaryimage\"},\"thumbnailUrl\":\"https:\\\/\\\/kuali.com.mx\\\/web\\\/wp-content\\\/uploads\\\/2024\\\/04\\\/Gisela-Gaytan-segundo-dia-de-campana-e1712023548440.jpg\",\"articleSection\":[\"Pol\u00edtica\"],\"inLanguage\":\"es\",\"potentialAction\":[{\"@type\":\"CommentAction\",\"name\":\"Comment\",\"target\":[\"https:\\\/\\\/kuali.com.mx\\\/web\\\/2024\\\/05\\\/16\\\/lucra-morena-con-homicidio-de-gisela-pan\\\/#respond\"]}]},{\"@type\":\"WebPage\",\"@id\":\"https:\\\/\\\/kuali.com.mx\\\/web\\\/2024\\\/05\\\/16\\\/lucra-morena-con-homicidio-de-gisela-pan\\\/\",\"url\":\"https:\\\/\\\/kuali.com.mx\\\/web\\\/2024\\\/05\\\/16\\\/lucra-morena-con-homicidio-de-gisela-pan\\\/\",\"name\":\"LUCRA MORENA CON HOMICIDIO DE GISELA: PAN - Kuali\",\"isPartOf\":{\"@id\":\"https:\\\/\\\/kuali.com.mx\\\/web\\\/#website\"},\"primaryImageOfPage\":{\"@id\":\"https:\\\/\\\/kuali.com.mx\\\/web\\\/2024\\\/05\\\/16\\\/lucra-morena-con-homicidio-de-gisela-pan\\\/#primaryimage\"},\"image\":{\"@id\":\"https:\\\/\\\/kuali.com.mx\\\/web\\\/2024\\\/05\\\/16\\\/lucra-morena-con-homicidio-de-gisela-pan\\\/#primaryimage\"},\"thumbnailUrl\":\"https:\\\/\\\/kuali.com.mx\\\/web\\\/wp-content\\\/uploads\\\/2024\\\/04\\\/Gisela-Gaytan-segundo-dia-de-campana-e1712023548440.jpg\",\"datePublished\":\"2024-05-16T22:38:00+00:00\",\"dateModified\":\"2024-05-16T23:55:11+00:00\",\"author\":{\"@id\":\"https:\\\/\\\/kuali.com.mx\\\/web\\\/#\\\/schema\\\/person\\\/6f89ffa8ecba9dae50662357923c5289\"},\"breadcrumb\":{\"@id\":\"https:\\\/\\\/kuali.com.mx\\\/web\\\/2024\\\/05\\\/16\\\/lucra-morena-con-homicidio-de-gisela-pan\\\/#breadcrumb\"},\"inLanguage\":\"es\",\"potentialAction\":[{\"@type\":\"ReadAction\",\"target\":[\"https:\\\/\\\/kuali.com.mx\\\/web\\\/2024\\\/05\\\/16\\\/lucra-morena-con-homicidio-de-gisela-pan\\\/\"]}]},{\"@type\":\"ImageObject\",\"inLanguage\":\"es\",\"@id\":\"https:\\\/\\\/kuali.com.mx\\\/web\\\/2024\\\/05\\\/16\\\/lucra-morena-con-homicidio-de-gisela-pan\\\/#primaryimage\",\"url\":\"https:\\\/\\\/kuali.com.mx\\\/web\\\/wp-content\\\/uploads\\\/2024\\\/04\\\/Gisela-Gaytan-segundo-dia-de-campana-e1712023548440.jpg\",\"contentUrl\":\"https:\\\/\\\/kuali.com.mx\\\/web\\\/wp-content\\\/uploads\\\/2024\\\/04\\\/Gisela-Gaytan-segundo-dia-de-campana-e1712023548440.jpg\",\"width\":1387,\"height\":890},{\"@type\":\"BreadcrumbList\",\"@id\":\"https:\\\/\\\/kuali.com.mx\\\/web\\\/2024\\\/05\\\/16\\\/lucra-morena-con-homicidio-de-gisela-pan\\\/#breadcrumb\",\"itemListElement\":[{\"@type\":\"ListItem\",\"position\":1,\"name\":\"Inicio\",\"item\":\"https:\\\/\\\/kuali.com.mx\\\/web\\\/\"},{\"@type\":\"ListItem\",\"position\":2,\"name\":\"LUCRA MORENA CON HOMICIDIO DE GISELA: PAN\"}]},{\"@type\":\"WebSite\",\"@id\":\"https:\\\/\\\/kuali.com.mx\\\/web\\\/#website\",\"url\":\"https:\\\/\\\/kuali.com.mx\\\/web\\\/\",\"name\":\"Kuali\",\"description\":\"\",\"potentialAction\":[{\"@type\":\"SearchAction\",\"target\":{\"@type\":\"EntryPoint\",\"urlTemplate\":\"https:\\\/\\\/kuali.com.mx\\\/web\\\/?s={search_term_string}\"},\"query-input\":{\"@type\":\"PropertyValueSpecification\",\"valueRequired\":true,\"valueName\":\"search_term_string\"}}],\"inLanguage\":\"es\"},{\"@type\":\"Person\",\"@id\":\"https:\\\/\\\/kuali.com.mx\\\/web\\\/#\\\/schema\\\/person\\\/6f89ffa8ecba9dae50662357923c5289\",\"name\":\"Kuali Staff\",\"image\":{\"@type\":\"ImageObject\",\"inLanguage\":\"es\",\"@id\":\"https:\\\/\\\/secure.gravatar.com\\\/avatar\\\/f917ad82e5ab71227a733c78b6e60715476f69ee6be59feee4eb5d9920c89e0f?s=96&d=mm&r=g\",\"url\":\"https:\\\/\\\/secure.gravatar.com\\\/avatar\\\/f917ad82e5ab71227a733c78b6e60715476f69ee6be59feee4eb5d9920c89e0f?s=96&d=mm&r=g\",\"contentUrl\":\"https:\\\/\\\/secure.gravatar.com\\\/avatar\\\/f917ad82e5ab71227a733c78b6e60715476f69ee6be59feee4eb5d9920c89e0f?s=96&d=mm&r=g\",\"caption\":\"Kuali Staff\"},\"url\":\"https:\\\/\\\/kuali.com.mx\\\/web\\\/author\\\/lagarto\\\/\"}]}<\/script>\n<!-- \/ Yoast SEO plugin. -->","yoast_head_json":{"title":"LUCRA MORENA CON HOMICIDIO DE GISELA: PAN - Kuali","robots":{"index":"index","follow":"follow","max-snippet":"max-snippet:-1","max-image-preview":"max-image-preview:large","max-video-preview":"max-video-preview:-1"},"canonical":"https:\/\/kuali.com.mx\/web\/2024\/05\/16\/lucra-morena-con-homicidio-de-gisela-pan\/","og_locale":"es_MX","og_type":"article","og_title":"LUCRA MORENA CON HOMICIDIO DE GISELA: PAN - Kuali","og_description":"Kuali\/Guanajuato, Gto.-En sesi\u00f3n del Congreso de Guanajuato, el diputado del PAN, Armando Rangel, acus\u00f3 a Morena de lucrar pol\u00edticamente con el asesinato de la candidata a la alcald\u00eda de Celaya, Gisela Gayt\u00e1n Guti\u00e9rrez. Al hacer uso de la voz, el legislador se\u00f1al\u00f3 que en este caso a\u00fan existen muchos elementos que deben ser aclarados, tales [&hellip;]","og_url":"https:\/\/kuali.com.mx\/web\/2024\/05\/16\/lucra-morena-con-homicidio-de-gisela-pan\/","og_site_name":"Kuali","article_publisher":"https:\/\/kuali.com.mx\/web\/wp-content\/uploads\/2018\/04\/cropped-kuali_logo-1-1.png","article_published_time":"2024-05-16T22:38:00+00:00","article_modified_time":"2024-05-16T23:55:11+00:00","og_image":[{"width":1387,"height":890,"url":"https:\/\/kuali.com.mx\/web\/wp-content\/uploads\/2024\/04\/Gisela-Gaytan-segundo-dia-de-campana-e1712023548440.jpg","type":"image\/jpeg"}],"author":"Kuali Staff","twitter_card":"summary_large_image","twitter_creator":"@kuali_noticias","twitter_site":"@kuali_noticias","twitter_misc":{"Escrito por":"Kuali Staff","Tiempo de lectura":"2 minutos"},"schema":{"@context":"https:\/\/schema.org","@graph":[{"@type":"Article","@id":"https:\/\/kuali.com.mx\/web\/2024\/05\/16\/lucra-morena-con-homicidio-de-gisela-pan\/#article","isPartOf":{"@id":"https:\/\/kuali.com.mx\/web\/2024\/05\/16\/lucra-morena-con-homicidio-de-gisela-pan\/"},"author":{"name":"Kuali Staff","@id":"https:\/\/kuali.com.mx\/web\/#\/schema\/person\/6f89ffa8ecba9dae50662357923c5289"},"headline":"LUCRA MORENA CON HOMICIDIO DE GISELA: PAN","datePublished":"2024-05-16T22:38:00+00:00","dateModified":"2024-05-16T23:55:11+00:00","mainEntityOfPage":{"@id":"https:\/\/kuali.com.mx\/web\/2024\/05\/16\/lucra-morena-con-homicidio-de-gisela-pan\/"},"wordCount":327,"commentCount":0,"image":{"@id":"https:\/\/kuali.com.mx\/web\/2024\/05\/16\/lucra-morena-con-homicidio-de-gisela-pan\/#primaryimage"},"thumbnailUrl":"https:\/\/kuali.com.mx\/web\/wp-content\/uploads\/2024\/04\/Gisela-Gaytan-segundo-dia-de-campana-e1712023548440.jpg","articleSection":["Pol\u00edtica"],"inLanguage":"es","potentialAction":[{"@type":"CommentAction","name":"Comment","target":["https:\/\/kuali.com.mx\/web\/2024\/05\/16\/lucra-morena-con-homicidio-de-gisela-pan\/#respond"]}]},{"@type":"WebPage","@id":"https:\/\/kuali.com.mx\/web\/2024\/05\/16\/lucra-morena-con-homicidio-de-gisela-pan\/","url":"https:\/\/kuali.com.mx\/web\/2024\/05\/16\/lucra-morena-con-homicidio-de-gisela-pan\/","name":"LUCRA MORENA CON HOMICIDIO DE GISELA: PAN - Kuali","isPartOf":{"@id":"https:\/\/kuali.com.mx\/web\/#website"},"primaryImageOfPage":{"@id":"https:\/\/kuali.com.mx\/web\/2024\/05\/16\/lucra-morena-con-homicidio-de-gisela-pan\/#primaryimage"},"image":{"@id":"https:\/\/kuali.com.mx\/web\/2024\/05\/16\/lucra-morena-con-homicidio-de-gisela-pan\/#primaryimage"},"thumbnailUrl":"https:\/\/kuali.com.mx\/web\/wp-content\/uploads\/2024\/04\/Gisela-Gaytan-segundo-dia-de-campana-e1712023548440.jpg","datePublished":"2024-05-16T22:38:00+00:00","dateModified":"2024-05-16T23:55:11+00:00","author":{"@id":"https:\/\/kuali.com.mx\/web\/#\/schema\/person\/6f89ffa8ecba9dae50662357923c5289"},"breadcrumb":{"@id":"https:\/\/kuali.com.mx\/web\/2024\/05\/16\/lucra-morena-con-homicidio-de-gisela-pan\/#breadcrumb"},"inLanguage":"es","potentialAction":[{"@type":"ReadAction","target":["https:\/\/kuali.com.mx\/web\/2024\/05\/16\/lucra-morena-con-homicidio-de-gisela-pan\/"]}]},{"@type":"ImageObject","inLanguage":"es","@id":"https:\/\/kuali.com.mx\/web\/2024\/05\/16\/lucra-morena-con-homicidio-de-gisela-pan\/#primaryimage","url":"https:\/\/kuali.com.mx\/web\/wp-content\/uploads\/2024\/04\/Gisela-Gaytan-segundo-dia-de-campana-e1712023548440.jpg","contentUrl":"https:\/\/kuali.com.mx\/web\/wp-content\/uploads\/2024\/04\/Gisela-Gaytan-segundo-dia-de-campana-e1712023548440.jpg","width":1387,"height":890},{"@type":"BreadcrumbList","@id":"https:\/\/kuali.com.mx\/web\/2024\/05\/16\/lucra-morena-con-homicidio-de-gisela-pan\/#breadcrumb","itemListElement":[{"@type":"ListItem","position":1,"name":"Inicio","item":"https:\/\/kuali.com.mx\/web\/"},{"@type":"ListItem","position":2,"name":"LUCRA MORENA CON HOMICIDIO DE GISELA: PAN"}]},{"@type":"WebSite","@id":"https:\/\/kuali.com.mx\/web\/#website","url":"https:\/\/kuali.com.mx\/web\/","name":"Kuali","description":"","potentialAction":[{"@type":"SearchAction","target":{"@type":"EntryPoint","urlTemplate":"https:\/\/kuali.com.mx\/web\/?s={search_term_string}"},"query-input":{"@type":"PropertyValueSpecification","valueRequired":true,"valueName":"search_term_string"}}],"inLanguage":"es"},{"@type":"Person","@id":"https:\/\/kuali.com.mx\/web\/#\/schema\/person\/6f89ffa8ecba9dae50662357923c5289","name":"Kuali Staff","image":{"@type":"ImageObject","inLanguage":"es","@id":"https:\/\/secure.gravatar.com\/avatar\/f917ad82e5ab71227a733c78b6e60715476f69ee6be59feee4eb5d9920c89e0f?s=96&d=mm&r=g","url":"https:\/\/secure.gravatar.com\/avatar\/f917ad82e5ab71227a733c78b6e60715476f69ee6be59feee4eb5d9920c89e0f?s=96&d=mm&r=g","contentUrl":"https:\/\/secure.gravatar.com\/avatar\/f917ad82e5ab71227a733c78b6e60715476f69ee6be59feee4eb5d9920c89e0f?s=96&d=mm&r=g","caption":"Kuali Staff"},"url":"https:\/\/kuali.com.mx\/web\/author\/lagarto\/"}]}},"_links":{"self":[{"href":"https:\/\/kuali.com.mx\/web\/wp-json\/wp\/v2\/posts\/143323","targetHints":{"allow":["GET"]}}],"collection":[{"href":"https:\/\/kuali.com.mx\/web\/wp-json\/wp\/v2\/posts"}],"about":[{"href":"https:\/\/kuali.com.mx\/web\/wp-json\/wp\/v2\/types\/post"}],"author":[{"embeddable":true,"href":"https:\/\/kuali.com.mx\/web\/wp-json\/wp\/v2\/users\/2"}],"replies":[{"embeddable":true,"href":"https:\/\/kuali.com.mx\/web\/wp-json\/wp\/v2\/comments?post=143323"}],"version-history":[{"count":1,"href":"https:\/\/kuali.com.mx\/web\/wp-json\/wp\/v2\/posts\/143323\/revisions"}],"predecessor-version":[{"id":143326,"href":"https:\/\/kuali.com.mx\/web\/wp-json\/wp\/v2\/posts\/143323\/revisions\/143326"}],"wp:featuredmedia":[{"embeddable":true,"href":"https:\/\/kuali.com.mx\/web\/wp-json\/wp\/v2\/media\/139872"}],"wp:attachment":[{"href":"https:\/\/kuali.com.mx\/web\/wp-json\/wp\/v2\/media?parent=143323"}],"wp:term":[{"taxonomy":"category","embeddable":true,"href":"https:\/\/kuali.com.mx\/web\/wp-json\/wp\/v2\/categories?post=143323"},{"taxonomy":"post_tag","embeddable":true,"href":"https:\/\/kuali.com.mx\/web\/wp-json\/wp\/v2\/tags?post=143323"}],"curies":[{"name":"wp","href":"https:\/\/api.w.org\/{rel}","templated":true}]}}