{"id":142862,"date":"2024-05-11T11:33:13","date_gmt":"2024-05-11T17:33:13","guid":{"rendered":"https:\/\/kuali.com.mx\/web\/?p=142862"},"modified":"2024-05-11T11:36:18","modified_gmt":"2024-05-11T17:36:18","slug":"dara-conciertos-sinfonietta-miq-2024","status":"publish","type":"post","link":"https:\/\/kuali.com.mx\/web\/2024\/05\/11\/dara-conciertos-sinfonietta-miq-2024\/","title":{"rendered":"DAR\u00c1 CONCIERTOS SINFONIETTA MIQ 2024"},"content":{"rendered":"\n<p><strong><em>Kuali\/Irapuato, Gto.<\/em>-&nbsp;<\/strong>La ciudadan\u00eda podr\u00e1 disfrutar de la primera temporada de conciertos que ofrecer\u00e1 la Sinfonietta MIQ 2024 en el patio del Museo Salvador Almaraz, evento que comparte la cultura y gusto por la m\u00fasica.&nbsp;<\/p>\n\n\n\n<p>Esta primera temporada re\u00fane obras de Darius Milhaud y Giacomo Puccini, conmemorando sus 50 y 100 aniversarios luctuosos respectivamente, adem\u00e1s se trata de un concierto con varios estrenos mundiales y nacionales de compositores de gran relevancia internacional.<\/p>\n\n\n\n<p>Esta serie de conciertos se realizan gracias al apoyo del Museo Iconogr\u00e1fico del Quijote. El primero se llev\u00f3 a cabo el 9 de mayo en donde las y los asistentes disfrutaron de una serie de piezas instrumentales al aire libre y los&nbsp;&nbsp;nuevos conciertos los d\u00edas 22 y 29 de mayo en punto de las 6 de la tarde, quienes deseen disfrutar de este espect\u00e1culo deber\u00e1n comprar su boleto de acceso en el Museo Salvador Almaraz.&nbsp;<\/p>\n\n\n\n<p>Como parte de su gira estatal por Irapuato, Guanajuato, San Miguel de Allende y Le\u00f3n del 8 de mayo al 4 de junio 2024, la organizaci\u00f3n musical realiza su primera temporada del a\u00f1o con tres conciertos en cada ciudad.<\/p>\n\n\n\n<figure class=\"wp-block-image size-large\"><img loading=\"lazy\" decoding=\"async\" width=\"1024\" height=\"681\" src=\"https:\/\/kuali.com.mx\/web\/wp-content\/uploads\/2024\/05\/sinfonico-2-1024x681.jpg\" alt=\"\" class=\"wp-image-142865\" srcset=\"https:\/\/kuali.com.mx\/web\/wp-content\/uploads\/2024\/05\/sinfonico-2-1024x681.jpg 1024w, https:\/\/kuali.com.mx\/web\/wp-content\/uploads\/2024\/05\/sinfonico-2-300x200.jpg 300w, https:\/\/kuali.com.mx\/web\/wp-content\/uploads\/2024\/05\/sinfonico-2-768x511.jpg 768w, https:\/\/kuali.com.mx\/web\/wp-content\/uploads\/2024\/05\/sinfonico-2-174x116.jpg 174w, https:\/\/kuali.com.mx\/web\/wp-content\/uploads\/2024\/05\/sinfonico-2.jpg 1127w\" sizes=\"auto, (max-width: 1024px) 100vw, 1024px\" \/><\/figure>\n\n\n\n<p>Jes\u00fas Almanza Castillo, director hu\u00e9sped de la sinf\u00f3nica del Museo Iconogr\u00e1fico del Quijote en Irapuato, se\u00f1al\u00f3 que se trata de un concierto de la m\u00fasica de grandes compositores de los siglos XX y XXI,&nbsp;con m\u00e1s de 10 m\u00fasicos en escena, directores y m\u00fasicos invitados.<\/p>\n\n\n\n<p>\u201cEl arte es fundamental para el ser humano, permite de inmediato tomar conciencia de ti mismo, no perder tu centro y no perderte a ti, esto es esencial para la vida, entonces por eso creo que este tipo de eventos son fundamentales para sentirse vivo\u201d, apunt\u00f3.&nbsp;<\/p>\n","protected":false},"excerpt":{"rendered":"Kuali\/Irapuato, Gto.-&nbsp;La ciudadan\u00eda podr\u00e1 disfrutar de la primera temporada de conciertos que ofrecer\u00e1 la Sinfonietta MIQ 2024 en el patio del Museo Salvador Almaraz, evento que comparte la cultura y gusto por la m\u00fasica.&nbsp; Esta primera temporada re\u00fane obras de Darius Milhaud y Giacomo Puccini, conmemorando sus 50 y 100 aniversarios luctuosos respectivamente, adem\u00e1s se [&hellip;]","protected":false},"author":2,"featured_media":142867,"comment_status":"open","ping_status":"open","sticky":false,"template":"","format":"standard","meta":{"_seopress_robots_primary_cat":"none","_seopress_titles_title":"","_seopress_titles_desc":"","_seopress_robots_index":"","_monsterinsights_skip_tracking":false,"_monsterinsights_sitenote_active":false,"_monsterinsights_sitenote_note":"","_monsterinsights_sitenote_category":0,"footnotes":""},"categories":[8],"tags":[],"class_list":["post-142862","post","type-post","status-publish","format-standard","has-post-thumbnail","hentry","category-espectaculos"],"yoast_head":"<!-- This site is optimized with the Yoast SEO plugin v27.4 - https:\/\/yoast.com\/product\/yoast-seo-wordpress\/ -->\n<title>DAR\u00c1 CONCIERTOS SINFONIETTA MIQ 2024 - Kuali<\/title>\n<meta name=\"robots\" content=\"index, follow, max-snippet:-1, max-image-preview:large, max-video-preview:-1\" \/>\n<link rel=\"canonical\" href=\"https:\/\/kuali.com.mx\/web\/2024\/05\/11\/dara-conciertos-sinfonietta-miq-2024\/\" \/>\n<meta property=\"og:locale\" content=\"es_MX\" \/>\n<meta property=\"og:type\" content=\"article\" \/>\n<meta property=\"og:title\" content=\"DAR\u00c1 CONCIERTOS SINFONIETTA MIQ 2024 - Kuali\" \/>\n<meta property=\"og:description\" content=\"Kuali\/Irapuato, Gto.-&nbsp;La ciudadan\u00eda podr\u00e1 disfrutar de la primera temporada de conciertos que ofrecer\u00e1 la Sinfonietta MIQ 2024 en el patio del Museo Salvador Almaraz, evento que comparte la cultura y gusto por la m\u00fasica.&nbsp; Esta primera temporada re\u00fane obras de Darius Milhaud y Giacomo Puccini, conmemorando sus 50 y 100 aniversarios luctuosos respectivamente, adem\u00e1s se [&hellip;]\" \/>\n<meta property=\"og:url\" content=\"https:\/\/kuali.com.mx\/web\/2024\/05\/11\/dara-conciertos-sinfonietta-miq-2024\/\" \/>\n<meta property=\"og:site_name\" content=\"Kuali\" \/>\n<meta property=\"article:publisher\" content=\"https:\/\/kuali.com.mx\/web\/wp-content\/uploads\/2018\/04\/cropped-kuali_logo-1-1.png\" \/>\n<meta property=\"article:published_time\" content=\"2024-05-11T17:33:13+00:00\" \/>\n<meta property=\"article:modified_time\" content=\"2024-05-11T17:36:18+00:00\" \/>\n<meta property=\"og:image\" content=\"https:\/\/kuali.com.mx\/web\/wp-content\/uploads\/2024\/05\/sinfonica-1.jpg\" \/>\n\t<meta property=\"og:image:width\" content=\"1415\" \/>\n\t<meta property=\"og:image:height\" content=\"750\" \/>\n\t<meta property=\"og:image:type\" content=\"image\/jpeg\" \/>\n<meta name=\"author\" content=\"Kuali Staff\" \/>\n<meta name=\"twitter:card\" content=\"summary_large_image\" \/>\n<meta name=\"twitter:creator\" content=\"@kuali_noticias\" \/>\n<meta name=\"twitter:site\" content=\"@kuali_noticias\" \/>\n<meta name=\"twitter:label1\" content=\"Escrito por\" \/>\n\t<meta name=\"twitter:data1\" content=\"Kuali Staff\" \/>\n\t<meta name=\"twitter:label2\" content=\"Tiempo de lectura\" \/>\n\t<meta name=\"twitter:data2\" content=\"1 minuto\" \/>\n<script type=\"application\/ld+json\" class=\"yoast-schema-graph\">{\"@context\":\"https:\\\/\\\/schema.org\",\"@graph\":[{\"@type\":\"Article\",\"@id\":\"https:\\\/\\\/kuali.com.mx\\\/web\\\/2024\\\/05\\\/11\\\/dara-conciertos-sinfonietta-miq-2024\\\/#article\",\"isPartOf\":{\"@id\":\"https:\\\/\\\/kuali.com.mx\\\/web\\\/2024\\\/05\\\/11\\\/dara-conciertos-sinfonietta-miq-2024\\\/\"},\"author\":{\"name\":\"Kuali Staff\",\"@id\":\"https:\\\/\\\/kuali.com.mx\\\/web\\\/#\\\/schema\\\/person\\\/6f89ffa8ecba9dae50662357923c5289\"},\"headline\":\"DAR\u00c1 CONCIERTOS SINFONIETTA MIQ 2024\",\"datePublished\":\"2024-05-11T17:33:13+00:00\",\"dateModified\":\"2024-05-11T17:36:18+00:00\",\"mainEntityOfPage\":{\"@id\":\"https:\\\/\\\/kuali.com.mx\\\/web\\\/2024\\\/05\\\/11\\\/dara-conciertos-sinfonietta-miq-2024\\\/\"},\"wordCount\":300,\"commentCount\":0,\"image\":{\"@id\":\"https:\\\/\\\/kuali.com.mx\\\/web\\\/2024\\\/05\\\/11\\\/dara-conciertos-sinfonietta-miq-2024\\\/#primaryimage\"},\"thumbnailUrl\":\"https:\\\/\\\/kuali.com.mx\\\/web\\\/wp-content\\\/uploads\\\/2024\\\/05\\\/sinfonica-1.jpg\",\"articleSection\":[\"Cultura\"],\"inLanguage\":\"es\",\"potentialAction\":[{\"@type\":\"CommentAction\",\"name\":\"Comment\",\"target\":[\"https:\\\/\\\/kuali.com.mx\\\/web\\\/2024\\\/05\\\/11\\\/dara-conciertos-sinfonietta-miq-2024\\\/#respond\"]}]},{\"@type\":\"WebPage\",\"@id\":\"https:\\\/\\\/kuali.com.mx\\\/web\\\/2024\\\/05\\\/11\\\/dara-conciertos-sinfonietta-miq-2024\\\/\",\"url\":\"https:\\\/\\\/kuali.com.mx\\\/web\\\/2024\\\/05\\\/11\\\/dara-conciertos-sinfonietta-miq-2024\\\/\",\"name\":\"DAR\u00c1 CONCIERTOS SINFONIETTA MIQ 2024 - Kuali\",\"isPartOf\":{\"@id\":\"https:\\\/\\\/kuali.com.mx\\\/web\\\/#website\"},\"primaryImageOfPage\":{\"@id\":\"https:\\\/\\\/kuali.com.mx\\\/web\\\/2024\\\/05\\\/11\\\/dara-conciertos-sinfonietta-miq-2024\\\/#primaryimage\"},\"image\":{\"@id\":\"https:\\\/\\\/kuali.com.mx\\\/web\\\/2024\\\/05\\\/11\\\/dara-conciertos-sinfonietta-miq-2024\\\/#primaryimage\"},\"thumbnailUrl\":\"https:\\\/\\\/kuali.com.mx\\\/web\\\/wp-content\\\/uploads\\\/2024\\\/05\\\/sinfonica-1.jpg\",\"datePublished\":\"2024-05-11T17:33:13+00:00\",\"dateModified\":\"2024-05-11T17:36:18+00:00\",\"author\":{\"@id\":\"https:\\\/\\\/kuali.com.mx\\\/web\\\/#\\\/schema\\\/person\\\/6f89ffa8ecba9dae50662357923c5289\"},\"breadcrumb\":{\"@id\":\"https:\\\/\\\/kuali.com.mx\\\/web\\\/2024\\\/05\\\/11\\\/dara-conciertos-sinfonietta-miq-2024\\\/#breadcrumb\"},\"inLanguage\":\"es\",\"potentialAction\":[{\"@type\":\"ReadAction\",\"target\":[\"https:\\\/\\\/kuali.com.mx\\\/web\\\/2024\\\/05\\\/11\\\/dara-conciertos-sinfonietta-miq-2024\\\/\"]}]},{\"@type\":\"ImageObject\",\"inLanguage\":\"es\",\"@id\":\"https:\\\/\\\/kuali.com.mx\\\/web\\\/2024\\\/05\\\/11\\\/dara-conciertos-sinfonietta-miq-2024\\\/#primaryimage\",\"url\":\"https:\\\/\\\/kuali.com.mx\\\/web\\\/wp-content\\\/uploads\\\/2024\\\/05\\\/sinfonica-1.jpg\",\"contentUrl\":\"https:\\\/\\\/kuali.com.mx\\\/web\\\/wp-content\\\/uploads\\\/2024\\\/05\\\/sinfonica-1.jpg\",\"width\":1415,\"height\":750},{\"@type\":\"BreadcrumbList\",\"@id\":\"https:\\\/\\\/kuali.com.mx\\\/web\\\/2024\\\/05\\\/11\\\/dara-conciertos-sinfonietta-miq-2024\\\/#breadcrumb\",\"itemListElement\":[{\"@type\":\"ListItem\",\"position\":1,\"name\":\"Inicio\",\"item\":\"https:\\\/\\\/kuali.com.mx\\\/web\\\/\"},{\"@type\":\"ListItem\",\"position\":2,\"name\":\"DAR\u00c1 CONCIERTOS SINFONIETTA MIQ 2024\"}]},{\"@type\":\"WebSite\",\"@id\":\"https:\\\/\\\/kuali.com.mx\\\/web\\\/#website\",\"url\":\"https:\\\/\\\/kuali.com.mx\\\/web\\\/\",\"name\":\"Kuali\",\"description\":\"\",\"potentialAction\":[{\"@type\":\"SearchAction\",\"target\":{\"@type\":\"EntryPoint\",\"urlTemplate\":\"https:\\\/\\\/kuali.com.mx\\\/web\\\/?s={search_term_string}\"},\"query-input\":{\"@type\":\"PropertyValueSpecification\",\"valueRequired\":true,\"valueName\":\"search_term_string\"}}],\"inLanguage\":\"es\"},{\"@type\":\"Person\",\"@id\":\"https:\\\/\\\/kuali.com.mx\\\/web\\\/#\\\/schema\\\/person\\\/6f89ffa8ecba9dae50662357923c5289\",\"name\":\"Kuali Staff\",\"image\":{\"@type\":\"ImageObject\",\"inLanguage\":\"es\",\"@id\":\"https:\\\/\\\/secure.gravatar.com\\\/avatar\\\/f917ad82e5ab71227a733c78b6e60715476f69ee6be59feee4eb5d9920c89e0f?s=96&d=mm&r=g\",\"url\":\"https:\\\/\\\/secure.gravatar.com\\\/avatar\\\/f917ad82e5ab71227a733c78b6e60715476f69ee6be59feee4eb5d9920c89e0f?s=96&d=mm&r=g\",\"contentUrl\":\"https:\\\/\\\/secure.gravatar.com\\\/avatar\\\/f917ad82e5ab71227a733c78b6e60715476f69ee6be59feee4eb5d9920c89e0f?s=96&d=mm&r=g\",\"caption\":\"Kuali Staff\"},\"url\":\"https:\\\/\\\/kuali.com.mx\\\/web\\\/author\\\/lagarto\\\/\"}]}<\/script>\n<!-- \/ Yoast SEO plugin. -->","yoast_head_json":{"title":"DAR\u00c1 CONCIERTOS SINFONIETTA MIQ 2024 - Kuali","robots":{"index":"index","follow":"follow","max-snippet":"max-snippet:-1","max-image-preview":"max-image-preview:large","max-video-preview":"max-video-preview:-1"},"canonical":"https:\/\/kuali.com.mx\/web\/2024\/05\/11\/dara-conciertos-sinfonietta-miq-2024\/","og_locale":"es_MX","og_type":"article","og_title":"DAR\u00c1 CONCIERTOS SINFONIETTA MIQ 2024 - Kuali","og_description":"Kuali\/Irapuato, Gto.-&nbsp;La ciudadan\u00eda podr\u00e1 disfrutar de la primera temporada de conciertos que ofrecer\u00e1 la Sinfonietta MIQ 2024 en el patio del Museo Salvador Almaraz, evento que comparte la cultura y gusto por la m\u00fasica.&nbsp; Esta primera temporada re\u00fane obras de Darius Milhaud y Giacomo Puccini, conmemorando sus 50 y 100 aniversarios luctuosos respectivamente, adem\u00e1s se [&hellip;]","og_url":"https:\/\/kuali.com.mx\/web\/2024\/05\/11\/dara-conciertos-sinfonietta-miq-2024\/","og_site_name":"Kuali","article_publisher":"https:\/\/kuali.com.mx\/web\/wp-content\/uploads\/2018\/04\/cropped-kuali_logo-1-1.png","article_published_time":"2024-05-11T17:33:13+00:00","article_modified_time":"2024-05-11T17:36:18+00:00","og_image":[{"width":1415,"height":750,"url":"https:\/\/kuali.com.mx\/web\/wp-content\/uploads\/2024\/05\/sinfonica-1.jpg","type":"image\/jpeg"}],"author":"Kuali Staff","twitter_card":"summary_large_image","twitter_creator":"@kuali_noticias","twitter_site":"@kuali_noticias","twitter_misc":{"Escrito por":"Kuali Staff","Tiempo de lectura":"1 minuto"},"schema":{"@context":"https:\/\/schema.org","@graph":[{"@type":"Article","@id":"https:\/\/kuali.com.mx\/web\/2024\/05\/11\/dara-conciertos-sinfonietta-miq-2024\/#article","isPartOf":{"@id":"https:\/\/kuali.com.mx\/web\/2024\/05\/11\/dara-conciertos-sinfonietta-miq-2024\/"},"author":{"name":"Kuali Staff","@id":"https:\/\/kuali.com.mx\/web\/#\/schema\/person\/6f89ffa8ecba9dae50662357923c5289"},"headline":"DAR\u00c1 CONCIERTOS SINFONIETTA MIQ 2024","datePublished":"2024-05-11T17:33:13+00:00","dateModified":"2024-05-11T17:36:18+00:00","mainEntityOfPage":{"@id":"https:\/\/kuali.com.mx\/web\/2024\/05\/11\/dara-conciertos-sinfonietta-miq-2024\/"},"wordCount":300,"commentCount":0,"image":{"@id":"https:\/\/kuali.com.mx\/web\/2024\/05\/11\/dara-conciertos-sinfonietta-miq-2024\/#primaryimage"},"thumbnailUrl":"https:\/\/kuali.com.mx\/web\/wp-content\/uploads\/2024\/05\/sinfonica-1.jpg","articleSection":["Cultura"],"inLanguage":"es","potentialAction":[{"@type":"CommentAction","name":"Comment","target":["https:\/\/kuali.com.mx\/web\/2024\/05\/11\/dara-conciertos-sinfonietta-miq-2024\/#respond"]}]},{"@type":"WebPage","@id":"https:\/\/kuali.com.mx\/web\/2024\/05\/11\/dara-conciertos-sinfonietta-miq-2024\/","url":"https:\/\/kuali.com.mx\/web\/2024\/05\/11\/dara-conciertos-sinfonietta-miq-2024\/","name":"DAR\u00c1 CONCIERTOS SINFONIETTA MIQ 2024 - Kuali","isPartOf":{"@id":"https:\/\/kuali.com.mx\/web\/#website"},"primaryImageOfPage":{"@id":"https:\/\/kuali.com.mx\/web\/2024\/05\/11\/dara-conciertos-sinfonietta-miq-2024\/#primaryimage"},"image":{"@id":"https:\/\/kuali.com.mx\/web\/2024\/05\/11\/dara-conciertos-sinfonietta-miq-2024\/#primaryimage"},"thumbnailUrl":"https:\/\/kuali.com.mx\/web\/wp-content\/uploads\/2024\/05\/sinfonica-1.jpg","datePublished":"2024-05-11T17:33:13+00:00","dateModified":"2024-05-11T17:36:18+00:00","author":{"@id":"https:\/\/kuali.com.mx\/web\/#\/schema\/person\/6f89ffa8ecba9dae50662357923c5289"},"breadcrumb":{"@id":"https:\/\/kuali.com.mx\/web\/2024\/05\/11\/dara-conciertos-sinfonietta-miq-2024\/#breadcrumb"},"inLanguage":"es","potentialAction":[{"@type":"ReadAction","target":["https:\/\/kuali.com.mx\/web\/2024\/05\/11\/dara-conciertos-sinfonietta-miq-2024\/"]}]},{"@type":"ImageObject","inLanguage":"es","@id":"https:\/\/kuali.com.mx\/web\/2024\/05\/11\/dara-conciertos-sinfonietta-miq-2024\/#primaryimage","url":"https:\/\/kuali.com.mx\/web\/wp-content\/uploads\/2024\/05\/sinfonica-1.jpg","contentUrl":"https:\/\/kuali.com.mx\/web\/wp-content\/uploads\/2024\/05\/sinfonica-1.jpg","width":1415,"height":750},{"@type":"BreadcrumbList","@id":"https:\/\/kuali.com.mx\/web\/2024\/05\/11\/dara-conciertos-sinfonietta-miq-2024\/#breadcrumb","itemListElement":[{"@type":"ListItem","position":1,"name":"Inicio","item":"https:\/\/kuali.com.mx\/web\/"},{"@type":"ListItem","position":2,"name":"DAR\u00c1 CONCIERTOS SINFONIETTA MIQ 2024"}]},{"@type":"WebSite","@id":"https:\/\/kuali.com.mx\/web\/#website","url":"https:\/\/kuali.com.mx\/web\/","name":"Kuali","description":"","potentialAction":[{"@type":"SearchAction","target":{"@type":"EntryPoint","urlTemplate":"https:\/\/kuali.com.mx\/web\/?s={search_term_string}"},"query-input":{"@type":"PropertyValueSpecification","valueRequired":true,"valueName":"search_term_string"}}],"inLanguage":"es"},{"@type":"Person","@id":"https:\/\/kuali.com.mx\/web\/#\/schema\/person\/6f89ffa8ecba9dae50662357923c5289","name":"Kuali Staff","image":{"@type":"ImageObject","inLanguage":"es","@id":"https:\/\/secure.gravatar.com\/avatar\/f917ad82e5ab71227a733c78b6e60715476f69ee6be59feee4eb5d9920c89e0f?s=96&d=mm&r=g","url":"https:\/\/secure.gravatar.com\/avatar\/f917ad82e5ab71227a733c78b6e60715476f69ee6be59feee4eb5d9920c89e0f?s=96&d=mm&r=g","contentUrl":"https:\/\/secure.gravatar.com\/avatar\/f917ad82e5ab71227a733c78b6e60715476f69ee6be59feee4eb5d9920c89e0f?s=96&d=mm&r=g","caption":"Kuali Staff"},"url":"https:\/\/kuali.com.mx\/web\/author\/lagarto\/"}]}},"_links":{"self":[{"href":"https:\/\/kuali.com.mx\/web\/wp-json\/wp\/v2\/posts\/142862","targetHints":{"allow":["GET"]}}],"collection":[{"href":"https:\/\/kuali.com.mx\/web\/wp-json\/wp\/v2\/posts"}],"about":[{"href":"https:\/\/kuali.com.mx\/web\/wp-json\/wp\/v2\/types\/post"}],"author":[{"embeddable":true,"href":"https:\/\/kuali.com.mx\/web\/wp-json\/wp\/v2\/users\/2"}],"replies":[{"embeddable":true,"href":"https:\/\/kuali.com.mx\/web\/wp-json\/wp\/v2\/comments?post=142862"}],"version-history":[{"count":2,"href":"https:\/\/kuali.com.mx\/web\/wp-json\/wp\/v2\/posts\/142862\/revisions"}],"predecessor-version":[{"id":142868,"href":"https:\/\/kuali.com.mx\/web\/wp-json\/wp\/v2\/posts\/142862\/revisions\/142868"}],"wp:featuredmedia":[{"embeddable":true,"href":"https:\/\/kuali.com.mx\/web\/wp-json\/wp\/v2\/media\/142867"}],"wp:attachment":[{"href":"https:\/\/kuali.com.mx\/web\/wp-json\/wp\/v2\/media?parent=142862"}],"wp:term":[{"taxonomy":"category","embeddable":true,"href":"https:\/\/kuali.com.mx\/web\/wp-json\/wp\/v2\/categories?post=142862"},{"taxonomy":"post_tag","embeddable":true,"href":"https:\/\/kuali.com.mx\/web\/wp-json\/wp\/v2\/tags?post=142862"}],"curies":[{"name":"wp","href":"https:\/\/api.w.org\/{rel}","templated":true}]}}