{"id":142847,"date":"2024-05-10T22:29:45","date_gmt":"2024-05-11T04:29:45","guid":{"rendered":"https:\/\/kuali.com.mx\/web\/?p=142847"},"modified":"2024-05-10T22:29:58","modified_gmt":"2024-05-11T04:29:58","slug":"afecta-incendio-590-hectareas-de-la-sierra-gorda","status":"publish","type":"post","link":"https:\/\/kuali.com.mx\/web\/2024\/05\/10\/afecta-incendio-590-hectareas-de-la-sierra-gorda\/","title":{"rendered":"AFECTA INCENDIO 590 HECT\u00c1REAS DE LA SIERRA GORDA"},"content":{"rendered":"\n<p><strong><em>Kuali\/San Luis de la Paz, Gto.- <\/em><\/strong>La Coordinaci\u00f3n Estatal de Protecci\u00f3n Civil inform\u00f3 que combaten un incendio forestal en la Sierra Gorda, en los l\u00edmites entre los estados de San Luis Potos\u00ed y Guanajuato.<\/p>\n\n\n\n<p>No obstante las dificultades que representan las condiciones del clima con presencia de vientos, tambi\u00e9n de mayor calor, as\u00ed como la sequ\u00eda y la orograf\u00eda del terreno, se ha podido avanzar en un 30 por ciento del control de las llamas, con las brigadas atacando los puntos de calor m\u00e1s intensos para ir reduciendo el avance del fuego.<\/p>\n\n\n\n<p>En seguimiento a las labores del combate al incendi\u00f3, se implement\u00f3 un Centro de Operaciones en la comunidad El Camar\u00f3n del municipio de Tierra Nueva, en el estado de San Luis Potos\u00ed. Por el momento, la Coordinaci\u00f3n Estatal de Protecci\u00f3n Civil de Guanajuato ha establecido sobrevuelos con drones para el an\u00e1lisis y evaluaci\u00f3n de este incendio a fin de fort alecer las estrategias de combate.<\/p>\n\n\n\n<p>Esta base se vincula con los Centros de Operaciones de la comunidad El Bagre implementado por el Centro de Operaciones implementado por la Coordinaci\u00f3n Estatal de Protecci\u00f3n Civil de Guanajuato, lo que ha permitido optimizar la coordinaci\u00f3n y comunicaci\u00f3n en las operaciones de combate el incendio forestal, as\u00ed como con la Coordinaci\u00f3n Estatal de Protecci\u00f3n Civil de San Luis Potos\u00ed.<\/p>\n\n\n\n<p>Mediante la coordinaci\u00f3n con la Comisi\u00f3n Nacional Forestal en el estado de San Luis Potos\u00ed y la delegaci\u00f3n Guanajuato de la propia CNF, se estableci\u00f3 una estrategia de operaciones, consider\u00e1ndose tres l\u00edneas de combate del incendio: Noreste, Sur y Norponiente.<\/p>\n\n\n\n<p>Por ello, se realizaron descargas de agua en la l\u00ednea de fuego en el territorio del Estado de San Luis Potos\u00ed y en el estado de Guanajuato, con el apoyo de helic\u00f3pteros de la Secretar\u00eda de Marina y dos particulares.<\/p>\n\n\n\n<p>Este viernes, se suman a las operaciones un helic\u00f3ptero de la Fuerza A\u00e9rea Mexicana en coordinaci\u00f3n con la Comisi\u00f3n Nacional Forestal del Estado de San Luis Potos\u00ed y la Comisi\u00f3n Nacional Forestal del Estado de Guanajuato, con la finalidad de realizar descargas de agua en las coordenadas que se tomen en tierra.<\/p>\n\n\n\n<p>Al momento, un total de 264 elementos por parte del estado de Guanajuato, confrontan las brigadas de combatientes del incendio forestal que inicio en el pasado domingo en el municipio de Santa Mar\u00eda, en el estado de San Luis Potos\u00ed, y el cual que se extendi\u00f3 hacia los l\u00edmites con Guanajuato, por el municipio de San Luis de la Paz.<\/p>\n\n\n\n<p>Con datos proporcionados por la Comisi\u00f3n Nacional Forestal delegaci\u00f3n San Luis Potos\u00ed, se tiene registro que el incendio ha alcanzado una superficie de cuatro mil hect\u00e1reas. En tanto, en Guanajuato, la delegaci\u00f3n estatal de la Comisi\u00f3n Forestal registra una afectaci\u00f3n de 590 hect\u00e1reas en territorio Guanajuatense.<\/p>\n\n\n\n<p>Por parte del estado de Guanajuato participan las siguientes instituciones:<\/p>\n\n\n\n<p>\u00b7 Secretar\u00eda de la Defensa Nacional destacamento del estado de Guanajuato.<\/p>\n\n\n\n<p>\u00b7 Comisi\u00f3n Nacional Forestal del estado de Guanajuato.<\/p>\n\n\n\n<p>\u00b7 Comisi\u00f3n Nacional de \u00c1reas Naturales Protegidas del estado de Guanajuato.<\/p>\n\n\n\n<p>\u00b7 Coordinaci\u00f3n Estatal de Protecci\u00f3n Civil de Guanajuato.<\/p>\n\n\n\n<p>\u00b7 Comisar\u00eda General de las Fuerzas de Seguridad P\u00fablica del Estado de Guanajuato.<\/p>\n\n\n\n<p>\u00b7 Direcci\u00f3n General del Sistema Estatal de Coordinaci\u00f3n, Comando, Control, Comunicaci\u00f3n, C\u00f3mputo e Inteligencia \u201cC5i\u201d del Estado de Guanajuato.<\/p>\n\n\n\n<p>\u00b7 Secretar\u00eda de Medio Ambiente y Ordenamiento Territorial del estado de Guanajuato, (SMAOT).<\/p>\n\n\n\n<p>\u00b7 Brigada Rural de la Cuenca de la Soledad de Guanajuato.<\/p>\n","protected":false},"excerpt":{"rendered":"Kuali\/San Luis de la Paz, Gto.- La Coordinaci\u00f3n Estatal de Protecci\u00f3n Civil inform\u00f3 que combaten un incendio forestal en la Sierra Gorda, en los l\u00edmites entre los estados de San Luis Potos\u00ed y Guanajuato. No obstante las dificultades que representan las condiciones del clima con presencia de vientos, tambi\u00e9n de mayor calor, as\u00ed como la [&hellip;]","protected":false},"author":2,"featured_media":116269,"comment_status":"open","ping_status":"open","sticky":false,"template":"","format":"standard","meta":{"_seopress_robots_primary_cat":"none","_seopress_titles_title":"","_seopress_titles_desc":"","_seopress_robots_index":"","_monsterinsights_skip_tracking":false,"_monsterinsights_sitenote_active":false,"_monsterinsights_sitenote_note":"","_monsterinsights_sitenote_category":0,"footnotes":""},"categories":[17],"tags":[],"class_list":["post-142847","post","type-post","status-publish","format-standard","has-post-thumbnail","hentry","category-ecologia"],"yoast_head":"<!-- This site is optimized with the Yoast SEO plugin v27.4 - https:\/\/yoast.com\/product\/yoast-seo-wordpress\/ -->\n<title>AFECTA INCENDIO 590 HECT\u00c1REAS DE LA SIERRA GORDA - Kuali<\/title>\n<meta name=\"robots\" content=\"index, follow, max-snippet:-1, max-image-preview:large, max-video-preview:-1\" \/>\n<link rel=\"canonical\" href=\"https:\/\/kuali.com.mx\/web\/2024\/05\/10\/afecta-incendio-590-hectareas-de-la-sierra-gorda\/\" \/>\n<meta property=\"og:locale\" content=\"es_MX\" \/>\n<meta property=\"og:type\" content=\"article\" \/>\n<meta property=\"og:title\" content=\"AFECTA INCENDIO 590 HECT\u00c1REAS DE LA SIERRA GORDA - Kuali\" \/>\n<meta property=\"og:description\" content=\"Kuali\/San Luis de la Paz, Gto.- La Coordinaci\u00f3n Estatal de Protecci\u00f3n Civil inform\u00f3 que combaten un incendio forestal en la Sierra Gorda, en los l\u00edmites entre los estados de San Luis Potos\u00ed y Guanajuato. No obstante las dificultades que representan las condiciones del clima con presencia de vientos, tambi\u00e9n de mayor calor, as\u00ed como la [&hellip;]\" \/>\n<meta property=\"og:url\" content=\"https:\/\/kuali.com.mx\/web\/2024\/05\/10\/afecta-incendio-590-hectareas-de-la-sierra-gorda\/\" \/>\n<meta property=\"og:site_name\" content=\"Kuali\" \/>\n<meta property=\"article:publisher\" content=\"https:\/\/kuali.com.mx\/web\/wp-content\/uploads\/2018\/04\/cropped-kuali_logo-1-1.png\" \/>\n<meta property=\"article:published_time\" content=\"2024-05-11T04:29:45+00:00\" \/>\n<meta property=\"article:modified_time\" content=\"2024-05-11T04:29:58+00:00\" \/>\n<meta property=\"og:image\" content=\"https:\/\/kuali.com.mx\/web\/wp-content\/uploads\/2023\/04\/Incendio-Guanajuato.jpeg\" \/>\n\t<meta property=\"og:image:width\" content=\"1600\" \/>\n\t<meta property=\"og:image:height\" content=\"900\" \/>\n\t<meta property=\"og:image:type\" content=\"image\/jpeg\" \/>\n<meta name=\"author\" content=\"Kuali Staff\" \/>\n<meta name=\"twitter:card\" content=\"summary_large_image\" \/>\n<meta name=\"twitter:creator\" content=\"@kuali_noticias\" \/>\n<meta name=\"twitter:site\" content=\"@kuali_noticias\" \/>\n<meta name=\"twitter:label1\" content=\"Escrito por\" \/>\n\t<meta name=\"twitter:data1\" content=\"Kuali Staff\" \/>\n\t<meta name=\"twitter:label2\" content=\"Tiempo de lectura\" \/>\n\t<meta name=\"twitter:data2\" content=\"3 minutos\" \/>\n<script type=\"application\/ld+json\" class=\"yoast-schema-graph\">{\"@context\":\"https:\\\/\\\/schema.org\",\"@graph\":[{\"@type\":\"Article\",\"@id\":\"https:\\\/\\\/kuali.com.mx\\\/web\\\/2024\\\/05\\\/10\\\/afecta-incendio-590-hectareas-de-la-sierra-gorda\\\/#article\",\"isPartOf\":{\"@id\":\"https:\\\/\\\/kuali.com.mx\\\/web\\\/2024\\\/05\\\/10\\\/afecta-incendio-590-hectareas-de-la-sierra-gorda\\\/\"},\"author\":{\"name\":\"Kuali Staff\",\"@id\":\"https:\\\/\\\/kuali.com.mx\\\/web\\\/#\\\/schema\\\/person\\\/6f89ffa8ecba9dae50662357923c5289\"},\"headline\":\"AFECTA INCENDIO 590 HECT\u00c1REAS DE LA SIERRA GORDA\",\"datePublished\":\"2024-05-11T04:29:45+00:00\",\"dateModified\":\"2024-05-11T04:29:58+00:00\",\"mainEntityOfPage\":{\"@id\":\"https:\\\/\\\/kuali.com.mx\\\/web\\\/2024\\\/05\\\/10\\\/afecta-incendio-590-hectareas-de-la-sierra-gorda\\\/\"},\"wordCount\":611,\"commentCount\":0,\"image\":{\"@id\":\"https:\\\/\\\/kuali.com.mx\\\/web\\\/2024\\\/05\\\/10\\\/afecta-incendio-590-hectareas-de-la-sierra-gorda\\\/#primaryimage\"},\"thumbnailUrl\":\"https:\\\/\\\/kuali.com.mx\\\/web\\\/wp-content\\\/uploads\\\/2023\\\/04\\\/Incendio-Guanajuato.jpeg\",\"articleSection\":[\"Ecolog\u00eda\"],\"inLanguage\":\"es\",\"potentialAction\":[{\"@type\":\"CommentAction\",\"name\":\"Comment\",\"target\":[\"https:\\\/\\\/kuali.com.mx\\\/web\\\/2024\\\/05\\\/10\\\/afecta-incendio-590-hectareas-de-la-sierra-gorda\\\/#respond\"]}]},{\"@type\":\"WebPage\",\"@id\":\"https:\\\/\\\/kuali.com.mx\\\/web\\\/2024\\\/05\\\/10\\\/afecta-incendio-590-hectareas-de-la-sierra-gorda\\\/\",\"url\":\"https:\\\/\\\/kuali.com.mx\\\/web\\\/2024\\\/05\\\/10\\\/afecta-incendio-590-hectareas-de-la-sierra-gorda\\\/\",\"name\":\"AFECTA INCENDIO 590 HECT\u00c1REAS DE LA SIERRA GORDA - Kuali\",\"isPartOf\":{\"@id\":\"https:\\\/\\\/kuali.com.mx\\\/web\\\/#website\"},\"primaryImageOfPage\":{\"@id\":\"https:\\\/\\\/kuali.com.mx\\\/web\\\/2024\\\/05\\\/10\\\/afecta-incendio-590-hectareas-de-la-sierra-gorda\\\/#primaryimage\"},\"image\":{\"@id\":\"https:\\\/\\\/kuali.com.mx\\\/web\\\/2024\\\/05\\\/10\\\/afecta-incendio-590-hectareas-de-la-sierra-gorda\\\/#primaryimage\"},\"thumbnailUrl\":\"https:\\\/\\\/kuali.com.mx\\\/web\\\/wp-content\\\/uploads\\\/2023\\\/04\\\/Incendio-Guanajuato.jpeg\",\"datePublished\":\"2024-05-11T04:29:45+00:00\",\"dateModified\":\"2024-05-11T04:29:58+00:00\",\"author\":{\"@id\":\"https:\\\/\\\/kuali.com.mx\\\/web\\\/#\\\/schema\\\/person\\\/6f89ffa8ecba9dae50662357923c5289\"},\"breadcrumb\":{\"@id\":\"https:\\\/\\\/kuali.com.mx\\\/web\\\/2024\\\/05\\\/10\\\/afecta-incendio-590-hectareas-de-la-sierra-gorda\\\/#breadcrumb\"},\"inLanguage\":\"es\",\"potentialAction\":[{\"@type\":\"ReadAction\",\"target\":[\"https:\\\/\\\/kuali.com.mx\\\/web\\\/2024\\\/05\\\/10\\\/afecta-incendio-590-hectareas-de-la-sierra-gorda\\\/\"]}]},{\"@type\":\"ImageObject\",\"inLanguage\":\"es\",\"@id\":\"https:\\\/\\\/kuali.com.mx\\\/web\\\/2024\\\/05\\\/10\\\/afecta-incendio-590-hectareas-de-la-sierra-gorda\\\/#primaryimage\",\"url\":\"https:\\\/\\\/kuali.com.mx\\\/web\\\/wp-content\\\/uploads\\\/2023\\\/04\\\/Incendio-Guanajuato.jpeg\",\"contentUrl\":\"https:\\\/\\\/kuali.com.mx\\\/web\\\/wp-content\\\/uploads\\\/2023\\\/04\\\/Incendio-Guanajuato.jpeg\",\"width\":1600,\"height\":900},{\"@type\":\"BreadcrumbList\",\"@id\":\"https:\\\/\\\/kuali.com.mx\\\/web\\\/2024\\\/05\\\/10\\\/afecta-incendio-590-hectareas-de-la-sierra-gorda\\\/#breadcrumb\",\"itemListElement\":[{\"@type\":\"ListItem\",\"position\":1,\"name\":\"Inicio\",\"item\":\"https:\\\/\\\/kuali.com.mx\\\/web\\\/\"},{\"@type\":\"ListItem\",\"position\":2,\"name\":\"AFECTA INCENDIO 590 HECT\u00c1REAS DE LA SIERRA GORDA\"}]},{\"@type\":\"WebSite\",\"@id\":\"https:\\\/\\\/kuali.com.mx\\\/web\\\/#website\",\"url\":\"https:\\\/\\\/kuali.com.mx\\\/web\\\/\",\"name\":\"Kuali\",\"description\":\"\",\"potentialAction\":[{\"@type\":\"SearchAction\",\"target\":{\"@type\":\"EntryPoint\",\"urlTemplate\":\"https:\\\/\\\/kuali.com.mx\\\/web\\\/?s={search_term_string}\"},\"query-input\":{\"@type\":\"PropertyValueSpecification\",\"valueRequired\":true,\"valueName\":\"search_term_string\"}}],\"inLanguage\":\"es\"},{\"@type\":\"Person\",\"@id\":\"https:\\\/\\\/kuali.com.mx\\\/web\\\/#\\\/schema\\\/person\\\/6f89ffa8ecba9dae50662357923c5289\",\"name\":\"Kuali Staff\",\"image\":{\"@type\":\"ImageObject\",\"inLanguage\":\"es\",\"@id\":\"https:\\\/\\\/secure.gravatar.com\\\/avatar\\\/f917ad82e5ab71227a733c78b6e60715476f69ee6be59feee4eb5d9920c89e0f?s=96&d=mm&r=g\",\"url\":\"https:\\\/\\\/secure.gravatar.com\\\/avatar\\\/f917ad82e5ab71227a733c78b6e60715476f69ee6be59feee4eb5d9920c89e0f?s=96&d=mm&r=g\",\"contentUrl\":\"https:\\\/\\\/secure.gravatar.com\\\/avatar\\\/f917ad82e5ab71227a733c78b6e60715476f69ee6be59feee4eb5d9920c89e0f?s=96&d=mm&r=g\",\"caption\":\"Kuali Staff\"},\"url\":\"https:\\\/\\\/kuali.com.mx\\\/web\\\/author\\\/lagarto\\\/\"}]}<\/script>\n<!-- \/ Yoast SEO plugin. -->","yoast_head_json":{"title":"AFECTA INCENDIO 590 HECT\u00c1REAS DE LA SIERRA GORDA - Kuali","robots":{"index":"index","follow":"follow","max-snippet":"max-snippet:-1","max-image-preview":"max-image-preview:large","max-video-preview":"max-video-preview:-1"},"canonical":"https:\/\/kuali.com.mx\/web\/2024\/05\/10\/afecta-incendio-590-hectareas-de-la-sierra-gorda\/","og_locale":"es_MX","og_type":"article","og_title":"AFECTA INCENDIO 590 HECT\u00c1REAS DE LA SIERRA GORDA - Kuali","og_description":"Kuali\/San Luis de la Paz, Gto.- La Coordinaci\u00f3n Estatal de Protecci\u00f3n Civil inform\u00f3 que combaten un incendio forestal en la Sierra Gorda, en los l\u00edmites entre los estados de San Luis Potos\u00ed y Guanajuato. No obstante las dificultades que representan las condiciones del clima con presencia de vientos, tambi\u00e9n de mayor calor, as\u00ed como la [&hellip;]","og_url":"https:\/\/kuali.com.mx\/web\/2024\/05\/10\/afecta-incendio-590-hectareas-de-la-sierra-gorda\/","og_site_name":"Kuali","article_publisher":"https:\/\/kuali.com.mx\/web\/wp-content\/uploads\/2018\/04\/cropped-kuali_logo-1-1.png","article_published_time":"2024-05-11T04:29:45+00:00","article_modified_time":"2024-05-11T04:29:58+00:00","og_image":[{"width":1600,"height":900,"url":"https:\/\/kuali.com.mx\/web\/wp-content\/uploads\/2023\/04\/Incendio-Guanajuato.jpeg","type":"image\/jpeg"}],"author":"Kuali Staff","twitter_card":"summary_large_image","twitter_creator":"@kuali_noticias","twitter_site":"@kuali_noticias","twitter_misc":{"Escrito por":"Kuali Staff","Tiempo de lectura":"3 minutos"},"schema":{"@context":"https:\/\/schema.org","@graph":[{"@type":"Article","@id":"https:\/\/kuali.com.mx\/web\/2024\/05\/10\/afecta-incendio-590-hectareas-de-la-sierra-gorda\/#article","isPartOf":{"@id":"https:\/\/kuali.com.mx\/web\/2024\/05\/10\/afecta-incendio-590-hectareas-de-la-sierra-gorda\/"},"author":{"name":"Kuali Staff","@id":"https:\/\/kuali.com.mx\/web\/#\/schema\/person\/6f89ffa8ecba9dae50662357923c5289"},"headline":"AFECTA INCENDIO 590 HECT\u00c1REAS DE LA SIERRA GORDA","datePublished":"2024-05-11T04:29:45+00:00","dateModified":"2024-05-11T04:29:58+00:00","mainEntityOfPage":{"@id":"https:\/\/kuali.com.mx\/web\/2024\/05\/10\/afecta-incendio-590-hectareas-de-la-sierra-gorda\/"},"wordCount":611,"commentCount":0,"image":{"@id":"https:\/\/kuali.com.mx\/web\/2024\/05\/10\/afecta-incendio-590-hectareas-de-la-sierra-gorda\/#primaryimage"},"thumbnailUrl":"https:\/\/kuali.com.mx\/web\/wp-content\/uploads\/2023\/04\/Incendio-Guanajuato.jpeg","articleSection":["Ecolog\u00eda"],"inLanguage":"es","potentialAction":[{"@type":"CommentAction","name":"Comment","target":["https:\/\/kuali.com.mx\/web\/2024\/05\/10\/afecta-incendio-590-hectareas-de-la-sierra-gorda\/#respond"]}]},{"@type":"WebPage","@id":"https:\/\/kuali.com.mx\/web\/2024\/05\/10\/afecta-incendio-590-hectareas-de-la-sierra-gorda\/","url":"https:\/\/kuali.com.mx\/web\/2024\/05\/10\/afecta-incendio-590-hectareas-de-la-sierra-gorda\/","name":"AFECTA INCENDIO 590 HECT\u00c1REAS DE LA SIERRA GORDA - Kuali","isPartOf":{"@id":"https:\/\/kuali.com.mx\/web\/#website"},"primaryImageOfPage":{"@id":"https:\/\/kuali.com.mx\/web\/2024\/05\/10\/afecta-incendio-590-hectareas-de-la-sierra-gorda\/#primaryimage"},"image":{"@id":"https:\/\/kuali.com.mx\/web\/2024\/05\/10\/afecta-incendio-590-hectareas-de-la-sierra-gorda\/#primaryimage"},"thumbnailUrl":"https:\/\/kuali.com.mx\/web\/wp-content\/uploads\/2023\/04\/Incendio-Guanajuato.jpeg","datePublished":"2024-05-11T04:29:45+00:00","dateModified":"2024-05-11T04:29:58+00:00","author":{"@id":"https:\/\/kuali.com.mx\/web\/#\/schema\/person\/6f89ffa8ecba9dae50662357923c5289"},"breadcrumb":{"@id":"https:\/\/kuali.com.mx\/web\/2024\/05\/10\/afecta-incendio-590-hectareas-de-la-sierra-gorda\/#breadcrumb"},"inLanguage":"es","potentialAction":[{"@type":"ReadAction","target":["https:\/\/kuali.com.mx\/web\/2024\/05\/10\/afecta-incendio-590-hectareas-de-la-sierra-gorda\/"]}]},{"@type":"ImageObject","inLanguage":"es","@id":"https:\/\/kuali.com.mx\/web\/2024\/05\/10\/afecta-incendio-590-hectareas-de-la-sierra-gorda\/#primaryimage","url":"https:\/\/kuali.com.mx\/web\/wp-content\/uploads\/2023\/04\/Incendio-Guanajuato.jpeg","contentUrl":"https:\/\/kuali.com.mx\/web\/wp-content\/uploads\/2023\/04\/Incendio-Guanajuato.jpeg","width":1600,"height":900},{"@type":"BreadcrumbList","@id":"https:\/\/kuali.com.mx\/web\/2024\/05\/10\/afecta-incendio-590-hectareas-de-la-sierra-gorda\/#breadcrumb","itemListElement":[{"@type":"ListItem","position":1,"name":"Inicio","item":"https:\/\/kuali.com.mx\/web\/"},{"@type":"ListItem","position":2,"name":"AFECTA INCENDIO 590 HECT\u00c1REAS DE LA SIERRA GORDA"}]},{"@type":"WebSite","@id":"https:\/\/kuali.com.mx\/web\/#website","url":"https:\/\/kuali.com.mx\/web\/","name":"Kuali","description":"","potentialAction":[{"@type":"SearchAction","target":{"@type":"EntryPoint","urlTemplate":"https:\/\/kuali.com.mx\/web\/?s={search_term_string}"},"query-input":{"@type":"PropertyValueSpecification","valueRequired":true,"valueName":"search_term_string"}}],"inLanguage":"es"},{"@type":"Person","@id":"https:\/\/kuali.com.mx\/web\/#\/schema\/person\/6f89ffa8ecba9dae50662357923c5289","name":"Kuali Staff","image":{"@type":"ImageObject","inLanguage":"es","@id":"https:\/\/secure.gravatar.com\/avatar\/f917ad82e5ab71227a733c78b6e60715476f69ee6be59feee4eb5d9920c89e0f?s=96&d=mm&r=g","url":"https:\/\/secure.gravatar.com\/avatar\/f917ad82e5ab71227a733c78b6e60715476f69ee6be59feee4eb5d9920c89e0f?s=96&d=mm&r=g","contentUrl":"https:\/\/secure.gravatar.com\/avatar\/f917ad82e5ab71227a733c78b6e60715476f69ee6be59feee4eb5d9920c89e0f?s=96&d=mm&r=g","caption":"Kuali Staff"},"url":"https:\/\/kuali.com.mx\/web\/author\/lagarto\/"}]}},"_links":{"self":[{"href":"https:\/\/kuali.com.mx\/web\/wp-json\/wp\/v2\/posts\/142847","targetHints":{"allow":["GET"]}}],"collection":[{"href":"https:\/\/kuali.com.mx\/web\/wp-json\/wp\/v2\/posts"}],"about":[{"href":"https:\/\/kuali.com.mx\/web\/wp-json\/wp\/v2\/types\/post"}],"author":[{"embeddable":true,"href":"https:\/\/kuali.com.mx\/web\/wp-json\/wp\/v2\/users\/2"}],"replies":[{"embeddable":true,"href":"https:\/\/kuali.com.mx\/web\/wp-json\/wp\/v2\/comments?post=142847"}],"version-history":[{"count":1,"href":"https:\/\/kuali.com.mx\/web\/wp-json\/wp\/v2\/posts\/142847\/revisions"}],"predecessor-version":[{"id":142850,"href":"https:\/\/kuali.com.mx\/web\/wp-json\/wp\/v2\/posts\/142847\/revisions\/142850"}],"wp:featuredmedia":[{"embeddable":true,"href":"https:\/\/kuali.com.mx\/web\/wp-json\/wp\/v2\/media\/116269"}],"wp:attachment":[{"href":"https:\/\/kuali.com.mx\/web\/wp-json\/wp\/v2\/media?parent=142847"}],"wp:term":[{"taxonomy":"category","embeddable":true,"href":"https:\/\/kuali.com.mx\/web\/wp-json\/wp\/v2\/categories?post=142847"},{"taxonomy":"post_tag","embeddable":true,"href":"https:\/\/kuali.com.mx\/web\/wp-json\/wp\/v2\/tags?post=142847"}],"curies":[{"name":"wp","href":"https:\/\/api.w.org\/{rel}","templated":true}]}}