{"id":142817,"date":"2024-05-10T15:40:15","date_gmt":"2024-05-10T21:40:15","guid":{"rendered":"https:\/\/kuali.com.mx\/web\/?p=142817"},"modified":"2024-05-10T18:11:18","modified_gmt":"2024-05-11T00:11:18","slug":"evitara-ramirez-zonas-inseguras-de-celaya","status":"publish","type":"post","link":"https:\/\/kuali.com.mx\/web\/2024\/05\/10\/evitara-ramirez-zonas-inseguras-de-celaya\/","title":{"rendered":"EVITAR\u00c1 RAM\u00cdREZ ZONAS INSEGURAS DE CELAYA"},"content":{"rendered":"\n<p><strong>Milagros Tadeo\/Le\u00f3n, Gto.-\u00a0<\/strong>El secretario general de Morena en Guanajuato, Jes\u00fas Ram\u00edrez Garibay, se\u00f1al\u00f3 que ante el nivel de violencia que se registra en Celaya, el \u00e1rea de inteligencia de la Guardia Nacional define en cu\u00e1les zonas, Juan Miguel Ram\u00edrez S\u00e1nchez, no debe hacer campa\u00f1a.<\/p>\n\n\n\n<p>Dijo que tras el acribillamiento de la candidata Gisela Gayt\u00e1n Guti\u00e9rrez durante un recorrido por las calles de la comunidad de San Miguel Octopan, el pasado 1 de abril, y la designaci\u00f3n de Juan Miguel Ram\u00edrez S\u00e1nchez, es la Guardia Nacional quien protege de cualquier situaci\u00f3n de riesgo.<\/p>\n\n\n\n<p>\u201c\u00c9l tiene la protecci\u00f3n de la Guardia Nacional, servicio de inteligencia de la Guardia Nacional es la que trae mapeado en qu\u00e9 lugares la violencia est\u00e1 m\u00e1s \u00e1lgida y ellos son los que en este mapa de riesgos son los que recomiendan, m\u00e1s que el partido, ellos son los que tienen el servicio de inteligencia y desde luego nuestro candidato acepta las sugerencias y las recomendaciones\u201d, indic\u00f3.<\/p>\n\n\n\n<p>Respecto al desarrollo de la campa\u00f1a de Ram\u00edrez S\u00e1nchez en Celaya, se\u00f1al\u00f3 que existe gran aceptaci\u00f3n por parte de los celayenses quienes manifiestan que se necesita un cambio que les ayude a que se resuelvan los problemas de la ciudad.<\/p>\n\n\n\n<p>&nbsp;\u201cNosotros estamos en una campa\u00f1a de mucho aire para que permee en nuestra sociedad y lo conozcan, es un personaje reconocido tras haber sido rector de la UG en el campus de Celaya-Salvatierra y entonces es un perfil muy bueno y conocido en Celaya, de tal manera que no nos est\u00e1 tocando trabajo que la sociedad lo conozca y est\u00e1 generando debate p\u00fablico, aceptaci\u00f3n, se est\u00e1 reuni\u00f3n con todos los sectores\u201d, dijo.<\/p>\n\n\n\n<p>Finalmente, Ram\u00edrez Garibay expres\u00f3 que pese a no haber hecho campa\u00f1a en Celaya durante un mes,&nbsp;resultar\u00e1n ganadores el pr\u00f3ximo 1 de junio.&nbsp;<\/p>\n","protected":false},"excerpt":{"rendered":"Milagros Tadeo\/Le\u00f3n, Gto.-\u00a0El secretario general de Morena en Guanajuato, Jes\u00fas Ram\u00edrez Garibay, se\u00f1al\u00f3 que ante el nivel de violencia que se registra en Celaya, el \u00e1rea de inteligencia de la Guardia Nacional define en cu\u00e1les zonas, Juan Miguel Ram\u00edrez S\u00e1nchez, no debe hacer campa\u00f1a. Dijo que tras el acribillamiento de la candidata Gisela Gayt\u00e1n Guti\u00e9rrez [&hellip;]","protected":false},"author":2,"featured_media":142082,"comment_status":"open","ping_status":"open","sticky":false,"template":"","format":"standard","meta":{"_seopress_robots_primary_cat":"none","_seopress_titles_title":"","_seopress_titles_desc":"","_seopress_robots_index":"","_monsterinsights_skip_tracking":false,"_monsterinsights_sitenote_active":false,"_monsterinsights_sitenote_note":"","_monsterinsights_sitenote_category":0,"footnotes":""},"categories":[3,69],"tags":[],"class_list":["post-142817","post","type-post","status-publish","format-standard","has-post-thumbnail","hentry","category-politica","category-slider"],"yoast_head":"<!-- This site is optimized with the Yoast SEO plugin v27.4 - https:\/\/yoast.com\/product\/yoast-seo-wordpress\/ -->\n<title>EVITAR\u00c1 RAM\u00cdREZ ZONAS INSEGURAS DE CELAYA - Kuali<\/title>\n<meta name=\"robots\" content=\"index, follow, max-snippet:-1, max-image-preview:large, max-video-preview:-1\" \/>\n<link rel=\"canonical\" href=\"https:\/\/kuali.com.mx\/web\/2024\/05\/10\/evitara-ramirez-zonas-inseguras-de-celaya\/\" \/>\n<meta property=\"og:locale\" content=\"es_MX\" \/>\n<meta property=\"og:type\" content=\"article\" \/>\n<meta property=\"og:title\" content=\"EVITAR\u00c1 RAM\u00cdREZ ZONAS INSEGURAS DE CELAYA - Kuali\" \/>\n<meta property=\"og:description\" content=\"Milagros Tadeo\/Le\u00f3n, Gto.-\u00a0El secretario general de Morena en Guanajuato, Jes\u00fas Ram\u00edrez Garibay, se\u00f1al\u00f3 que ante el nivel de violencia que se registra en Celaya, el \u00e1rea de inteligencia de la Guardia Nacional define en cu\u00e1les zonas, Juan Miguel Ram\u00edrez S\u00e1nchez, no debe hacer campa\u00f1a. Dijo que tras el acribillamiento de la candidata Gisela Gayt\u00e1n Guti\u00e9rrez [&hellip;]\" \/>\n<meta property=\"og:url\" content=\"https:\/\/kuali.com.mx\/web\/2024\/05\/10\/evitara-ramirez-zonas-inseguras-de-celaya\/\" \/>\n<meta property=\"og:site_name\" content=\"Kuali\" \/>\n<meta property=\"article:publisher\" content=\"https:\/\/kuali.com.mx\/web\/wp-content\/uploads\/2018\/04\/cropped-kuali_logo-1-1.png\" \/>\n<meta property=\"article:published_time\" content=\"2024-05-10T21:40:15+00:00\" \/>\n<meta property=\"article:modified_time\" content=\"2024-05-11T00:11:18+00:00\" \/>\n<meta property=\"og:image\" content=\"https:\/\/kuali.com.mx\/web\/wp-content\/uploads\/2024\/04\/Juan-Miguel-Ramirez-Morena-SLIDER.jpg\" \/>\n\t<meta property=\"og:image:width\" content=\"1810\" \/>\n\t<meta property=\"og:image:height\" content=\"750\" \/>\n\t<meta property=\"og:image:type\" content=\"image\/jpeg\" \/>\n<meta name=\"author\" content=\"Kuali Staff\" \/>\n<meta name=\"twitter:card\" content=\"summary_large_image\" \/>\n<meta name=\"twitter:creator\" content=\"@kuali_noticias\" \/>\n<meta name=\"twitter:site\" content=\"@kuali_noticias\" \/>\n<meta name=\"twitter:label1\" content=\"Escrito por\" \/>\n\t<meta name=\"twitter:data1\" content=\"Kuali Staff\" \/>\n\t<meta name=\"twitter:label2\" content=\"Tiempo de lectura\" \/>\n\t<meta name=\"twitter:data2\" content=\"2 minutos\" \/>\n<script type=\"application\/ld+json\" class=\"yoast-schema-graph\">{\"@context\":\"https:\\\/\\\/schema.org\",\"@graph\":[{\"@type\":\"Article\",\"@id\":\"https:\\\/\\\/kuali.com.mx\\\/web\\\/2024\\\/05\\\/10\\\/evitara-ramirez-zonas-inseguras-de-celaya\\\/#article\",\"isPartOf\":{\"@id\":\"https:\\\/\\\/kuali.com.mx\\\/web\\\/2024\\\/05\\\/10\\\/evitara-ramirez-zonas-inseguras-de-celaya\\\/\"},\"author\":{\"name\":\"Kuali Staff\",\"@id\":\"https:\\\/\\\/kuali.com.mx\\\/web\\\/#\\\/schema\\\/person\\\/6f89ffa8ecba9dae50662357923c5289\"},\"headline\":\"EVITAR\u00c1 RAM\u00cdREZ ZONAS INSEGURAS DE CELAYA\",\"datePublished\":\"2024-05-10T21:40:15+00:00\",\"dateModified\":\"2024-05-11T00:11:18+00:00\",\"mainEntityOfPage\":{\"@id\":\"https:\\\/\\\/kuali.com.mx\\\/web\\\/2024\\\/05\\\/10\\\/evitara-ramirez-zonas-inseguras-de-celaya\\\/\"},\"wordCount\":335,\"commentCount\":0,\"image\":{\"@id\":\"https:\\\/\\\/kuali.com.mx\\\/web\\\/2024\\\/05\\\/10\\\/evitara-ramirez-zonas-inseguras-de-celaya\\\/#primaryimage\"},\"thumbnailUrl\":\"https:\\\/\\\/kuali.com.mx\\\/web\\\/wp-content\\\/uploads\\\/2024\\\/04\\\/Juan-Miguel-Ramirez-Morena-SLIDER.jpg\",\"articleSection\":[\"Pol\u00edtica\",\"slider\"],\"inLanguage\":\"es\",\"potentialAction\":[{\"@type\":\"CommentAction\",\"name\":\"Comment\",\"target\":[\"https:\\\/\\\/kuali.com.mx\\\/web\\\/2024\\\/05\\\/10\\\/evitara-ramirez-zonas-inseguras-de-celaya\\\/#respond\"]}]},{\"@type\":\"WebPage\",\"@id\":\"https:\\\/\\\/kuali.com.mx\\\/web\\\/2024\\\/05\\\/10\\\/evitara-ramirez-zonas-inseguras-de-celaya\\\/\",\"url\":\"https:\\\/\\\/kuali.com.mx\\\/web\\\/2024\\\/05\\\/10\\\/evitara-ramirez-zonas-inseguras-de-celaya\\\/\",\"name\":\"EVITAR\u00c1 RAM\u00cdREZ ZONAS INSEGURAS DE CELAYA - Kuali\",\"isPartOf\":{\"@id\":\"https:\\\/\\\/kuali.com.mx\\\/web\\\/#website\"},\"primaryImageOfPage\":{\"@id\":\"https:\\\/\\\/kuali.com.mx\\\/web\\\/2024\\\/05\\\/10\\\/evitara-ramirez-zonas-inseguras-de-celaya\\\/#primaryimage\"},\"image\":{\"@id\":\"https:\\\/\\\/kuali.com.mx\\\/web\\\/2024\\\/05\\\/10\\\/evitara-ramirez-zonas-inseguras-de-celaya\\\/#primaryimage\"},\"thumbnailUrl\":\"https:\\\/\\\/kuali.com.mx\\\/web\\\/wp-content\\\/uploads\\\/2024\\\/04\\\/Juan-Miguel-Ramirez-Morena-SLIDER.jpg\",\"datePublished\":\"2024-05-10T21:40:15+00:00\",\"dateModified\":\"2024-05-11T00:11:18+00:00\",\"author\":{\"@id\":\"https:\\\/\\\/kuali.com.mx\\\/web\\\/#\\\/schema\\\/person\\\/6f89ffa8ecba9dae50662357923c5289\"},\"breadcrumb\":{\"@id\":\"https:\\\/\\\/kuali.com.mx\\\/web\\\/2024\\\/05\\\/10\\\/evitara-ramirez-zonas-inseguras-de-celaya\\\/#breadcrumb\"},\"inLanguage\":\"es\",\"potentialAction\":[{\"@type\":\"ReadAction\",\"target\":[\"https:\\\/\\\/kuali.com.mx\\\/web\\\/2024\\\/05\\\/10\\\/evitara-ramirez-zonas-inseguras-de-celaya\\\/\"]}]},{\"@type\":\"ImageObject\",\"inLanguage\":\"es\",\"@id\":\"https:\\\/\\\/kuali.com.mx\\\/web\\\/2024\\\/05\\\/10\\\/evitara-ramirez-zonas-inseguras-de-celaya\\\/#primaryimage\",\"url\":\"https:\\\/\\\/kuali.com.mx\\\/web\\\/wp-content\\\/uploads\\\/2024\\\/04\\\/Juan-Miguel-Ramirez-Morena-SLIDER.jpg\",\"contentUrl\":\"https:\\\/\\\/kuali.com.mx\\\/web\\\/wp-content\\\/uploads\\\/2024\\\/04\\\/Juan-Miguel-Ramirez-Morena-SLIDER.jpg\",\"width\":1810,\"height\":750},{\"@type\":\"BreadcrumbList\",\"@id\":\"https:\\\/\\\/kuali.com.mx\\\/web\\\/2024\\\/05\\\/10\\\/evitara-ramirez-zonas-inseguras-de-celaya\\\/#breadcrumb\",\"itemListElement\":[{\"@type\":\"ListItem\",\"position\":1,\"name\":\"Inicio\",\"item\":\"https:\\\/\\\/kuali.com.mx\\\/web\\\/\"},{\"@type\":\"ListItem\",\"position\":2,\"name\":\"EVITAR\u00c1 RAM\u00cdREZ ZONAS INSEGURAS DE CELAYA\"}]},{\"@type\":\"WebSite\",\"@id\":\"https:\\\/\\\/kuali.com.mx\\\/web\\\/#website\",\"url\":\"https:\\\/\\\/kuali.com.mx\\\/web\\\/\",\"name\":\"Kuali\",\"description\":\"\",\"potentialAction\":[{\"@type\":\"SearchAction\",\"target\":{\"@type\":\"EntryPoint\",\"urlTemplate\":\"https:\\\/\\\/kuali.com.mx\\\/web\\\/?s={search_term_string}\"},\"query-input\":{\"@type\":\"PropertyValueSpecification\",\"valueRequired\":true,\"valueName\":\"search_term_string\"}}],\"inLanguage\":\"es\"},{\"@type\":\"Person\",\"@id\":\"https:\\\/\\\/kuali.com.mx\\\/web\\\/#\\\/schema\\\/person\\\/6f89ffa8ecba9dae50662357923c5289\",\"name\":\"Kuali Staff\",\"image\":{\"@type\":\"ImageObject\",\"inLanguage\":\"es\",\"@id\":\"https:\\\/\\\/secure.gravatar.com\\\/avatar\\\/f917ad82e5ab71227a733c78b6e60715476f69ee6be59feee4eb5d9920c89e0f?s=96&d=mm&r=g\",\"url\":\"https:\\\/\\\/secure.gravatar.com\\\/avatar\\\/f917ad82e5ab71227a733c78b6e60715476f69ee6be59feee4eb5d9920c89e0f?s=96&d=mm&r=g\",\"contentUrl\":\"https:\\\/\\\/secure.gravatar.com\\\/avatar\\\/f917ad82e5ab71227a733c78b6e60715476f69ee6be59feee4eb5d9920c89e0f?s=96&d=mm&r=g\",\"caption\":\"Kuali Staff\"},\"url\":\"https:\\\/\\\/kuali.com.mx\\\/web\\\/author\\\/lagarto\\\/\"}]}<\/script>\n<!-- \/ Yoast SEO plugin. -->","yoast_head_json":{"title":"EVITAR\u00c1 RAM\u00cdREZ ZONAS INSEGURAS DE CELAYA - Kuali","robots":{"index":"index","follow":"follow","max-snippet":"max-snippet:-1","max-image-preview":"max-image-preview:large","max-video-preview":"max-video-preview:-1"},"canonical":"https:\/\/kuali.com.mx\/web\/2024\/05\/10\/evitara-ramirez-zonas-inseguras-de-celaya\/","og_locale":"es_MX","og_type":"article","og_title":"EVITAR\u00c1 RAM\u00cdREZ ZONAS INSEGURAS DE CELAYA - Kuali","og_description":"Milagros Tadeo\/Le\u00f3n, Gto.-\u00a0El secretario general de Morena en Guanajuato, Jes\u00fas Ram\u00edrez Garibay, se\u00f1al\u00f3 que ante el nivel de violencia que se registra en Celaya, el \u00e1rea de inteligencia de la Guardia Nacional define en cu\u00e1les zonas, Juan Miguel Ram\u00edrez S\u00e1nchez, no debe hacer campa\u00f1a. Dijo que tras el acribillamiento de la candidata Gisela Gayt\u00e1n Guti\u00e9rrez [&hellip;]","og_url":"https:\/\/kuali.com.mx\/web\/2024\/05\/10\/evitara-ramirez-zonas-inseguras-de-celaya\/","og_site_name":"Kuali","article_publisher":"https:\/\/kuali.com.mx\/web\/wp-content\/uploads\/2018\/04\/cropped-kuali_logo-1-1.png","article_published_time":"2024-05-10T21:40:15+00:00","article_modified_time":"2024-05-11T00:11:18+00:00","og_image":[{"width":1810,"height":750,"url":"https:\/\/kuali.com.mx\/web\/wp-content\/uploads\/2024\/04\/Juan-Miguel-Ramirez-Morena-SLIDER.jpg","type":"image\/jpeg"}],"author":"Kuali Staff","twitter_card":"summary_large_image","twitter_creator":"@kuali_noticias","twitter_site":"@kuali_noticias","twitter_misc":{"Escrito por":"Kuali Staff","Tiempo de lectura":"2 minutos"},"schema":{"@context":"https:\/\/schema.org","@graph":[{"@type":"Article","@id":"https:\/\/kuali.com.mx\/web\/2024\/05\/10\/evitara-ramirez-zonas-inseguras-de-celaya\/#article","isPartOf":{"@id":"https:\/\/kuali.com.mx\/web\/2024\/05\/10\/evitara-ramirez-zonas-inseguras-de-celaya\/"},"author":{"name":"Kuali Staff","@id":"https:\/\/kuali.com.mx\/web\/#\/schema\/person\/6f89ffa8ecba9dae50662357923c5289"},"headline":"EVITAR\u00c1 RAM\u00cdREZ ZONAS INSEGURAS DE CELAYA","datePublished":"2024-05-10T21:40:15+00:00","dateModified":"2024-05-11T00:11:18+00:00","mainEntityOfPage":{"@id":"https:\/\/kuali.com.mx\/web\/2024\/05\/10\/evitara-ramirez-zonas-inseguras-de-celaya\/"},"wordCount":335,"commentCount":0,"image":{"@id":"https:\/\/kuali.com.mx\/web\/2024\/05\/10\/evitara-ramirez-zonas-inseguras-de-celaya\/#primaryimage"},"thumbnailUrl":"https:\/\/kuali.com.mx\/web\/wp-content\/uploads\/2024\/04\/Juan-Miguel-Ramirez-Morena-SLIDER.jpg","articleSection":["Pol\u00edtica","slider"],"inLanguage":"es","potentialAction":[{"@type":"CommentAction","name":"Comment","target":["https:\/\/kuali.com.mx\/web\/2024\/05\/10\/evitara-ramirez-zonas-inseguras-de-celaya\/#respond"]}]},{"@type":"WebPage","@id":"https:\/\/kuali.com.mx\/web\/2024\/05\/10\/evitara-ramirez-zonas-inseguras-de-celaya\/","url":"https:\/\/kuali.com.mx\/web\/2024\/05\/10\/evitara-ramirez-zonas-inseguras-de-celaya\/","name":"EVITAR\u00c1 RAM\u00cdREZ ZONAS INSEGURAS DE CELAYA - Kuali","isPartOf":{"@id":"https:\/\/kuali.com.mx\/web\/#website"},"primaryImageOfPage":{"@id":"https:\/\/kuali.com.mx\/web\/2024\/05\/10\/evitara-ramirez-zonas-inseguras-de-celaya\/#primaryimage"},"image":{"@id":"https:\/\/kuali.com.mx\/web\/2024\/05\/10\/evitara-ramirez-zonas-inseguras-de-celaya\/#primaryimage"},"thumbnailUrl":"https:\/\/kuali.com.mx\/web\/wp-content\/uploads\/2024\/04\/Juan-Miguel-Ramirez-Morena-SLIDER.jpg","datePublished":"2024-05-10T21:40:15+00:00","dateModified":"2024-05-11T00:11:18+00:00","author":{"@id":"https:\/\/kuali.com.mx\/web\/#\/schema\/person\/6f89ffa8ecba9dae50662357923c5289"},"breadcrumb":{"@id":"https:\/\/kuali.com.mx\/web\/2024\/05\/10\/evitara-ramirez-zonas-inseguras-de-celaya\/#breadcrumb"},"inLanguage":"es","potentialAction":[{"@type":"ReadAction","target":["https:\/\/kuali.com.mx\/web\/2024\/05\/10\/evitara-ramirez-zonas-inseguras-de-celaya\/"]}]},{"@type":"ImageObject","inLanguage":"es","@id":"https:\/\/kuali.com.mx\/web\/2024\/05\/10\/evitara-ramirez-zonas-inseguras-de-celaya\/#primaryimage","url":"https:\/\/kuali.com.mx\/web\/wp-content\/uploads\/2024\/04\/Juan-Miguel-Ramirez-Morena-SLIDER.jpg","contentUrl":"https:\/\/kuali.com.mx\/web\/wp-content\/uploads\/2024\/04\/Juan-Miguel-Ramirez-Morena-SLIDER.jpg","width":1810,"height":750},{"@type":"BreadcrumbList","@id":"https:\/\/kuali.com.mx\/web\/2024\/05\/10\/evitara-ramirez-zonas-inseguras-de-celaya\/#breadcrumb","itemListElement":[{"@type":"ListItem","position":1,"name":"Inicio","item":"https:\/\/kuali.com.mx\/web\/"},{"@type":"ListItem","position":2,"name":"EVITAR\u00c1 RAM\u00cdREZ ZONAS INSEGURAS DE CELAYA"}]},{"@type":"WebSite","@id":"https:\/\/kuali.com.mx\/web\/#website","url":"https:\/\/kuali.com.mx\/web\/","name":"Kuali","description":"","potentialAction":[{"@type":"SearchAction","target":{"@type":"EntryPoint","urlTemplate":"https:\/\/kuali.com.mx\/web\/?s={search_term_string}"},"query-input":{"@type":"PropertyValueSpecification","valueRequired":true,"valueName":"search_term_string"}}],"inLanguage":"es"},{"@type":"Person","@id":"https:\/\/kuali.com.mx\/web\/#\/schema\/person\/6f89ffa8ecba9dae50662357923c5289","name":"Kuali Staff","image":{"@type":"ImageObject","inLanguage":"es","@id":"https:\/\/secure.gravatar.com\/avatar\/f917ad82e5ab71227a733c78b6e60715476f69ee6be59feee4eb5d9920c89e0f?s=96&d=mm&r=g","url":"https:\/\/secure.gravatar.com\/avatar\/f917ad82e5ab71227a733c78b6e60715476f69ee6be59feee4eb5d9920c89e0f?s=96&d=mm&r=g","contentUrl":"https:\/\/secure.gravatar.com\/avatar\/f917ad82e5ab71227a733c78b6e60715476f69ee6be59feee4eb5d9920c89e0f?s=96&d=mm&r=g","caption":"Kuali Staff"},"url":"https:\/\/kuali.com.mx\/web\/author\/lagarto\/"}]}},"_links":{"self":[{"href":"https:\/\/kuali.com.mx\/web\/wp-json\/wp\/v2\/posts\/142817","targetHints":{"allow":["GET"]}}],"collection":[{"href":"https:\/\/kuali.com.mx\/web\/wp-json\/wp\/v2\/posts"}],"about":[{"href":"https:\/\/kuali.com.mx\/web\/wp-json\/wp\/v2\/types\/post"}],"author":[{"embeddable":true,"href":"https:\/\/kuali.com.mx\/web\/wp-json\/wp\/v2\/users\/2"}],"replies":[{"embeddable":true,"href":"https:\/\/kuali.com.mx\/web\/wp-json\/wp\/v2\/comments?post=142817"}],"version-history":[{"count":1,"href":"https:\/\/kuali.com.mx\/web\/wp-json\/wp\/v2\/posts\/142817\/revisions"}],"predecessor-version":[{"id":142820,"href":"https:\/\/kuali.com.mx\/web\/wp-json\/wp\/v2\/posts\/142817\/revisions\/142820"}],"wp:featuredmedia":[{"embeddable":true,"href":"https:\/\/kuali.com.mx\/web\/wp-json\/wp\/v2\/media\/142082"}],"wp:attachment":[{"href":"https:\/\/kuali.com.mx\/web\/wp-json\/wp\/v2\/media?parent=142817"}],"wp:term":[{"taxonomy":"category","embeddable":true,"href":"https:\/\/kuali.com.mx\/web\/wp-json\/wp\/v2\/categories?post=142817"},{"taxonomy":"post_tag","embeddable":true,"href":"https:\/\/kuali.com.mx\/web\/wp-json\/wp\/v2\/tags?post=142817"}],"curies":[{"name":"wp","href":"https:\/\/api.w.org\/{rel}","templated":true}]}}