{"id":142642,"date":"2024-05-08T15:35:28","date_gmt":"2024-05-08T21:35:28","guid":{"rendered":"https:\/\/kuali.com.mx\/web\/?p=142642"},"modified":"2024-05-08T19:05:30","modified_gmt":"2024-05-09T01:05:30","slug":"presentan-el-himno-del-estado-de-guanajuato","status":"publish","type":"post","link":"https:\/\/kuali.com.mx\/web\/2024\/05\/08\/presentan-el-himno-del-estado-de-guanajuato\/","title":{"rendered":"PRESENTAN EL HIMNO DEL ESTADO DE GUANAJUATO"},"content":{"rendered":"\n<p><strong><em>Carlos Garc\u00eda\/Guanajuato, Gto.-<\/em><\/strong>En sesi\u00f3n solemne del Congreso fue dado a conocer el Himno del Estado, compuesto como parte de la celebraci\u00f3n por los 200 a\u00f1os de Guanajuato como entidad libre y soberana.<\/p>\n\n\n\n<p>La obra de Eduardo Francisco Mu\u00f1oz Esquivel fue interpretada por primera vez por la Banda de M\u00fasica del Estado y por el Coro del Teatro Bicentenario.<\/p>\n\n\n\n<p>\u201cGritos de la independencia\/ Urdieron nuestros cimientos\/ Andares de sentimientos\/Nacieron de esta consciencia As\u00ed cantamos tu herencia\/ Juntos, con el coraz\u00f3n\/Unidos, en tu raz\u00f3n\/ Abrazando tu llamado\/Tu presente y tu pasado\/Orquestan nuestra labor\u201d, fue el coro que vibr\u00f3 en el recinto legislativo.<\/p>\n\n\n\n<iframe loading=\"lazy\" src=\"https:\/\/www.facebook.com\/plugins\/video.php?height=316&href=https%3A%2F%2Fwww.facebook.com%2FKualiNoticias%2Fvideos%2F1105103620741506%2F&show_text=false&width=560&t=0\" width=\"560\" height=\"316\" style=\"border:none;overflow:hidden\" scrolling=\"no\" frameborder=\"0\" allowfullscreen=\"true\" allow=\"autoplay; clipboard-write; encrypted-media; picture-in-picture; web-share\" allowFullScreen=\"true\"><\/iframe>\n\n\n\n<p>El autor del Himno del Estado, Eduardo Mu\u00f1oz Esquivel, manifest\u00f3 que estaba muy honrado de ser parte de este hecho hist\u00f3rico de Guanajuato.<\/p>\n\n\n\n<p>\u201cQuer\u00eda hacer un Himno que tuviera representaci\u00f3n, tanto en el sonido, como en la letra de esta experiencia tan maravillosa que ha sido recorrer el estado. Me tarde dos meses en hacerlo, lo que m\u00e1s trabajo me cost\u00f3 fue hacer la letra\u201d, coment\u00f3 en entrevista.<\/p>\n\n\n\n<p>Agreg\u00f3 que le gustar\u00eda que el Himno se entonar\u00e1 en todo el estado y en los eventos donde participe Guanajuato.<\/p>\n\n\n\n<p>Durante la sesi\u00f3n solemne, el presidente del Congreso, Jos\u00e9 Alfonso Borja Pimentel, expuso que Mu\u00f1oz Esquivel plasm\u00f3 en el Himno de Guanajuato la grandeza del estado y el amor que siente por su tierra.<\/p>\n\n\n\n<p>El Himno del Estado debe ser difundido en cada rinc\u00f3n de Guanajuato, enfatiz\u00f3.<\/p>\n\n\n\n<p>\u201cEntonemos con orgullo nuestro canto y demostremos que nuestro esp\u00edritu de grandeza resuena m\u00e1s all\u00e1 del tiempo, en apenas unos minutos y para siempre\u201d, se\u00f1al\u00f3.<\/p>\n\n\n\n<p>El secretario de Gobierno, Jes\u00fas Oviedo Herrera, manifest\u00f3 que la obra musical ser\u00e1 un s\u00edmbolo de identidad, uni\u00f3n, respeto y cultura.<\/p>\n\n\n\n<p>\u201cLas letras de nuestro himno estatal plasman la riqueza hist\u00f3rica y cultural de Guanajuato, su geograf\u00eda, sus pr\u00f3ceres h\u00e9roes y hero\u00ednas, sus ideales, sus conquistas libertarias y su gran aportaci\u00f3n a la vida democr\u00e1tica de M\u00e9xico\u201d, dijo.<\/p>\n\n\n\n<p>El representante del Poder Judicial, Alfonso Ruiz Chico, coincidi\u00f3 en que la letra resalta la belleza, geograf\u00eda, territorio, personajes hist\u00f3ricos, ideales, conquistas libertarias y conciencia democr\u00e1tica de la entidad.<\/p>\n","protected":false},"excerpt":{"rendered":"Carlos Garc\u00eda\/Guanajuato, Gto.-En sesi\u00f3n solemne del Congreso fue dado a conocer el Himno del Estado, compuesto como parte de la celebraci\u00f3n por los 200 a\u00f1os de Guanajuato como entidad libre y soberana. La obra de Eduardo Francisco Mu\u00f1oz Esquivel fue interpretada por primera vez por la Banda de M\u00fasica del Estado y por el Coro [&hellip;]","protected":false},"author":2,"featured_media":142646,"comment_status":"open","ping_status":"open","sticky":false,"template":"","format":"standard","meta":{"_seopress_robots_primary_cat":"none","_seopress_titles_title":"","_seopress_titles_desc":"","_seopress_robots_index":"","_monsterinsights_skip_tracking":false,"_monsterinsights_sitenote_active":false,"_monsterinsights_sitenote_note":"","_monsterinsights_sitenote_category":0,"footnotes":""},"categories":[8,69],"tags":[],"class_list":["post-142642","post","type-post","status-publish","format-standard","has-post-thumbnail","hentry","category-espectaculos","category-slider"],"yoast_head":"<!-- This site is optimized with the Yoast SEO plugin v27.4 - https:\/\/yoast.com\/product\/yoast-seo-wordpress\/ -->\n<title>PRESENTAN EL HIMNO DEL ESTADO DE GUANAJUATO - Kuali<\/title>\n<meta name=\"robots\" content=\"index, follow, max-snippet:-1, max-image-preview:large, max-video-preview:-1\" \/>\n<link rel=\"canonical\" href=\"https:\/\/kuali.com.mx\/web\/2024\/05\/08\/presentan-el-himno-del-estado-de-guanajuato\/\" \/>\n<meta property=\"og:locale\" content=\"es_MX\" \/>\n<meta property=\"og:type\" content=\"article\" \/>\n<meta property=\"og:title\" content=\"PRESENTAN EL HIMNO DEL ESTADO DE GUANAJUATO - Kuali\" \/>\n<meta property=\"og:description\" content=\"Carlos Garc\u00eda\/Guanajuato, Gto.-En sesi\u00f3n solemne del Congreso fue dado a conocer el Himno del Estado, compuesto como parte de la celebraci\u00f3n por los 200 a\u00f1os de Guanajuato como entidad libre y soberana. La obra de Eduardo Francisco Mu\u00f1oz Esquivel fue interpretada por primera vez por la Banda de M\u00fasica del Estado y por el Coro [&hellip;]\" \/>\n<meta property=\"og:url\" content=\"https:\/\/kuali.com.mx\/web\/2024\/05\/08\/presentan-el-himno-del-estado-de-guanajuato\/\" \/>\n<meta property=\"og:site_name\" content=\"Kuali\" \/>\n<meta property=\"article:publisher\" content=\"https:\/\/kuali.com.mx\/web\/wp-content\/uploads\/2018\/04\/cropped-kuali_logo-1-1.png\" \/>\n<meta property=\"article:published_time\" content=\"2024-05-08T21:35:28+00:00\" \/>\n<meta property=\"article:modified_time\" content=\"2024-05-09T01:05:30+00:00\" \/>\n<meta property=\"og:image\" content=\"https:\/\/kuali.com.mx\/web\/wp-content\/uploads\/2024\/05\/Himno-Guanajuato-1.jpeg\" \/>\n\t<meta property=\"og:image:width\" content=\"1775\" \/>\n\t<meta property=\"og:image:height\" content=\"750\" \/>\n\t<meta property=\"og:image:type\" content=\"image\/jpeg\" \/>\n<meta name=\"author\" content=\"Kuali Staff\" \/>\n<meta name=\"twitter:card\" content=\"summary_large_image\" \/>\n<meta name=\"twitter:creator\" content=\"@kuali_noticias\" \/>\n<meta name=\"twitter:site\" content=\"@kuali_noticias\" \/>\n<meta name=\"twitter:label1\" content=\"Escrito por\" \/>\n\t<meta name=\"twitter:data1\" content=\"Kuali Staff\" \/>\n\t<meta name=\"twitter:label2\" content=\"Tiempo de lectura\" \/>\n\t<meta name=\"twitter:data2\" content=\"2 minutos\" \/>\n<script type=\"application\/ld+json\" class=\"yoast-schema-graph\">{\"@context\":\"https:\\\/\\\/schema.org\",\"@graph\":[{\"@type\":\"Article\",\"@id\":\"https:\\\/\\\/kuali.com.mx\\\/web\\\/2024\\\/05\\\/08\\\/presentan-el-himno-del-estado-de-guanajuato\\\/#article\",\"isPartOf\":{\"@id\":\"https:\\\/\\\/kuali.com.mx\\\/web\\\/2024\\\/05\\\/08\\\/presentan-el-himno-del-estado-de-guanajuato\\\/\"},\"author\":{\"name\":\"Kuali Staff\",\"@id\":\"https:\\\/\\\/kuali.com.mx\\\/web\\\/#\\\/schema\\\/person\\\/6f89ffa8ecba9dae50662357923c5289\"},\"headline\":\"PRESENTAN EL HIMNO DEL ESTADO DE GUANAJUATO\",\"datePublished\":\"2024-05-08T21:35:28+00:00\",\"dateModified\":\"2024-05-09T01:05:30+00:00\",\"mainEntityOfPage\":{\"@id\":\"https:\\\/\\\/kuali.com.mx\\\/web\\\/2024\\\/05\\\/08\\\/presentan-el-himno-del-estado-de-guanajuato\\\/\"},\"wordCount\":394,\"commentCount\":0,\"image\":{\"@id\":\"https:\\\/\\\/kuali.com.mx\\\/web\\\/2024\\\/05\\\/08\\\/presentan-el-himno-del-estado-de-guanajuato\\\/#primaryimage\"},\"thumbnailUrl\":\"https:\\\/\\\/kuali.com.mx\\\/web\\\/wp-content\\\/uploads\\\/2024\\\/05\\\/Himno-Guanajuato-1.jpeg\",\"articleSection\":[\"Cultura\",\"slider\"],\"inLanguage\":\"es\",\"potentialAction\":[{\"@type\":\"CommentAction\",\"name\":\"Comment\",\"target\":[\"https:\\\/\\\/kuali.com.mx\\\/web\\\/2024\\\/05\\\/08\\\/presentan-el-himno-del-estado-de-guanajuato\\\/#respond\"]}]},{\"@type\":\"WebPage\",\"@id\":\"https:\\\/\\\/kuali.com.mx\\\/web\\\/2024\\\/05\\\/08\\\/presentan-el-himno-del-estado-de-guanajuato\\\/\",\"url\":\"https:\\\/\\\/kuali.com.mx\\\/web\\\/2024\\\/05\\\/08\\\/presentan-el-himno-del-estado-de-guanajuato\\\/\",\"name\":\"PRESENTAN EL HIMNO DEL ESTADO DE GUANAJUATO - Kuali\",\"isPartOf\":{\"@id\":\"https:\\\/\\\/kuali.com.mx\\\/web\\\/#website\"},\"primaryImageOfPage\":{\"@id\":\"https:\\\/\\\/kuali.com.mx\\\/web\\\/2024\\\/05\\\/08\\\/presentan-el-himno-del-estado-de-guanajuato\\\/#primaryimage\"},\"image\":{\"@id\":\"https:\\\/\\\/kuali.com.mx\\\/web\\\/2024\\\/05\\\/08\\\/presentan-el-himno-del-estado-de-guanajuato\\\/#primaryimage\"},\"thumbnailUrl\":\"https:\\\/\\\/kuali.com.mx\\\/web\\\/wp-content\\\/uploads\\\/2024\\\/05\\\/Himno-Guanajuato-1.jpeg\",\"datePublished\":\"2024-05-08T21:35:28+00:00\",\"dateModified\":\"2024-05-09T01:05:30+00:00\",\"author\":{\"@id\":\"https:\\\/\\\/kuali.com.mx\\\/web\\\/#\\\/schema\\\/person\\\/6f89ffa8ecba9dae50662357923c5289\"},\"breadcrumb\":{\"@id\":\"https:\\\/\\\/kuali.com.mx\\\/web\\\/2024\\\/05\\\/08\\\/presentan-el-himno-del-estado-de-guanajuato\\\/#breadcrumb\"},\"inLanguage\":\"es\",\"potentialAction\":[{\"@type\":\"ReadAction\",\"target\":[\"https:\\\/\\\/kuali.com.mx\\\/web\\\/2024\\\/05\\\/08\\\/presentan-el-himno-del-estado-de-guanajuato\\\/\"]}]},{\"@type\":\"ImageObject\",\"inLanguage\":\"es\",\"@id\":\"https:\\\/\\\/kuali.com.mx\\\/web\\\/2024\\\/05\\\/08\\\/presentan-el-himno-del-estado-de-guanajuato\\\/#primaryimage\",\"url\":\"https:\\\/\\\/kuali.com.mx\\\/web\\\/wp-content\\\/uploads\\\/2024\\\/05\\\/Himno-Guanajuato-1.jpeg\",\"contentUrl\":\"https:\\\/\\\/kuali.com.mx\\\/web\\\/wp-content\\\/uploads\\\/2024\\\/05\\\/Himno-Guanajuato-1.jpeg\",\"width\":1775,\"height\":750},{\"@type\":\"BreadcrumbList\",\"@id\":\"https:\\\/\\\/kuali.com.mx\\\/web\\\/2024\\\/05\\\/08\\\/presentan-el-himno-del-estado-de-guanajuato\\\/#breadcrumb\",\"itemListElement\":[{\"@type\":\"ListItem\",\"position\":1,\"name\":\"Inicio\",\"item\":\"https:\\\/\\\/kuali.com.mx\\\/web\\\/\"},{\"@type\":\"ListItem\",\"position\":2,\"name\":\"PRESENTAN EL HIMNO DEL ESTADO DE GUANAJUATO\"}]},{\"@type\":\"WebSite\",\"@id\":\"https:\\\/\\\/kuali.com.mx\\\/web\\\/#website\",\"url\":\"https:\\\/\\\/kuali.com.mx\\\/web\\\/\",\"name\":\"Kuali\",\"description\":\"\",\"potentialAction\":[{\"@type\":\"SearchAction\",\"target\":{\"@type\":\"EntryPoint\",\"urlTemplate\":\"https:\\\/\\\/kuali.com.mx\\\/web\\\/?s={search_term_string}\"},\"query-input\":{\"@type\":\"PropertyValueSpecification\",\"valueRequired\":true,\"valueName\":\"search_term_string\"}}],\"inLanguage\":\"es\"},{\"@type\":\"Person\",\"@id\":\"https:\\\/\\\/kuali.com.mx\\\/web\\\/#\\\/schema\\\/person\\\/6f89ffa8ecba9dae50662357923c5289\",\"name\":\"Kuali Staff\",\"image\":{\"@type\":\"ImageObject\",\"inLanguage\":\"es\",\"@id\":\"https:\\\/\\\/secure.gravatar.com\\\/avatar\\\/f917ad82e5ab71227a733c78b6e60715476f69ee6be59feee4eb5d9920c89e0f?s=96&d=mm&r=g\",\"url\":\"https:\\\/\\\/secure.gravatar.com\\\/avatar\\\/f917ad82e5ab71227a733c78b6e60715476f69ee6be59feee4eb5d9920c89e0f?s=96&d=mm&r=g\",\"contentUrl\":\"https:\\\/\\\/secure.gravatar.com\\\/avatar\\\/f917ad82e5ab71227a733c78b6e60715476f69ee6be59feee4eb5d9920c89e0f?s=96&d=mm&r=g\",\"caption\":\"Kuali Staff\"},\"url\":\"https:\\\/\\\/kuali.com.mx\\\/web\\\/author\\\/lagarto\\\/\"}]}<\/script>\n<!-- \/ Yoast SEO plugin. -->","yoast_head_json":{"title":"PRESENTAN EL HIMNO DEL ESTADO DE GUANAJUATO - Kuali","robots":{"index":"index","follow":"follow","max-snippet":"max-snippet:-1","max-image-preview":"max-image-preview:large","max-video-preview":"max-video-preview:-1"},"canonical":"https:\/\/kuali.com.mx\/web\/2024\/05\/08\/presentan-el-himno-del-estado-de-guanajuato\/","og_locale":"es_MX","og_type":"article","og_title":"PRESENTAN EL HIMNO DEL ESTADO DE GUANAJUATO - Kuali","og_description":"Carlos Garc\u00eda\/Guanajuato, Gto.-En sesi\u00f3n solemne del Congreso fue dado a conocer el Himno del Estado, compuesto como parte de la celebraci\u00f3n por los 200 a\u00f1os de Guanajuato como entidad libre y soberana. La obra de Eduardo Francisco Mu\u00f1oz Esquivel fue interpretada por primera vez por la Banda de M\u00fasica del Estado y por el Coro [&hellip;]","og_url":"https:\/\/kuali.com.mx\/web\/2024\/05\/08\/presentan-el-himno-del-estado-de-guanajuato\/","og_site_name":"Kuali","article_publisher":"https:\/\/kuali.com.mx\/web\/wp-content\/uploads\/2018\/04\/cropped-kuali_logo-1-1.png","article_published_time":"2024-05-08T21:35:28+00:00","article_modified_time":"2024-05-09T01:05:30+00:00","og_image":[{"width":1775,"height":750,"url":"https:\/\/kuali.com.mx\/web\/wp-content\/uploads\/2024\/05\/Himno-Guanajuato-1.jpeg","type":"image\/jpeg"}],"author":"Kuali Staff","twitter_card":"summary_large_image","twitter_creator":"@kuali_noticias","twitter_site":"@kuali_noticias","twitter_misc":{"Escrito por":"Kuali Staff","Tiempo de lectura":"2 minutos"},"schema":{"@context":"https:\/\/schema.org","@graph":[{"@type":"Article","@id":"https:\/\/kuali.com.mx\/web\/2024\/05\/08\/presentan-el-himno-del-estado-de-guanajuato\/#article","isPartOf":{"@id":"https:\/\/kuali.com.mx\/web\/2024\/05\/08\/presentan-el-himno-del-estado-de-guanajuato\/"},"author":{"name":"Kuali Staff","@id":"https:\/\/kuali.com.mx\/web\/#\/schema\/person\/6f89ffa8ecba9dae50662357923c5289"},"headline":"PRESENTAN EL HIMNO DEL ESTADO DE GUANAJUATO","datePublished":"2024-05-08T21:35:28+00:00","dateModified":"2024-05-09T01:05:30+00:00","mainEntityOfPage":{"@id":"https:\/\/kuali.com.mx\/web\/2024\/05\/08\/presentan-el-himno-del-estado-de-guanajuato\/"},"wordCount":394,"commentCount":0,"image":{"@id":"https:\/\/kuali.com.mx\/web\/2024\/05\/08\/presentan-el-himno-del-estado-de-guanajuato\/#primaryimage"},"thumbnailUrl":"https:\/\/kuali.com.mx\/web\/wp-content\/uploads\/2024\/05\/Himno-Guanajuato-1.jpeg","articleSection":["Cultura","slider"],"inLanguage":"es","potentialAction":[{"@type":"CommentAction","name":"Comment","target":["https:\/\/kuali.com.mx\/web\/2024\/05\/08\/presentan-el-himno-del-estado-de-guanajuato\/#respond"]}]},{"@type":"WebPage","@id":"https:\/\/kuali.com.mx\/web\/2024\/05\/08\/presentan-el-himno-del-estado-de-guanajuato\/","url":"https:\/\/kuali.com.mx\/web\/2024\/05\/08\/presentan-el-himno-del-estado-de-guanajuato\/","name":"PRESENTAN EL HIMNO DEL ESTADO DE GUANAJUATO - Kuali","isPartOf":{"@id":"https:\/\/kuali.com.mx\/web\/#website"},"primaryImageOfPage":{"@id":"https:\/\/kuali.com.mx\/web\/2024\/05\/08\/presentan-el-himno-del-estado-de-guanajuato\/#primaryimage"},"image":{"@id":"https:\/\/kuali.com.mx\/web\/2024\/05\/08\/presentan-el-himno-del-estado-de-guanajuato\/#primaryimage"},"thumbnailUrl":"https:\/\/kuali.com.mx\/web\/wp-content\/uploads\/2024\/05\/Himno-Guanajuato-1.jpeg","datePublished":"2024-05-08T21:35:28+00:00","dateModified":"2024-05-09T01:05:30+00:00","author":{"@id":"https:\/\/kuali.com.mx\/web\/#\/schema\/person\/6f89ffa8ecba9dae50662357923c5289"},"breadcrumb":{"@id":"https:\/\/kuali.com.mx\/web\/2024\/05\/08\/presentan-el-himno-del-estado-de-guanajuato\/#breadcrumb"},"inLanguage":"es","potentialAction":[{"@type":"ReadAction","target":["https:\/\/kuali.com.mx\/web\/2024\/05\/08\/presentan-el-himno-del-estado-de-guanajuato\/"]}]},{"@type":"ImageObject","inLanguage":"es","@id":"https:\/\/kuali.com.mx\/web\/2024\/05\/08\/presentan-el-himno-del-estado-de-guanajuato\/#primaryimage","url":"https:\/\/kuali.com.mx\/web\/wp-content\/uploads\/2024\/05\/Himno-Guanajuato-1.jpeg","contentUrl":"https:\/\/kuali.com.mx\/web\/wp-content\/uploads\/2024\/05\/Himno-Guanajuato-1.jpeg","width":1775,"height":750},{"@type":"BreadcrumbList","@id":"https:\/\/kuali.com.mx\/web\/2024\/05\/08\/presentan-el-himno-del-estado-de-guanajuato\/#breadcrumb","itemListElement":[{"@type":"ListItem","position":1,"name":"Inicio","item":"https:\/\/kuali.com.mx\/web\/"},{"@type":"ListItem","position":2,"name":"PRESENTAN EL HIMNO DEL ESTADO DE GUANAJUATO"}]},{"@type":"WebSite","@id":"https:\/\/kuali.com.mx\/web\/#website","url":"https:\/\/kuali.com.mx\/web\/","name":"Kuali","description":"","potentialAction":[{"@type":"SearchAction","target":{"@type":"EntryPoint","urlTemplate":"https:\/\/kuali.com.mx\/web\/?s={search_term_string}"},"query-input":{"@type":"PropertyValueSpecification","valueRequired":true,"valueName":"search_term_string"}}],"inLanguage":"es"},{"@type":"Person","@id":"https:\/\/kuali.com.mx\/web\/#\/schema\/person\/6f89ffa8ecba9dae50662357923c5289","name":"Kuali Staff","image":{"@type":"ImageObject","inLanguage":"es","@id":"https:\/\/secure.gravatar.com\/avatar\/f917ad82e5ab71227a733c78b6e60715476f69ee6be59feee4eb5d9920c89e0f?s=96&d=mm&r=g","url":"https:\/\/secure.gravatar.com\/avatar\/f917ad82e5ab71227a733c78b6e60715476f69ee6be59feee4eb5d9920c89e0f?s=96&d=mm&r=g","contentUrl":"https:\/\/secure.gravatar.com\/avatar\/f917ad82e5ab71227a733c78b6e60715476f69ee6be59feee4eb5d9920c89e0f?s=96&d=mm&r=g","caption":"Kuali Staff"},"url":"https:\/\/kuali.com.mx\/web\/author\/lagarto\/"}]}},"_links":{"self":[{"href":"https:\/\/kuali.com.mx\/web\/wp-json\/wp\/v2\/posts\/142642","targetHints":{"allow":["GET"]}}],"collection":[{"href":"https:\/\/kuali.com.mx\/web\/wp-json\/wp\/v2\/posts"}],"about":[{"href":"https:\/\/kuali.com.mx\/web\/wp-json\/wp\/v2\/types\/post"}],"author":[{"embeddable":true,"href":"https:\/\/kuali.com.mx\/web\/wp-json\/wp\/v2\/users\/2"}],"replies":[{"embeddable":true,"href":"https:\/\/kuali.com.mx\/web\/wp-json\/wp\/v2\/comments?post=142642"}],"version-history":[{"count":1,"href":"https:\/\/kuali.com.mx\/web\/wp-json\/wp\/v2\/posts\/142642\/revisions"}],"predecessor-version":[{"id":142647,"href":"https:\/\/kuali.com.mx\/web\/wp-json\/wp\/v2\/posts\/142642\/revisions\/142647"}],"wp:featuredmedia":[{"embeddable":true,"href":"https:\/\/kuali.com.mx\/web\/wp-json\/wp\/v2\/media\/142646"}],"wp:attachment":[{"href":"https:\/\/kuali.com.mx\/web\/wp-json\/wp\/v2\/media?parent=142642"}],"wp:term":[{"taxonomy":"category","embeddable":true,"href":"https:\/\/kuali.com.mx\/web\/wp-json\/wp\/v2\/categories?post=142642"},{"taxonomy":"post_tag","embeddable":true,"href":"https:\/\/kuali.com.mx\/web\/wp-json\/wp\/v2\/tags?post=142642"}],"curies":[{"name":"wp","href":"https:\/\/api.w.org\/{rel}","templated":true}]}}