{"id":142602,"date":"2024-05-07T22:05:05","date_gmt":"2024-05-08T04:05:05","guid":{"rendered":"https:\/\/kuali.com.mx\/web\/?p=142602"},"modified":"2024-05-07T22:05:06","modified_gmt":"2024-05-08T04:05:06","slug":"vive-guanajuato-sequia-severa-extrema-y-excepcional","status":"publish","type":"post","link":"https:\/\/kuali.com.mx\/web\/2024\/05\/07\/vive-guanajuato-sequia-severa-extrema-y-excepcional\/","title":{"rendered":"VIVE GUANAJUATO SEQU\u00cdA SEVERA, EXTREMA Y EXCEPCIONAL"},"content":{"rendered":"\n<p><strong><em>Carlos Garc\u00eda\/Le\u00f3n, Gto.-<\/em><\/strong>El estado de Guanajuato padece de sequ\u00eda severa, extrema y excepcional y las principales presas tienen un promedio de almacenamiento de va del 2.9 al 64.27 por ciento, inform\u00f3 la Comisi\u00f3n Estatal del Agua de Guanajuato (CEAG).<\/p>\n\n\n\n<p>En la entidad 23 municipios viven sequ\u00eda severa; 14, sequ\u00eda extrema; y 9, sequ\u00eda excepcional, detall\u00f3.<br>La Comisi\u00f3n Estatal del Agua ventil\u00f3 que los municipios que tienen sequ\u00eda severa presentan p\u00e9rdidas en cultivos, pastos, escasez de agua y un alto riesgo de incendios.<\/p>\n\n\n\n<p>Agreg\u00f3 que en las zonas con sequ\u00eda extrema hay p\u00e9rdidas mayores en cultivos y pastos, as\u00ed como el riesgo de incendios forestales.<\/p>\n\n\n\n<p>Con la sequ\u00eda excepcional se registran \u201cp\u00e9rdidas excepcionales en cultivos o pastos, riesgo excepcional de incendios y escasez de agua en embalses, arroyos y pozos\u201d, refiri\u00f3.<\/p>\n\n\n\n<p>\u201cSe contin\u00faa haciendo un llamado los habitantes del estado y todos los usos del agua, para seguir cuidando y haciendo un uso eficiente del vital l\u00edquido en todas las actividades a desarrollar para contribuir con su conservaci\u00f3n de manera permanente\u201d, exhort\u00f3.<\/p>\n\n\n\n<p>El promedio de almacenamiento de las principales presas del estado es del 47.9 por ciento, con un almacenaje de 852.97 millones de metros c\u00fabicos de agua, precis\u00f3 la Comisi\u00f3n del Agua.<\/p>\n\n\n\n<p>La Laguna de Yuriria esta al 2.91 por ciento de su capacidad; la presa Allende, 13.54; La Pur\u00edsima, 40.02; Tepuxtepec, 61.98; y Sol\u00eds, al 64.27 por ciento.<\/p>\n\n\n\n<p>\u201cCabe destacar que la perspectiva de lluvia para el mes de abril es de 10.6 mil\u00edmetros con un promedio hist\u00f3rico de 10.2 mil\u00edmetros y el acumulado durante todo el 2024 hasta la fecha, ha sido de 17.05 mil\u00edmetros\u201d, anunci\u00f3 la CEAG.<\/p>\n\n\n\n<p>Mientras tanto, en el municipio de Le\u00f3n, la presa del Palote est\u00e1 completamente seca.<\/p>\n\n\n\n<p>El cuerpo de agua tiene una capacidad de almacenamiento de 10 millones de metros c\u00fabicos, que eran usados para dotar de agua a 160 mil habitantes de la zona norte.<\/p>\n\n\n\n<p>Desde el a\u00f1o 2023, cuando inici\u00f3 una sequ\u00eda extrema, el Sistema de Agua Potable y Alcantarillado de Le\u00f3n (SAPAL) aplic\u00f3 un tandeo de agua a 97 colonias.<\/p>\n\n\n\n<p>La falta de agua oblig\u00f3 a extender el tandeo a 143 fraccionamientos que eran surtidos con agua de la presa del Palote.<\/p>\n","protected":false},"excerpt":{"rendered":"Carlos Garc\u00eda\/Le\u00f3n, Gto.-El estado de Guanajuato padece de sequ\u00eda severa, extrema y excepcional y las principales presas tienen un promedio de almacenamiento de va del 2.9 al 64.27 por ciento, inform\u00f3 la Comisi\u00f3n Estatal del Agua de Guanajuato (CEAG). En la entidad 23 municipios viven sequ\u00eda severa; 14, sequ\u00eda extrema; y 9, sequ\u00eda excepcional, detall\u00f3.La [&hellip;]","protected":false},"author":2,"featured_media":139694,"comment_status":"open","ping_status":"open","sticky":false,"template":"","format":"standard","meta":{"_seopress_robots_primary_cat":"none","_seopress_titles_title":"","_seopress_titles_desc":"","_seopress_robots_index":"","_monsterinsights_skip_tracking":false,"_monsterinsights_sitenote_active":false,"_monsterinsights_sitenote_note":"","_monsterinsights_sitenote_category":0,"footnotes":""},"categories":[17,69],"tags":[],"class_list":["post-142602","post","type-post","status-publish","format-standard","has-post-thumbnail","hentry","category-ecologia","category-slider"],"yoast_head":"<!-- This site is optimized with the Yoast SEO plugin v27.4 - https:\/\/yoast.com\/product\/yoast-seo-wordpress\/ -->\n<title>VIVE GUANAJUATO SEQU\u00cdA SEVERA, EXTREMA Y EXCEPCIONAL - Kuali<\/title>\n<meta name=\"robots\" content=\"index, follow, max-snippet:-1, max-image-preview:large, max-video-preview:-1\" \/>\n<link rel=\"canonical\" href=\"https:\/\/kuali.com.mx\/web\/2024\/05\/07\/vive-guanajuato-sequia-severa-extrema-y-excepcional\/\" \/>\n<meta property=\"og:locale\" content=\"es_MX\" \/>\n<meta property=\"og:type\" content=\"article\" \/>\n<meta property=\"og:title\" content=\"VIVE GUANAJUATO SEQU\u00cdA SEVERA, EXTREMA Y EXCEPCIONAL - Kuali\" \/>\n<meta property=\"og:description\" content=\"Carlos Garc\u00eda\/Le\u00f3n, Gto.-El estado de Guanajuato padece de sequ\u00eda severa, extrema y excepcional y las principales presas tienen un promedio de almacenamiento de va del 2.9 al 64.27 por ciento, inform\u00f3 la Comisi\u00f3n Estatal del Agua de Guanajuato (CEAG). En la entidad 23 municipios viven sequ\u00eda severa; 14, sequ\u00eda extrema; y 9, sequ\u00eda excepcional, detall\u00f3.La [&hellip;]\" \/>\n<meta property=\"og:url\" content=\"https:\/\/kuali.com.mx\/web\/2024\/05\/07\/vive-guanajuato-sequia-severa-extrema-y-excepcional\/\" \/>\n<meta property=\"og:site_name\" content=\"Kuali\" \/>\n<meta property=\"article:publisher\" content=\"https:\/\/kuali.com.mx\/web\/wp-content\/uploads\/2018\/04\/cropped-kuali_logo-1-1.png\" \/>\n<meta property=\"article:published_time\" content=\"2024-05-08T04:05:05+00:00\" \/>\n<meta property=\"article:modified_time\" content=\"2024-05-08T04:05:06+00:00\" \/>\n<meta property=\"og:image\" content=\"https:\/\/kuali.com.mx\/web\/wp-content\/uploads\/2024\/03\/Presa-Palote-sequia.jpg\" \/>\n\t<meta property=\"og:image:width\" content=\"1850\" \/>\n\t<meta property=\"og:image:height\" content=\"750\" \/>\n\t<meta property=\"og:image:type\" content=\"image\/jpeg\" \/>\n<meta name=\"author\" content=\"Kuali Staff\" \/>\n<meta name=\"twitter:card\" content=\"summary_large_image\" \/>\n<meta name=\"twitter:creator\" content=\"@kuali_noticias\" \/>\n<meta name=\"twitter:site\" content=\"@kuali_noticias\" \/>\n<meta name=\"twitter:label1\" content=\"Escrito por\" \/>\n\t<meta name=\"twitter:data1\" content=\"Kuali Staff\" \/>\n\t<meta name=\"twitter:label2\" content=\"Tiempo de lectura\" \/>\n\t<meta name=\"twitter:data2\" content=\"2 minutos\" \/>\n<script type=\"application\/ld+json\" class=\"yoast-schema-graph\">{\"@context\":\"https:\\\/\\\/schema.org\",\"@graph\":[{\"@type\":\"Article\",\"@id\":\"https:\\\/\\\/kuali.com.mx\\\/web\\\/2024\\\/05\\\/07\\\/vive-guanajuato-sequia-severa-extrema-y-excepcional\\\/#article\",\"isPartOf\":{\"@id\":\"https:\\\/\\\/kuali.com.mx\\\/web\\\/2024\\\/05\\\/07\\\/vive-guanajuato-sequia-severa-extrema-y-excepcional\\\/\"},\"author\":{\"name\":\"Kuali Staff\",\"@id\":\"https:\\\/\\\/kuali.com.mx\\\/web\\\/#\\\/schema\\\/person\\\/6f89ffa8ecba9dae50662357923c5289\"},\"headline\":\"VIVE GUANAJUATO SEQU\u00cdA SEVERA, EXTREMA Y EXCEPCIONAL\",\"datePublished\":\"2024-05-08T04:05:05+00:00\",\"dateModified\":\"2024-05-08T04:05:06+00:00\",\"mainEntityOfPage\":{\"@id\":\"https:\\\/\\\/kuali.com.mx\\\/web\\\/2024\\\/05\\\/07\\\/vive-guanajuato-sequia-severa-extrema-y-excepcional\\\/\"},\"wordCount\":383,\"commentCount\":0,\"image\":{\"@id\":\"https:\\\/\\\/kuali.com.mx\\\/web\\\/2024\\\/05\\\/07\\\/vive-guanajuato-sequia-severa-extrema-y-excepcional\\\/#primaryimage\"},\"thumbnailUrl\":\"https:\\\/\\\/kuali.com.mx\\\/web\\\/wp-content\\\/uploads\\\/2024\\\/03\\\/Presa-Palote-sequia.jpg\",\"articleSection\":[\"Ecolog\u00eda\",\"slider\"],\"inLanguage\":\"es\",\"potentialAction\":[{\"@type\":\"CommentAction\",\"name\":\"Comment\",\"target\":[\"https:\\\/\\\/kuali.com.mx\\\/web\\\/2024\\\/05\\\/07\\\/vive-guanajuato-sequia-severa-extrema-y-excepcional\\\/#respond\"]}]},{\"@type\":\"WebPage\",\"@id\":\"https:\\\/\\\/kuali.com.mx\\\/web\\\/2024\\\/05\\\/07\\\/vive-guanajuato-sequia-severa-extrema-y-excepcional\\\/\",\"url\":\"https:\\\/\\\/kuali.com.mx\\\/web\\\/2024\\\/05\\\/07\\\/vive-guanajuato-sequia-severa-extrema-y-excepcional\\\/\",\"name\":\"VIVE GUANAJUATO SEQU\u00cdA SEVERA, EXTREMA Y EXCEPCIONAL - Kuali\",\"isPartOf\":{\"@id\":\"https:\\\/\\\/kuali.com.mx\\\/web\\\/#website\"},\"primaryImageOfPage\":{\"@id\":\"https:\\\/\\\/kuali.com.mx\\\/web\\\/2024\\\/05\\\/07\\\/vive-guanajuato-sequia-severa-extrema-y-excepcional\\\/#primaryimage\"},\"image\":{\"@id\":\"https:\\\/\\\/kuali.com.mx\\\/web\\\/2024\\\/05\\\/07\\\/vive-guanajuato-sequia-severa-extrema-y-excepcional\\\/#primaryimage\"},\"thumbnailUrl\":\"https:\\\/\\\/kuali.com.mx\\\/web\\\/wp-content\\\/uploads\\\/2024\\\/03\\\/Presa-Palote-sequia.jpg\",\"datePublished\":\"2024-05-08T04:05:05+00:00\",\"dateModified\":\"2024-05-08T04:05:06+00:00\",\"author\":{\"@id\":\"https:\\\/\\\/kuali.com.mx\\\/web\\\/#\\\/schema\\\/person\\\/6f89ffa8ecba9dae50662357923c5289\"},\"breadcrumb\":{\"@id\":\"https:\\\/\\\/kuali.com.mx\\\/web\\\/2024\\\/05\\\/07\\\/vive-guanajuato-sequia-severa-extrema-y-excepcional\\\/#breadcrumb\"},\"inLanguage\":\"es\",\"potentialAction\":[{\"@type\":\"ReadAction\",\"target\":[\"https:\\\/\\\/kuali.com.mx\\\/web\\\/2024\\\/05\\\/07\\\/vive-guanajuato-sequia-severa-extrema-y-excepcional\\\/\"]}]},{\"@type\":\"ImageObject\",\"inLanguage\":\"es\",\"@id\":\"https:\\\/\\\/kuali.com.mx\\\/web\\\/2024\\\/05\\\/07\\\/vive-guanajuato-sequia-severa-extrema-y-excepcional\\\/#primaryimage\",\"url\":\"https:\\\/\\\/kuali.com.mx\\\/web\\\/wp-content\\\/uploads\\\/2024\\\/03\\\/Presa-Palote-sequia.jpg\",\"contentUrl\":\"https:\\\/\\\/kuali.com.mx\\\/web\\\/wp-content\\\/uploads\\\/2024\\\/03\\\/Presa-Palote-sequia.jpg\",\"width\":1850,\"height\":750},{\"@type\":\"BreadcrumbList\",\"@id\":\"https:\\\/\\\/kuali.com.mx\\\/web\\\/2024\\\/05\\\/07\\\/vive-guanajuato-sequia-severa-extrema-y-excepcional\\\/#breadcrumb\",\"itemListElement\":[{\"@type\":\"ListItem\",\"position\":1,\"name\":\"Inicio\",\"item\":\"https:\\\/\\\/kuali.com.mx\\\/web\\\/\"},{\"@type\":\"ListItem\",\"position\":2,\"name\":\"VIVE GUANAJUATO SEQU\u00cdA SEVERA, EXTREMA Y EXCEPCIONAL\"}]},{\"@type\":\"WebSite\",\"@id\":\"https:\\\/\\\/kuali.com.mx\\\/web\\\/#website\",\"url\":\"https:\\\/\\\/kuali.com.mx\\\/web\\\/\",\"name\":\"Kuali\",\"description\":\"\",\"potentialAction\":[{\"@type\":\"SearchAction\",\"target\":{\"@type\":\"EntryPoint\",\"urlTemplate\":\"https:\\\/\\\/kuali.com.mx\\\/web\\\/?s={search_term_string}\"},\"query-input\":{\"@type\":\"PropertyValueSpecification\",\"valueRequired\":true,\"valueName\":\"search_term_string\"}}],\"inLanguage\":\"es\"},{\"@type\":\"Person\",\"@id\":\"https:\\\/\\\/kuali.com.mx\\\/web\\\/#\\\/schema\\\/person\\\/6f89ffa8ecba9dae50662357923c5289\",\"name\":\"Kuali Staff\",\"image\":{\"@type\":\"ImageObject\",\"inLanguage\":\"es\",\"@id\":\"https:\\\/\\\/secure.gravatar.com\\\/avatar\\\/f917ad82e5ab71227a733c78b6e60715476f69ee6be59feee4eb5d9920c89e0f?s=96&d=mm&r=g\",\"url\":\"https:\\\/\\\/secure.gravatar.com\\\/avatar\\\/f917ad82e5ab71227a733c78b6e60715476f69ee6be59feee4eb5d9920c89e0f?s=96&d=mm&r=g\",\"contentUrl\":\"https:\\\/\\\/secure.gravatar.com\\\/avatar\\\/f917ad82e5ab71227a733c78b6e60715476f69ee6be59feee4eb5d9920c89e0f?s=96&d=mm&r=g\",\"caption\":\"Kuali Staff\"},\"url\":\"https:\\\/\\\/kuali.com.mx\\\/web\\\/author\\\/lagarto\\\/\"}]}<\/script>\n<!-- \/ Yoast SEO plugin. -->","yoast_head_json":{"title":"VIVE GUANAJUATO SEQU\u00cdA SEVERA, EXTREMA Y EXCEPCIONAL - Kuali","robots":{"index":"index","follow":"follow","max-snippet":"max-snippet:-1","max-image-preview":"max-image-preview:large","max-video-preview":"max-video-preview:-1"},"canonical":"https:\/\/kuali.com.mx\/web\/2024\/05\/07\/vive-guanajuato-sequia-severa-extrema-y-excepcional\/","og_locale":"es_MX","og_type":"article","og_title":"VIVE GUANAJUATO SEQU\u00cdA SEVERA, EXTREMA Y EXCEPCIONAL - Kuali","og_description":"Carlos Garc\u00eda\/Le\u00f3n, Gto.-El estado de Guanajuato padece de sequ\u00eda severa, extrema y excepcional y las principales presas tienen un promedio de almacenamiento de va del 2.9 al 64.27 por ciento, inform\u00f3 la Comisi\u00f3n Estatal del Agua de Guanajuato (CEAG). En la entidad 23 municipios viven sequ\u00eda severa; 14, sequ\u00eda extrema; y 9, sequ\u00eda excepcional, detall\u00f3.La [&hellip;]","og_url":"https:\/\/kuali.com.mx\/web\/2024\/05\/07\/vive-guanajuato-sequia-severa-extrema-y-excepcional\/","og_site_name":"Kuali","article_publisher":"https:\/\/kuali.com.mx\/web\/wp-content\/uploads\/2018\/04\/cropped-kuali_logo-1-1.png","article_published_time":"2024-05-08T04:05:05+00:00","article_modified_time":"2024-05-08T04:05:06+00:00","og_image":[{"width":1850,"height":750,"url":"https:\/\/kuali.com.mx\/web\/wp-content\/uploads\/2024\/03\/Presa-Palote-sequia.jpg","type":"image\/jpeg"}],"author":"Kuali Staff","twitter_card":"summary_large_image","twitter_creator":"@kuali_noticias","twitter_site":"@kuali_noticias","twitter_misc":{"Escrito por":"Kuali Staff","Tiempo de lectura":"2 minutos"},"schema":{"@context":"https:\/\/schema.org","@graph":[{"@type":"Article","@id":"https:\/\/kuali.com.mx\/web\/2024\/05\/07\/vive-guanajuato-sequia-severa-extrema-y-excepcional\/#article","isPartOf":{"@id":"https:\/\/kuali.com.mx\/web\/2024\/05\/07\/vive-guanajuato-sequia-severa-extrema-y-excepcional\/"},"author":{"name":"Kuali Staff","@id":"https:\/\/kuali.com.mx\/web\/#\/schema\/person\/6f89ffa8ecba9dae50662357923c5289"},"headline":"VIVE GUANAJUATO SEQU\u00cdA SEVERA, EXTREMA Y EXCEPCIONAL","datePublished":"2024-05-08T04:05:05+00:00","dateModified":"2024-05-08T04:05:06+00:00","mainEntityOfPage":{"@id":"https:\/\/kuali.com.mx\/web\/2024\/05\/07\/vive-guanajuato-sequia-severa-extrema-y-excepcional\/"},"wordCount":383,"commentCount":0,"image":{"@id":"https:\/\/kuali.com.mx\/web\/2024\/05\/07\/vive-guanajuato-sequia-severa-extrema-y-excepcional\/#primaryimage"},"thumbnailUrl":"https:\/\/kuali.com.mx\/web\/wp-content\/uploads\/2024\/03\/Presa-Palote-sequia.jpg","articleSection":["Ecolog\u00eda","slider"],"inLanguage":"es","potentialAction":[{"@type":"CommentAction","name":"Comment","target":["https:\/\/kuali.com.mx\/web\/2024\/05\/07\/vive-guanajuato-sequia-severa-extrema-y-excepcional\/#respond"]}]},{"@type":"WebPage","@id":"https:\/\/kuali.com.mx\/web\/2024\/05\/07\/vive-guanajuato-sequia-severa-extrema-y-excepcional\/","url":"https:\/\/kuali.com.mx\/web\/2024\/05\/07\/vive-guanajuato-sequia-severa-extrema-y-excepcional\/","name":"VIVE GUANAJUATO SEQU\u00cdA SEVERA, EXTREMA Y EXCEPCIONAL - Kuali","isPartOf":{"@id":"https:\/\/kuali.com.mx\/web\/#website"},"primaryImageOfPage":{"@id":"https:\/\/kuali.com.mx\/web\/2024\/05\/07\/vive-guanajuato-sequia-severa-extrema-y-excepcional\/#primaryimage"},"image":{"@id":"https:\/\/kuali.com.mx\/web\/2024\/05\/07\/vive-guanajuato-sequia-severa-extrema-y-excepcional\/#primaryimage"},"thumbnailUrl":"https:\/\/kuali.com.mx\/web\/wp-content\/uploads\/2024\/03\/Presa-Palote-sequia.jpg","datePublished":"2024-05-08T04:05:05+00:00","dateModified":"2024-05-08T04:05:06+00:00","author":{"@id":"https:\/\/kuali.com.mx\/web\/#\/schema\/person\/6f89ffa8ecba9dae50662357923c5289"},"breadcrumb":{"@id":"https:\/\/kuali.com.mx\/web\/2024\/05\/07\/vive-guanajuato-sequia-severa-extrema-y-excepcional\/#breadcrumb"},"inLanguage":"es","potentialAction":[{"@type":"ReadAction","target":["https:\/\/kuali.com.mx\/web\/2024\/05\/07\/vive-guanajuato-sequia-severa-extrema-y-excepcional\/"]}]},{"@type":"ImageObject","inLanguage":"es","@id":"https:\/\/kuali.com.mx\/web\/2024\/05\/07\/vive-guanajuato-sequia-severa-extrema-y-excepcional\/#primaryimage","url":"https:\/\/kuali.com.mx\/web\/wp-content\/uploads\/2024\/03\/Presa-Palote-sequia.jpg","contentUrl":"https:\/\/kuali.com.mx\/web\/wp-content\/uploads\/2024\/03\/Presa-Palote-sequia.jpg","width":1850,"height":750},{"@type":"BreadcrumbList","@id":"https:\/\/kuali.com.mx\/web\/2024\/05\/07\/vive-guanajuato-sequia-severa-extrema-y-excepcional\/#breadcrumb","itemListElement":[{"@type":"ListItem","position":1,"name":"Inicio","item":"https:\/\/kuali.com.mx\/web\/"},{"@type":"ListItem","position":2,"name":"VIVE GUANAJUATO SEQU\u00cdA SEVERA, EXTREMA Y EXCEPCIONAL"}]},{"@type":"WebSite","@id":"https:\/\/kuali.com.mx\/web\/#website","url":"https:\/\/kuali.com.mx\/web\/","name":"Kuali","description":"","potentialAction":[{"@type":"SearchAction","target":{"@type":"EntryPoint","urlTemplate":"https:\/\/kuali.com.mx\/web\/?s={search_term_string}"},"query-input":{"@type":"PropertyValueSpecification","valueRequired":true,"valueName":"search_term_string"}}],"inLanguage":"es"},{"@type":"Person","@id":"https:\/\/kuali.com.mx\/web\/#\/schema\/person\/6f89ffa8ecba9dae50662357923c5289","name":"Kuali Staff","image":{"@type":"ImageObject","inLanguage":"es","@id":"https:\/\/secure.gravatar.com\/avatar\/f917ad82e5ab71227a733c78b6e60715476f69ee6be59feee4eb5d9920c89e0f?s=96&d=mm&r=g","url":"https:\/\/secure.gravatar.com\/avatar\/f917ad82e5ab71227a733c78b6e60715476f69ee6be59feee4eb5d9920c89e0f?s=96&d=mm&r=g","contentUrl":"https:\/\/secure.gravatar.com\/avatar\/f917ad82e5ab71227a733c78b6e60715476f69ee6be59feee4eb5d9920c89e0f?s=96&d=mm&r=g","caption":"Kuali Staff"},"url":"https:\/\/kuali.com.mx\/web\/author\/lagarto\/"}]}},"_links":{"self":[{"href":"https:\/\/kuali.com.mx\/web\/wp-json\/wp\/v2\/posts\/142602","targetHints":{"allow":["GET"]}}],"collection":[{"href":"https:\/\/kuali.com.mx\/web\/wp-json\/wp\/v2\/posts"}],"about":[{"href":"https:\/\/kuali.com.mx\/web\/wp-json\/wp\/v2\/types\/post"}],"author":[{"embeddable":true,"href":"https:\/\/kuali.com.mx\/web\/wp-json\/wp\/v2\/users\/2"}],"replies":[{"embeddable":true,"href":"https:\/\/kuali.com.mx\/web\/wp-json\/wp\/v2\/comments?post=142602"}],"version-history":[{"count":1,"href":"https:\/\/kuali.com.mx\/web\/wp-json\/wp\/v2\/posts\/142602\/revisions"}],"predecessor-version":[{"id":142605,"href":"https:\/\/kuali.com.mx\/web\/wp-json\/wp\/v2\/posts\/142602\/revisions\/142605"}],"wp:featuredmedia":[{"embeddable":true,"href":"https:\/\/kuali.com.mx\/web\/wp-json\/wp\/v2\/media\/139694"}],"wp:attachment":[{"href":"https:\/\/kuali.com.mx\/web\/wp-json\/wp\/v2\/media?parent=142602"}],"wp:term":[{"taxonomy":"category","embeddable":true,"href":"https:\/\/kuali.com.mx\/web\/wp-json\/wp\/v2\/categories?post=142602"},{"taxonomy":"post_tag","embeddable":true,"href":"https:\/\/kuali.com.mx\/web\/wp-json\/wp\/v2\/tags?post=142602"}],"curies":[{"name":"wp","href":"https:\/\/api.w.org\/{rel}","templated":true}]}}