{"id":141265,"date":"2024-04-19T19:06:43","date_gmt":"2024-04-20T01:06:43","guid":{"rendered":"https:\/\/kuali.com.mx\/web\/?p=141265"},"modified":"2024-04-19T19:19:17","modified_gmt":"2024-04-20T01:19:17","slug":"ex-empleada-de-profeco-denuncia-a-titular-de-acoso-sexual","status":"publish","type":"post","link":"https:\/\/kuali.com.mx\/web\/2024\/04\/19\/ex-empleada-de-profeco-denuncia-a-titular-de-acoso-sexual\/","title":{"rendered":"EX EMPLEADA DE PROFECO DENUNCIA A TITULAR DE ACOSO SEXUAL"},"content":{"rendered":"\n<p><strong>Alicia Arias\/Le\u00f3n, Gto.-<\/strong> El titular de la Procuradur\u00eda Federal del Consumidor (Profeco), David Aguilar Romero, es acusado de acoso sexual y amenazas en contra de una ex empleada de nombre Giovanna Fiorela Perales Salem, quien exige justicia a las autoridades.<\/p>\n\n\n\n<p>Giovanna Perales dijo que durante un a\u00f1o, de marzo de 2023 a marzo de 2024, vivi\u00f3 acoso sexual, tocamientos, humillaciones, insultos, amenazas y hostigamiento laboral por haberse prestado a los deseos del ahora procurador del consumidor, alias \u201cEl Bubu\u201d, quien es una persona muy cercana al ex titular de la Profeco y candidato a senador por el partido Movimiento Regeneraci\u00f3n Nacional (Morena), Francisco Ricardo Sheffield Padilla.<\/p>\n\n\n\n<iframe loading=\"lazy\" src=\"https:\/\/www.facebook.com\/plugins\/video.php?height=314&href=https%3A%2F%2Fwww.facebook.com%2FKualiNoticias%2Fvideos%2F2075191386186234%2F&show_text=false&width=560&t=0\" width=\"560\" height=\"314\" style=\"border:none;overflow:hidden\" scrolling=\"no\" frameborder=\"0\" allowfullscreen=\"true\" allow=\"autoplay; clipboard-write; encrypted-media; picture-in-picture; web-share\" allowFullScreen=\"true\"><\/iframe>\n\n\n\n<p>La mujer acus\u00f3 a David Aguilar de haberla acosado desde que \u00e9l era director de \u00e1rea y ella su secretaria particular; situaci\u00f3n que continu\u00f3 cuando el funcionario federal asumi\u00f3 la titularidad de la Profeco con fecha del cuatro de octubre de 2023, pues, aunque ya no era su secretaria, la segu\u00eda hostigando con mensajes.<\/p>\n\n\n\n<p>Giovanna Perales vino a Le\u00f3n, donde radicaba David Aguilar antes de irse a la Ciudad de M\u00e9xico, y ofreci\u00f3 esta ma\u00f1ana una conferencia de prensa para hacer p\u00fabico su caso ante la falta de respuestas de las autoridades ante las que ha denunciado.<\/p>\n\n\n\n<p>La primera denuncia que hizo en contra del procurador del consumidor fue en septiembre del 2023 ante el Comit\u00e9 de \u00c9tica de la Profeco pero, al estar encabezado por David Aguilar, \u201clleg\u00f3 con mi queja, me la avent\u00f3 en el escritorio y se empez\u00f3 a re\u00edr\u201d, narr\u00f3 la afectada.<\/p>\n\n\n\n<p>Al siguiente mes, David Aguilar fue nombrado procurador \u201cy me pidieron que me replegara porque era procurador y no se pod\u00eda hacer nada\u201d, record\u00f3 la mujer.<\/p>\n\n\n\n<blockquote class=\"wp-block-quote is-layout-flow wp-block-quote-is-layout-flow\"><p><strong><em>\u201cVoy a seguir mi lucha alzando la voz a trav\u00e9s de la sociedad civil organizada, con el apoyo de ustedes, para que estos agresores no sigan en el poder\u201d<\/em><\/strong><\/p><cite>Giovanna Fiorela Perales Salem<\/cite><\/blockquote>\n\n\n\n<p><\/p>\n\n\n\n<p>En marzo del 2023 Giovanna qued\u00f3 fuera de la Profeco y en abril levant\u00f3 una queja en la Comisi\u00f3n Nacional de Derechos Humanos (CNDH), donde, asegura, la revictimizaron dici\u00e9ndole que no pueden hacer nada porque ya prescribieron los delitos.<\/p>\n\n\n\n<p>Dijo que tambi\u00e9n puso la denuncia ante la Fiscal\u00eda General de la Rep\u00fablica (FGR) y ante la Secretar\u00eda de la Funci\u00f3n P\u00fablica, instancias de las que espera justicia, porque entre las pruebas que aport\u00f3 est\u00e1n las amenazas y comentarios que el procurador le enviaba a trav\u00e9s de mensajes.<\/p>\n\n\n\n<p>\u201cLa primera persona, principalmente a la que yo he se\u00f1alado como mi agresor, es David Aguilar, alias \u201cEl Bubu\u201d, el titular de Profeco. Por qu\u00e9 no se ha pronunciado Ricardo Sheffield cuando lo he se\u00f1alado como una persona omisa y a quien yo le hice saber esta situaci\u00f3n; porque no se ha pronunciado Alma Alcaraz \u2013candidata a gobernadora- sabiendo que su hijo \u2013Emmanuel Alejandro Valenzuela Alcaraz- tambi\u00e9n es un agresor sexual\u201d, cuestion\u00f3 Giovanna.<\/p>\n\n\n\n<p>Asegur\u00f3 que \u201cProfeco es una instituci\u00f3n que tiene una red de violencia contra las mujeres\u201d porque no es la \u00fanica y, por lo menos, conoce de otras tres mujeres v\u00edctimas del procurador que no hablan por miedo \u201cporque han recibido amenazas de muerte como las que yo recib\u00ed\u201d.<\/p>\n\n\n\n<p>Asegur\u00f3 que \u201cEmanuel&nbsp; Alcaraz es parte de esa red, es parte del c\u00edrculo cercano de Ricardo Sheffield\u201d y labora en la Profeco.<\/p>\n\n\n\n<p>Oras personas relacionadas con el hostigamiento que vivi\u00f3 son Diana Fabiola Piedra Flores y Luis Guillermo Chapa M\u00e9ndez, c\u00f3mplices de David Aguilar, inform\u00f3 Giovanna; quien neg\u00f3 el que Partido Acci\u00f3n Nacional (PAN) le est\u00e9 pagando para dar a conocer su caso.<\/p>\n\n\n\n<p>Su objetivo es \u201cque paguen estos agresores\u201d y exhibir las acciones que cometen en contra de las mujeres  estos agresores y violentadores.<\/p>\n\n\n\n<p>\u201cMi causa es justa y real\u201d asegur\u00f3 la mujer al reconocer que s\u00ed tiene miedo pero no va a dejar de luchar y por eso hizo p\u00fablico su caso.<\/p>\n\n\n\n<p>Denunci\u00f3 que ante las amenazas que ha recibido decidi\u00f3 acudir a los medios de comunicaci\u00f3n porque le dan cobijo y \u201cy si algo me llegase a pasar, pues son ustedes los que le van a hacer saber a la ciudadan\u00eda qui\u00e9nes fueron\u201d.<\/p>\n\n\n\n<p>\u201cVoy a seguir mi lucha alzando la voz a trav\u00e9s de la sociedad civil organizada, con el apoyo de ustedes, para que estos agresores no sigan en el poder\u201d, anunci\u00f3 quien dijo ser una madre que materna sola y que s\u00ed est\u00e1 aprovechando la coyuntura pol\u00edtica previa a las elecciones&nbsp; para que la gente, en especial las mujeres, pero que la gente piense bien su voto\u201d.<\/p>\n","protected":false},"excerpt":{"rendered":"Alicia Arias\/Le\u00f3n, Gto.- El titular de la Procuradur\u00eda Federal del Consumidor (Profeco), David Aguilar Romero, es acusado de acoso sexual y amenazas en contra de una ex empleada de nombre Giovanna Fiorela Perales Salem, quien exige justicia a las autoridades. Giovanna Perales dijo que durante un a\u00f1o, de marzo de 2023 a marzo de 2024, [&hellip;]","protected":false},"author":2,"featured_media":141268,"comment_status":"open","ping_status":"open","sticky":false,"template":"","format":"standard","meta":{"_seopress_robots_primary_cat":"none","_seopress_titles_title":"","_seopress_titles_desc":"","_seopress_robots_index":"","_monsterinsights_skip_tracking":false,"_monsterinsights_sitenote_active":false,"_monsterinsights_sitenote_note":"","_monsterinsights_sitenote_category":0,"footnotes":""},"categories":[14,69],"tags":[108,1611,3738,582,3739,9,678],"class_list":["post-141265","post","type-post","status-publish","format-standard","has-post-thumbnail","hentry","category-derechos","category-slider","tag-acoso-sexual","tag-amenazas","tag-david-aguilar-romero","tag-elecciones-2024","tag-giovanna-perales","tag-guanajuato","tag-profeco"],"yoast_head":"<!-- This site is optimized with the Yoast SEO plugin v27.4 - https:\/\/yoast.com\/product\/yoast-seo-wordpress\/ -->\n<title>EX EMPLEADA DE PROFECO DENUNCIA A TITULAR DE ACOSO SEXUAL - Kuali<\/title>\n<meta name=\"robots\" content=\"index, follow, max-snippet:-1, max-image-preview:large, max-video-preview:-1\" \/>\n<link rel=\"canonical\" href=\"https:\/\/kuali.com.mx\/web\/2024\/04\/19\/ex-empleada-de-profeco-denuncia-a-titular-de-acoso-sexual\/\" \/>\n<meta property=\"og:locale\" content=\"es_MX\" \/>\n<meta property=\"og:type\" content=\"article\" \/>\n<meta property=\"og:title\" content=\"EX EMPLEADA DE PROFECO DENUNCIA A TITULAR DE ACOSO SEXUAL - Kuali\" \/>\n<meta property=\"og:description\" content=\"Alicia Arias\/Le\u00f3n, Gto.- El titular de la Procuradur\u00eda Federal del Consumidor (Profeco), David Aguilar Romero, es acusado de acoso sexual y amenazas en contra de una ex empleada de nombre Giovanna Fiorela Perales Salem, quien exige justicia a las autoridades. Giovanna Perales dijo que durante un a\u00f1o, de marzo de 2023 a marzo de 2024, [&hellip;]\" \/>\n<meta property=\"og:url\" content=\"https:\/\/kuali.com.mx\/web\/2024\/04\/19\/ex-empleada-de-profeco-denuncia-a-titular-de-acoso-sexual\/\" \/>\n<meta property=\"og:site_name\" content=\"Kuali\" \/>\n<meta property=\"article:publisher\" content=\"https:\/\/kuali.com.mx\/web\/wp-content\/uploads\/2018\/04\/cropped-kuali_logo-1-1.png\" \/>\n<meta property=\"article:published_time\" content=\"2024-04-20T01:06:43+00:00\" \/>\n<meta property=\"article:modified_time\" content=\"2024-04-20T01:19:17+00:00\" \/>\n<meta property=\"og:image\" content=\"https:\/\/kuali.com.mx\/web\/wp-content\/uploads\/2024\/04\/Giovanna-Perales_Acoso-sexual-Profeco.gif\" \/>\n\t<meta property=\"og:image:width\" content=\"1750\" \/>\n\t<meta property=\"og:image:height\" content=\"750\" \/>\n\t<meta property=\"og:image:type\" content=\"image\/gif\" \/>\n<meta name=\"author\" content=\"Kuali Staff\" \/>\n<meta name=\"twitter:card\" content=\"summary_large_image\" \/>\n<meta name=\"twitter:creator\" content=\"@kuali_noticias\" \/>\n<meta name=\"twitter:site\" content=\"@kuali_noticias\" \/>\n<meta name=\"twitter:label1\" content=\"Escrito por\" \/>\n\t<meta name=\"twitter:data1\" content=\"Kuali Staff\" \/>\n\t<meta name=\"twitter:label2\" content=\"Tiempo de lectura\" \/>\n\t<meta name=\"twitter:data2\" content=\"4 minutos\" \/>\n<script type=\"application\/ld+json\" class=\"yoast-schema-graph\">{\"@context\":\"https:\\\/\\\/schema.org\",\"@graph\":[{\"@type\":\"Article\",\"@id\":\"https:\\\/\\\/kuali.com.mx\\\/web\\\/2024\\\/04\\\/19\\\/ex-empleada-de-profeco-denuncia-a-titular-de-acoso-sexual\\\/#article\",\"isPartOf\":{\"@id\":\"https:\\\/\\\/kuali.com.mx\\\/web\\\/2024\\\/04\\\/19\\\/ex-empleada-de-profeco-denuncia-a-titular-de-acoso-sexual\\\/\"},\"author\":{\"name\":\"Kuali Staff\",\"@id\":\"https:\\\/\\\/kuali.com.mx\\\/web\\\/#\\\/schema\\\/person\\\/6f89ffa8ecba9dae50662357923c5289\"},\"headline\":\"EX EMPLEADA DE PROFECO DENUNCIA A TITULAR DE ACOSO SEXUAL\",\"datePublished\":\"2024-04-20T01:06:43+00:00\",\"dateModified\":\"2024-04-20T01:19:17+00:00\",\"mainEntityOfPage\":{\"@id\":\"https:\\\/\\\/kuali.com.mx\\\/web\\\/2024\\\/04\\\/19\\\/ex-empleada-de-profeco-denuncia-a-titular-de-acoso-sexual\\\/\"},\"wordCount\":789,\"commentCount\":0,\"image\":{\"@id\":\"https:\\\/\\\/kuali.com.mx\\\/web\\\/2024\\\/04\\\/19\\\/ex-empleada-de-profeco-denuncia-a-titular-de-acoso-sexual\\\/#primaryimage\"},\"thumbnailUrl\":\"https:\\\/\\\/kuali.com.mx\\\/web\\\/wp-content\\\/uploads\\\/2024\\\/04\\\/Giovanna-Perales_Acoso-sexual-Profeco.gif\",\"keywords\":[\"Acoso sexual\",\"Amenazas\",\"David Aguilar Romero\",\"Elecciones 2024\",\"Giovanna Perales\",\"Guanajuato\",\"Profeco\"],\"articleSection\":[\"Derechos Humanos\",\"slider\"],\"inLanguage\":\"es\",\"potentialAction\":[{\"@type\":\"CommentAction\",\"name\":\"Comment\",\"target\":[\"https:\\\/\\\/kuali.com.mx\\\/web\\\/2024\\\/04\\\/19\\\/ex-empleada-de-profeco-denuncia-a-titular-de-acoso-sexual\\\/#respond\"]}]},{\"@type\":\"WebPage\",\"@id\":\"https:\\\/\\\/kuali.com.mx\\\/web\\\/2024\\\/04\\\/19\\\/ex-empleada-de-profeco-denuncia-a-titular-de-acoso-sexual\\\/\",\"url\":\"https:\\\/\\\/kuali.com.mx\\\/web\\\/2024\\\/04\\\/19\\\/ex-empleada-de-profeco-denuncia-a-titular-de-acoso-sexual\\\/\",\"name\":\"EX EMPLEADA DE PROFECO DENUNCIA A TITULAR DE ACOSO SEXUAL - Kuali\",\"isPartOf\":{\"@id\":\"https:\\\/\\\/kuali.com.mx\\\/web\\\/#website\"},\"primaryImageOfPage\":{\"@id\":\"https:\\\/\\\/kuali.com.mx\\\/web\\\/2024\\\/04\\\/19\\\/ex-empleada-de-profeco-denuncia-a-titular-de-acoso-sexual\\\/#primaryimage\"},\"image\":{\"@id\":\"https:\\\/\\\/kuali.com.mx\\\/web\\\/2024\\\/04\\\/19\\\/ex-empleada-de-profeco-denuncia-a-titular-de-acoso-sexual\\\/#primaryimage\"},\"thumbnailUrl\":\"https:\\\/\\\/kuali.com.mx\\\/web\\\/wp-content\\\/uploads\\\/2024\\\/04\\\/Giovanna-Perales_Acoso-sexual-Profeco.gif\",\"datePublished\":\"2024-04-20T01:06:43+00:00\",\"dateModified\":\"2024-04-20T01:19:17+00:00\",\"author\":{\"@id\":\"https:\\\/\\\/kuali.com.mx\\\/web\\\/#\\\/schema\\\/person\\\/6f89ffa8ecba9dae50662357923c5289\"},\"breadcrumb\":{\"@id\":\"https:\\\/\\\/kuali.com.mx\\\/web\\\/2024\\\/04\\\/19\\\/ex-empleada-de-profeco-denuncia-a-titular-de-acoso-sexual\\\/#breadcrumb\"},\"inLanguage\":\"es\",\"potentialAction\":[{\"@type\":\"ReadAction\",\"target\":[\"https:\\\/\\\/kuali.com.mx\\\/web\\\/2024\\\/04\\\/19\\\/ex-empleada-de-profeco-denuncia-a-titular-de-acoso-sexual\\\/\"]}]},{\"@type\":\"ImageObject\",\"inLanguage\":\"es\",\"@id\":\"https:\\\/\\\/kuali.com.mx\\\/web\\\/2024\\\/04\\\/19\\\/ex-empleada-de-profeco-denuncia-a-titular-de-acoso-sexual\\\/#primaryimage\",\"url\":\"https:\\\/\\\/kuali.com.mx\\\/web\\\/wp-content\\\/uploads\\\/2024\\\/04\\\/Giovanna-Perales_Acoso-sexual-Profeco.gif\",\"contentUrl\":\"https:\\\/\\\/kuali.com.mx\\\/web\\\/wp-content\\\/uploads\\\/2024\\\/04\\\/Giovanna-Perales_Acoso-sexual-Profeco.gif\",\"width\":1750,\"height\":750},{\"@type\":\"BreadcrumbList\",\"@id\":\"https:\\\/\\\/kuali.com.mx\\\/web\\\/2024\\\/04\\\/19\\\/ex-empleada-de-profeco-denuncia-a-titular-de-acoso-sexual\\\/#breadcrumb\",\"itemListElement\":[{\"@type\":\"ListItem\",\"position\":1,\"name\":\"Inicio\",\"item\":\"https:\\\/\\\/kuali.com.mx\\\/web\\\/\"},{\"@type\":\"ListItem\",\"position\":2,\"name\":\"EX EMPLEADA DE PROFECO DENUNCIA A TITULAR DE ACOSO SEXUAL\"}]},{\"@type\":\"WebSite\",\"@id\":\"https:\\\/\\\/kuali.com.mx\\\/web\\\/#website\",\"url\":\"https:\\\/\\\/kuali.com.mx\\\/web\\\/\",\"name\":\"Kuali\",\"description\":\"\",\"potentialAction\":[{\"@type\":\"SearchAction\",\"target\":{\"@type\":\"EntryPoint\",\"urlTemplate\":\"https:\\\/\\\/kuali.com.mx\\\/web\\\/?s={search_term_string}\"},\"query-input\":{\"@type\":\"PropertyValueSpecification\",\"valueRequired\":true,\"valueName\":\"search_term_string\"}}],\"inLanguage\":\"es\"},{\"@type\":\"Person\",\"@id\":\"https:\\\/\\\/kuali.com.mx\\\/web\\\/#\\\/schema\\\/person\\\/6f89ffa8ecba9dae50662357923c5289\",\"name\":\"Kuali Staff\",\"image\":{\"@type\":\"ImageObject\",\"inLanguage\":\"es\",\"@id\":\"https:\\\/\\\/secure.gravatar.com\\\/avatar\\\/f917ad82e5ab71227a733c78b6e60715476f69ee6be59feee4eb5d9920c89e0f?s=96&d=mm&r=g\",\"url\":\"https:\\\/\\\/secure.gravatar.com\\\/avatar\\\/f917ad82e5ab71227a733c78b6e60715476f69ee6be59feee4eb5d9920c89e0f?s=96&d=mm&r=g\",\"contentUrl\":\"https:\\\/\\\/secure.gravatar.com\\\/avatar\\\/f917ad82e5ab71227a733c78b6e60715476f69ee6be59feee4eb5d9920c89e0f?s=96&d=mm&r=g\",\"caption\":\"Kuali Staff\"},\"url\":\"https:\\\/\\\/kuali.com.mx\\\/web\\\/author\\\/lagarto\\\/\"}]}<\/script>\n<!-- \/ Yoast SEO plugin. -->","yoast_head_json":{"title":"EX EMPLEADA DE PROFECO DENUNCIA A TITULAR DE ACOSO SEXUAL - Kuali","robots":{"index":"index","follow":"follow","max-snippet":"max-snippet:-1","max-image-preview":"max-image-preview:large","max-video-preview":"max-video-preview:-1"},"canonical":"https:\/\/kuali.com.mx\/web\/2024\/04\/19\/ex-empleada-de-profeco-denuncia-a-titular-de-acoso-sexual\/","og_locale":"es_MX","og_type":"article","og_title":"EX EMPLEADA DE PROFECO DENUNCIA A TITULAR DE ACOSO SEXUAL - Kuali","og_description":"Alicia Arias\/Le\u00f3n, Gto.- El titular de la Procuradur\u00eda Federal del Consumidor (Profeco), David Aguilar Romero, es acusado de acoso sexual y amenazas en contra de una ex empleada de nombre Giovanna Fiorela Perales Salem, quien exige justicia a las autoridades. Giovanna Perales dijo que durante un a\u00f1o, de marzo de 2023 a marzo de 2024, [&hellip;]","og_url":"https:\/\/kuali.com.mx\/web\/2024\/04\/19\/ex-empleada-de-profeco-denuncia-a-titular-de-acoso-sexual\/","og_site_name":"Kuali","article_publisher":"https:\/\/kuali.com.mx\/web\/wp-content\/uploads\/2018\/04\/cropped-kuali_logo-1-1.png","article_published_time":"2024-04-20T01:06:43+00:00","article_modified_time":"2024-04-20T01:19:17+00:00","og_image":[{"width":1750,"height":750,"url":"https:\/\/kuali.com.mx\/web\/wp-content\/uploads\/2024\/04\/Giovanna-Perales_Acoso-sexual-Profeco.gif","type":"image\/gif"}],"author":"Kuali Staff","twitter_card":"summary_large_image","twitter_creator":"@kuali_noticias","twitter_site":"@kuali_noticias","twitter_misc":{"Escrito por":"Kuali Staff","Tiempo de lectura":"4 minutos"},"schema":{"@context":"https:\/\/schema.org","@graph":[{"@type":"Article","@id":"https:\/\/kuali.com.mx\/web\/2024\/04\/19\/ex-empleada-de-profeco-denuncia-a-titular-de-acoso-sexual\/#article","isPartOf":{"@id":"https:\/\/kuali.com.mx\/web\/2024\/04\/19\/ex-empleada-de-profeco-denuncia-a-titular-de-acoso-sexual\/"},"author":{"name":"Kuali Staff","@id":"https:\/\/kuali.com.mx\/web\/#\/schema\/person\/6f89ffa8ecba9dae50662357923c5289"},"headline":"EX EMPLEADA DE PROFECO DENUNCIA A TITULAR DE ACOSO SEXUAL","datePublished":"2024-04-20T01:06:43+00:00","dateModified":"2024-04-20T01:19:17+00:00","mainEntityOfPage":{"@id":"https:\/\/kuali.com.mx\/web\/2024\/04\/19\/ex-empleada-de-profeco-denuncia-a-titular-de-acoso-sexual\/"},"wordCount":789,"commentCount":0,"image":{"@id":"https:\/\/kuali.com.mx\/web\/2024\/04\/19\/ex-empleada-de-profeco-denuncia-a-titular-de-acoso-sexual\/#primaryimage"},"thumbnailUrl":"https:\/\/kuali.com.mx\/web\/wp-content\/uploads\/2024\/04\/Giovanna-Perales_Acoso-sexual-Profeco.gif","keywords":["Acoso sexual","Amenazas","David Aguilar Romero","Elecciones 2024","Giovanna Perales","Guanajuato","Profeco"],"articleSection":["Derechos Humanos","slider"],"inLanguage":"es","potentialAction":[{"@type":"CommentAction","name":"Comment","target":["https:\/\/kuali.com.mx\/web\/2024\/04\/19\/ex-empleada-de-profeco-denuncia-a-titular-de-acoso-sexual\/#respond"]}]},{"@type":"WebPage","@id":"https:\/\/kuali.com.mx\/web\/2024\/04\/19\/ex-empleada-de-profeco-denuncia-a-titular-de-acoso-sexual\/","url":"https:\/\/kuali.com.mx\/web\/2024\/04\/19\/ex-empleada-de-profeco-denuncia-a-titular-de-acoso-sexual\/","name":"EX EMPLEADA DE PROFECO DENUNCIA A TITULAR DE ACOSO SEXUAL - Kuali","isPartOf":{"@id":"https:\/\/kuali.com.mx\/web\/#website"},"primaryImageOfPage":{"@id":"https:\/\/kuali.com.mx\/web\/2024\/04\/19\/ex-empleada-de-profeco-denuncia-a-titular-de-acoso-sexual\/#primaryimage"},"image":{"@id":"https:\/\/kuali.com.mx\/web\/2024\/04\/19\/ex-empleada-de-profeco-denuncia-a-titular-de-acoso-sexual\/#primaryimage"},"thumbnailUrl":"https:\/\/kuali.com.mx\/web\/wp-content\/uploads\/2024\/04\/Giovanna-Perales_Acoso-sexual-Profeco.gif","datePublished":"2024-04-20T01:06:43+00:00","dateModified":"2024-04-20T01:19:17+00:00","author":{"@id":"https:\/\/kuali.com.mx\/web\/#\/schema\/person\/6f89ffa8ecba9dae50662357923c5289"},"breadcrumb":{"@id":"https:\/\/kuali.com.mx\/web\/2024\/04\/19\/ex-empleada-de-profeco-denuncia-a-titular-de-acoso-sexual\/#breadcrumb"},"inLanguage":"es","potentialAction":[{"@type":"ReadAction","target":["https:\/\/kuali.com.mx\/web\/2024\/04\/19\/ex-empleada-de-profeco-denuncia-a-titular-de-acoso-sexual\/"]}]},{"@type":"ImageObject","inLanguage":"es","@id":"https:\/\/kuali.com.mx\/web\/2024\/04\/19\/ex-empleada-de-profeco-denuncia-a-titular-de-acoso-sexual\/#primaryimage","url":"https:\/\/kuali.com.mx\/web\/wp-content\/uploads\/2024\/04\/Giovanna-Perales_Acoso-sexual-Profeco.gif","contentUrl":"https:\/\/kuali.com.mx\/web\/wp-content\/uploads\/2024\/04\/Giovanna-Perales_Acoso-sexual-Profeco.gif","width":1750,"height":750},{"@type":"BreadcrumbList","@id":"https:\/\/kuali.com.mx\/web\/2024\/04\/19\/ex-empleada-de-profeco-denuncia-a-titular-de-acoso-sexual\/#breadcrumb","itemListElement":[{"@type":"ListItem","position":1,"name":"Inicio","item":"https:\/\/kuali.com.mx\/web\/"},{"@type":"ListItem","position":2,"name":"EX EMPLEADA DE PROFECO DENUNCIA A TITULAR DE ACOSO SEXUAL"}]},{"@type":"WebSite","@id":"https:\/\/kuali.com.mx\/web\/#website","url":"https:\/\/kuali.com.mx\/web\/","name":"Kuali","description":"","potentialAction":[{"@type":"SearchAction","target":{"@type":"EntryPoint","urlTemplate":"https:\/\/kuali.com.mx\/web\/?s={search_term_string}"},"query-input":{"@type":"PropertyValueSpecification","valueRequired":true,"valueName":"search_term_string"}}],"inLanguage":"es"},{"@type":"Person","@id":"https:\/\/kuali.com.mx\/web\/#\/schema\/person\/6f89ffa8ecba9dae50662357923c5289","name":"Kuali Staff","image":{"@type":"ImageObject","inLanguage":"es","@id":"https:\/\/secure.gravatar.com\/avatar\/f917ad82e5ab71227a733c78b6e60715476f69ee6be59feee4eb5d9920c89e0f?s=96&d=mm&r=g","url":"https:\/\/secure.gravatar.com\/avatar\/f917ad82e5ab71227a733c78b6e60715476f69ee6be59feee4eb5d9920c89e0f?s=96&d=mm&r=g","contentUrl":"https:\/\/secure.gravatar.com\/avatar\/f917ad82e5ab71227a733c78b6e60715476f69ee6be59feee4eb5d9920c89e0f?s=96&d=mm&r=g","caption":"Kuali Staff"},"url":"https:\/\/kuali.com.mx\/web\/author\/lagarto\/"}]}},"_links":{"self":[{"href":"https:\/\/kuali.com.mx\/web\/wp-json\/wp\/v2\/posts\/141265","targetHints":{"allow":["GET"]}}],"collection":[{"href":"https:\/\/kuali.com.mx\/web\/wp-json\/wp\/v2\/posts"}],"about":[{"href":"https:\/\/kuali.com.mx\/web\/wp-json\/wp\/v2\/types\/post"}],"author":[{"embeddable":true,"href":"https:\/\/kuali.com.mx\/web\/wp-json\/wp\/v2\/users\/2"}],"replies":[{"embeddable":true,"href":"https:\/\/kuali.com.mx\/web\/wp-json\/wp\/v2\/comments?post=141265"}],"version-history":[{"count":2,"href":"https:\/\/kuali.com.mx\/web\/wp-json\/wp\/v2\/posts\/141265\/revisions"}],"predecessor-version":[{"id":141270,"href":"https:\/\/kuali.com.mx\/web\/wp-json\/wp\/v2\/posts\/141265\/revisions\/141270"}],"wp:featuredmedia":[{"embeddable":true,"href":"https:\/\/kuali.com.mx\/web\/wp-json\/wp\/v2\/media\/141268"}],"wp:attachment":[{"href":"https:\/\/kuali.com.mx\/web\/wp-json\/wp\/v2\/media?parent=141265"}],"wp:term":[{"taxonomy":"category","embeddable":true,"href":"https:\/\/kuali.com.mx\/web\/wp-json\/wp\/v2\/categories?post=141265"},{"taxonomy":"post_tag","embeddable":true,"href":"https:\/\/kuali.com.mx\/web\/wp-json\/wp\/v2\/tags?post=141265"}],"curies":[{"name":"wp","href":"https:\/\/api.w.org\/{rel}","templated":true}]}}