{"id":141123,"date":"2024-04-17T13:50:13","date_gmt":"2024-04-17T19:50:13","guid":{"rendered":"https:\/\/kuali.com.mx\/web\/?p=141123"},"modified":"2024-04-18T06:41:07","modified_gmt":"2024-04-18T12:41:07","slug":"promete-carlos-garcia-llevar-agua-a-san-agustin-de-las-flores","status":"publish","type":"post","link":"https:\/\/kuali.com.mx\/web\/2024\/04\/17\/promete-carlos-garcia-llevar-agua-a-san-agustin-de-las-flores\/","title":{"rendered":"PROMETE CARLOS GARC\u00cdA LLEVAR AGUA A SAN AGUST\u00cdN DE LAS FLORES"},"content":{"rendered":"\n<p><strong>Kuali\/Silao de la Victoria, Gto.- <\/strong>En su visita a la comunidad de San Agust\u00edn de las Flores para solicitar el voto a su favor, el alcalde con licencia y candidato a reelegirse, Carlos Garc\u00eda Villase\u00f1or, prometi\u00f3 llevar agua potable a toda la comunidad.<\/p>\n\n\n\n<p>En San Agust\u00edn de las Flores platic\u00f3 con los habitantes sobre las necesidades de la comunidad y destac\u00f3 que la dignificaci\u00f3n de la zona rural es una prioridad para \u00e9l, y dijo que uno de sus compromisos es llevar agua a toda la comunidad, pavimentar la calle donde se encuentra la iglesia y construir una plaza p\u00fablica.<\/p>\n\n\n\n<p>\"Mi compromiso es que todos tengan agua en San Agust\u00edn... Tenemos la f\u00f3rmula para transformar a Silao en beneficio de todos ustedes\", dijo el abanderado del partido Movimiento Regeneraci\u00f3n Nacional (Morena).<\/p>\n\n\n\n<p>Durante su estancia en la comunidad, Carlos Garc\u00eda estuvo acompa\u00f1ado por \u201cTito\u201d Mill\u00e1n Soberanes, candidato a diputado local, quien reconoci\u00f3 el trabajo realizado por el alcalde con licencia.<\/p>\n\n\n\n<p>\"Vamos a trabajar junto a Carlos Garc\u00eda para que Silao siga avanzando y sea un lugar pr\u00f3spero\", coment\u00f3&nbsp; \u201cTito\u201d Mill\u00e1n.<\/p>\n\n\n\n<p>En su gira por la comunidad el Coecillo, cientos de habitantes lo recibieron en la entrada y caminaron juntos hasta la plaza principal, donde ya lo esperaban m\u00e1s personas.<\/p>\n\n\n\n<p>El Coecillo es una de las comunidades m\u00e1s grandes de Silao y entre las necesidades m\u00e1s fuertes que tiene es la falta de agua potable, motivo por el cual el candidato se comprometi\u00f3 a abastecer de agua a todo el Coecillo; adem\u00e1s de construir un tanque elevado y un pozo que tambi\u00e9n beneficiar\u00e1 a los habitantes de Plaza Azul.<\/p>\n\n\n\n<p>Garc\u00eda Villase\u00f1or anunci\u00f3 que otra de sus propuestas es conectar el Coecillo con Puerto Interior.<\/p>\n","protected":false},"excerpt":{"rendered":"Kuali\/Silao de la Victoria, Gto.- En su visita a la comunidad de San Agust\u00edn de las Flores para solicitar el voto a su favor, el alcalde con licencia y candidato a reelegirse, Carlos Garc\u00eda Villase\u00f1or, prometi\u00f3 llevar agua potable a toda la comunidad. En San Agust\u00edn de las Flores platic\u00f3 con los habitantes sobre las [&hellip;]","protected":false},"author":2,"featured_media":141126,"comment_status":"open","ping_status":"open","sticky":false,"template":"","format":"standard","meta":{"_seopress_robots_primary_cat":"none","_seopress_titles_title":"","_seopress_titles_desc":"","_seopress_robots_index":"","_monsterinsights_skip_tracking":false,"_monsterinsights_sitenote_active":false,"_monsterinsights_sitenote_note":"","_monsterinsights_sitenote_category":0,"footnotes":""},"categories":[3],"tags":[915,582,12],"class_list":["post-141123","post","type-post","status-publish","format-standard","has-post-thumbnail","hentry","category-politica","tag-campanas","tag-elecciones-2024","tag-silao"],"yoast_head":"<!-- This site is optimized with the Yoast SEO plugin v27.4 - https:\/\/yoast.com\/product\/yoast-seo-wordpress\/ -->\n<title>PROMETE CARLOS GARC\u00cdA LLEVAR AGUA A SAN AGUST\u00cdN DE LAS FLORES - Kuali<\/title>\n<meta name=\"robots\" content=\"index, follow, max-snippet:-1, max-image-preview:large, max-video-preview:-1\" \/>\n<link rel=\"canonical\" href=\"https:\/\/kuali.com.mx\/web\/2024\/04\/17\/promete-carlos-garcia-llevar-agua-a-san-agustin-de-las-flores\/\" \/>\n<meta property=\"og:locale\" content=\"es_MX\" \/>\n<meta property=\"og:type\" content=\"article\" \/>\n<meta property=\"og:title\" content=\"PROMETE CARLOS GARC\u00cdA LLEVAR AGUA A SAN AGUST\u00cdN DE LAS FLORES - Kuali\" \/>\n<meta property=\"og:description\" content=\"Kuali\/Silao de la Victoria, Gto.- En su visita a la comunidad de San Agust\u00edn de las Flores para solicitar el voto a su favor, el alcalde con licencia y candidato a reelegirse, Carlos Garc\u00eda Villase\u00f1or, prometi\u00f3 llevar agua potable a toda la comunidad. En San Agust\u00edn de las Flores platic\u00f3 con los habitantes sobre las [&hellip;]\" \/>\n<meta property=\"og:url\" content=\"https:\/\/kuali.com.mx\/web\/2024\/04\/17\/promete-carlos-garcia-llevar-agua-a-san-agustin-de-las-flores\/\" \/>\n<meta property=\"og:site_name\" content=\"Kuali\" \/>\n<meta property=\"article:publisher\" content=\"https:\/\/kuali.com.mx\/web\/wp-content\/uploads\/2018\/04\/cropped-kuali_logo-1-1.png\" \/>\n<meta property=\"article:published_time\" content=\"2024-04-17T19:50:13+00:00\" \/>\n<meta property=\"article:modified_time\" content=\"2024-04-18T12:41:07+00:00\" \/>\n<meta property=\"og:image\" content=\"https:\/\/kuali.com.mx\/web\/wp-content\/uploads\/2024\/04\/Carlos-Garcia-Campana-Silao.gif\" \/>\n\t<meta property=\"og:image:width\" content=\"1700\" \/>\n\t<meta property=\"og:image:height\" content=\"750\" \/>\n\t<meta property=\"og:image:type\" content=\"image\/gif\" \/>\n<meta name=\"author\" content=\"Kuali Staff\" \/>\n<meta name=\"twitter:card\" content=\"summary_large_image\" \/>\n<meta name=\"twitter:creator\" content=\"@kuali_noticias\" \/>\n<meta name=\"twitter:site\" content=\"@kuali_noticias\" \/>\n<meta name=\"twitter:label1\" content=\"Escrito por\" \/>\n\t<meta name=\"twitter:data1\" content=\"Kuali Staff\" \/>\n\t<meta name=\"twitter:label2\" content=\"Tiempo de lectura\" \/>\n\t<meta name=\"twitter:data2\" content=\"2 minutos\" \/>\n<script type=\"application\/ld+json\" class=\"yoast-schema-graph\">{\"@context\":\"https:\\\/\\\/schema.org\",\"@graph\":[{\"@type\":\"Article\",\"@id\":\"https:\\\/\\\/kuali.com.mx\\\/web\\\/2024\\\/04\\\/17\\\/promete-carlos-garcia-llevar-agua-a-san-agustin-de-las-flores\\\/#article\",\"isPartOf\":{\"@id\":\"https:\\\/\\\/kuali.com.mx\\\/web\\\/2024\\\/04\\\/17\\\/promete-carlos-garcia-llevar-agua-a-san-agustin-de-las-flores\\\/\"},\"author\":{\"name\":\"Kuali Staff\",\"@id\":\"https:\\\/\\\/kuali.com.mx\\\/web\\\/#\\\/schema\\\/person\\\/6f89ffa8ecba9dae50662357923c5289\"},\"headline\":\"PROMETE CARLOS GARC\u00cdA LLEVAR AGUA A SAN AGUST\u00cdN DE LAS FLORES\",\"datePublished\":\"2024-04-17T19:50:13+00:00\",\"dateModified\":\"2024-04-18T12:41:07+00:00\",\"mainEntityOfPage\":{\"@id\":\"https:\\\/\\\/kuali.com.mx\\\/web\\\/2024\\\/04\\\/17\\\/promete-carlos-garcia-llevar-agua-a-san-agustin-de-las-flores\\\/\"},\"wordCount\":320,\"commentCount\":0,\"image\":{\"@id\":\"https:\\\/\\\/kuali.com.mx\\\/web\\\/2024\\\/04\\\/17\\\/promete-carlos-garcia-llevar-agua-a-san-agustin-de-las-flores\\\/#primaryimage\"},\"thumbnailUrl\":\"https:\\\/\\\/kuali.com.mx\\\/web\\\/wp-content\\\/uploads\\\/2024\\\/04\\\/Carlos-Garcia-Campana-Silao.gif\",\"keywords\":[\"Campa\u00f1as\",\"Elecciones 2024\",\"Silao\"],\"articleSection\":[\"Pol\u00edtica\"],\"inLanguage\":\"es\",\"potentialAction\":[{\"@type\":\"CommentAction\",\"name\":\"Comment\",\"target\":[\"https:\\\/\\\/kuali.com.mx\\\/web\\\/2024\\\/04\\\/17\\\/promete-carlos-garcia-llevar-agua-a-san-agustin-de-las-flores\\\/#respond\"]}]},{\"@type\":\"WebPage\",\"@id\":\"https:\\\/\\\/kuali.com.mx\\\/web\\\/2024\\\/04\\\/17\\\/promete-carlos-garcia-llevar-agua-a-san-agustin-de-las-flores\\\/\",\"url\":\"https:\\\/\\\/kuali.com.mx\\\/web\\\/2024\\\/04\\\/17\\\/promete-carlos-garcia-llevar-agua-a-san-agustin-de-las-flores\\\/\",\"name\":\"PROMETE CARLOS GARC\u00cdA LLEVAR AGUA A SAN AGUST\u00cdN DE LAS FLORES - Kuali\",\"isPartOf\":{\"@id\":\"https:\\\/\\\/kuali.com.mx\\\/web\\\/#website\"},\"primaryImageOfPage\":{\"@id\":\"https:\\\/\\\/kuali.com.mx\\\/web\\\/2024\\\/04\\\/17\\\/promete-carlos-garcia-llevar-agua-a-san-agustin-de-las-flores\\\/#primaryimage\"},\"image\":{\"@id\":\"https:\\\/\\\/kuali.com.mx\\\/web\\\/2024\\\/04\\\/17\\\/promete-carlos-garcia-llevar-agua-a-san-agustin-de-las-flores\\\/#primaryimage\"},\"thumbnailUrl\":\"https:\\\/\\\/kuali.com.mx\\\/web\\\/wp-content\\\/uploads\\\/2024\\\/04\\\/Carlos-Garcia-Campana-Silao.gif\",\"datePublished\":\"2024-04-17T19:50:13+00:00\",\"dateModified\":\"2024-04-18T12:41:07+00:00\",\"author\":{\"@id\":\"https:\\\/\\\/kuali.com.mx\\\/web\\\/#\\\/schema\\\/person\\\/6f89ffa8ecba9dae50662357923c5289\"},\"breadcrumb\":{\"@id\":\"https:\\\/\\\/kuali.com.mx\\\/web\\\/2024\\\/04\\\/17\\\/promete-carlos-garcia-llevar-agua-a-san-agustin-de-las-flores\\\/#breadcrumb\"},\"inLanguage\":\"es\",\"potentialAction\":[{\"@type\":\"ReadAction\",\"target\":[\"https:\\\/\\\/kuali.com.mx\\\/web\\\/2024\\\/04\\\/17\\\/promete-carlos-garcia-llevar-agua-a-san-agustin-de-las-flores\\\/\"]}]},{\"@type\":\"ImageObject\",\"inLanguage\":\"es\",\"@id\":\"https:\\\/\\\/kuali.com.mx\\\/web\\\/2024\\\/04\\\/17\\\/promete-carlos-garcia-llevar-agua-a-san-agustin-de-las-flores\\\/#primaryimage\",\"url\":\"https:\\\/\\\/kuali.com.mx\\\/web\\\/wp-content\\\/uploads\\\/2024\\\/04\\\/Carlos-Garcia-Campana-Silao.gif\",\"contentUrl\":\"https:\\\/\\\/kuali.com.mx\\\/web\\\/wp-content\\\/uploads\\\/2024\\\/04\\\/Carlos-Garcia-Campana-Silao.gif\",\"width\":1700,\"height\":750},{\"@type\":\"BreadcrumbList\",\"@id\":\"https:\\\/\\\/kuali.com.mx\\\/web\\\/2024\\\/04\\\/17\\\/promete-carlos-garcia-llevar-agua-a-san-agustin-de-las-flores\\\/#breadcrumb\",\"itemListElement\":[{\"@type\":\"ListItem\",\"position\":1,\"name\":\"Inicio\",\"item\":\"https:\\\/\\\/kuali.com.mx\\\/web\\\/\"},{\"@type\":\"ListItem\",\"position\":2,\"name\":\"PROMETE CARLOS GARC\u00cdA LLEVAR AGUA A SAN AGUST\u00cdN DE LAS FLORES\"}]},{\"@type\":\"WebSite\",\"@id\":\"https:\\\/\\\/kuali.com.mx\\\/web\\\/#website\",\"url\":\"https:\\\/\\\/kuali.com.mx\\\/web\\\/\",\"name\":\"Kuali\",\"description\":\"\",\"potentialAction\":[{\"@type\":\"SearchAction\",\"target\":{\"@type\":\"EntryPoint\",\"urlTemplate\":\"https:\\\/\\\/kuali.com.mx\\\/web\\\/?s={search_term_string}\"},\"query-input\":{\"@type\":\"PropertyValueSpecification\",\"valueRequired\":true,\"valueName\":\"search_term_string\"}}],\"inLanguage\":\"es\"},{\"@type\":\"Person\",\"@id\":\"https:\\\/\\\/kuali.com.mx\\\/web\\\/#\\\/schema\\\/person\\\/6f89ffa8ecba9dae50662357923c5289\",\"name\":\"Kuali Staff\",\"image\":{\"@type\":\"ImageObject\",\"inLanguage\":\"es\",\"@id\":\"https:\\\/\\\/secure.gravatar.com\\\/avatar\\\/f917ad82e5ab71227a733c78b6e60715476f69ee6be59feee4eb5d9920c89e0f?s=96&d=mm&r=g\",\"url\":\"https:\\\/\\\/secure.gravatar.com\\\/avatar\\\/f917ad82e5ab71227a733c78b6e60715476f69ee6be59feee4eb5d9920c89e0f?s=96&d=mm&r=g\",\"contentUrl\":\"https:\\\/\\\/secure.gravatar.com\\\/avatar\\\/f917ad82e5ab71227a733c78b6e60715476f69ee6be59feee4eb5d9920c89e0f?s=96&d=mm&r=g\",\"caption\":\"Kuali Staff\"},\"url\":\"https:\\\/\\\/kuali.com.mx\\\/web\\\/author\\\/lagarto\\\/\"}]}<\/script>\n<!-- \/ Yoast SEO plugin. -->","yoast_head_json":{"title":"PROMETE CARLOS GARC\u00cdA LLEVAR AGUA A SAN AGUST\u00cdN DE LAS FLORES - Kuali","robots":{"index":"index","follow":"follow","max-snippet":"max-snippet:-1","max-image-preview":"max-image-preview:large","max-video-preview":"max-video-preview:-1"},"canonical":"https:\/\/kuali.com.mx\/web\/2024\/04\/17\/promete-carlos-garcia-llevar-agua-a-san-agustin-de-las-flores\/","og_locale":"es_MX","og_type":"article","og_title":"PROMETE CARLOS GARC\u00cdA LLEVAR AGUA A SAN AGUST\u00cdN DE LAS FLORES - Kuali","og_description":"Kuali\/Silao de la Victoria, Gto.- En su visita a la comunidad de San Agust\u00edn de las Flores para solicitar el voto a su favor, el alcalde con licencia y candidato a reelegirse, Carlos Garc\u00eda Villase\u00f1or, prometi\u00f3 llevar agua potable a toda la comunidad. En San Agust\u00edn de las Flores platic\u00f3 con los habitantes sobre las [&hellip;]","og_url":"https:\/\/kuali.com.mx\/web\/2024\/04\/17\/promete-carlos-garcia-llevar-agua-a-san-agustin-de-las-flores\/","og_site_name":"Kuali","article_publisher":"https:\/\/kuali.com.mx\/web\/wp-content\/uploads\/2018\/04\/cropped-kuali_logo-1-1.png","article_published_time":"2024-04-17T19:50:13+00:00","article_modified_time":"2024-04-18T12:41:07+00:00","og_image":[{"width":1700,"height":750,"url":"https:\/\/kuali.com.mx\/web\/wp-content\/uploads\/2024\/04\/Carlos-Garcia-Campana-Silao.gif","type":"image\/gif"}],"author":"Kuali Staff","twitter_card":"summary_large_image","twitter_creator":"@kuali_noticias","twitter_site":"@kuali_noticias","twitter_misc":{"Escrito por":"Kuali Staff","Tiempo de lectura":"2 minutos"},"schema":{"@context":"https:\/\/schema.org","@graph":[{"@type":"Article","@id":"https:\/\/kuali.com.mx\/web\/2024\/04\/17\/promete-carlos-garcia-llevar-agua-a-san-agustin-de-las-flores\/#article","isPartOf":{"@id":"https:\/\/kuali.com.mx\/web\/2024\/04\/17\/promete-carlos-garcia-llevar-agua-a-san-agustin-de-las-flores\/"},"author":{"name":"Kuali Staff","@id":"https:\/\/kuali.com.mx\/web\/#\/schema\/person\/6f89ffa8ecba9dae50662357923c5289"},"headline":"PROMETE CARLOS GARC\u00cdA LLEVAR AGUA A SAN AGUST\u00cdN DE LAS FLORES","datePublished":"2024-04-17T19:50:13+00:00","dateModified":"2024-04-18T12:41:07+00:00","mainEntityOfPage":{"@id":"https:\/\/kuali.com.mx\/web\/2024\/04\/17\/promete-carlos-garcia-llevar-agua-a-san-agustin-de-las-flores\/"},"wordCount":320,"commentCount":0,"image":{"@id":"https:\/\/kuali.com.mx\/web\/2024\/04\/17\/promete-carlos-garcia-llevar-agua-a-san-agustin-de-las-flores\/#primaryimage"},"thumbnailUrl":"https:\/\/kuali.com.mx\/web\/wp-content\/uploads\/2024\/04\/Carlos-Garcia-Campana-Silao.gif","keywords":["Campa\u00f1as","Elecciones 2024","Silao"],"articleSection":["Pol\u00edtica"],"inLanguage":"es","potentialAction":[{"@type":"CommentAction","name":"Comment","target":["https:\/\/kuali.com.mx\/web\/2024\/04\/17\/promete-carlos-garcia-llevar-agua-a-san-agustin-de-las-flores\/#respond"]}]},{"@type":"WebPage","@id":"https:\/\/kuali.com.mx\/web\/2024\/04\/17\/promete-carlos-garcia-llevar-agua-a-san-agustin-de-las-flores\/","url":"https:\/\/kuali.com.mx\/web\/2024\/04\/17\/promete-carlos-garcia-llevar-agua-a-san-agustin-de-las-flores\/","name":"PROMETE CARLOS GARC\u00cdA LLEVAR AGUA A SAN AGUST\u00cdN DE LAS FLORES - Kuali","isPartOf":{"@id":"https:\/\/kuali.com.mx\/web\/#website"},"primaryImageOfPage":{"@id":"https:\/\/kuali.com.mx\/web\/2024\/04\/17\/promete-carlos-garcia-llevar-agua-a-san-agustin-de-las-flores\/#primaryimage"},"image":{"@id":"https:\/\/kuali.com.mx\/web\/2024\/04\/17\/promete-carlos-garcia-llevar-agua-a-san-agustin-de-las-flores\/#primaryimage"},"thumbnailUrl":"https:\/\/kuali.com.mx\/web\/wp-content\/uploads\/2024\/04\/Carlos-Garcia-Campana-Silao.gif","datePublished":"2024-04-17T19:50:13+00:00","dateModified":"2024-04-18T12:41:07+00:00","author":{"@id":"https:\/\/kuali.com.mx\/web\/#\/schema\/person\/6f89ffa8ecba9dae50662357923c5289"},"breadcrumb":{"@id":"https:\/\/kuali.com.mx\/web\/2024\/04\/17\/promete-carlos-garcia-llevar-agua-a-san-agustin-de-las-flores\/#breadcrumb"},"inLanguage":"es","potentialAction":[{"@type":"ReadAction","target":["https:\/\/kuali.com.mx\/web\/2024\/04\/17\/promete-carlos-garcia-llevar-agua-a-san-agustin-de-las-flores\/"]}]},{"@type":"ImageObject","inLanguage":"es","@id":"https:\/\/kuali.com.mx\/web\/2024\/04\/17\/promete-carlos-garcia-llevar-agua-a-san-agustin-de-las-flores\/#primaryimage","url":"https:\/\/kuali.com.mx\/web\/wp-content\/uploads\/2024\/04\/Carlos-Garcia-Campana-Silao.gif","contentUrl":"https:\/\/kuali.com.mx\/web\/wp-content\/uploads\/2024\/04\/Carlos-Garcia-Campana-Silao.gif","width":1700,"height":750},{"@type":"BreadcrumbList","@id":"https:\/\/kuali.com.mx\/web\/2024\/04\/17\/promete-carlos-garcia-llevar-agua-a-san-agustin-de-las-flores\/#breadcrumb","itemListElement":[{"@type":"ListItem","position":1,"name":"Inicio","item":"https:\/\/kuali.com.mx\/web\/"},{"@type":"ListItem","position":2,"name":"PROMETE CARLOS GARC\u00cdA LLEVAR AGUA A SAN AGUST\u00cdN DE LAS FLORES"}]},{"@type":"WebSite","@id":"https:\/\/kuali.com.mx\/web\/#website","url":"https:\/\/kuali.com.mx\/web\/","name":"Kuali","description":"","potentialAction":[{"@type":"SearchAction","target":{"@type":"EntryPoint","urlTemplate":"https:\/\/kuali.com.mx\/web\/?s={search_term_string}"},"query-input":{"@type":"PropertyValueSpecification","valueRequired":true,"valueName":"search_term_string"}}],"inLanguage":"es"},{"@type":"Person","@id":"https:\/\/kuali.com.mx\/web\/#\/schema\/person\/6f89ffa8ecba9dae50662357923c5289","name":"Kuali Staff","image":{"@type":"ImageObject","inLanguage":"es","@id":"https:\/\/secure.gravatar.com\/avatar\/f917ad82e5ab71227a733c78b6e60715476f69ee6be59feee4eb5d9920c89e0f?s=96&d=mm&r=g","url":"https:\/\/secure.gravatar.com\/avatar\/f917ad82e5ab71227a733c78b6e60715476f69ee6be59feee4eb5d9920c89e0f?s=96&d=mm&r=g","contentUrl":"https:\/\/secure.gravatar.com\/avatar\/f917ad82e5ab71227a733c78b6e60715476f69ee6be59feee4eb5d9920c89e0f?s=96&d=mm&r=g","caption":"Kuali Staff"},"url":"https:\/\/kuali.com.mx\/web\/author\/lagarto\/"}]}},"_links":{"self":[{"href":"https:\/\/kuali.com.mx\/web\/wp-json\/wp\/v2\/posts\/141123","targetHints":{"allow":["GET"]}}],"collection":[{"href":"https:\/\/kuali.com.mx\/web\/wp-json\/wp\/v2\/posts"}],"about":[{"href":"https:\/\/kuali.com.mx\/web\/wp-json\/wp\/v2\/types\/post"}],"author":[{"embeddable":true,"href":"https:\/\/kuali.com.mx\/web\/wp-json\/wp\/v2\/users\/2"}],"replies":[{"embeddable":true,"href":"https:\/\/kuali.com.mx\/web\/wp-json\/wp\/v2\/comments?post=141123"}],"version-history":[{"count":1,"href":"https:\/\/kuali.com.mx\/web\/wp-json\/wp\/v2\/posts\/141123\/revisions"}],"predecessor-version":[{"id":141127,"href":"https:\/\/kuali.com.mx\/web\/wp-json\/wp\/v2\/posts\/141123\/revisions\/141127"}],"wp:featuredmedia":[{"embeddable":true,"href":"https:\/\/kuali.com.mx\/web\/wp-json\/wp\/v2\/media\/141126"}],"wp:attachment":[{"href":"https:\/\/kuali.com.mx\/web\/wp-json\/wp\/v2\/media?parent=141123"}],"wp:term":[{"taxonomy":"category","embeddable":true,"href":"https:\/\/kuali.com.mx\/web\/wp-json\/wp\/v2\/categories?post=141123"},{"taxonomy":"post_tag","embeddable":true,"href":"https:\/\/kuali.com.mx\/web\/wp-json\/wp\/v2\/tags?post=141123"}],"curies":[{"name":"wp","href":"https:\/\/api.w.org\/{rel}","templated":true}]}}