{"id":141099,"date":"2024-04-17T10:38:08","date_gmt":"2024-04-17T16:38:08","guid":{"rendered":"https:\/\/kuali.com.mx\/web\/?p=141099"},"modified":"2024-04-17T10:38:09","modified_gmt":"2024-04-17T16:38:09","slug":"inauguran-exposicion-arte-sano-entre-artistas-7-0","status":"publish","type":"post","link":"https:\/\/kuali.com.mx\/web\/2024\/04\/17\/inauguran-exposicion-arte-sano-entre-artistas-7-0\/","title":{"rendered":"INAUGURAN EXPOSICI\u00d3N &#8220;ARTE SANO ENTRE ARTISTAS 7.0&#8221;"},"content":{"rendered":"\n<p><strong><em>Kuali\/Irapuato, Gto<\/em>.-\u00a0<\/strong>Autoridades municipales inauguraron la exposici\u00f3n Arte Sano entre Artistas 7.0 en el Museo Salvador Almaraz.<\/p>\n\n\n\n<p>La Exposici\u00f3n procede del Museo de Arte Popular (MAP) que por primera vez participa con sus creadores en Irapuato; en esta s\u00e9ptima edici\u00f3n de Artesano entre Artistas, participan 44 equipos con 64 piezas que trabajaron con diversos materiales como: barro, cer\u00e1mica, textil, fibras naturales y cartoner\u00eda.<\/p>\n\n\n\n<p>Mostrando el dominio de la t\u00e9cnica de los artesanos, h\u00e1biles e ingeniosos creadores del Estado de M\u00e9xico, Chiapas, Chihuahua, Jalisco, Guanajuato, Hidalgo, Michoac\u00e1n, Morelos, Oaxaca, Veracruz y Ciudad de M\u00e9xico.<\/p>\n\n\n\n<figure class=\"wp-block-image size-large\"><img loading=\"lazy\" decoding=\"async\" width=\"1024\" height=\"465\" src=\"https:\/\/kuali.com.mx\/web\/wp-content\/uploads\/2024\/04\/ARTE-1-1024x465.jpg\" alt=\"\" class=\"wp-image-141102\" srcset=\"https:\/\/kuali.com.mx\/web\/wp-content\/uploads\/2024\/04\/ARTE-1-1024x465.jpg 1024w, https:\/\/kuali.com.mx\/web\/wp-content\/uploads\/2024\/04\/ARTE-1-300x136.jpg 300w, https:\/\/kuali.com.mx\/web\/wp-content\/uploads\/2024\/04\/ARTE-1-768x348.jpg 768w, https:\/\/kuali.com.mx\/web\/wp-content\/uploads\/2024\/04\/ARTE-1-1536x697.jpg 1536w, https:\/\/kuali.com.mx\/web\/wp-content\/uploads\/2024\/04\/ARTE-1-228x103.jpg 228w, https:\/\/kuali.com.mx\/web\/wp-content\/uploads\/2024\/04\/ARTE-1.jpg 1600w\" sizes=\"auto, (max-width: 1024px) 100vw, 1024px\" \/><\/figure>\n\n\n\n<p>Walther Boelsterly Urrutia, director del Museo de Arte Popular, se dijo satisfecho de que se cumplan 14 a\u00f1os de esta exposici\u00f3n Arte\/ Sano, y espera que a partir de esta visita se puedan integrar artistas irapuatenses.<\/p>\n\n\n\n<p>\u201cLa cultura es lo \u00fanico que ha trascendido a trav\u00e9s de la historia, van a ver piezas, que les har\u00e1n recordar a sus abuelitas, esa vida cotidiana es la que nosotros estamos representando ya en esta s\u00e9tima edici\u00f3n, son 14 a\u00f1os de ardua labor, ojal\u00e1 que esta pueda ser la oportunidad para generar el inicio de que la pr\u00f3xima edici\u00f3n ya venga con duplas de artistas de la ciudad de Irapuato\u201d.<\/p>\n\n\n\n<figure class=\"wp-block-image size-large\"><img loading=\"lazy\" decoding=\"async\" width=\"1024\" height=\"572\" src=\"https:\/\/kuali.com.mx\/web\/wp-content\/uploads\/2024\/04\/ARTE-2-1024x572.jpg\" alt=\"\" class=\"wp-image-141103\" srcset=\"https:\/\/kuali.com.mx\/web\/wp-content\/uploads\/2024\/04\/ARTE-2-1024x572.jpg 1024w, https:\/\/kuali.com.mx\/web\/wp-content\/uploads\/2024\/04\/ARTE-2-300x168.jpg 300w, https:\/\/kuali.com.mx\/web\/wp-content\/uploads\/2024\/04\/ARTE-2-768x429.jpg 768w, https:\/\/kuali.com.mx\/web\/wp-content\/uploads\/2024\/04\/ARTE-2-208x116.jpg 208w, https:\/\/kuali.com.mx\/web\/wp-content\/uploads\/2024\/04\/ARTE-2.jpg 1342w\" sizes=\"auto, (max-width: 1024px) 100vw, 1024px\" \/><\/figure>\n\n\n\n<p>Desde sus inicios la exposici\u00f3n busc\u00f3 propiciar la colaboraci\u00f3n entre artistas, artesanos y arquitectos. Los resultados son enormes, una vez que se borraron las fronteras creativas a trav\u00e9s de las siete ediciones que han realizado, dejando claro que el talento, el ingenio y la imaginaci\u00f3n se comparten en todos los \u00e1mbitos creativos.<\/p>\n\n\n\n<p>Hasta el jueves 18 de abril, las y los irapuatenses pueden disfrutar las obras que forman parte de esta exposici\u00f3n que ha alcanzado reconocimiento en varias partes del mundo.<\/p>\n","protected":false},"excerpt":{"rendered":"Kuali\/Irapuato, Gto.-\u00a0Autoridades municipales inauguraron la exposici\u00f3n Arte Sano entre Artistas 7.0 en el Museo Salvador Almaraz. La Exposici\u00f3n procede del Museo de Arte Popular (MAP) que por primera vez participa con sus creadores en Irapuato; en esta s\u00e9ptima edici\u00f3n de Artesano entre Artistas, participan 44 equipos con 64 piezas que trabajaron con diversos materiales como: [&hellip;]","protected":false},"author":2,"featured_media":141101,"comment_status":"open","ping_status":"open","sticky":false,"template":"","format":"standard","meta":{"_seopress_robots_primary_cat":"none","_seopress_titles_title":"","_seopress_titles_desc":"","_seopress_robots_index":"","_monsterinsights_skip_tracking":false,"_monsterinsights_sitenote_active":false,"_monsterinsights_sitenote_note":"","_monsterinsights_sitenote_category":0,"footnotes":""},"categories":[8],"tags":[],"class_list":["post-141099","post","type-post","status-publish","format-standard","has-post-thumbnail","hentry","category-espectaculos"],"yoast_head":"<!-- This site is optimized with the Yoast SEO plugin v27.4 - https:\/\/yoast.com\/product\/yoast-seo-wordpress\/ -->\n<title>INAUGURAN EXPOSICI\u00d3N &quot;ARTE SANO ENTRE ARTISTAS 7.0&quot; - Kuali<\/title>\n<meta name=\"robots\" content=\"index, follow, max-snippet:-1, max-image-preview:large, max-video-preview:-1\" \/>\n<link rel=\"canonical\" href=\"https:\/\/kuali.com.mx\/web\/2024\/04\/17\/inauguran-exposicion-arte-sano-entre-artistas-7-0\/\" \/>\n<meta property=\"og:locale\" content=\"es_MX\" \/>\n<meta property=\"og:type\" content=\"article\" \/>\n<meta property=\"og:title\" content=\"INAUGURAN EXPOSICI\u00d3N &quot;ARTE SANO ENTRE ARTISTAS 7.0&quot; - Kuali\" \/>\n<meta property=\"og:description\" content=\"Kuali\/Irapuato, Gto.-\u00a0Autoridades municipales inauguraron la exposici\u00f3n Arte Sano entre Artistas 7.0 en el Museo Salvador Almaraz. La Exposici\u00f3n procede del Museo de Arte Popular (MAP) que por primera vez participa con sus creadores en Irapuato; en esta s\u00e9ptima edici\u00f3n de Artesano entre Artistas, participan 44 equipos con 64 piezas que trabajaron con diversos materiales como: [&hellip;]\" \/>\n<meta property=\"og:url\" content=\"https:\/\/kuali.com.mx\/web\/2024\/04\/17\/inauguran-exposicion-arte-sano-entre-artistas-7-0\/\" \/>\n<meta property=\"og:site_name\" content=\"Kuali\" \/>\n<meta property=\"article:publisher\" content=\"https:\/\/kuali.com.mx\/web\/wp-content\/uploads\/2018\/04\/cropped-kuali_logo-1-1.png\" \/>\n<meta property=\"article:published_time\" content=\"2024-04-17T16:38:08+00:00\" \/>\n<meta property=\"article:modified_time\" content=\"2024-04-17T16:38:09+00:00\" \/>\n<meta property=\"og:image\" content=\"https:\/\/kuali.com.mx\/web\/wp-content\/uploads\/2024\/04\/ARTE-A.jpg\" \/>\n\t<meta property=\"og:image:width\" content=\"1670\" \/>\n\t<meta property=\"og:image:height\" content=\"750\" \/>\n\t<meta property=\"og:image:type\" content=\"image\/jpeg\" \/>\n<meta name=\"author\" content=\"Kuali Staff\" \/>\n<meta name=\"twitter:card\" content=\"summary_large_image\" \/>\n<meta name=\"twitter:creator\" content=\"@kuali_noticias\" \/>\n<meta name=\"twitter:site\" content=\"@kuali_noticias\" \/>\n<meta name=\"twitter:label1\" content=\"Escrito por\" \/>\n\t<meta name=\"twitter:data1\" content=\"Kuali Staff\" \/>\n\t<meta name=\"twitter:label2\" content=\"Tiempo de lectura\" \/>\n\t<meta name=\"twitter:data2\" content=\"2 minutos\" \/>\n<script type=\"application\/ld+json\" class=\"yoast-schema-graph\">{\"@context\":\"https:\\\/\\\/schema.org\",\"@graph\":[{\"@type\":\"Article\",\"@id\":\"https:\\\/\\\/kuali.com.mx\\\/web\\\/2024\\\/04\\\/17\\\/inauguran-exposicion-arte-sano-entre-artistas-7-0\\\/#article\",\"isPartOf\":{\"@id\":\"https:\\\/\\\/kuali.com.mx\\\/web\\\/2024\\\/04\\\/17\\\/inauguran-exposicion-arte-sano-entre-artistas-7-0\\\/\"},\"author\":{\"name\":\"Kuali Staff\",\"@id\":\"https:\\\/\\\/kuali.com.mx\\\/web\\\/#\\\/schema\\\/person\\\/6f89ffa8ecba9dae50662357923c5289\"},\"headline\":\"INAUGURAN EXPOSICI\u00d3N &#8220;ARTE SANO ENTRE ARTISTAS 7.0&#8221;\",\"datePublished\":\"2024-04-17T16:38:08+00:00\",\"dateModified\":\"2024-04-17T16:38:09+00:00\",\"mainEntityOfPage\":{\"@id\":\"https:\\\/\\\/kuali.com.mx\\\/web\\\/2024\\\/04\\\/17\\\/inauguran-exposicion-arte-sano-entre-artistas-7-0\\\/\"},\"wordCount\":309,\"commentCount\":0,\"image\":{\"@id\":\"https:\\\/\\\/kuali.com.mx\\\/web\\\/2024\\\/04\\\/17\\\/inauguran-exposicion-arte-sano-entre-artistas-7-0\\\/#primaryimage\"},\"thumbnailUrl\":\"https:\\\/\\\/kuali.com.mx\\\/web\\\/wp-content\\\/uploads\\\/2024\\\/04\\\/ARTE-A.jpg\",\"articleSection\":[\"Cultura\"],\"inLanguage\":\"es\",\"potentialAction\":[{\"@type\":\"CommentAction\",\"name\":\"Comment\",\"target\":[\"https:\\\/\\\/kuali.com.mx\\\/web\\\/2024\\\/04\\\/17\\\/inauguran-exposicion-arte-sano-entre-artistas-7-0\\\/#respond\"]}]},{\"@type\":\"WebPage\",\"@id\":\"https:\\\/\\\/kuali.com.mx\\\/web\\\/2024\\\/04\\\/17\\\/inauguran-exposicion-arte-sano-entre-artistas-7-0\\\/\",\"url\":\"https:\\\/\\\/kuali.com.mx\\\/web\\\/2024\\\/04\\\/17\\\/inauguran-exposicion-arte-sano-entre-artistas-7-0\\\/\",\"name\":\"INAUGURAN EXPOSICI\u00d3N \\\"ARTE SANO ENTRE ARTISTAS 7.0\\\" - Kuali\",\"isPartOf\":{\"@id\":\"https:\\\/\\\/kuali.com.mx\\\/web\\\/#website\"},\"primaryImageOfPage\":{\"@id\":\"https:\\\/\\\/kuali.com.mx\\\/web\\\/2024\\\/04\\\/17\\\/inauguran-exposicion-arte-sano-entre-artistas-7-0\\\/#primaryimage\"},\"image\":{\"@id\":\"https:\\\/\\\/kuali.com.mx\\\/web\\\/2024\\\/04\\\/17\\\/inauguran-exposicion-arte-sano-entre-artistas-7-0\\\/#primaryimage\"},\"thumbnailUrl\":\"https:\\\/\\\/kuali.com.mx\\\/web\\\/wp-content\\\/uploads\\\/2024\\\/04\\\/ARTE-A.jpg\",\"datePublished\":\"2024-04-17T16:38:08+00:00\",\"dateModified\":\"2024-04-17T16:38:09+00:00\",\"author\":{\"@id\":\"https:\\\/\\\/kuali.com.mx\\\/web\\\/#\\\/schema\\\/person\\\/6f89ffa8ecba9dae50662357923c5289\"},\"breadcrumb\":{\"@id\":\"https:\\\/\\\/kuali.com.mx\\\/web\\\/2024\\\/04\\\/17\\\/inauguran-exposicion-arte-sano-entre-artistas-7-0\\\/#breadcrumb\"},\"inLanguage\":\"es\",\"potentialAction\":[{\"@type\":\"ReadAction\",\"target\":[\"https:\\\/\\\/kuali.com.mx\\\/web\\\/2024\\\/04\\\/17\\\/inauguran-exposicion-arte-sano-entre-artistas-7-0\\\/\"]}]},{\"@type\":\"ImageObject\",\"inLanguage\":\"es\",\"@id\":\"https:\\\/\\\/kuali.com.mx\\\/web\\\/2024\\\/04\\\/17\\\/inauguran-exposicion-arte-sano-entre-artistas-7-0\\\/#primaryimage\",\"url\":\"https:\\\/\\\/kuali.com.mx\\\/web\\\/wp-content\\\/uploads\\\/2024\\\/04\\\/ARTE-A.jpg\",\"contentUrl\":\"https:\\\/\\\/kuali.com.mx\\\/web\\\/wp-content\\\/uploads\\\/2024\\\/04\\\/ARTE-A.jpg\",\"width\":1670,\"height\":750},{\"@type\":\"BreadcrumbList\",\"@id\":\"https:\\\/\\\/kuali.com.mx\\\/web\\\/2024\\\/04\\\/17\\\/inauguran-exposicion-arte-sano-entre-artistas-7-0\\\/#breadcrumb\",\"itemListElement\":[{\"@type\":\"ListItem\",\"position\":1,\"name\":\"Inicio\",\"item\":\"https:\\\/\\\/kuali.com.mx\\\/web\\\/\"},{\"@type\":\"ListItem\",\"position\":2,\"name\":\"INAUGURAN EXPOSICI\u00d3N &#8220;ARTE SANO ENTRE ARTISTAS 7.0&#8221;\"}]},{\"@type\":\"WebSite\",\"@id\":\"https:\\\/\\\/kuali.com.mx\\\/web\\\/#website\",\"url\":\"https:\\\/\\\/kuali.com.mx\\\/web\\\/\",\"name\":\"Kuali\",\"description\":\"\",\"potentialAction\":[{\"@type\":\"SearchAction\",\"target\":{\"@type\":\"EntryPoint\",\"urlTemplate\":\"https:\\\/\\\/kuali.com.mx\\\/web\\\/?s={search_term_string}\"},\"query-input\":{\"@type\":\"PropertyValueSpecification\",\"valueRequired\":true,\"valueName\":\"search_term_string\"}}],\"inLanguage\":\"es\"},{\"@type\":\"Person\",\"@id\":\"https:\\\/\\\/kuali.com.mx\\\/web\\\/#\\\/schema\\\/person\\\/6f89ffa8ecba9dae50662357923c5289\",\"name\":\"Kuali Staff\",\"image\":{\"@type\":\"ImageObject\",\"inLanguage\":\"es\",\"@id\":\"https:\\\/\\\/secure.gravatar.com\\\/avatar\\\/f917ad82e5ab71227a733c78b6e60715476f69ee6be59feee4eb5d9920c89e0f?s=96&d=mm&r=g\",\"url\":\"https:\\\/\\\/secure.gravatar.com\\\/avatar\\\/f917ad82e5ab71227a733c78b6e60715476f69ee6be59feee4eb5d9920c89e0f?s=96&d=mm&r=g\",\"contentUrl\":\"https:\\\/\\\/secure.gravatar.com\\\/avatar\\\/f917ad82e5ab71227a733c78b6e60715476f69ee6be59feee4eb5d9920c89e0f?s=96&d=mm&r=g\",\"caption\":\"Kuali Staff\"},\"url\":\"https:\\\/\\\/kuali.com.mx\\\/web\\\/author\\\/lagarto\\\/\"}]}<\/script>\n<!-- \/ Yoast SEO plugin. -->","yoast_head_json":{"title":"INAUGURAN EXPOSICI\u00d3N \"ARTE SANO ENTRE ARTISTAS 7.0\" - Kuali","robots":{"index":"index","follow":"follow","max-snippet":"max-snippet:-1","max-image-preview":"max-image-preview:large","max-video-preview":"max-video-preview:-1"},"canonical":"https:\/\/kuali.com.mx\/web\/2024\/04\/17\/inauguran-exposicion-arte-sano-entre-artistas-7-0\/","og_locale":"es_MX","og_type":"article","og_title":"INAUGURAN EXPOSICI\u00d3N \"ARTE SANO ENTRE ARTISTAS 7.0\" - Kuali","og_description":"Kuali\/Irapuato, Gto.-\u00a0Autoridades municipales inauguraron la exposici\u00f3n Arte Sano entre Artistas 7.0 en el Museo Salvador Almaraz. La Exposici\u00f3n procede del Museo de Arte Popular (MAP) que por primera vez participa con sus creadores en Irapuato; en esta s\u00e9ptima edici\u00f3n de Artesano entre Artistas, participan 44 equipos con 64 piezas que trabajaron con diversos materiales como: [&hellip;]","og_url":"https:\/\/kuali.com.mx\/web\/2024\/04\/17\/inauguran-exposicion-arte-sano-entre-artistas-7-0\/","og_site_name":"Kuali","article_publisher":"https:\/\/kuali.com.mx\/web\/wp-content\/uploads\/2018\/04\/cropped-kuali_logo-1-1.png","article_published_time":"2024-04-17T16:38:08+00:00","article_modified_time":"2024-04-17T16:38:09+00:00","og_image":[{"width":1670,"height":750,"url":"https:\/\/kuali.com.mx\/web\/wp-content\/uploads\/2024\/04\/ARTE-A.jpg","type":"image\/jpeg"}],"author":"Kuali Staff","twitter_card":"summary_large_image","twitter_creator":"@kuali_noticias","twitter_site":"@kuali_noticias","twitter_misc":{"Escrito por":"Kuali Staff","Tiempo de lectura":"2 minutos"},"schema":{"@context":"https:\/\/schema.org","@graph":[{"@type":"Article","@id":"https:\/\/kuali.com.mx\/web\/2024\/04\/17\/inauguran-exposicion-arte-sano-entre-artistas-7-0\/#article","isPartOf":{"@id":"https:\/\/kuali.com.mx\/web\/2024\/04\/17\/inauguran-exposicion-arte-sano-entre-artistas-7-0\/"},"author":{"name":"Kuali Staff","@id":"https:\/\/kuali.com.mx\/web\/#\/schema\/person\/6f89ffa8ecba9dae50662357923c5289"},"headline":"INAUGURAN EXPOSICI\u00d3N &#8220;ARTE SANO ENTRE ARTISTAS 7.0&#8221;","datePublished":"2024-04-17T16:38:08+00:00","dateModified":"2024-04-17T16:38:09+00:00","mainEntityOfPage":{"@id":"https:\/\/kuali.com.mx\/web\/2024\/04\/17\/inauguran-exposicion-arte-sano-entre-artistas-7-0\/"},"wordCount":309,"commentCount":0,"image":{"@id":"https:\/\/kuali.com.mx\/web\/2024\/04\/17\/inauguran-exposicion-arte-sano-entre-artistas-7-0\/#primaryimage"},"thumbnailUrl":"https:\/\/kuali.com.mx\/web\/wp-content\/uploads\/2024\/04\/ARTE-A.jpg","articleSection":["Cultura"],"inLanguage":"es","potentialAction":[{"@type":"CommentAction","name":"Comment","target":["https:\/\/kuali.com.mx\/web\/2024\/04\/17\/inauguran-exposicion-arte-sano-entre-artistas-7-0\/#respond"]}]},{"@type":"WebPage","@id":"https:\/\/kuali.com.mx\/web\/2024\/04\/17\/inauguran-exposicion-arte-sano-entre-artistas-7-0\/","url":"https:\/\/kuali.com.mx\/web\/2024\/04\/17\/inauguran-exposicion-arte-sano-entre-artistas-7-0\/","name":"INAUGURAN EXPOSICI\u00d3N \"ARTE SANO ENTRE ARTISTAS 7.0\" - Kuali","isPartOf":{"@id":"https:\/\/kuali.com.mx\/web\/#website"},"primaryImageOfPage":{"@id":"https:\/\/kuali.com.mx\/web\/2024\/04\/17\/inauguran-exposicion-arte-sano-entre-artistas-7-0\/#primaryimage"},"image":{"@id":"https:\/\/kuali.com.mx\/web\/2024\/04\/17\/inauguran-exposicion-arte-sano-entre-artistas-7-0\/#primaryimage"},"thumbnailUrl":"https:\/\/kuali.com.mx\/web\/wp-content\/uploads\/2024\/04\/ARTE-A.jpg","datePublished":"2024-04-17T16:38:08+00:00","dateModified":"2024-04-17T16:38:09+00:00","author":{"@id":"https:\/\/kuali.com.mx\/web\/#\/schema\/person\/6f89ffa8ecba9dae50662357923c5289"},"breadcrumb":{"@id":"https:\/\/kuali.com.mx\/web\/2024\/04\/17\/inauguran-exposicion-arte-sano-entre-artistas-7-0\/#breadcrumb"},"inLanguage":"es","potentialAction":[{"@type":"ReadAction","target":["https:\/\/kuali.com.mx\/web\/2024\/04\/17\/inauguran-exposicion-arte-sano-entre-artistas-7-0\/"]}]},{"@type":"ImageObject","inLanguage":"es","@id":"https:\/\/kuali.com.mx\/web\/2024\/04\/17\/inauguran-exposicion-arte-sano-entre-artistas-7-0\/#primaryimage","url":"https:\/\/kuali.com.mx\/web\/wp-content\/uploads\/2024\/04\/ARTE-A.jpg","contentUrl":"https:\/\/kuali.com.mx\/web\/wp-content\/uploads\/2024\/04\/ARTE-A.jpg","width":1670,"height":750},{"@type":"BreadcrumbList","@id":"https:\/\/kuali.com.mx\/web\/2024\/04\/17\/inauguran-exposicion-arte-sano-entre-artistas-7-0\/#breadcrumb","itemListElement":[{"@type":"ListItem","position":1,"name":"Inicio","item":"https:\/\/kuali.com.mx\/web\/"},{"@type":"ListItem","position":2,"name":"INAUGURAN EXPOSICI\u00d3N &#8220;ARTE SANO ENTRE ARTISTAS 7.0&#8221;"}]},{"@type":"WebSite","@id":"https:\/\/kuali.com.mx\/web\/#website","url":"https:\/\/kuali.com.mx\/web\/","name":"Kuali","description":"","potentialAction":[{"@type":"SearchAction","target":{"@type":"EntryPoint","urlTemplate":"https:\/\/kuali.com.mx\/web\/?s={search_term_string}"},"query-input":{"@type":"PropertyValueSpecification","valueRequired":true,"valueName":"search_term_string"}}],"inLanguage":"es"},{"@type":"Person","@id":"https:\/\/kuali.com.mx\/web\/#\/schema\/person\/6f89ffa8ecba9dae50662357923c5289","name":"Kuali Staff","image":{"@type":"ImageObject","inLanguage":"es","@id":"https:\/\/secure.gravatar.com\/avatar\/f917ad82e5ab71227a733c78b6e60715476f69ee6be59feee4eb5d9920c89e0f?s=96&d=mm&r=g","url":"https:\/\/secure.gravatar.com\/avatar\/f917ad82e5ab71227a733c78b6e60715476f69ee6be59feee4eb5d9920c89e0f?s=96&d=mm&r=g","contentUrl":"https:\/\/secure.gravatar.com\/avatar\/f917ad82e5ab71227a733c78b6e60715476f69ee6be59feee4eb5d9920c89e0f?s=96&d=mm&r=g","caption":"Kuali Staff"},"url":"https:\/\/kuali.com.mx\/web\/author\/lagarto\/"}]}},"_links":{"self":[{"href":"https:\/\/kuali.com.mx\/web\/wp-json\/wp\/v2\/posts\/141099","targetHints":{"allow":["GET"]}}],"collection":[{"href":"https:\/\/kuali.com.mx\/web\/wp-json\/wp\/v2\/posts"}],"about":[{"href":"https:\/\/kuali.com.mx\/web\/wp-json\/wp\/v2\/types\/post"}],"author":[{"embeddable":true,"href":"https:\/\/kuali.com.mx\/web\/wp-json\/wp\/v2\/users\/2"}],"replies":[{"embeddable":true,"href":"https:\/\/kuali.com.mx\/web\/wp-json\/wp\/v2\/comments?post=141099"}],"version-history":[{"count":1,"href":"https:\/\/kuali.com.mx\/web\/wp-json\/wp\/v2\/posts\/141099\/revisions"}],"predecessor-version":[{"id":141104,"href":"https:\/\/kuali.com.mx\/web\/wp-json\/wp\/v2\/posts\/141099\/revisions\/141104"}],"wp:featuredmedia":[{"embeddable":true,"href":"https:\/\/kuali.com.mx\/web\/wp-json\/wp\/v2\/media\/141101"}],"wp:attachment":[{"href":"https:\/\/kuali.com.mx\/web\/wp-json\/wp\/v2\/media?parent=141099"}],"wp:term":[{"taxonomy":"category","embeddable":true,"href":"https:\/\/kuali.com.mx\/web\/wp-json\/wp\/v2\/categories?post=141099"},{"taxonomy":"post_tag","embeddable":true,"href":"https:\/\/kuali.com.mx\/web\/wp-json\/wp\/v2\/tags?post=141099"}],"curies":[{"name":"wp","href":"https:\/\/api.w.org\/{rel}","templated":true}]}}