{"id":139601,"date":"2024-03-28T10:45:44","date_gmt":"2024-03-28T16:45:44","guid":{"rendered":"https:\/\/kuali.com.mx\/web\/?p=139601"},"modified":"2024-03-28T18:47:10","modified_gmt":"2024-03-29T00:47:10","slug":"celebran-aniversario-del-museo-palacio-de-los-poderes","status":"publish","type":"post","link":"https:\/\/kuali.com.mx\/web\/2024\/03\/28\/celebran-aniversario-del-museo-palacio-de-los-poderes\/","title":{"rendered":"CELEBRAN ANIVERSARIO DEL MUSEO PALACIO DE LOS PODERES"},"content":{"rendered":"\n<p><strong>Kuali\/Guanajuato, Gto.- <\/strong>Celebran siete a\u00f1os del museo Palacio de los Poderes con dos exposiciones de fotograf\u00eda y arquitectura.<\/p>\n\n\n\n<p>El Guanajuato de anta\u00f1o captado por la lente de Luis Calvillo Vega, Mustaf\u00e1 y la genialidad constructiva de Cecil Louis Long son las nuevas exposiciones en el antiguo Palacio de los Poderes, que en marzo cumple su s\u00e9ptimo aniversario como museo.<\/p>\n\n\n\n<p>\u201cMustaf\u00e1. Las bellezas de mi terru\u00f1o\u201d y \u201cCecil Louis Long, maestro del tiempo y del espacio\u201d, son la muestras inauguradas en un acto encabezado por Adriana Camarena de Obeso, directora del Instituto Estatal dela Cultura (IEC); Lisette Ahedo Espinosa, directora del Instituto Cultural de Le\u00f3n (ICL), el fot\u00f3grafo Antonio Galindo Mart\u00ednez y el documentalista Guillermo Montemayor.<\/p>\n\n\n\n<p>Camarena de Obeso resalt\u00f3 que la exposici\u00f3n fotogr\u00e1fica de Mustaf\u00e1 ofrece una ventana al Guanajuato que el artista contemplaba, revelando lo que esta ciudad significaba para \u00e9l. Su obra, perpetuada en el tiempo, captura con precisi\u00f3n los espacios, la gente y las estampas cotidianas que hoy forman parte del tejido mismo de la memoria de la ciudad capital.<\/p>\n\n\n\n<p>Antonio Galindo Mart\u00ednez, curador de la exposici\u00f3n que se puede apreciar en las salas 1 y 2 del Museo Palacio de los Poderes, dijo que la mayor\u00eda de las 53 im\u00e1genes pertenecen a un coleccionista que ha sabido resguardarlas<\/p>\n\n\n\n<p>La mayor parte de las fotograf\u00edas son en sepia, pero tambi\u00e9n regulaba el positivado, t\u00e9cnica en la que fue pionero, y coloreaba las copias con pintura de agua y pincel. \u201cEl arte es mi vida\u201d, dec\u00eda Mustaf\u00e1, y esta misma pasi\u00f3n y amor quedaron plasmados a trav\u00e9s de su lente.<\/p>\n\n\n\n<p>Antonio Galindo se\u00f1al\u00f3 que la obra de Mustaf\u00e1, sobrenombre con que fue conocido Luis Calvillo Vega, forma parte de la herencia de los guanajuatenses, pues fue un visionario que perpetu\u00f3 con su c\u00e1mara cada una de las postales de esta tierra que tanto lo enamor\u00f3.<\/p>\n\n\n\n<p>En las salas temporales 3 y 5 del mismo palacio se encuentra la exposici\u00f3n: \u201cCecil Louis Long, maestro del tiempo y del espacio\u201d, una colaboraci\u00f3n del IEC con el Museo de las Identidades Leones y el Instituto Cultural de Le\u00f3n, en torno a este notable personaje que fue relojero de profesi\u00f3n y arquitecto por vocaci\u00f3n.<\/p>\n\n\n\n<p>Fue tambi\u00e9n cient\u00edfico, so\u00f1ador y gu\u00eda. La exposici\u00f3n est\u00e1 inspirada en una serie de 14 cartas, una de ellas escrita una semana antes de su muerte. Alejandro Balderas, curador de esta exposici\u00f3n, destac\u00f3 que Long era el ingl\u00e9s m\u00e1s leon\u00e9s que se conoc\u00eda. Dialogaba con las estrellas, escrib\u00eda cuentos y era un adelantado de su tiempo.<\/p>\n\n\n\n<p>La exposici\u00f3n es un cari\u00f1oso portal a la intimidad del artista que detalla fragmentos de su vida y muestra una maqueta de su casa con la torre observatorio que era su orgullo y en la que se concentraban los grandes placeres de su vida: la astronom\u00eda, los libros, la arquitectura, la relojer\u00eda.<\/p>\n\n\n\n<p>El Palacio de los Poderes se alza como la obra cumbre de Luis Long. Tras su nombramiento como superintendente, se le encomend\u00f3 la misi\u00f3n de crear un edificio a la altura de su prop\u00f3sito: albergar los tres poderes del estado. Fruto de su talento e ingenio, naci\u00f3 el emblem\u00e1tico recinto que hoy se yergue como testimonio del eclecticismo arquitect\u00f3nico de la \u00e9poca.<\/p>\n\n\n\n<p>Fue el primer edificio con energ\u00eda el\u00e9ctrica, con 365 focos en el sal\u00f3n del pleno y captaci\u00f3n de agua de lluvia. La firma del maestro Long puede apreciarse en la segunda parte de la escalera y en la fachada.<\/p>\n\n\n\n<p>\u201cMustaf\u00e1. Las bellezas de mi terru\u00f1o\u201d y \u201cCecil Louis Long, maestro del tiempo y del espacio\u201d estar\u00e1n abiertas al p\u00fablico en el Museo Palacio de los Poderes hasta el 9 de junio.<\/p>\n","protected":false},"excerpt":{"rendered":"Kuali\/Guanajuato, Gto.- Celebran siete a\u00f1os del museo Palacio de los Poderes con dos exposiciones de fotograf\u00eda y arquitectura. El Guanajuato de anta\u00f1o captado por la lente de Luis Calvillo Vega, Mustaf\u00e1 y la genialidad constructiva de Cecil Louis Long son las nuevas exposiciones en el antiguo Palacio de los Poderes, que en marzo cumple su [&hellip;]","protected":false},"author":2,"featured_media":139607,"comment_status":"open","ping_status":"open","sticky":false,"template":"","format":"standard","meta":{"_seopress_robots_primary_cat":"none","_seopress_titles_title":"","_seopress_titles_desc":"","_seopress_robots_index":"","_monsterinsights_skip_tracking":false,"_monsterinsights_sitenote_active":false,"_monsterinsights_sitenote_note":"","_monsterinsights_sitenote_category":0,"footnotes":""},"categories":[8],"tags":[127,9,3660,3659],"class_list":["post-139601","post","type-post","status-publish","format-standard","has-post-thumbnail","hentry","category-espectaculos","tag-arte-y-cultura","tag-guanajuato","tag-museo","tag-palacio-de-los-poderes"],"yoast_head":"<!-- This site is optimized with the Yoast SEO plugin v27.4 - https:\/\/yoast.com\/product\/yoast-seo-wordpress\/ -->\n<title>CELEBRAN ANIVERSARIO DEL MUSEO PALACIO DE LOS PODERES - Kuali<\/title>\n<meta name=\"robots\" content=\"index, follow, max-snippet:-1, max-image-preview:large, max-video-preview:-1\" \/>\n<link rel=\"canonical\" href=\"https:\/\/kuali.com.mx\/web\/2024\/03\/28\/celebran-aniversario-del-museo-palacio-de-los-poderes\/\" \/>\n<meta property=\"og:locale\" content=\"es_MX\" \/>\n<meta property=\"og:type\" content=\"article\" \/>\n<meta property=\"og:title\" content=\"CELEBRAN ANIVERSARIO DEL MUSEO PALACIO DE LOS PODERES - Kuali\" \/>\n<meta property=\"og:description\" content=\"Kuali\/Guanajuato, Gto.- Celebran siete a\u00f1os del museo Palacio de los Poderes con dos exposiciones de fotograf\u00eda y arquitectura. El Guanajuato de anta\u00f1o captado por la lente de Luis Calvillo Vega, Mustaf\u00e1 y la genialidad constructiva de Cecil Louis Long son las nuevas exposiciones en el antiguo Palacio de los Poderes, que en marzo cumple su [&hellip;]\" \/>\n<meta property=\"og:url\" content=\"https:\/\/kuali.com.mx\/web\/2024\/03\/28\/celebran-aniversario-del-museo-palacio-de-los-poderes\/\" \/>\n<meta property=\"og:site_name\" content=\"Kuali\" \/>\n<meta property=\"article:publisher\" content=\"https:\/\/kuali.com.mx\/web\/wp-content\/uploads\/2018\/04\/cropped-kuali_logo-1-1.png\" \/>\n<meta property=\"article:published_time\" content=\"2024-03-28T16:45:44+00:00\" \/>\n<meta property=\"article:modified_time\" content=\"2024-03-29T00:47:10+00:00\" \/>\n<meta property=\"og:image\" content=\"https:\/\/kuali.com.mx\/web\/wp-content\/uploads\/2024\/03\/Exposiciones.gif\" \/>\n\t<meta property=\"og:image:width\" content=\"1700\" \/>\n\t<meta property=\"og:image:height\" content=\"750\" \/>\n\t<meta property=\"og:image:type\" content=\"image\/gif\" \/>\n<meta name=\"author\" content=\"Kuali Staff\" \/>\n<meta name=\"twitter:card\" content=\"summary_large_image\" \/>\n<meta name=\"twitter:creator\" content=\"@kuali_noticias\" \/>\n<meta name=\"twitter:site\" content=\"@kuali_noticias\" \/>\n<meta name=\"twitter:label1\" content=\"Escrito por\" \/>\n\t<meta name=\"twitter:data1\" content=\"Kuali Staff\" \/>\n\t<meta name=\"twitter:label2\" content=\"Tiempo de lectura\" \/>\n\t<meta name=\"twitter:data2\" content=\"3 minutos\" \/>\n<script type=\"application\/ld+json\" class=\"yoast-schema-graph\">{\"@context\":\"https:\\\/\\\/schema.org\",\"@graph\":[{\"@type\":\"Article\",\"@id\":\"https:\\\/\\\/kuali.com.mx\\\/web\\\/2024\\\/03\\\/28\\\/celebran-aniversario-del-museo-palacio-de-los-poderes\\\/#article\",\"isPartOf\":{\"@id\":\"https:\\\/\\\/kuali.com.mx\\\/web\\\/2024\\\/03\\\/28\\\/celebran-aniversario-del-museo-palacio-de-los-poderes\\\/\"},\"author\":{\"name\":\"Kuali Staff\",\"@id\":\"https:\\\/\\\/kuali.com.mx\\\/web\\\/#\\\/schema\\\/person\\\/6f89ffa8ecba9dae50662357923c5289\"},\"headline\":\"CELEBRAN ANIVERSARIO DEL MUSEO PALACIO DE LOS PODERES\",\"datePublished\":\"2024-03-28T16:45:44+00:00\",\"dateModified\":\"2024-03-29T00:47:10+00:00\",\"mainEntityOfPage\":{\"@id\":\"https:\\\/\\\/kuali.com.mx\\\/web\\\/2024\\\/03\\\/28\\\/celebran-aniversario-del-museo-palacio-de-los-poderes\\\/\"},\"wordCount\":659,\"commentCount\":0,\"image\":{\"@id\":\"https:\\\/\\\/kuali.com.mx\\\/web\\\/2024\\\/03\\\/28\\\/celebran-aniversario-del-museo-palacio-de-los-poderes\\\/#primaryimage\"},\"thumbnailUrl\":\"https:\\\/\\\/kuali.com.mx\\\/web\\\/wp-content\\\/uploads\\\/2024\\\/03\\\/Exposiciones.gif\",\"keywords\":[\"Arte y cultura\",\"Guanajuato\",\"Museo\",\"Palacio de los Poderes\"],\"articleSection\":[\"Cultura\"],\"inLanguage\":\"es\",\"potentialAction\":[{\"@type\":\"CommentAction\",\"name\":\"Comment\",\"target\":[\"https:\\\/\\\/kuali.com.mx\\\/web\\\/2024\\\/03\\\/28\\\/celebran-aniversario-del-museo-palacio-de-los-poderes\\\/#respond\"]}]},{\"@type\":\"WebPage\",\"@id\":\"https:\\\/\\\/kuali.com.mx\\\/web\\\/2024\\\/03\\\/28\\\/celebran-aniversario-del-museo-palacio-de-los-poderes\\\/\",\"url\":\"https:\\\/\\\/kuali.com.mx\\\/web\\\/2024\\\/03\\\/28\\\/celebran-aniversario-del-museo-palacio-de-los-poderes\\\/\",\"name\":\"CELEBRAN ANIVERSARIO DEL MUSEO PALACIO DE LOS PODERES - Kuali\",\"isPartOf\":{\"@id\":\"https:\\\/\\\/kuali.com.mx\\\/web\\\/#website\"},\"primaryImageOfPage\":{\"@id\":\"https:\\\/\\\/kuali.com.mx\\\/web\\\/2024\\\/03\\\/28\\\/celebran-aniversario-del-museo-palacio-de-los-poderes\\\/#primaryimage\"},\"image\":{\"@id\":\"https:\\\/\\\/kuali.com.mx\\\/web\\\/2024\\\/03\\\/28\\\/celebran-aniversario-del-museo-palacio-de-los-poderes\\\/#primaryimage\"},\"thumbnailUrl\":\"https:\\\/\\\/kuali.com.mx\\\/web\\\/wp-content\\\/uploads\\\/2024\\\/03\\\/Exposiciones.gif\",\"datePublished\":\"2024-03-28T16:45:44+00:00\",\"dateModified\":\"2024-03-29T00:47:10+00:00\",\"author\":{\"@id\":\"https:\\\/\\\/kuali.com.mx\\\/web\\\/#\\\/schema\\\/person\\\/6f89ffa8ecba9dae50662357923c5289\"},\"breadcrumb\":{\"@id\":\"https:\\\/\\\/kuali.com.mx\\\/web\\\/2024\\\/03\\\/28\\\/celebran-aniversario-del-museo-palacio-de-los-poderes\\\/#breadcrumb\"},\"inLanguage\":\"es\",\"potentialAction\":[{\"@type\":\"ReadAction\",\"target\":[\"https:\\\/\\\/kuali.com.mx\\\/web\\\/2024\\\/03\\\/28\\\/celebran-aniversario-del-museo-palacio-de-los-poderes\\\/\"]}]},{\"@type\":\"ImageObject\",\"inLanguage\":\"es\",\"@id\":\"https:\\\/\\\/kuali.com.mx\\\/web\\\/2024\\\/03\\\/28\\\/celebran-aniversario-del-museo-palacio-de-los-poderes\\\/#primaryimage\",\"url\":\"https:\\\/\\\/kuali.com.mx\\\/web\\\/wp-content\\\/uploads\\\/2024\\\/03\\\/Exposiciones.gif\",\"contentUrl\":\"https:\\\/\\\/kuali.com.mx\\\/web\\\/wp-content\\\/uploads\\\/2024\\\/03\\\/Exposiciones.gif\",\"width\":1700,\"height\":750},{\"@type\":\"BreadcrumbList\",\"@id\":\"https:\\\/\\\/kuali.com.mx\\\/web\\\/2024\\\/03\\\/28\\\/celebran-aniversario-del-museo-palacio-de-los-poderes\\\/#breadcrumb\",\"itemListElement\":[{\"@type\":\"ListItem\",\"position\":1,\"name\":\"Inicio\",\"item\":\"https:\\\/\\\/kuali.com.mx\\\/web\\\/\"},{\"@type\":\"ListItem\",\"position\":2,\"name\":\"CELEBRAN ANIVERSARIO DEL MUSEO PALACIO DE LOS PODERES\"}]},{\"@type\":\"WebSite\",\"@id\":\"https:\\\/\\\/kuali.com.mx\\\/web\\\/#website\",\"url\":\"https:\\\/\\\/kuali.com.mx\\\/web\\\/\",\"name\":\"Kuali\",\"description\":\"\",\"potentialAction\":[{\"@type\":\"SearchAction\",\"target\":{\"@type\":\"EntryPoint\",\"urlTemplate\":\"https:\\\/\\\/kuali.com.mx\\\/web\\\/?s={search_term_string}\"},\"query-input\":{\"@type\":\"PropertyValueSpecification\",\"valueRequired\":true,\"valueName\":\"search_term_string\"}}],\"inLanguage\":\"es\"},{\"@type\":\"Person\",\"@id\":\"https:\\\/\\\/kuali.com.mx\\\/web\\\/#\\\/schema\\\/person\\\/6f89ffa8ecba9dae50662357923c5289\",\"name\":\"Kuali Staff\",\"image\":{\"@type\":\"ImageObject\",\"inLanguage\":\"es\",\"@id\":\"https:\\\/\\\/secure.gravatar.com\\\/avatar\\\/f917ad82e5ab71227a733c78b6e60715476f69ee6be59feee4eb5d9920c89e0f?s=96&d=mm&r=g\",\"url\":\"https:\\\/\\\/secure.gravatar.com\\\/avatar\\\/f917ad82e5ab71227a733c78b6e60715476f69ee6be59feee4eb5d9920c89e0f?s=96&d=mm&r=g\",\"contentUrl\":\"https:\\\/\\\/secure.gravatar.com\\\/avatar\\\/f917ad82e5ab71227a733c78b6e60715476f69ee6be59feee4eb5d9920c89e0f?s=96&d=mm&r=g\",\"caption\":\"Kuali Staff\"},\"url\":\"https:\\\/\\\/kuali.com.mx\\\/web\\\/author\\\/lagarto\\\/\"}]}<\/script>\n<!-- \/ Yoast SEO plugin. -->","yoast_head_json":{"title":"CELEBRAN ANIVERSARIO DEL MUSEO PALACIO DE LOS PODERES - Kuali","robots":{"index":"index","follow":"follow","max-snippet":"max-snippet:-1","max-image-preview":"max-image-preview:large","max-video-preview":"max-video-preview:-1"},"canonical":"https:\/\/kuali.com.mx\/web\/2024\/03\/28\/celebran-aniversario-del-museo-palacio-de-los-poderes\/","og_locale":"es_MX","og_type":"article","og_title":"CELEBRAN ANIVERSARIO DEL MUSEO PALACIO DE LOS PODERES - Kuali","og_description":"Kuali\/Guanajuato, Gto.- Celebran siete a\u00f1os del museo Palacio de los Poderes con dos exposiciones de fotograf\u00eda y arquitectura. El Guanajuato de anta\u00f1o captado por la lente de Luis Calvillo Vega, Mustaf\u00e1 y la genialidad constructiva de Cecil Louis Long son las nuevas exposiciones en el antiguo Palacio de los Poderes, que en marzo cumple su [&hellip;]","og_url":"https:\/\/kuali.com.mx\/web\/2024\/03\/28\/celebran-aniversario-del-museo-palacio-de-los-poderes\/","og_site_name":"Kuali","article_publisher":"https:\/\/kuali.com.mx\/web\/wp-content\/uploads\/2018\/04\/cropped-kuali_logo-1-1.png","article_published_time":"2024-03-28T16:45:44+00:00","article_modified_time":"2024-03-29T00:47:10+00:00","og_image":[{"width":1700,"height":750,"url":"https:\/\/kuali.com.mx\/web\/wp-content\/uploads\/2024\/03\/Exposiciones.gif","type":"image\/gif"}],"author":"Kuali Staff","twitter_card":"summary_large_image","twitter_creator":"@kuali_noticias","twitter_site":"@kuali_noticias","twitter_misc":{"Escrito por":"Kuali Staff","Tiempo de lectura":"3 minutos"},"schema":{"@context":"https:\/\/schema.org","@graph":[{"@type":"Article","@id":"https:\/\/kuali.com.mx\/web\/2024\/03\/28\/celebran-aniversario-del-museo-palacio-de-los-poderes\/#article","isPartOf":{"@id":"https:\/\/kuali.com.mx\/web\/2024\/03\/28\/celebran-aniversario-del-museo-palacio-de-los-poderes\/"},"author":{"name":"Kuali Staff","@id":"https:\/\/kuali.com.mx\/web\/#\/schema\/person\/6f89ffa8ecba9dae50662357923c5289"},"headline":"CELEBRAN ANIVERSARIO DEL MUSEO PALACIO DE LOS PODERES","datePublished":"2024-03-28T16:45:44+00:00","dateModified":"2024-03-29T00:47:10+00:00","mainEntityOfPage":{"@id":"https:\/\/kuali.com.mx\/web\/2024\/03\/28\/celebran-aniversario-del-museo-palacio-de-los-poderes\/"},"wordCount":659,"commentCount":0,"image":{"@id":"https:\/\/kuali.com.mx\/web\/2024\/03\/28\/celebran-aniversario-del-museo-palacio-de-los-poderes\/#primaryimage"},"thumbnailUrl":"https:\/\/kuali.com.mx\/web\/wp-content\/uploads\/2024\/03\/Exposiciones.gif","keywords":["Arte y cultura","Guanajuato","Museo","Palacio de los Poderes"],"articleSection":["Cultura"],"inLanguage":"es","potentialAction":[{"@type":"CommentAction","name":"Comment","target":["https:\/\/kuali.com.mx\/web\/2024\/03\/28\/celebran-aniversario-del-museo-palacio-de-los-poderes\/#respond"]}]},{"@type":"WebPage","@id":"https:\/\/kuali.com.mx\/web\/2024\/03\/28\/celebran-aniversario-del-museo-palacio-de-los-poderes\/","url":"https:\/\/kuali.com.mx\/web\/2024\/03\/28\/celebran-aniversario-del-museo-palacio-de-los-poderes\/","name":"CELEBRAN ANIVERSARIO DEL MUSEO PALACIO DE LOS PODERES - Kuali","isPartOf":{"@id":"https:\/\/kuali.com.mx\/web\/#website"},"primaryImageOfPage":{"@id":"https:\/\/kuali.com.mx\/web\/2024\/03\/28\/celebran-aniversario-del-museo-palacio-de-los-poderes\/#primaryimage"},"image":{"@id":"https:\/\/kuali.com.mx\/web\/2024\/03\/28\/celebran-aniversario-del-museo-palacio-de-los-poderes\/#primaryimage"},"thumbnailUrl":"https:\/\/kuali.com.mx\/web\/wp-content\/uploads\/2024\/03\/Exposiciones.gif","datePublished":"2024-03-28T16:45:44+00:00","dateModified":"2024-03-29T00:47:10+00:00","author":{"@id":"https:\/\/kuali.com.mx\/web\/#\/schema\/person\/6f89ffa8ecba9dae50662357923c5289"},"breadcrumb":{"@id":"https:\/\/kuali.com.mx\/web\/2024\/03\/28\/celebran-aniversario-del-museo-palacio-de-los-poderes\/#breadcrumb"},"inLanguage":"es","potentialAction":[{"@type":"ReadAction","target":["https:\/\/kuali.com.mx\/web\/2024\/03\/28\/celebran-aniversario-del-museo-palacio-de-los-poderes\/"]}]},{"@type":"ImageObject","inLanguage":"es","@id":"https:\/\/kuali.com.mx\/web\/2024\/03\/28\/celebran-aniversario-del-museo-palacio-de-los-poderes\/#primaryimage","url":"https:\/\/kuali.com.mx\/web\/wp-content\/uploads\/2024\/03\/Exposiciones.gif","contentUrl":"https:\/\/kuali.com.mx\/web\/wp-content\/uploads\/2024\/03\/Exposiciones.gif","width":1700,"height":750},{"@type":"BreadcrumbList","@id":"https:\/\/kuali.com.mx\/web\/2024\/03\/28\/celebran-aniversario-del-museo-palacio-de-los-poderes\/#breadcrumb","itemListElement":[{"@type":"ListItem","position":1,"name":"Inicio","item":"https:\/\/kuali.com.mx\/web\/"},{"@type":"ListItem","position":2,"name":"CELEBRAN ANIVERSARIO DEL MUSEO PALACIO DE LOS PODERES"}]},{"@type":"WebSite","@id":"https:\/\/kuali.com.mx\/web\/#website","url":"https:\/\/kuali.com.mx\/web\/","name":"Kuali","description":"","potentialAction":[{"@type":"SearchAction","target":{"@type":"EntryPoint","urlTemplate":"https:\/\/kuali.com.mx\/web\/?s={search_term_string}"},"query-input":{"@type":"PropertyValueSpecification","valueRequired":true,"valueName":"search_term_string"}}],"inLanguage":"es"},{"@type":"Person","@id":"https:\/\/kuali.com.mx\/web\/#\/schema\/person\/6f89ffa8ecba9dae50662357923c5289","name":"Kuali Staff","image":{"@type":"ImageObject","inLanguage":"es","@id":"https:\/\/secure.gravatar.com\/avatar\/f917ad82e5ab71227a733c78b6e60715476f69ee6be59feee4eb5d9920c89e0f?s=96&d=mm&r=g","url":"https:\/\/secure.gravatar.com\/avatar\/f917ad82e5ab71227a733c78b6e60715476f69ee6be59feee4eb5d9920c89e0f?s=96&d=mm&r=g","contentUrl":"https:\/\/secure.gravatar.com\/avatar\/f917ad82e5ab71227a733c78b6e60715476f69ee6be59feee4eb5d9920c89e0f?s=96&d=mm&r=g","caption":"Kuali Staff"},"url":"https:\/\/kuali.com.mx\/web\/author\/lagarto\/"}]}},"_links":{"self":[{"href":"https:\/\/kuali.com.mx\/web\/wp-json\/wp\/v2\/posts\/139601","targetHints":{"allow":["GET"]}}],"collection":[{"href":"https:\/\/kuali.com.mx\/web\/wp-json\/wp\/v2\/posts"}],"about":[{"href":"https:\/\/kuali.com.mx\/web\/wp-json\/wp\/v2\/types\/post"}],"author":[{"embeddable":true,"href":"https:\/\/kuali.com.mx\/web\/wp-json\/wp\/v2\/users\/2"}],"replies":[{"embeddable":true,"href":"https:\/\/kuali.com.mx\/web\/wp-json\/wp\/v2\/comments?post=139601"}],"version-history":[{"count":1,"href":"https:\/\/kuali.com.mx\/web\/wp-json\/wp\/v2\/posts\/139601\/revisions"}],"predecessor-version":[{"id":139608,"href":"https:\/\/kuali.com.mx\/web\/wp-json\/wp\/v2\/posts\/139601\/revisions\/139608"}],"wp:featuredmedia":[{"embeddable":true,"href":"https:\/\/kuali.com.mx\/web\/wp-json\/wp\/v2\/media\/139607"}],"wp:attachment":[{"href":"https:\/\/kuali.com.mx\/web\/wp-json\/wp\/v2\/media?parent=139601"}],"wp:term":[{"taxonomy":"category","embeddable":true,"href":"https:\/\/kuali.com.mx\/web\/wp-json\/wp\/v2\/categories?post=139601"},{"taxonomy":"post_tag","embeddable":true,"href":"https:\/\/kuali.com.mx\/web\/wp-json\/wp\/v2\/tags?post=139601"}],"curies":[{"name":"wp","href":"https:\/\/api.w.org\/{rel}","templated":true}]}}