{"id":139222,"date":"2024-03-22T20:14:26","date_gmt":"2024-03-23T02:14:26","guid":{"rendered":"https:\/\/kuali.com.mx\/web\/?p=139222"},"modified":"2024-03-22T20:14:39","modified_gmt":"2024-03-23T02:14:39","slug":"salen-de-vacaciones-1-7-millones-de-estudiantes","status":"publish","type":"post","link":"https:\/\/kuali.com.mx\/web\/2024\/03\/22\/salen-de-vacaciones-1-7-millones-de-estudiantes\/","title":{"rendered":"SALEN DE VACACIONES 1.7 MILLONES DE ESTUDIANTES"},"content":{"rendered":"\n<p><strong><em>Kuali\/Le\u00f3n, Gto.-<\/em><\/strong>La Secretar\u00eda de Educaci\u00f3n de Guanajuato (SEG) inform\u00f3 que el periodo vacacional de la Semana Santa y Pascua ser\u00e1 25 de marzo al 5 de abril.<\/p>\n\n\n\n<p>Saldr\u00e1n de vacaciones los estudiantes de todos los niveles educativos, as\u00ed como el personal docente y administrativo, tanto de escuelas p\u00fablicas como privadas, tendr\u00e1n la oportunidad de tomar un merecido descanso.<\/p>\n\n\n\n<p>Aproximadamente 1 mill\u00f3n 700 mil estudiantes y 95 mil docentes, disfrutar\u00e1n de este periodo vacacional.<\/p>\n\n\n\n<p>El retorno a las aulas est\u00e1 programado para el lunes 8 de abril para los estudiantes de educaci\u00f3n b\u00e1sica. En el caso de los estudiantes de educaci\u00f3n media superior y superior, su periodo vacacional puede variar de acuerdo con lo establecido en el calendario de cada subsistema.<\/p>\n\n\n\n<p>En este sentido, la Secretar\u00eda de Educaci\u00f3n de Guanajuato, en colaboraci\u00f3n con los cuerpos de seguridad de los municipios y los consejos escolares de padres de familia, implementar\u00e1 un programa de vigilancia para favorecer la seguridad y preservaci\u00f3n de los bienes muebles e inmuebles de las escuelas durante este periodo vacacional.<\/p>\n\n\n\n<p>Asimismo, se insta a la comunidad a colaborar activamente en la seguridad de las instituciones educativas, reportando cualquier incidencia o da\u00f1o a trav\u00e9s de las l\u00edneas de atenci\u00f3n 911, 089 o 075.<\/p>\n\n\n\n<p>Las Delegaciones Regionales de la Secretar\u00eda de Educaci\u00f3n estar\u00e1n en constante coordinaci\u00f3n con madres y padres de familia para garantizar un retorno seguro y ordenado a las actividades escolares.<\/p>\n","protected":false},"excerpt":{"rendered":"Kuali\/Le\u00f3n, Gto.-La Secretar\u00eda de Educaci\u00f3n de Guanajuato (SEG) inform\u00f3 que el periodo vacacional de la Semana Santa y Pascua ser\u00e1 25 de marzo al 5 de abril. Saldr\u00e1n de vacaciones los estudiantes de todos los niveles educativos, as\u00ed como el personal docente y administrativo, tanto de escuelas p\u00fablicas como privadas, tendr\u00e1n la oportunidad de tomar [&hellip;]","protected":false},"author":2,"featured_media":74249,"comment_status":"open","ping_status":"open","sticky":false,"template":"","format":"standard","meta":{"_seopress_robots_primary_cat":"none","_seopress_titles_title":"","_seopress_titles_desc":"","_seopress_robots_index":"","_monsterinsights_skip_tracking":false,"_monsterinsights_sitenote_active":false,"_monsterinsights_sitenote_note":"","_monsterinsights_sitenote_category":0,"footnotes":""},"categories":[4,69],"tags":[],"class_list":["post-139222","post","type-post","status-publish","format-standard","has-post-thumbnail","hentry","category-educacion","category-slider"],"yoast_head":"<!-- This site is optimized with the Yoast SEO plugin v27.4 - https:\/\/yoast.com\/product\/yoast-seo-wordpress\/ -->\n<title>SALEN DE VACACIONES 1.7 MILLONES DE ESTUDIANTES - Kuali<\/title>\n<meta name=\"robots\" content=\"index, follow, max-snippet:-1, max-image-preview:large, max-video-preview:-1\" \/>\n<link rel=\"canonical\" href=\"https:\/\/kuali.com.mx\/web\/2024\/03\/22\/salen-de-vacaciones-1-7-millones-de-estudiantes\/\" \/>\n<meta property=\"og:locale\" content=\"es_MX\" \/>\n<meta property=\"og:type\" content=\"article\" \/>\n<meta property=\"og:title\" content=\"SALEN DE VACACIONES 1.7 MILLONES DE ESTUDIANTES - Kuali\" \/>\n<meta property=\"og:description\" content=\"Kuali\/Le\u00f3n, Gto.-La Secretar\u00eda de Educaci\u00f3n de Guanajuato (SEG) inform\u00f3 que el periodo vacacional de la Semana Santa y Pascua ser\u00e1 25 de marzo al 5 de abril. Saldr\u00e1n de vacaciones los estudiantes de todos los niveles educativos, as\u00ed como el personal docente y administrativo, tanto de escuelas p\u00fablicas como privadas, tendr\u00e1n la oportunidad de tomar [&hellip;]\" \/>\n<meta property=\"og:url\" content=\"https:\/\/kuali.com.mx\/web\/2024\/03\/22\/salen-de-vacaciones-1-7-millones-de-estudiantes\/\" \/>\n<meta property=\"og:site_name\" content=\"Kuali\" \/>\n<meta property=\"article:publisher\" content=\"https:\/\/kuali.com.mx\/web\/wp-content\/uploads\/2018\/04\/cropped-kuali_logo-1-1.png\" \/>\n<meta property=\"article:published_time\" content=\"2024-03-23T02:14:26+00:00\" \/>\n<meta property=\"article:modified_time\" content=\"2024-03-23T02:14:39+00:00\" \/>\n<meta property=\"og:image\" content=\"https:\/\/kuali.com.mx\/web\/wp-content\/uploads\/2020\/09\/ESTUDIANTES-ESCUELA-ALUMNOS.jpg\" \/>\n\t<meta property=\"og:image:width\" content=\"1811\" \/>\n\t<meta property=\"og:image:height\" content=\"750\" \/>\n\t<meta property=\"og:image:type\" content=\"image\/jpeg\" \/>\n<meta name=\"author\" content=\"Kuali Staff\" \/>\n<meta name=\"twitter:card\" content=\"summary_large_image\" \/>\n<meta name=\"twitter:creator\" content=\"@kuali_noticias\" \/>\n<meta name=\"twitter:site\" content=\"@kuali_noticias\" \/>\n<meta name=\"twitter:label1\" content=\"Escrito por\" \/>\n\t<meta name=\"twitter:data1\" content=\"Kuali Staff\" \/>\n\t<meta name=\"twitter:label2\" content=\"Tiempo de lectura\" \/>\n\t<meta name=\"twitter:data2\" content=\"1 minuto\" \/>\n<script type=\"application\/ld+json\" class=\"yoast-schema-graph\">{\"@context\":\"https:\\\/\\\/schema.org\",\"@graph\":[{\"@type\":\"Article\",\"@id\":\"https:\\\/\\\/kuali.com.mx\\\/web\\\/2024\\\/03\\\/22\\\/salen-de-vacaciones-1-7-millones-de-estudiantes\\\/#article\",\"isPartOf\":{\"@id\":\"https:\\\/\\\/kuali.com.mx\\\/web\\\/2024\\\/03\\\/22\\\/salen-de-vacaciones-1-7-millones-de-estudiantes\\\/\"},\"author\":{\"name\":\"Kuali Staff\",\"@id\":\"https:\\\/\\\/kuali.com.mx\\\/web\\\/#\\\/schema\\\/person\\\/6f89ffa8ecba9dae50662357923c5289\"},\"headline\":\"SALEN DE VACACIONES 1.7 MILLONES DE ESTUDIANTES\",\"datePublished\":\"2024-03-23T02:14:26+00:00\",\"dateModified\":\"2024-03-23T02:14:39+00:00\",\"mainEntityOfPage\":{\"@id\":\"https:\\\/\\\/kuali.com.mx\\\/web\\\/2024\\\/03\\\/22\\\/salen-de-vacaciones-1-7-millones-de-estudiantes\\\/\"},\"wordCount\":255,\"commentCount\":0,\"image\":{\"@id\":\"https:\\\/\\\/kuali.com.mx\\\/web\\\/2024\\\/03\\\/22\\\/salen-de-vacaciones-1-7-millones-de-estudiantes\\\/#primaryimage\"},\"thumbnailUrl\":\"https:\\\/\\\/kuali.com.mx\\\/web\\\/wp-content\\\/uploads\\\/2020\\\/09\\\/ESTUDIANTES-ESCUELA-ALUMNOS.jpg\",\"articleSection\":[\"Educaci\u00f3n\",\"slider\"],\"inLanguage\":\"es\",\"potentialAction\":[{\"@type\":\"CommentAction\",\"name\":\"Comment\",\"target\":[\"https:\\\/\\\/kuali.com.mx\\\/web\\\/2024\\\/03\\\/22\\\/salen-de-vacaciones-1-7-millones-de-estudiantes\\\/#respond\"]}]},{\"@type\":\"WebPage\",\"@id\":\"https:\\\/\\\/kuali.com.mx\\\/web\\\/2024\\\/03\\\/22\\\/salen-de-vacaciones-1-7-millones-de-estudiantes\\\/\",\"url\":\"https:\\\/\\\/kuali.com.mx\\\/web\\\/2024\\\/03\\\/22\\\/salen-de-vacaciones-1-7-millones-de-estudiantes\\\/\",\"name\":\"SALEN DE VACACIONES 1.7 MILLONES DE ESTUDIANTES - Kuali\",\"isPartOf\":{\"@id\":\"https:\\\/\\\/kuali.com.mx\\\/web\\\/#website\"},\"primaryImageOfPage\":{\"@id\":\"https:\\\/\\\/kuali.com.mx\\\/web\\\/2024\\\/03\\\/22\\\/salen-de-vacaciones-1-7-millones-de-estudiantes\\\/#primaryimage\"},\"image\":{\"@id\":\"https:\\\/\\\/kuali.com.mx\\\/web\\\/2024\\\/03\\\/22\\\/salen-de-vacaciones-1-7-millones-de-estudiantes\\\/#primaryimage\"},\"thumbnailUrl\":\"https:\\\/\\\/kuali.com.mx\\\/web\\\/wp-content\\\/uploads\\\/2020\\\/09\\\/ESTUDIANTES-ESCUELA-ALUMNOS.jpg\",\"datePublished\":\"2024-03-23T02:14:26+00:00\",\"dateModified\":\"2024-03-23T02:14:39+00:00\",\"author\":{\"@id\":\"https:\\\/\\\/kuali.com.mx\\\/web\\\/#\\\/schema\\\/person\\\/6f89ffa8ecba9dae50662357923c5289\"},\"breadcrumb\":{\"@id\":\"https:\\\/\\\/kuali.com.mx\\\/web\\\/2024\\\/03\\\/22\\\/salen-de-vacaciones-1-7-millones-de-estudiantes\\\/#breadcrumb\"},\"inLanguage\":\"es\",\"potentialAction\":[{\"@type\":\"ReadAction\",\"target\":[\"https:\\\/\\\/kuali.com.mx\\\/web\\\/2024\\\/03\\\/22\\\/salen-de-vacaciones-1-7-millones-de-estudiantes\\\/\"]}]},{\"@type\":\"ImageObject\",\"inLanguage\":\"es\",\"@id\":\"https:\\\/\\\/kuali.com.mx\\\/web\\\/2024\\\/03\\\/22\\\/salen-de-vacaciones-1-7-millones-de-estudiantes\\\/#primaryimage\",\"url\":\"https:\\\/\\\/kuali.com.mx\\\/web\\\/wp-content\\\/uploads\\\/2020\\\/09\\\/ESTUDIANTES-ESCUELA-ALUMNOS.jpg\",\"contentUrl\":\"https:\\\/\\\/kuali.com.mx\\\/web\\\/wp-content\\\/uploads\\\/2020\\\/09\\\/ESTUDIANTES-ESCUELA-ALUMNOS.jpg\",\"width\":1811,\"height\":750},{\"@type\":\"BreadcrumbList\",\"@id\":\"https:\\\/\\\/kuali.com.mx\\\/web\\\/2024\\\/03\\\/22\\\/salen-de-vacaciones-1-7-millones-de-estudiantes\\\/#breadcrumb\",\"itemListElement\":[{\"@type\":\"ListItem\",\"position\":1,\"name\":\"Inicio\",\"item\":\"https:\\\/\\\/kuali.com.mx\\\/web\\\/\"},{\"@type\":\"ListItem\",\"position\":2,\"name\":\"SALEN DE VACACIONES 1.7 MILLONES DE ESTUDIANTES\"}]},{\"@type\":\"WebSite\",\"@id\":\"https:\\\/\\\/kuali.com.mx\\\/web\\\/#website\",\"url\":\"https:\\\/\\\/kuali.com.mx\\\/web\\\/\",\"name\":\"Kuali\",\"description\":\"\",\"potentialAction\":[{\"@type\":\"SearchAction\",\"target\":{\"@type\":\"EntryPoint\",\"urlTemplate\":\"https:\\\/\\\/kuali.com.mx\\\/web\\\/?s={search_term_string}\"},\"query-input\":{\"@type\":\"PropertyValueSpecification\",\"valueRequired\":true,\"valueName\":\"search_term_string\"}}],\"inLanguage\":\"es\"},{\"@type\":\"Person\",\"@id\":\"https:\\\/\\\/kuali.com.mx\\\/web\\\/#\\\/schema\\\/person\\\/6f89ffa8ecba9dae50662357923c5289\",\"name\":\"Kuali Staff\",\"image\":{\"@type\":\"ImageObject\",\"inLanguage\":\"es\",\"@id\":\"https:\\\/\\\/secure.gravatar.com\\\/avatar\\\/f917ad82e5ab71227a733c78b6e60715476f69ee6be59feee4eb5d9920c89e0f?s=96&d=mm&r=g\",\"url\":\"https:\\\/\\\/secure.gravatar.com\\\/avatar\\\/f917ad82e5ab71227a733c78b6e60715476f69ee6be59feee4eb5d9920c89e0f?s=96&d=mm&r=g\",\"contentUrl\":\"https:\\\/\\\/secure.gravatar.com\\\/avatar\\\/f917ad82e5ab71227a733c78b6e60715476f69ee6be59feee4eb5d9920c89e0f?s=96&d=mm&r=g\",\"caption\":\"Kuali Staff\"},\"url\":\"https:\\\/\\\/kuali.com.mx\\\/web\\\/author\\\/lagarto\\\/\"}]}<\/script>\n<!-- \/ Yoast SEO plugin. -->","yoast_head_json":{"title":"SALEN DE VACACIONES 1.7 MILLONES DE ESTUDIANTES - Kuali","robots":{"index":"index","follow":"follow","max-snippet":"max-snippet:-1","max-image-preview":"max-image-preview:large","max-video-preview":"max-video-preview:-1"},"canonical":"https:\/\/kuali.com.mx\/web\/2024\/03\/22\/salen-de-vacaciones-1-7-millones-de-estudiantes\/","og_locale":"es_MX","og_type":"article","og_title":"SALEN DE VACACIONES 1.7 MILLONES DE ESTUDIANTES - Kuali","og_description":"Kuali\/Le\u00f3n, Gto.-La Secretar\u00eda de Educaci\u00f3n de Guanajuato (SEG) inform\u00f3 que el periodo vacacional de la Semana Santa y Pascua ser\u00e1 25 de marzo al 5 de abril. Saldr\u00e1n de vacaciones los estudiantes de todos los niveles educativos, as\u00ed como el personal docente y administrativo, tanto de escuelas p\u00fablicas como privadas, tendr\u00e1n la oportunidad de tomar [&hellip;]","og_url":"https:\/\/kuali.com.mx\/web\/2024\/03\/22\/salen-de-vacaciones-1-7-millones-de-estudiantes\/","og_site_name":"Kuali","article_publisher":"https:\/\/kuali.com.mx\/web\/wp-content\/uploads\/2018\/04\/cropped-kuali_logo-1-1.png","article_published_time":"2024-03-23T02:14:26+00:00","article_modified_time":"2024-03-23T02:14:39+00:00","og_image":[{"width":1811,"height":750,"url":"https:\/\/kuali.com.mx\/web\/wp-content\/uploads\/2020\/09\/ESTUDIANTES-ESCUELA-ALUMNOS.jpg","type":"image\/jpeg"}],"author":"Kuali Staff","twitter_card":"summary_large_image","twitter_creator":"@kuali_noticias","twitter_site":"@kuali_noticias","twitter_misc":{"Escrito por":"Kuali Staff","Tiempo de lectura":"1 minuto"},"schema":{"@context":"https:\/\/schema.org","@graph":[{"@type":"Article","@id":"https:\/\/kuali.com.mx\/web\/2024\/03\/22\/salen-de-vacaciones-1-7-millones-de-estudiantes\/#article","isPartOf":{"@id":"https:\/\/kuali.com.mx\/web\/2024\/03\/22\/salen-de-vacaciones-1-7-millones-de-estudiantes\/"},"author":{"name":"Kuali Staff","@id":"https:\/\/kuali.com.mx\/web\/#\/schema\/person\/6f89ffa8ecba9dae50662357923c5289"},"headline":"SALEN DE VACACIONES 1.7 MILLONES DE ESTUDIANTES","datePublished":"2024-03-23T02:14:26+00:00","dateModified":"2024-03-23T02:14:39+00:00","mainEntityOfPage":{"@id":"https:\/\/kuali.com.mx\/web\/2024\/03\/22\/salen-de-vacaciones-1-7-millones-de-estudiantes\/"},"wordCount":255,"commentCount":0,"image":{"@id":"https:\/\/kuali.com.mx\/web\/2024\/03\/22\/salen-de-vacaciones-1-7-millones-de-estudiantes\/#primaryimage"},"thumbnailUrl":"https:\/\/kuali.com.mx\/web\/wp-content\/uploads\/2020\/09\/ESTUDIANTES-ESCUELA-ALUMNOS.jpg","articleSection":["Educaci\u00f3n","slider"],"inLanguage":"es","potentialAction":[{"@type":"CommentAction","name":"Comment","target":["https:\/\/kuali.com.mx\/web\/2024\/03\/22\/salen-de-vacaciones-1-7-millones-de-estudiantes\/#respond"]}]},{"@type":"WebPage","@id":"https:\/\/kuali.com.mx\/web\/2024\/03\/22\/salen-de-vacaciones-1-7-millones-de-estudiantes\/","url":"https:\/\/kuali.com.mx\/web\/2024\/03\/22\/salen-de-vacaciones-1-7-millones-de-estudiantes\/","name":"SALEN DE VACACIONES 1.7 MILLONES DE ESTUDIANTES - Kuali","isPartOf":{"@id":"https:\/\/kuali.com.mx\/web\/#website"},"primaryImageOfPage":{"@id":"https:\/\/kuali.com.mx\/web\/2024\/03\/22\/salen-de-vacaciones-1-7-millones-de-estudiantes\/#primaryimage"},"image":{"@id":"https:\/\/kuali.com.mx\/web\/2024\/03\/22\/salen-de-vacaciones-1-7-millones-de-estudiantes\/#primaryimage"},"thumbnailUrl":"https:\/\/kuali.com.mx\/web\/wp-content\/uploads\/2020\/09\/ESTUDIANTES-ESCUELA-ALUMNOS.jpg","datePublished":"2024-03-23T02:14:26+00:00","dateModified":"2024-03-23T02:14:39+00:00","author":{"@id":"https:\/\/kuali.com.mx\/web\/#\/schema\/person\/6f89ffa8ecba9dae50662357923c5289"},"breadcrumb":{"@id":"https:\/\/kuali.com.mx\/web\/2024\/03\/22\/salen-de-vacaciones-1-7-millones-de-estudiantes\/#breadcrumb"},"inLanguage":"es","potentialAction":[{"@type":"ReadAction","target":["https:\/\/kuali.com.mx\/web\/2024\/03\/22\/salen-de-vacaciones-1-7-millones-de-estudiantes\/"]}]},{"@type":"ImageObject","inLanguage":"es","@id":"https:\/\/kuali.com.mx\/web\/2024\/03\/22\/salen-de-vacaciones-1-7-millones-de-estudiantes\/#primaryimage","url":"https:\/\/kuali.com.mx\/web\/wp-content\/uploads\/2020\/09\/ESTUDIANTES-ESCUELA-ALUMNOS.jpg","contentUrl":"https:\/\/kuali.com.mx\/web\/wp-content\/uploads\/2020\/09\/ESTUDIANTES-ESCUELA-ALUMNOS.jpg","width":1811,"height":750},{"@type":"BreadcrumbList","@id":"https:\/\/kuali.com.mx\/web\/2024\/03\/22\/salen-de-vacaciones-1-7-millones-de-estudiantes\/#breadcrumb","itemListElement":[{"@type":"ListItem","position":1,"name":"Inicio","item":"https:\/\/kuali.com.mx\/web\/"},{"@type":"ListItem","position":2,"name":"SALEN DE VACACIONES 1.7 MILLONES DE ESTUDIANTES"}]},{"@type":"WebSite","@id":"https:\/\/kuali.com.mx\/web\/#website","url":"https:\/\/kuali.com.mx\/web\/","name":"Kuali","description":"","potentialAction":[{"@type":"SearchAction","target":{"@type":"EntryPoint","urlTemplate":"https:\/\/kuali.com.mx\/web\/?s={search_term_string}"},"query-input":{"@type":"PropertyValueSpecification","valueRequired":true,"valueName":"search_term_string"}}],"inLanguage":"es"},{"@type":"Person","@id":"https:\/\/kuali.com.mx\/web\/#\/schema\/person\/6f89ffa8ecba9dae50662357923c5289","name":"Kuali Staff","image":{"@type":"ImageObject","inLanguage":"es","@id":"https:\/\/secure.gravatar.com\/avatar\/f917ad82e5ab71227a733c78b6e60715476f69ee6be59feee4eb5d9920c89e0f?s=96&d=mm&r=g","url":"https:\/\/secure.gravatar.com\/avatar\/f917ad82e5ab71227a733c78b6e60715476f69ee6be59feee4eb5d9920c89e0f?s=96&d=mm&r=g","contentUrl":"https:\/\/secure.gravatar.com\/avatar\/f917ad82e5ab71227a733c78b6e60715476f69ee6be59feee4eb5d9920c89e0f?s=96&d=mm&r=g","caption":"Kuali Staff"},"url":"https:\/\/kuali.com.mx\/web\/author\/lagarto\/"}]}},"_links":{"self":[{"href":"https:\/\/kuali.com.mx\/web\/wp-json\/wp\/v2\/posts\/139222","targetHints":{"allow":["GET"]}}],"collection":[{"href":"https:\/\/kuali.com.mx\/web\/wp-json\/wp\/v2\/posts"}],"about":[{"href":"https:\/\/kuali.com.mx\/web\/wp-json\/wp\/v2\/types\/post"}],"author":[{"embeddable":true,"href":"https:\/\/kuali.com.mx\/web\/wp-json\/wp\/v2\/users\/2"}],"replies":[{"embeddable":true,"href":"https:\/\/kuali.com.mx\/web\/wp-json\/wp\/v2\/comments?post=139222"}],"version-history":[{"count":1,"href":"https:\/\/kuali.com.mx\/web\/wp-json\/wp\/v2\/posts\/139222\/revisions"}],"predecessor-version":[{"id":139225,"href":"https:\/\/kuali.com.mx\/web\/wp-json\/wp\/v2\/posts\/139222\/revisions\/139225"}],"wp:featuredmedia":[{"embeddable":true,"href":"https:\/\/kuali.com.mx\/web\/wp-json\/wp\/v2\/media\/74249"}],"wp:attachment":[{"href":"https:\/\/kuali.com.mx\/web\/wp-json\/wp\/v2\/media?parent=139222"}],"wp:term":[{"taxonomy":"category","embeddable":true,"href":"https:\/\/kuali.com.mx\/web\/wp-json\/wp\/v2\/categories?post=139222"},{"taxonomy":"post_tag","embeddable":true,"href":"https:\/\/kuali.com.mx\/web\/wp-json\/wp\/v2\/tags?post=139222"}],"curies":[{"name":"wp","href":"https:\/\/api.w.org\/{rel}","templated":true}]}}