{"id":139194,"date":"2024-03-22T19:44:35","date_gmt":"2024-03-23T01:44:35","guid":{"rendered":"https:\/\/kuali.com.mx\/web\/?p=139194"},"modified":"2024-03-22T20:15:35","modified_gmt":"2024-03-23T02:15:35","slug":"acaba-incendio-con-70-hectareas-de-lirio-acuatico","status":"publish","type":"post","link":"https:\/\/kuali.com.mx\/web\/2024\/03\/22\/acaba-incendio-con-70-hectareas-de-lirio-acuatico\/","title":{"rendered":"ACABA INCENDIO CON 70 HECT\u00c1REAS DE LIRIO ACU\u00c1TICO"},"content":{"rendered":"\n<p><strong><em>Carlos Garc\u00eda\/Yuriria, Gto.-<\/em><\/strong> Un incendio acab\u00f3 hasta con 70 hect\u00e1reas de lirio acu\u00e1tico seco y tular de la Laguna de Yuriria, inform\u00f3 la Secretar\u00eda de Medio Ambiente y Ordenamiento Territorial (SMAOT).<\/p>\n\n\n\n<p>El fuego inici\u00f3 a las 12 horas, del viernes, en el paraje la \u201cIsla de San Pedro\u201d, que perteneciente a la Laguna de Yuriria.<\/p>\n\n\n\n<p>El incendio lleg\u00f3 al lirio seco y por los fuertes vientos se ha dificultado el control y&nbsp; el fuego se ha extendido hasta la zona del muelle, se\u00f1al\u00f3 la dependencia.<\/p>\n\n\n\n<p>El siniestro es atendido por Protecci\u00f3n Civil, bomberos, por la Direcci\u00f3n de Ecolog\u00eda, Obras P\u00fablicas, Agua Potable y por el Departamento de Movilidad del municipio de Yuriria, apoyados por Bomberos de la ciudad de Uriangato.<\/p>\n\n\n\n<p>La Secretar\u00eda de Medio Ambiente se\u00f1al\u00f3 que \u201catiende el protocolo de atenci\u00f3n y se encuentra en constante coordinaci\u00f3n con el equipo de guardabosques, personal combatiente, as\u00ed como con el Gobierno del Municipio de Yuriria\u201d.<\/p>\n\n\n\n<p>La dependencia precis\u00f3 que a las 17 horas hab\u00eda una afectaci\u00f3n de 60 a 70 hect\u00e1reas y de 40 a 70 hect\u00e1reas de lirio seco y tular.<\/p>\n\n\n\n<p>\u201cPor las condiciones de viento, con rachas de 7 a 23km\/h en direcci\u00f3n noreste, dificultan la atenci\u00f3n, extendi\u00e9ndose a las zonas de tular y carrizal, lo que torna m\u00e1s complicado las acciones de mitigaci\u00f3n\u201d, precis\u00f3 Medio Ambiente.<\/p>\n\n\n\n<p>El incendio se ha logrado controlar en un 70 por ciento, afirm\u00f3.<\/p>\n\n\n\n<p>Jer\u00e9cuaro<\/p>\n\n\n\n<figure class=\"wp-block-image size-large\"><img loading=\"lazy\" decoding=\"async\" width=\"1024\" height=\"768\" src=\"https:\/\/kuali.com.mx\/web\/wp-content\/uploads\/2024\/03\/Incendio-Forestal-1024x768.jpeg\" alt=\"\" class=\"wp-image-139198\" srcset=\"https:\/\/kuali.com.mx\/web\/wp-content\/uploads\/2024\/03\/Incendio-Forestal-1024x768.jpeg 1024w, https:\/\/kuali.com.mx\/web\/wp-content\/uploads\/2024\/03\/Incendio-Forestal-300x225.jpeg 300w, https:\/\/kuali.com.mx\/web\/wp-content\/uploads\/2024\/03\/Incendio-Forestal-768x576.jpeg 768w, https:\/\/kuali.com.mx\/web\/wp-content\/uploads\/2024\/03\/Incendio-Forestal-155x116.jpeg 155w, https:\/\/kuali.com.mx\/web\/wp-content\/uploads\/2024\/03\/Incendio-Forestal.jpeg 1280w\" sizes=\"auto, (max-width: 1024px) 100vw, 1024px\" \/><\/figure>\n\n\n\n<p>En el predio las Canoas, del municipio de Jer\u00e9cuaro, un incendio afect\u00f3 13 hect\u00e1reas de bosque de encino, pino y vegetaci\u00f3n, pero el fugo ya fue controlado al 100 por ciento, notific\u00f3 la SMAOT.<\/p>\n\n\n\n<p>\u201cParticiparon un total de 34 combatientes de la Coordinaci\u00f3n Municipal de Protecci\u00f3n Civil Jer\u00e9cuaro, Comisi\u00f3n Nacional Forestal (CONAFOR), Secretar\u00eda de Medio Ambiente y Ordenamiento Territorial (SMAOT), voluntarios comunitarios de las Caonas y el Ejido de Puruagua\u201d, concluy\u00f3.<\/p>\n","protected":false},"excerpt":{"rendered":"Carlos Garc\u00eda\/Yuriria, Gto.- Un incendio acab\u00f3 hasta con 70 hect\u00e1reas de lirio acu\u00e1tico seco y tular de la Laguna de Yuriria, inform\u00f3 la Secretar\u00eda de Medio Ambiente y Ordenamiento Territorial (SMAOT). El fuego inici\u00f3 a las 12 horas, del viernes, en el paraje la \u201cIsla de San Pedro\u201d, que perteneciente a la Laguna de Yuriria. [&hellip;]","protected":false},"author":2,"featured_media":139197,"comment_status":"open","ping_status":"open","sticky":false,"template":"","format":"standard","meta":{"_seopress_robots_primary_cat":"none","_seopress_titles_title":"","_seopress_titles_desc":"","_seopress_robots_index":"","_monsterinsights_skip_tracking":false,"_monsterinsights_sitenote_active":false,"_monsterinsights_sitenote_note":"","_monsterinsights_sitenote_category":0,"footnotes":""},"categories":[17,69],"tags":[],"class_list":["post-139194","post","type-post","status-publish","format-standard","has-post-thumbnail","hentry","category-ecologia","category-slider"],"yoast_head":"<!-- This site is optimized with the Yoast SEO plugin v27.4 - https:\/\/yoast.com\/product\/yoast-seo-wordpress\/ -->\n<title>ACABA INCENDIO CON 70 HECT\u00c1REAS DE LIRIO ACU\u00c1TICO - Kuali<\/title>\n<meta name=\"robots\" content=\"index, follow, max-snippet:-1, max-image-preview:large, max-video-preview:-1\" \/>\n<link rel=\"canonical\" href=\"https:\/\/kuali.com.mx\/web\/2024\/03\/22\/acaba-incendio-con-70-hectareas-de-lirio-acuatico\/\" \/>\n<meta property=\"og:locale\" content=\"es_MX\" \/>\n<meta property=\"og:type\" content=\"article\" \/>\n<meta property=\"og:title\" content=\"ACABA INCENDIO CON 70 HECT\u00c1REAS DE LIRIO ACU\u00c1TICO - Kuali\" \/>\n<meta property=\"og:description\" content=\"Carlos Garc\u00eda\/Yuriria, Gto.- Un incendio acab\u00f3 hasta con 70 hect\u00e1reas de lirio acu\u00e1tico seco y tular de la Laguna de Yuriria, inform\u00f3 la Secretar\u00eda de Medio Ambiente y Ordenamiento Territorial (SMAOT). El fuego inici\u00f3 a las 12 horas, del viernes, en el paraje la \u201cIsla de San Pedro\u201d, que perteneciente a la Laguna de Yuriria. [&hellip;]\" \/>\n<meta property=\"og:url\" content=\"https:\/\/kuali.com.mx\/web\/2024\/03\/22\/acaba-incendio-con-70-hectareas-de-lirio-acuatico\/\" \/>\n<meta property=\"og:site_name\" content=\"Kuali\" \/>\n<meta property=\"article:publisher\" content=\"https:\/\/kuali.com.mx\/web\/wp-content\/uploads\/2018\/04\/cropped-kuali_logo-1-1.png\" \/>\n<meta property=\"article:published_time\" content=\"2024-03-23T01:44:35+00:00\" \/>\n<meta property=\"article:modified_time\" content=\"2024-03-23T02:15:35+00:00\" \/>\n<meta property=\"og:image\" content=\"https:\/\/kuali.com.mx\/web\/wp-content\/uploads\/2024\/03\/Incendio-Laguna-Yuriria.jpeg\" \/>\n\t<meta property=\"og:image:width\" content=\"1773\" \/>\n\t<meta property=\"og:image:height\" content=\"750\" \/>\n\t<meta property=\"og:image:type\" content=\"image\/jpeg\" \/>\n<meta name=\"author\" content=\"Kuali Staff\" \/>\n<meta name=\"twitter:card\" content=\"summary_large_image\" \/>\n<meta name=\"twitter:creator\" content=\"@kuali_noticias\" \/>\n<meta name=\"twitter:site\" content=\"@kuali_noticias\" \/>\n<meta name=\"twitter:label1\" content=\"Escrito por\" \/>\n\t<meta name=\"twitter:data1\" content=\"Kuali Staff\" \/>\n\t<meta name=\"twitter:label2\" content=\"Tiempo de lectura\" \/>\n\t<meta name=\"twitter:data2\" content=\"2 minutos\" \/>\n<script type=\"application\/ld+json\" class=\"yoast-schema-graph\">{\"@context\":\"https:\\\/\\\/schema.org\",\"@graph\":[{\"@type\":\"Article\",\"@id\":\"https:\\\/\\\/kuali.com.mx\\\/web\\\/2024\\\/03\\\/22\\\/acaba-incendio-con-70-hectareas-de-lirio-acuatico\\\/#article\",\"isPartOf\":{\"@id\":\"https:\\\/\\\/kuali.com.mx\\\/web\\\/2024\\\/03\\\/22\\\/acaba-incendio-con-70-hectareas-de-lirio-acuatico\\\/\"},\"author\":{\"name\":\"Kuali Staff\",\"@id\":\"https:\\\/\\\/kuali.com.mx\\\/web\\\/#\\\/schema\\\/person\\\/6f89ffa8ecba9dae50662357923c5289\"},\"headline\":\"ACABA INCENDIO CON 70 HECT\u00c1REAS DE LIRIO ACU\u00c1TICO\",\"datePublished\":\"2024-03-23T01:44:35+00:00\",\"dateModified\":\"2024-03-23T02:15:35+00:00\",\"mainEntityOfPage\":{\"@id\":\"https:\\\/\\\/kuali.com.mx\\\/web\\\/2024\\\/03\\\/22\\\/acaba-incendio-con-70-hectareas-de-lirio-acuatico\\\/\"},\"wordCount\":334,\"commentCount\":0,\"image\":{\"@id\":\"https:\\\/\\\/kuali.com.mx\\\/web\\\/2024\\\/03\\\/22\\\/acaba-incendio-con-70-hectareas-de-lirio-acuatico\\\/#primaryimage\"},\"thumbnailUrl\":\"https:\\\/\\\/kuali.com.mx\\\/web\\\/wp-content\\\/uploads\\\/2024\\\/03\\\/Incendio-Laguna-Yuriria.jpeg\",\"articleSection\":[\"Ecolog\u00eda\",\"slider\"],\"inLanguage\":\"es\",\"potentialAction\":[{\"@type\":\"CommentAction\",\"name\":\"Comment\",\"target\":[\"https:\\\/\\\/kuali.com.mx\\\/web\\\/2024\\\/03\\\/22\\\/acaba-incendio-con-70-hectareas-de-lirio-acuatico\\\/#respond\"]}]},{\"@type\":\"WebPage\",\"@id\":\"https:\\\/\\\/kuali.com.mx\\\/web\\\/2024\\\/03\\\/22\\\/acaba-incendio-con-70-hectareas-de-lirio-acuatico\\\/\",\"url\":\"https:\\\/\\\/kuali.com.mx\\\/web\\\/2024\\\/03\\\/22\\\/acaba-incendio-con-70-hectareas-de-lirio-acuatico\\\/\",\"name\":\"ACABA INCENDIO CON 70 HECT\u00c1REAS DE LIRIO ACU\u00c1TICO - Kuali\",\"isPartOf\":{\"@id\":\"https:\\\/\\\/kuali.com.mx\\\/web\\\/#website\"},\"primaryImageOfPage\":{\"@id\":\"https:\\\/\\\/kuali.com.mx\\\/web\\\/2024\\\/03\\\/22\\\/acaba-incendio-con-70-hectareas-de-lirio-acuatico\\\/#primaryimage\"},\"image\":{\"@id\":\"https:\\\/\\\/kuali.com.mx\\\/web\\\/2024\\\/03\\\/22\\\/acaba-incendio-con-70-hectareas-de-lirio-acuatico\\\/#primaryimage\"},\"thumbnailUrl\":\"https:\\\/\\\/kuali.com.mx\\\/web\\\/wp-content\\\/uploads\\\/2024\\\/03\\\/Incendio-Laguna-Yuriria.jpeg\",\"datePublished\":\"2024-03-23T01:44:35+00:00\",\"dateModified\":\"2024-03-23T02:15:35+00:00\",\"author\":{\"@id\":\"https:\\\/\\\/kuali.com.mx\\\/web\\\/#\\\/schema\\\/person\\\/6f89ffa8ecba9dae50662357923c5289\"},\"breadcrumb\":{\"@id\":\"https:\\\/\\\/kuali.com.mx\\\/web\\\/2024\\\/03\\\/22\\\/acaba-incendio-con-70-hectareas-de-lirio-acuatico\\\/#breadcrumb\"},\"inLanguage\":\"es\",\"potentialAction\":[{\"@type\":\"ReadAction\",\"target\":[\"https:\\\/\\\/kuali.com.mx\\\/web\\\/2024\\\/03\\\/22\\\/acaba-incendio-con-70-hectareas-de-lirio-acuatico\\\/\"]}]},{\"@type\":\"ImageObject\",\"inLanguage\":\"es\",\"@id\":\"https:\\\/\\\/kuali.com.mx\\\/web\\\/2024\\\/03\\\/22\\\/acaba-incendio-con-70-hectareas-de-lirio-acuatico\\\/#primaryimage\",\"url\":\"https:\\\/\\\/kuali.com.mx\\\/web\\\/wp-content\\\/uploads\\\/2024\\\/03\\\/Incendio-Laguna-Yuriria.jpeg\",\"contentUrl\":\"https:\\\/\\\/kuali.com.mx\\\/web\\\/wp-content\\\/uploads\\\/2024\\\/03\\\/Incendio-Laguna-Yuriria.jpeg\",\"width\":1773,\"height\":750},{\"@type\":\"BreadcrumbList\",\"@id\":\"https:\\\/\\\/kuali.com.mx\\\/web\\\/2024\\\/03\\\/22\\\/acaba-incendio-con-70-hectareas-de-lirio-acuatico\\\/#breadcrumb\",\"itemListElement\":[{\"@type\":\"ListItem\",\"position\":1,\"name\":\"Inicio\",\"item\":\"https:\\\/\\\/kuali.com.mx\\\/web\\\/\"},{\"@type\":\"ListItem\",\"position\":2,\"name\":\"ACABA INCENDIO CON 70 HECT\u00c1REAS DE LIRIO ACU\u00c1TICO\"}]},{\"@type\":\"WebSite\",\"@id\":\"https:\\\/\\\/kuali.com.mx\\\/web\\\/#website\",\"url\":\"https:\\\/\\\/kuali.com.mx\\\/web\\\/\",\"name\":\"Kuali\",\"description\":\"\",\"potentialAction\":[{\"@type\":\"SearchAction\",\"target\":{\"@type\":\"EntryPoint\",\"urlTemplate\":\"https:\\\/\\\/kuali.com.mx\\\/web\\\/?s={search_term_string}\"},\"query-input\":{\"@type\":\"PropertyValueSpecification\",\"valueRequired\":true,\"valueName\":\"search_term_string\"}}],\"inLanguage\":\"es\"},{\"@type\":\"Person\",\"@id\":\"https:\\\/\\\/kuali.com.mx\\\/web\\\/#\\\/schema\\\/person\\\/6f89ffa8ecba9dae50662357923c5289\",\"name\":\"Kuali Staff\",\"image\":{\"@type\":\"ImageObject\",\"inLanguage\":\"es\",\"@id\":\"https:\\\/\\\/secure.gravatar.com\\\/avatar\\\/f917ad82e5ab71227a733c78b6e60715476f69ee6be59feee4eb5d9920c89e0f?s=96&d=mm&r=g\",\"url\":\"https:\\\/\\\/secure.gravatar.com\\\/avatar\\\/f917ad82e5ab71227a733c78b6e60715476f69ee6be59feee4eb5d9920c89e0f?s=96&d=mm&r=g\",\"contentUrl\":\"https:\\\/\\\/secure.gravatar.com\\\/avatar\\\/f917ad82e5ab71227a733c78b6e60715476f69ee6be59feee4eb5d9920c89e0f?s=96&d=mm&r=g\",\"caption\":\"Kuali Staff\"},\"url\":\"https:\\\/\\\/kuali.com.mx\\\/web\\\/author\\\/lagarto\\\/\"}]}<\/script>\n<!-- \/ Yoast SEO plugin. -->","yoast_head_json":{"title":"ACABA INCENDIO CON 70 HECT\u00c1REAS DE LIRIO ACU\u00c1TICO - Kuali","robots":{"index":"index","follow":"follow","max-snippet":"max-snippet:-1","max-image-preview":"max-image-preview:large","max-video-preview":"max-video-preview:-1"},"canonical":"https:\/\/kuali.com.mx\/web\/2024\/03\/22\/acaba-incendio-con-70-hectareas-de-lirio-acuatico\/","og_locale":"es_MX","og_type":"article","og_title":"ACABA INCENDIO CON 70 HECT\u00c1REAS DE LIRIO ACU\u00c1TICO - Kuali","og_description":"Carlos Garc\u00eda\/Yuriria, Gto.- Un incendio acab\u00f3 hasta con 70 hect\u00e1reas de lirio acu\u00e1tico seco y tular de la Laguna de Yuriria, inform\u00f3 la Secretar\u00eda de Medio Ambiente y Ordenamiento Territorial (SMAOT). El fuego inici\u00f3 a las 12 horas, del viernes, en el paraje la \u201cIsla de San Pedro\u201d, que perteneciente a la Laguna de Yuriria. [&hellip;]","og_url":"https:\/\/kuali.com.mx\/web\/2024\/03\/22\/acaba-incendio-con-70-hectareas-de-lirio-acuatico\/","og_site_name":"Kuali","article_publisher":"https:\/\/kuali.com.mx\/web\/wp-content\/uploads\/2018\/04\/cropped-kuali_logo-1-1.png","article_published_time":"2024-03-23T01:44:35+00:00","article_modified_time":"2024-03-23T02:15:35+00:00","og_image":[{"width":1773,"height":750,"url":"https:\/\/kuali.com.mx\/web\/wp-content\/uploads\/2024\/03\/Incendio-Laguna-Yuriria.jpeg","type":"image\/jpeg"}],"author":"Kuali Staff","twitter_card":"summary_large_image","twitter_creator":"@kuali_noticias","twitter_site":"@kuali_noticias","twitter_misc":{"Escrito por":"Kuali Staff","Tiempo de lectura":"2 minutos"},"schema":{"@context":"https:\/\/schema.org","@graph":[{"@type":"Article","@id":"https:\/\/kuali.com.mx\/web\/2024\/03\/22\/acaba-incendio-con-70-hectareas-de-lirio-acuatico\/#article","isPartOf":{"@id":"https:\/\/kuali.com.mx\/web\/2024\/03\/22\/acaba-incendio-con-70-hectareas-de-lirio-acuatico\/"},"author":{"name":"Kuali Staff","@id":"https:\/\/kuali.com.mx\/web\/#\/schema\/person\/6f89ffa8ecba9dae50662357923c5289"},"headline":"ACABA INCENDIO CON 70 HECT\u00c1REAS DE LIRIO ACU\u00c1TICO","datePublished":"2024-03-23T01:44:35+00:00","dateModified":"2024-03-23T02:15:35+00:00","mainEntityOfPage":{"@id":"https:\/\/kuali.com.mx\/web\/2024\/03\/22\/acaba-incendio-con-70-hectareas-de-lirio-acuatico\/"},"wordCount":334,"commentCount":0,"image":{"@id":"https:\/\/kuali.com.mx\/web\/2024\/03\/22\/acaba-incendio-con-70-hectareas-de-lirio-acuatico\/#primaryimage"},"thumbnailUrl":"https:\/\/kuali.com.mx\/web\/wp-content\/uploads\/2024\/03\/Incendio-Laguna-Yuriria.jpeg","articleSection":["Ecolog\u00eda","slider"],"inLanguage":"es","potentialAction":[{"@type":"CommentAction","name":"Comment","target":["https:\/\/kuali.com.mx\/web\/2024\/03\/22\/acaba-incendio-con-70-hectareas-de-lirio-acuatico\/#respond"]}]},{"@type":"WebPage","@id":"https:\/\/kuali.com.mx\/web\/2024\/03\/22\/acaba-incendio-con-70-hectareas-de-lirio-acuatico\/","url":"https:\/\/kuali.com.mx\/web\/2024\/03\/22\/acaba-incendio-con-70-hectareas-de-lirio-acuatico\/","name":"ACABA INCENDIO CON 70 HECT\u00c1REAS DE LIRIO ACU\u00c1TICO - Kuali","isPartOf":{"@id":"https:\/\/kuali.com.mx\/web\/#website"},"primaryImageOfPage":{"@id":"https:\/\/kuali.com.mx\/web\/2024\/03\/22\/acaba-incendio-con-70-hectareas-de-lirio-acuatico\/#primaryimage"},"image":{"@id":"https:\/\/kuali.com.mx\/web\/2024\/03\/22\/acaba-incendio-con-70-hectareas-de-lirio-acuatico\/#primaryimage"},"thumbnailUrl":"https:\/\/kuali.com.mx\/web\/wp-content\/uploads\/2024\/03\/Incendio-Laguna-Yuriria.jpeg","datePublished":"2024-03-23T01:44:35+00:00","dateModified":"2024-03-23T02:15:35+00:00","author":{"@id":"https:\/\/kuali.com.mx\/web\/#\/schema\/person\/6f89ffa8ecba9dae50662357923c5289"},"breadcrumb":{"@id":"https:\/\/kuali.com.mx\/web\/2024\/03\/22\/acaba-incendio-con-70-hectareas-de-lirio-acuatico\/#breadcrumb"},"inLanguage":"es","potentialAction":[{"@type":"ReadAction","target":["https:\/\/kuali.com.mx\/web\/2024\/03\/22\/acaba-incendio-con-70-hectareas-de-lirio-acuatico\/"]}]},{"@type":"ImageObject","inLanguage":"es","@id":"https:\/\/kuali.com.mx\/web\/2024\/03\/22\/acaba-incendio-con-70-hectareas-de-lirio-acuatico\/#primaryimage","url":"https:\/\/kuali.com.mx\/web\/wp-content\/uploads\/2024\/03\/Incendio-Laguna-Yuriria.jpeg","contentUrl":"https:\/\/kuali.com.mx\/web\/wp-content\/uploads\/2024\/03\/Incendio-Laguna-Yuriria.jpeg","width":1773,"height":750},{"@type":"BreadcrumbList","@id":"https:\/\/kuali.com.mx\/web\/2024\/03\/22\/acaba-incendio-con-70-hectareas-de-lirio-acuatico\/#breadcrumb","itemListElement":[{"@type":"ListItem","position":1,"name":"Inicio","item":"https:\/\/kuali.com.mx\/web\/"},{"@type":"ListItem","position":2,"name":"ACABA INCENDIO CON 70 HECT\u00c1REAS DE LIRIO ACU\u00c1TICO"}]},{"@type":"WebSite","@id":"https:\/\/kuali.com.mx\/web\/#website","url":"https:\/\/kuali.com.mx\/web\/","name":"Kuali","description":"","potentialAction":[{"@type":"SearchAction","target":{"@type":"EntryPoint","urlTemplate":"https:\/\/kuali.com.mx\/web\/?s={search_term_string}"},"query-input":{"@type":"PropertyValueSpecification","valueRequired":true,"valueName":"search_term_string"}}],"inLanguage":"es"},{"@type":"Person","@id":"https:\/\/kuali.com.mx\/web\/#\/schema\/person\/6f89ffa8ecba9dae50662357923c5289","name":"Kuali Staff","image":{"@type":"ImageObject","inLanguage":"es","@id":"https:\/\/secure.gravatar.com\/avatar\/f917ad82e5ab71227a733c78b6e60715476f69ee6be59feee4eb5d9920c89e0f?s=96&d=mm&r=g","url":"https:\/\/secure.gravatar.com\/avatar\/f917ad82e5ab71227a733c78b6e60715476f69ee6be59feee4eb5d9920c89e0f?s=96&d=mm&r=g","contentUrl":"https:\/\/secure.gravatar.com\/avatar\/f917ad82e5ab71227a733c78b6e60715476f69ee6be59feee4eb5d9920c89e0f?s=96&d=mm&r=g","caption":"Kuali Staff"},"url":"https:\/\/kuali.com.mx\/web\/author\/lagarto\/"}]}},"_links":{"self":[{"href":"https:\/\/kuali.com.mx\/web\/wp-json\/wp\/v2\/posts\/139194","targetHints":{"allow":["GET"]}}],"collection":[{"href":"https:\/\/kuali.com.mx\/web\/wp-json\/wp\/v2\/posts"}],"about":[{"href":"https:\/\/kuali.com.mx\/web\/wp-json\/wp\/v2\/types\/post"}],"author":[{"embeddable":true,"href":"https:\/\/kuali.com.mx\/web\/wp-json\/wp\/v2\/users\/2"}],"replies":[{"embeddable":true,"href":"https:\/\/kuali.com.mx\/web\/wp-json\/wp\/v2\/comments?post=139194"}],"version-history":[{"count":2,"href":"https:\/\/kuali.com.mx\/web\/wp-json\/wp\/v2\/posts\/139194\/revisions"}],"predecessor-version":[{"id":139226,"href":"https:\/\/kuali.com.mx\/web\/wp-json\/wp\/v2\/posts\/139194\/revisions\/139226"}],"wp:featuredmedia":[{"embeddable":true,"href":"https:\/\/kuali.com.mx\/web\/wp-json\/wp\/v2\/media\/139197"}],"wp:attachment":[{"href":"https:\/\/kuali.com.mx\/web\/wp-json\/wp\/v2\/media?parent=139194"}],"wp:term":[{"taxonomy":"category","embeddable":true,"href":"https:\/\/kuali.com.mx\/web\/wp-json\/wp\/v2\/categories?post=139194"},{"taxonomy":"post_tag","embeddable":true,"href":"https:\/\/kuali.com.mx\/web\/wp-json\/wp\/v2\/tags?post=139194"}],"curies":[{"name":"wp","href":"https:\/\/api.w.org\/{rel}","templated":true}]}}