{"id":139133,"date":"2024-03-21T22:08:22","date_gmt":"2024-03-22T04:08:22","guid":{"rendered":"https:\/\/kuali.com.mx\/web\/?p=139133"},"modified":"2024-03-22T08:13:22","modified_gmt":"2024-03-22T14:13:22","slug":"todo-tiene-un-inicio-y-un-final-cabeza-de-vaca","status":"publish","type":"post","link":"https:\/\/kuali.com.mx\/web\/2024\/03\/21\/todo-tiene-un-inicio-y-un-final-cabeza-de-vaca\/","title":{"rendered":"TODO TIENE UN INICIO Y UN FINAL: CABEZA DE VACA"},"content":{"rendered":"\n<p><strong>Milagros Tadeo\/Le\u00f3n, Gto.-\u00a0<\/strong>El secretario de Seguridad P\u00fablica del Estado, Alvar Cabeza de Vaca Appendini, dijo tener claro que todo tiene un inicio o un final, sin embargo, evit\u00f3 emitir una postura en torno a la decisi\u00f3n de la candidata PAN, PRI y PRD a la gubernatura, Libia Denisse Mu\u00f1oz Ledo, respecto a que no continuar\u00e1 en el cargo en caso de ganar.<\/p>\n\n\n\n<p>Cabeza de Vaca Apendinni dijo que los comentarios sobre las propuestas de las candidatas a la gubernatura, para no interferir en el proceso electoral.<\/p>\n\n\n\n<p>\u201cAhorita no he tenido comentarios, recordemos que est\u00e1n en campa\u00f1a y no quiero interferir en la campa\u00f1a de nadie. Yo sigo teniendo mi trabajo, estoy en un periodo de administraci\u00f3n p\u00fablica estatal, as\u00ed lo tenemos comprendido quienes somos secretarios; esto tiene un inicio o un final por t\u00e9rmino de administraci\u00f3n p\u00fablica estatal\u201d, dijo.<\/p>\n\n\n\n<p>Ante la insistencia sobre los medios dijo que \u201cson comentarios que se hacen en una campa\u00f1a electoral, en la que no debe interferir\u201d.<\/p>\n\n\n\n<p>Fue hace unas semanas cuando la candidata emanada del PAN, Libia Denisse Garc\u00eda Mu\u00f1oz Ledo, anunci\u00f3 que en caso de ganar la gubernatura no dejar\u00eda en sus cargos al secretario de Seguridad P\u00fablica \u00c1lvar Cabeza de Vaca, ni al fiscal Carlos Zamarripa Aguirre.&nbsp;<\/p>\n","protected":false},"excerpt":{"rendered":"Milagros Tadeo\/Le\u00f3n, Gto.-\u00a0El secretario de Seguridad P\u00fablica del Estado, Alvar Cabeza de Vaca Appendini, dijo tener claro que todo tiene un inicio o un final, sin embargo, evit\u00f3 emitir una postura en torno a la decisi\u00f3n de la candidata PAN, PRI y PRD a la gubernatura, Libia Denisse Mu\u00f1oz Ledo, respecto a que no continuar\u00e1 [&hellip;]","protected":false},"author":2,"featured_media":115244,"comment_status":"open","ping_status":"open","sticky":false,"template":"","format":"standard","meta":{"_seopress_robots_primary_cat":"none","_seopress_titles_title":"","_seopress_titles_desc":"","_seopress_robots_index":"","_monsterinsights_skip_tracking":false,"_monsterinsights_sitenote_active":false,"_monsterinsights_sitenote_note":"","_monsterinsights_sitenote_category":0,"footnotes":""},"categories":[3],"tags":[],"class_list":["post-139133","post","type-post","status-publish","format-standard","has-post-thumbnail","hentry","category-politica"],"yoast_head":"<!-- This site is optimized with the Yoast SEO plugin v27.4 - https:\/\/yoast.com\/product\/yoast-seo-wordpress\/ -->\n<title>TODO TIENE UN INICIO Y UN FINAL: CABEZA DE VACA - Kuali<\/title>\n<meta name=\"robots\" content=\"index, follow, max-snippet:-1, max-image-preview:large, max-video-preview:-1\" \/>\n<link rel=\"canonical\" href=\"https:\/\/kuali.com.mx\/web\/2024\/03\/21\/todo-tiene-un-inicio-y-un-final-cabeza-de-vaca\/\" \/>\n<meta property=\"og:locale\" content=\"es_MX\" \/>\n<meta property=\"og:type\" content=\"article\" \/>\n<meta property=\"og:title\" content=\"TODO TIENE UN INICIO Y UN FINAL: CABEZA DE VACA - Kuali\" \/>\n<meta property=\"og:description\" content=\"Milagros Tadeo\/Le\u00f3n, Gto.-\u00a0El secretario de Seguridad P\u00fablica del Estado, Alvar Cabeza de Vaca Appendini, dijo tener claro que todo tiene un inicio o un final, sin embargo, evit\u00f3 emitir una postura en torno a la decisi\u00f3n de la candidata PAN, PRI y PRD a la gubernatura, Libia Denisse Mu\u00f1oz Ledo, respecto a que no continuar\u00e1 [&hellip;]\" \/>\n<meta property=\"og:url\" content=\"https:\/\/kuali.com.mx\/web\/2024\/03\/21\/todo-tiene-un-inicio-y-un-final-cabeza-de-vaca\/\" \/>\n<meta property=\"og:site_name\" content=\"Kuali\" \/>\n<meta property=\"article:publisher\" content=\"https:\/\/kuali.com.mx\/web\/wp-content\/uploads\/2018\/04\/cropped-kuali_logo-1-1.png\" \/>\n<meta property=\"article:published_time\" content=\"2024-03-22T04:08:22+00:00\" \/>\n<meta property=\"article:modified_time\" content=\"2024-03-22T14:13:22+00:00\" \/>\n<meta property=\"og:image\" content=\"https:\/\/kuali.com.mx\/web\/wp-content\/uploads\/2023\/03\/Alvar-Cabeza-de-Vaca-Congreso.jpeg\" \/>\n\t<meta property=\"og:image:width\" content=\"1845\" \/>\n\t<meta property=\"og:image:height\" content=\"750\" \/>\n\t<meta property=\"og:image:type\" content=\"image\/jpeg\" \/>\n<meta name=\"author\" content=\"Kuali Staff\" \/>\n<meta name=\"twitter:card\" content=\"summary_large_image\" \/>\n<meta name=\"twitter:creator\" content=\"@kuali_noticias\" \/>\n<meta name=\"twitter:site\" content=\"@kuali_noticias\" \/>\n<meta name=\"twitter:label1\" content=\"Escrito por\" \/>\n\t<meta name=\"twitter:data1\" content=\"Kuali Staff\" \/>\n\t<meta name=\"twitter:label2\" content=\"Tiempo de lectura\" \/>\n\t<meta name=\"twitter:data2\" content=\"1 minuto\" \/>\n<script type=\"application\/ld+json\" class=\"yoast-schema-graph\">{\"@context\":\"https:\\\/\\\/schema.org\",\"@graph\":[{\"@type\":\"Article\",\"@id\":\"https:\\\/\\\/kuali.com.mx\\\/web\\\/2024\\\/03\\\/21\\\/todo-tiene-un-inicio-y-un-final-cabeza-de-vaca\\\/#article\",\"isPartOf\":{\"@id\":\"https:\\\/\\\/kuali.com.mx\\\/web\\\/2024\\\/03\\\/21\\\/todo-tiene-un-inicio-y-un-final-cabeza-de-vaca\\\/\"},\"author\":{\"name\":\"Kuali Staff\",\"@id\":\"https:\\\/\\\/kuali.com.mx\\\/web\\\/#\\\/schema\\\/person\\\/6f89ffa8ecba9dae50662357923c5289\"},\"headline\":\"TODO TIENE UN INICIO Y UN FINAL: CABEZA DE VACA\",\"datePublished\":\"2024-03-22T04:08:22+00:00\",\"dateModified\":\"2024-03-22T14:13:22+00:00\",\"mainEntityOfPage\":{\"@id\":\"https:\\\/\\\/kuali.com.mx\\\/web\\\/2024\\\/03\\\/21\\\/todo-tiene-un-inicio-y-un-final-cabeza-de-vaca\\\/\"},\"wordCount\":236,\"commentCount\":0,\"image\":{\"@id\":\"https:\\\/\\\/kuali.com.mx\\\/web\\\/2024\\\/03\\\/21\\\/todo-tiene-un-inicio-y-un-final-cabeza-de-vaca\\\/#primaryimage\"},\"thumbnailUrl\":\"https:\\\/\\\/kuali.com.mx\\\/web\\\/wp-content\\\/uploads\\\/2023\\\/03\\\/Alvar-Cabeza-de-Vaca-Congreso.jpeg\",\"articleSection\":[\"Pol\u00edtica\"],\"inLanguage\":\"es\",\"potentialAction\":[{\"@type\":\"CommentAction\",\"name\":\"Comment\",\"target\":[\"https:\\\/\\\/kuali.com.mx\\\/web\\\/2024\\\/03\\\/21\\\/todo-tiene-un-inicio-y-un-final-cabeza-de-vaca\\\/#respond\"]}]},{\"@type\":\"WebPage\",\"@id\":\"https:\\\/\\\/kuali.com.mx\\\/web\\\/2024\\\/03\\\/21\\\/todo-tiene-un-inicio-y-un-final-cabeza-de-vaca\\\/\",\"url\":\"https:\\\/\\\/kuali.com.mx\\\/web\\\/2024\\\/03\\\/21\\\/todo-tiene-un-inicio-y-un-final-cabeza-de-vaca\\\/\",\"name\":\"TODO TIENE UN INICIO Y UN FINAL: CABEZA DE VACA - Kuali\",\"isPartOf\":{\"@id\":\"https:\\\/\\\/kuali.com.mx\\\/web\\\/#website\"},\"primaryImageOfPage\":{\"@id\":\"https:\\\/\\\/kuali.com.mx\\\/web\\\/2024\\\/03\\\/21\\\/todo-tiene-un-inicio-y-un-final-cabeza-de-vaca\\\/#primaryimage\"},\"image\":{\"@id\":\"https:\\\/\\\/kuali.com.mx\\\/web\\\/2024\\\/03\\\/21\\\/todo-tiene-un-inicio-y-un-final-cabeza-de-vaca\\\/#primaryimage\"},\"thumbnailUrl\":\"https:\\\/\\\/kuali.com.mx\\\/web\\\/wp-content\\\/uploads\\\/2023\\\/03\\\/Alvar-Cabeza-de-Vaca-Congreso.jpeg\",\"datePublished\":\"2024-03-22T04:08:22+00:00\",\"dateModified\":\"2024-03-22T14:13:22+00:00\",\"author\":{\"@id\":\"https:\\\/\\\/kuali.com.mx\\\/web\\\/#\\\/schema\\\/person\\\/6f89ffa8ecba9dae50662357923c5289\"},\"breadcrumb\":{\"@id\":\"https:\\\/\\\/kuali.com.mx\\\/web\\\/2024\\\/03\\\/21\\\/todo-tiene-un-inicio-y-un-final-cabeza-de-vaca\\\/#breadcrumb\"},\"inLanguage\":\"es\",\"potentialAction\":[{\"@type\":\"ReadAction\",\"target\":[\"https:\\\/\\\/kuali.com.mx\\\/web\\\/2024\\\/03\\\/21\\\/todo-tiene-un-inicio-y-un-final-cabeza-de-vaca\\\/\"]}]},{\"@type\":\"ImageObject\",\"inLanguage\":\"es\",\"@id\":\"https:\\\/\\\/kuali.com.mx\\\/web\\\/2024\\\/03\\\/21\\\/todo-tiene-un-inicio-y-un-final-cabeza-de-vaca\\\/#primaryimage\",\"url\":\"https:\\\/\\\/kuali.com.mx\\\/web\\\/wp-content\\\/uploads\\\/2023\\\/03\\\/Alvar-Cabeza-de-Vaca-Congreso.jpeg\",\"contentUrl\":\"https:\\\/\\\/kuali.com.mx\\\/web\\\/wp-content\\\/uploads\\\/2023\\\/03\\\/Alvar-Cabeza-de-Vaca-Congreso.jpeg\",\"width\":1845,\"height\":750},{\"@type\":\"BreadcrumbList\",\"@id\":\"https:\\\/\\\/kuali.com.mx\\\/web\\\/2024\\\/03\\\/21\\\/todo-tiene-un-inicio-y-un-final-cabeza-de-vaca\\\/#breadcrumb\",\"itemListElement\":[{\"@type\":\"ListItem\",\"position\":1,\"name\":\"Inicio\",\"item\":\"https:\\\/\\\/kuali.com.mx\\\/web\\\/\"},{\"@type\":\"ListItem\",\"position\":2,\"name\":\"TODO TIENE UN INICIO Y UN FINAL: CABEZA DE VACA\"}]},{\"@type\":\"WebSite\",\"@id\":\"https:\\\/\\\/kuali.com.mx\\\/web\\\/#website\",\"url\":\"https:\\\/\\\/kuali.com.mx\\\/web\\\/\",\"name\":\"Kuali\",\"description\":\"\",\"potentialAction\":[{\"@type\":\"SearchAction\",\"target\":{\"@type\":\"EntryPoint\",\"urlTemplate\":\"https:\\\/\\\/kuali.com.mx\\\/web\\\/?s={search_term_string}\"},\"query-input\":{\"@type\":\"PropertyValueSpecification\",\"valueRequired\":true,\"valueName\":\"search_term_string\"}}],\"inLanguage\":\"es\"},{\"@type\":\"Person\",\"@id\":\"https:\\\/\\\/kuali.com.mx\\\/web\\\/#\\\/schema\\\/person\\\/6f89ffa8ecba9dae50662357923c5289\",\"name\":\"Kuali Staff\",\"image\":{\"@type\":\"ImageObject\",\"inLanguage\":\"es\",\"@id\":\"https:\\\/\\\/secure.gravatar.com\\\/avatar\\\/f917ad82e5ab71227a733c78b6e60715476f69ee6be59feee4eb5d9920c89e0f?s=96&d=mm&r=g\",\"url\":\"https:\\\/\\\/secure.gravatar.com\\\/avatar\\\/f917ad82e5ab71227a733c78b6e60715476f69ee6be59feee4eb5d9920c89e0f?s=96&d=mm&r=g\",\"contentUrl\":\"https:\\\/\\\/secure.gravatar.com\\\/avatar\\\/f917ad82e5ab71227a733c78b6e60715476f69ee6be59feee4eb5d9920c89e0f?s=96&d=mm&r=g\",\"caption\":\"Kuali Staff\"},\"url\":\"https:\\\/\\\/kuali.com.mx\\\/web\\\/author\\\/lagarto\\\/\"}]}<\/script>\n<!-- \/ Yoast SEO plugin. -->","yoast_head_json":{"title":"TODO TIENE UN INICIO Y UN FINAL: CABEZA DE VACA - Kuali","robots":{"index":"index","follow":"follow","max-snippet":"max-snippet:-1","max-image-preview":"max-image-preview:large","max-video-preview":"max-video-preview:-1"},"canonical":"https:\/\/kuali.com.mx\/web\/2024\/03\/21\/todo-tiene-un-inicio-y-un-final-cabeza-de-vaca\/","og_locale":"es_MX","og_type":"article","og_title":"TODO TIENE UN INICIO Y UN FINAL: CABEZA DE VACA - Kuali","og_description":"Milagros Tadeo\/Le\u00f3n, Gto.-\u00a0El secretario de Seguridad P\u00fablica del Estado, Alvar Cabeza de Vaca Appendini, dijo tener claro que todo tiene un inicio o un final, sin embargo, evit\u00f3 emitir una postura en torno a la decisi\u00f3n de la candidata PAN, PRI y PRD a la gubernatura, Libia Denisse Mu\u00f1oz Ledo, respecto a que no continuar\u00e1 [&hellip;]","og_url":"https:\/\/kuali.com.mx\/web\/2024\/03\/21\/todo-tiene-un-inicio-y-un-final-cabeza-de-vaca\/","og_site_name":"Kuali","article_publisher":"https:\/\/kuali.com.mx\/web\/wp-content\/uploads\/2018\/04\/cropped-kuali_logo-1-1.png","article_published_time":"2024-03-22T04:08:22+00:00","article_modified_time":"2024-03-22T14:13:22+00:00","og_image":[{"width":1845,"height":750,"url":"https:\/\/kuali.com.mx\/web\/wp-content\/uploads\/2023\/03\/Alvar-Cabeza-de-Vaca-Congreso.jpeg","type":"image\/jpeg"}],"author":"Kuali Staff","twitter_card":"summary_large_image","twitter_creator":"@kuali_noticias","twitter_site":"@kuali_noticias","twitter_misc":{"Escrito por":"Kuali Staff","Tiempo de lectura":"1 minuto"},"schema":{"@context":"https:\/\/schema.org","@graph":[{"@type":"Article","@id":"https:\/\/kuali.com.mx\/web\/2024\/03\/21\/todo-tiene-un-inicio-y-un-final-cabeza-de-vaca\/#article","isPartOf":{"@id":"https:\/\/kuali.com.mx\/web\/2024\/03\/21\/todo-tiene-un-inicio-y-un-final-cabeza-de-vaca\/"},"author":{"name":"Kuali Staff","@id":"https:\/\/kuali.com.mx\/web\/#\/schema\/person\/6f89ffa8ecba9dae50662357923c5289"},"headline":"TODO TIENE UN INICIO Y UN FINAL: CABEZA DE VACA","datePublished":"2024-03-22T04:08:22+00:00","dateModified":"2024-03-22T14:13:22+00:00","mainEntityOfPage":{"@id":"https:\/\/kuali.com.mx\/web\/2024\/03\/21\/todo-tiene-un-inicio-y-un-final-cabeza-de-vaca\/"},"wordCount":236,"commentCount":0,"image":{"@id":"https:\/\/kuali.com.mx\/web\/2024\/03\/21\/todo-tiene-un-inicio-y-un-final-cabeza-de-vaca\/#primaryimage"},"thumbnailUrl":"https:\/\/kuali.com.mx\/web\/wp-content\/uploads\/2023\/03\/Alvar-Cabeza-de-Vaca-Congreso.jpeg","articleSection":["Pol\u00edtica"],"inLanguage":"es","potentialAction":[{"@type":"CommentAction","name":"Comment","target":["https:\/\/kuali.com.mx\/web\/2024\/03\/21\/todo-tiene-un-inicio-y-un-final-cabeza-de-vaca\/#respond"]}]},{"@type":"WebPage","@id":"https:\/\/kuali.com.mx\/web\/2024\/03\/21\/todo-tiene-un-inicio-y-un-final-cabeza-de-vaca\/","url":"https:\/\/kuali.com.mx\/web\/2024\/03\/21\/todo-tiene-un-inicio-y-un-final-cabeza-de-vaca\/","name":"TODO TIENE UN INICIO Y UN FINAL: CABEZA DE VACA - Kuali","isPartOf":{"@id":"https:\/\/kuali.com.mx\/web\/#website"},"primaryImageOfPage":{"@id":"https:\/\/kuali.com.mx\/web\/2024\/03\/21\/todo-tiene-un-inicio-y-un-final-cabeza-de-vaca\/#primaryimage"},"image":{"@id":"https:\/\/kuali.com.mx\/web\/2024\/03\/21\/todo-tiene-un-inicio-y-un-final-cabeza-de-vaca\/#primaryimage"},"thumbnailUrl":"https:\/\/kuali.com.mx\/web\/wp-content\/uploads\/2023\/03\/Alvar-Cabeza-de-Vaca-Congreso.jpeg","datePublished":"2024-03-22T04:08:22+00:00","dateModified":"2024-03-22T14:13:22+00:00","author":{"@id":"https:\/\/kuali.com.mx\/web\/#\/schema\/person\/6f89ffa8ecba9dae50662357923c5289"},"breadcrumb":{"@id":"https:\/\/kuali.com.mx\/web\/2024\/03\/21\/todo-tiene-un-inicio-y-un-final-cabeza-de-vaca\/#breadcrumb"},"inLanguage":"es","potentialAction":[{"@type":"ReadAction","target":["https:\/\/kuali.com.mx\/web\/2024\/03\/21\/todo-tiene-un-inicio-y-un-final-cabeza-de-vaca\/"]}]},{"@type":"ImageObject","inLanguage":"es","@id":"https:\/\/kuali.com.mx\/web\/2024\/03\/21\/todo-tiene-un-inicio-y-un-final-cabeza-de-vaca\/#primaryimage","url":"https:\/\/kuali.com.mx\/web\/wp-content\/uploads\/2023\/03\/Alvar-Cabeza-de-Vaca-Congreso.jpeg","contentUrl":"https:\/\/kuali.com.mx\/web\/wp-content\/uploads\/2023\/03\/Alvar-Cabeza-de-Vaca-Congreso.jpeg","width":1845,"height":750},{"@type":"BreadcrumbList","@id":"https:\/\/kuali.com.mx\/web\/2024\/03\/21\/todo-tiene-un-inicio-y-un-final-cabeza-de-vaca\/#breadcrumb","itemListElement":[{"@type":"ListItem","position":1,"name":"Inicio","item":"https:\/\/kuali.com.mx\/web\/"},{"@type":"ListItem","position":2,"name":"TODO TIENE UN INICIO Y UN FINAL: CABEZA DE VACA"}]},{"@type":"WebSite","@id":"https:\/\/kuali.com.mx\/web\/#website","url":"https:\/\/kuali.com.mx\/web\/","name":"Kuali","description":"","potentialAction":[{"@type":"SearchAction","target":{"@type":"EntryPoint","urlTemplate":"https:\/\/kuali.com.mx\/web\/?s={search_term_string}"},"query-input":{"@type":"PropertyValueSpecification","valueRequired":true,"valueName":"search_term_string"}}],"inLanguage":"es"},{"@type":"Person","@id":"https:\/\/kuali.com.mx\/web\/#\/schema\/person\/6f89ffa8ecba9dae50662357923c5289","name":"Kuali Staff","image":{"@type":"ImageObject","inLanguage":"es","@id":"https:\/\/secure.gravatar.com\/avatar\/f917ad82e5ab71227a733c78b6e60715476f69ee6be59feee4eb5d9920c89e0f?s=96&d=mm&r=g","url":"https:\/\/secure.gravatar.com\/avatar\/f917ad82e5ab71227a733c78b6e60715476f69ee6be59feee4eb5d9920c89e0f?s=96&d=mm&r=g","contentUrl":"https:\/\/secure.gravatar.com\/avatar\/f917ad82e5ab71227a733c78b6e60715476f69ee6be59feee4eb5d9920c89e0f?s=96&d=mm&r=g","caption":"Kuali Staff"},"url":"https:\/\/kuali.com.mx\/web\/author\/lagarto\/"}]}},"_links":{"self":[{"href":"https:\/\/kuali.com.mx\/web\/wp-json\/wp\/v2\/posts\/139133","targetHints":{"allow":["GET"]}}],"collection":[{"href":"https:\/\/kuali.com.mx\/web\/wp-json\/wp\/v2\/posts"}],"about":[{"href":"https:\/\/kuali.com.mx\/web\/wp-json\/wp\/v2\/types\/post"}],"author":[{"embeddable":true,"href":"https:\/\/kuali.com.mx\/web\/wp-json\/wp\/v2\/users\/2"}],"replies":[{"embeddable":true,"href":"https:\/\/kuali.com.mx\/web\/wp-json\/wp\/v2\/comments?post=139133"}],"version-history":[{"count":2,"href":"https:\/\/kuali.com.mx\/web\/wp-json\/wp\/v2\/posts\/139133\/revisions"}],"predecessor-version":[{"id":139165,"href":"https:\/\/kuali.com.mx\/web\/wp-json\/wp\/v2\/posts\/139133\/revisions\/139165"}],"wp:featuredmedia":[{"embeddable":true,"href":"https:\/\/kuali.com.mx\/web\/wp-json\/wp\/v2\/media\/115244"}],"wp:attachment":[{"href":"https:\/\/kuali.com.mx\/web\/wp-json\/wp\/v2\/media?parent=139133"}],"wp:term":[{"taxonomy":"category","embeddable":true,"href":"https:\/\/kuali.com.mx\/web\/wp-json\/wp\/v2\/categories?post=139133"},{"taxonomy":"post_tag","embeddable":true,"href":"https:\/\/kuali.com.mx\/web\/wp-json\/wp\/v2\/tags?post=139133"}],"curies":[{"name":"wp","href":"https:\/\/api.w.org\/{rel}","templated":true}]}}