{"id":138591,"date":"2024-03-14T12:56:00","date_gmt":"2024-03-14T18:56:00","guid":{"rendered":"https:\/\/kuali.com.mx\/web\/?p=138591"},"modified":"2024-03-15T08:36:16","modified_gmt":"2024-03-15T14:36:16","slug":"arranca-la-feria-internacional-del-libro-de-la-ug","status":"publish","type":"post","link":"https:\/\/kuali.com.mx\/web\/2024\/03\/14\/arranca-la-feria-internacional-del-libro-de-la-ug\/","title":{"rendered":"ARRANCA LA FERIA INTERNACIONAL DEL LIBRO DE LA UG"},"content":{"rendered":"\n<p><strong><em>Kuali\/Guanajuato, Gto.-<\/em><\/strong>En el Antiguo Patio del Hospicio de la Sant\u00edsima Trinidad dio inicio la Sexag\u00e9sima Sexta Feria Internacional del Libro de la Universidad de Guanajuato (FILUG), bajo la tem\u00e1tica \u201cArte y pensamiento en la era digital\u201d. <\/p>\n\n\n\n<p>Este encuentro literario se desarrollar\u00e1 durante once d\u00edas hasta su clausura el 24 de marzo del presente a\u00f1o y rendir\u00e1 homenaje al poeta Ram\u00f3n Xirau y el escritor Jos\u00e9 Agust\u00edn, adem\u00e1s de contar con la presencia de la Universidad del Rosario (Colombia) y la Universidad Aut\u00f3noma de Chiapas (UNACH) como invitadas de honor.\u00a0<\/p>\n\n\n\n<p>Al dar la bienvenida a los asistentes, el Director de Extensi\u00f3n Cultural UG Dr. Jos\u00e9 Osvaldo Ch\u00e1vez Rodr\u00edguez puntualiz\u00f3 como novedad en esta edici\u00f3n, la instalaci\u00f3n de stands digitales para acceder a libros editados por diversas instituciones de educaci\u00f3n superior, lo anterior mediante c\u00f3digos QR, as\u00ed como la posibilidad de estrechar las relaciones de cooperaci\u00f3n y los v\u00ednculos interculturales entre la UG y las instituciones invitadas.&nbsp;<\/p>\n\n\n\n<p>En esta edici\u00f3n, la entrega del VII Premio \u201cJorge Ibarg\u00fcengoitia\u201d de Literatura, que entrega la Universidad de Guanajuato eligi\u00f3 por vez primera la categor\u00eda de Literatura Infantil y Juvenil. La escritora galardonada fue Alicia Molina Argud\u00edn, autora mexicana con una admirable trayectoria como pionera en dicho g\u00e9nero, quien manifest\u00f3 su profunda alegr\u00eda por esta distinci\u00f3n y el reconocimiento al g\u00e9nero que ella representa, particularmente por los esfuerzos realizados durante d\u00e9cadas en diversas instancias de educaci\u00f3n, comunicaci\u00f3n y cultura, esto para generar productos y programas que revaloricen y dignifiquen al p\u00fablico infantil. &nbsp;<\/p>\n\n\n\n<p>\u201cNuestra vida est\u00e1 hecha de cont\u00e1rnosla unos a otros, para comprender la realidad y darle sentido, nos la platicamos a nosotros mismos, la compartimos con los dem\u00e1s, la hacemos y la rehacemos, los seres humanos organizamos nuestra experiencia y construimos nuestra identidad personal e incorporamos la cultura a nuestra vida a trav\u00e9s de la narraci\u00f3n ya sea oral o escrita\u201d, dijo la galardonada. &nbsp;<\/p>\n\n\n\n<p>A trav\u00e9s de un mensaje en video, el Rector de la UNACH Dr. Carlos Natar\u00e9n Nandayapa, se mostr\u00f3 entusiasta por la invitaci\u00f3n a esta celebraci\u00f3n editorial, la m\u00e1s longeva en su tipo con ediciones anuales ininterrumpidas, y resalt\u00f3 las actividades culturales con las que se buscar\u00e1 acercar la cultura chiapaneca al p\u00fablico guanajuatense.<\/p>\n\n\n\n<p>Al hacer uso de la voz y en representaci\u00f3n de la Rectora General Dra. Claudia Susana G\u00f3mez L\u00f3pez, el Secretario Acad\u00e9mico de la Universidad de Guanajuato Dr. Jos\u00e9 Eleazar Barbosa Corona manifest\u00f3 que: \u201cconstruimos en nosotros a otras personas a trav\u00e9s de sue\u00f1os y muchas veces lo hacemos a trav\u00e9s de historias, en esta ocasi\u00f3n me gustar\u00eda mencionar que si dirigimos la lectura a los ni\u00f1os aumentamos su capacidad ling\u00fc\u00edstica, su empat\u00eda y su capacidad para entender la diversidad\u201d, indic\u00f3. &nbsp;<\/p>\n\n\n\n<p>Por su parte, la Decana de la Escuela de Humanidades de la Universidad del Rosario Dra. Adriana Mar\u00eda Alzate Echeverri destac\u00f3 la labor de todos los oficios involucrados con en la actividad editorial.&nbsp;<\/p>\n\n\n\n<p>\u201cLa oportunidad que nos brindan de compartir experiencias de pensamientos y de puntos de vista es un privilegio que valoramos enormemente, as\u00ed como el intercambio acad\u00e9mico, cultural e intelectual entre nuestros pa\u00edses hermanos y el que estamos construyendo entre nuestras instituciones no solo fortalecen los lazos de cooperaci\u00f3n y amistad sino que tambi\u00e9n enriquecen nuestro entendimiento mutuo y nos permiten enfrentar juntos los desaf\u00edos que nos muestra el presente y el futuro\u201d, dijo la Decana Alzate Echeverri. &nbsp;<\/p>\n\n\n\n<p>Durante el desarrollo de la ceremonia, intervinieron estudiantes de la Licenciatura en Artes Esc\u00e9nicas UG: Sigi C. Silva, Adzuira Gomar, Benji Luna, Cami Moyao y Diana Santana, dirigidos por el Mtro. David Eudave con la serie de lecturas dramatizadas titulada \u201cVer las palabras\u201d, basadas en el libro de Alicia Molina,&nbsp;<em>El cristal con que se mira.&nbsp;<\/em>&nbsp;<\/p>\n\n\n\n<p>Al finalizar la ceremonia, se llev\u00f3 a cabo un recorrido por los stands de la 66\u00aa FILUG y por la exposici\u00f3n \u201c370 a\u00f1os de la Universidad del Rosario\u201d, instalada en la Galer\u00eda \u201cJes\u00fas Gallardo\u201d y disponible para su visita hasta el t\u00e9rmino de dicha feria. &nbsp;<\/p>\n\n\n\n<p>La FILUG cuenta en esta edici\u00f3n con la presencia de las cincuenta y dos universidades que integran la Red Nacional Altexto de Editoriales Universitarias y Acad\u00e9micas de M\u00e9xico. Tambi\u00e9n participan 39 editoriales nacionales e internacionales, tales como: Trillas, Roca, Gustavo Gili, De Vecchi, Norma, Em\u00fa, Gala, Dream Art, Sexto piso, El naranjo, Vula, Casemiro, La cifra, Atalanta, Urus, Heredad, Oc\u00e9ano, Amauta, Boek, Ona, Pal\u00edndroma, Traficante de sue\u00f1os, La Rana, Porr\u00faa, Era, Planeta, Fondo de Cultura, Random House, Alfaguara, Urano, Taurus, Paid\u00f3s, De bolsillo, Tusquets, Santillana, Lo que Leo, Norma, Castillo y Edelvives, respectivamente. &nbsp;<\/p>\n\n\n\n<p>La programaci\u00f3n completa puede consultarse en&nbsp;<a href=\"http:\/\/www.filug.ugto.mx\/\" target=\"_blank\" rel=\"noreferrer noopener\">www.filug.ugto.mx<\/a>&nbsp;y las redes sociales institucionales de la Universidad de Guanajuato.&nbsp;<\/p>\n","protected":false},"excerpt":{"rendered":"Kuali\/Guanajuato, Gto.-En el Antiguo Patio del Hospicio de la Sant\u00edsima Trinidad dio inicio la Sexag\u00e9sima Sexta Feria Internacional del Libro de la Universidad de Guanajuato (FILUG), bajo la tem\u00e1tica \u201cArte y pensamiento en la era digital\u201d. Este encuentro literario se desarrollar\u00e1 durante once d\u00edas hasta su clausura el 24 de marzo del presente a\u00f1o y [&hellip;]","protected":false},"author":2,"featured_media":138594,"comment_status":"open","ping_status":"open","sticky":false,"template":"","format":"standard","meta":{"_seopress_robots_primary_cat":"none","_seopress_titles_title":"","_seopress_titles_desc":"","_seopress_robots_index":"","_monsterinsights_skip_tracking":false,"_monsterinsights_sitenote_active":false,"_monsterinsights_sitenote_note":"","_monsterinsights_sitenote_category":0,"footnotes":""},"categories":[8],"tags":[],"class_list":["post-138591","post","type-post","status-publish","format-standard","has-post-thumbnail","hentry","category-espectaculos"],"yoast_head":"<!-- This site is optimized with the Yoast SEO plugin v27.4 - https:\/\/yoast.com\/product\/yoast-seo-wordpress\/ -->\n<title>ARRANCA LA FERIA INTERNACIONAL DEL LIBRO DE LA UG - Kuali<\/title>\n<meta name=\"robots\" content=\"index, follow, max-snippet:-1, max-image-preview:large, max-video-preview:-1\" \/>\n<link rel=\"canonical\" href=\"https:\/\/kuali.com.mx\/web\/2024\/03\/14\/arranca-la-feria-internacional-del-libro-de-la-ug\/\" \/>\n<meta property=\"og:locale\" content=\"es_MX\" \/>\n<meta property=\"og:type\" content=\"article\" \/>\n<meta property=\"og:title\" content=\"ARRANCA LA FERIA INTERNACIONAL DEL LIBRO DE LA UG - Kuali\" \/>\n<meta property=\"og:description\" content=\"Kuali\/Guanajuato, Gto.-En el Antiguo Patio del Hospicio de la Sant\u00edsima Trinidad dio inicio la Sexag\u00e9sima Sexta Feria Internacional del Libro de la Universidad de Guanajuato (FILUG), bajo la tem\u00e1tica \u201cArte y pensamiento en la era digital\u201d. Este encuentro literario se desarrollar\u00e1 durante once d\u00edas hasta su clausura el 24 de marzo del presente a\u00f1o y [&hellip;]\" \/>\n<meta property=\"og:url\" content=\"https:\/\/kuali.com.mx\/web\/2024\/03\/14\/arranca-la-feria-internacional-del-libro-de-la-ug\/\" \/>\n<meta property=\"og:site_name\" content=\"Kuali\" \/>\n<meta property=\"article:publisher\" content=\"https:\/\/kuali.com.mx\/web\/wp-content\/uploads\/2018\/04\/cropped-kuali_logo-1-1.png\" \/>\n<meta property=\"article:published_time\" content=\"2024-03-14T18:56:00+00:00\" \/>\n<meta property=\"article:modified_time\" content=\"2024-03-15T14:36:16+00:00\" \/>\n<meta property=\"og:image\" content=\"https:\/\/kuali.com.mx\/web\/wp-content\/uploads\/2024\/03\/66-FILUG-7.jpeg\" \/>\n\t<meta property=\"og:image:width\" content=\"1600\" \/>\n\t<meta property=\"og:image:height\" content=\"889\" \/>\n\t<meta property=\"og:image:type\" content=\"image\/jpeg\" \/>\n<meta name=\"author\" content=\"Kuali Staff\" \/>\n<meta name=\"twitter:card\" content=\"summary_large_image\" \/>\n<meta name=\"twitter:creator\" content=\"@kuali_noticias\" \/>\n<meta name=\"twitter:site\" content=\"@kuali_noticias\" \/>\n<meta name=\"twitter:label1\" content=\"Escrito por\" \/>\n\t<meta name=\"twitter:data1\" content=\"Kuali Staff\" \/>\n\t<meta name=\"twitter:label2\" content=\"Tiempo de lectura\" \/>\n\t<meta name=\"twitter:data2\" content=\"4 minutos\" \/>\n<script type=\"application\/ld+json\" class=\"yoast-schema-graph\">{\"@context\":\"https:\\\/\\\/schema.org\",\"@graph\":[{\"@type\":\"Article\",\"@id\":\"https:\\\/\\\/kuali.com.mx\\\/web\\\/2024\\\/03\\\/14\\\/arranca-la-feria-internacional-del-libro-de-la-ug\\\/#article\",\"isPartOf\":{\"@id\":\"https:\\\/\\\/kuali.com.mx\\\/web\\\/2024\\\/03\\\/14\\\/arranca-la-feria-internacional-del-libro-de-la-ug\\\/\"},\"author\":{\"name\":\"Kuali Staff\",\"@id\":\"https:\\\/\\\/kuali.com.mx\\\/web\\\/#\\\/schema\\\/person\\\/6f89ffa8ecba9dae50662357923c5289\"},\"headline\":\"ARRANCA LA FERIA INTERNACIONAL DEL LIBRO DE LA UG\",\"datePublished\":\"2024-03-14T18:56:00+00:00\",\"dateModified\":\"2024-03-15T14:36:16+00:00\",\"mainEntityOfPage\":{\"@id\":\"https:\\\/\\\/kuali.com.mx\\\/web\\\/2024\\\/03\\\/14\\\/arranca-la-feria-internacional-del-libro-de-la-ug\\\/\"},\"wordCount\":862,\"commentCount\":0,\"image\":{\"@id\":\"https:\\\/\\\/kuali.com.mx\\\/web\\\/2024\\\/03\\\/14\\\/arranca-la-feria-internacional-del-libro-de-la-ug\\\/#primaryimage\"},\"thumbnailUrl\":\"https:\\\/\\\/kuali.com.mx\\\/web\\\/wp-content\\\/uploads\\\/2024\\\/03\\\/66-FILUG-7.jpeg\",\"articleSection\":[\"Cultura\"],\"inLanguage\":\"es\",\"potentialAction\":[{\"@type\":\"CommentAction\",\"name\":\"Comment\",\"target\":[\"https:\\\/\\\/kuali.com.mx\\\/web\\\/2024\\\/03\\\/14\\\/arranca-la-feria-internacional-del-libro-de-la-ug\\\/#respond\"]}]},{\"@type\":\"WebPage\",\"@id\":\"https:\\\/\\\/kuali.com.mx\\\/web\\\/2024\\\/03\\\/14\\\/arranca-la-feria-internacional-del-libro-de-la-ug\\\/\",\"url\":\"https:\\\/\\\/kuali.com.mx\\\/web\\\/2024\\\/03\\\/14\\\/arranca-la-feria-internacional-del-libro-de-la-ug\\\/\",\"name\":\"ARRANCA LA FERIA INTERNACIONAL DEL LIBRO DE LA UG - Kuali\",\"isPartOf\":{\"@id\":\"https:\\\/\\\/kuali.com.mx\\\/web\\\/#website\"},\"primaryImageOfPage\":{\"@id\":\"https:\\\/\\\/kuali.com.mx\\\/web\\\/2024\\\/03\\\/14\\\/arranca-la-feria-internacional-del-libro-de-la-ug\\\/#primaryimage\"},\"image\":{\"@id\":\"https:\\\/\\\/kuali.com.mx\\\/web\\\/2024\\\/03\\\/14\\\/arranca-la-feria-internacional-del-libro-de-la-ug\\\/#primaryimage\"},\"thumbnailUrl\":\"https:\\\/\\\/kuali.com.mx\\\/web\\\/wp-content\\\/uploads\\\/2024\\\/03\\\/66-FILUG-7.jpeg\",\"datePublished\":\"2024-03-14T18:56:00+00:00\",\"dateModified\":\"2024-03-15T14:36:16+00:00\",\"author\":{\"@id\":\"https:\\\/\\\/kuali.com.mx\\\/web\\\/#\\\/schema\\\/person\\\/6f89ffa8ecba9dae50662357923c5289\"},\"breadcrumb\":{\"@id\":\"https:\\\/\\\/kuali.com.mx\\\/web\\\/2024\\\/03\\\/14\\\/arranca-la-feria-internacional-del-libro-de-la-ug\\\/#breadcrumb\"},\"inLanguage\":\"es\",\"potentialAction\":[{\"@type\":\"ReadAction\",\"target\":[\"https:\\\/\\\/kuali.com.mx\\\/web\\\/2024\\\/03\\\/14\\\/arranca-la-feria-internacional-del-libro-de-la-ug\\\/\"]}]},{\"@type\":\"ImageObject\",\"inLanguage\":\"es\",\"@id\":\"https:\\\/\\\/kuali.com.mx\\\/web\\\/2024\\\/03\\\/14\\\/arranca-la-feria-internacional-del-libro-de-la-ug\\\/#primaryimage\",\"url\":\"https:\\\/\\\/kuali.com.mx\\\/web\\\/wp-content\\\/uploads\\\/2024\\\/03\\\/66-FILUG-7.jpeg\",\"contentUrl\":\"https:\\\/\\\/kuali.com.mx\\\/web\\\/wp-content\\\/uploads\\\/2024\\\/03\\\/66-FILUG-7.jpeg\",\"width\":1600,\"height\":889},{\"@type\":\"BreadcrumbList\",\"@id\":\"https:\\\/\\\/kuali.com.mx\\\/web\\\/2024\\\/03\\\/14\\\/arranca-la-feria-internacional-del-libro-de-la-ug\\\/#breadcrumb\",\"itemListElement\":[{\"@type\":\"ListItem\",\"position\":1,\"name\":\"Inicio\",\"item\":\"https:\\\/\\\/kuali.com.mx\\\/web\\\/\"},{\"@type\":\"ListItem\",\"position\":2,\"name\":\"ARRANCA LA FERIA INTERNACIONAL DEL LIBRO DE LA UG\"}]},{\"@type\":\"WebSite\",\"@id\":\"https:\\\/\\\/kuali.com.mx\\\/web\\\/#website\",\"url\":\"https:\\\/\\\/kuali.com.mx\\\/web\\\/\",\"name\":\"Kuali\",\"description\":\"\",\"potentialAction\":[{\"@type\":\"SearchAction\",\"target\":{\"@type\":\"EntryPoint\",\"urlTemplate\":\"https:\\\/\\\/kuali.com.mx\\\/web\\\/?s={search_term_string}\"},\"query-input\":{\"@type\":\"PropertyValueSpecification\",\"valueRequired\":true,\"valueName\":\"search_term_string\"}}],\"inLanguage\":\"es\"},{\"@type\":\"Person\",\"@id\":\"https:\\\/\\\/kuali.com.mx\\\/web\\\/#\\\/schema\\\/person\\\/6f89ffa8ecba9dae50662357923c5289\",\"name\":\"Kuali Staff\",\"image\":{\"@type\":\"ImageObject\",\"inLanguage\":\"es\",\"@id\":\"https:\\\/\\\/secure.gravatar.com\\\/avatar\\\/f917ad82e5ab71227a733c78b6e60715476f69ee6be59feee4eb5d9920c89e0f?s=96&d=mm&r=g\",\"url\":\"https:\\\/\\\/secure.gravatar.com\\\/avatar\\\/f917ad82e5ab71227a733c78b6e60715476f69ee6be59feee4eb5d9920c89e0f?s=96&d=mm&r=g\",\"contentUrl\":\"https:\\\/\\\/secure.gravatar.com\\\/avatar\\\/f917ad82e5ab71227a733c78b6e60715476f69ee6be59feee4eb5d9920c89e0f?s=96&d=mm&r=g\",\"caption\":\"Kuali Staff\"},\"url\":\"https:\\\/\\\/kuali.com.mx\\\/web\\\/author\\\/lagarto\\\/\"}]}<\/script>\n<!-- \/ Yoast SEO plugin. -->","yoast_head_json":{"title":"ARRANCA LA FERIA INTERNACIONAL DEL LIBRO DE LA UG - Kuali","robots":{"index":"index","follow":"follow","max-snippet":"max-snippet:-1","max-image-preview":"max-image-preview:large","max-video-preview":"max-video-preview:-1"},"canonical":"https:\/\/kuali.com.mx\/web\/2024\/03\/14\/arranca-la-feria-internacional-del-libro-de-la-ug\/","og_locale":"es_MX","og_type":"article","og_title":"ARRANCA LA FERIA INTERNACIONAL DEL LIBRO DE LA UG - Kuali","og_description":"Kuali\/Guanajuato, Gto.-En el Antiguo Patio del Hospicio de la Sant\u00edsima Trinidad dio inicio la Sexag\u00e9sima Sexta Feria Internacional del Libro de la Universidad de Guanajuato (FILUG), bajo la tem\u00e1tica \u201cArte y pensamiento en la era digital\u201d. Este encuentro literario se desarrollar\u00e1 durante once d\u00edas hasta su clausura el 24 de marzo del presente a\u00f1o y [&hellip;]","og_url":"https:\/\/kuali.com.mx\/web\/2024\/03\/14\/arranca-la-feria-internacional-del-libro-de-la-ug\/","og_site_name":"Kuali","article_publisher":"https:\/\/kuali.com.mx\/web\/wp-content\/uploads\/2018\/04\/cropped-kuali_logo-1-1.png","article_published_time":"2024-03-14T18:56:00+00:00","article_modified_time":"2024-03-15T14:36:16+00:00","og_image":[{"width":1600,"height":889,"url":"https:\/\/kuali.com.mx\/web\/wp-content\/uploads\/2024\/03\/66-FILUG-7.jpeg","type":"image\/jpeg"}],"author":"Kuali Staff","twitter_card":"summary_large_image","twitter_creator":"@kuali_noticias","twitter_site":"@kuali_noticias","twitter_misc":{"Escrito por":"Kuali Staff","Tiempo de lectura":"4 minutos"},"schema":{"@context":"https:\/\/schema.org","@graph":[{"@type":"Article","@id":"https:\/\/kuali.com.mx\/web\/2024\/03\/14\/arranca-la-feria-internacional-del-libro-de-la-ug\/#article","isPartOf":{"@id":"https:\/\/kuali.com.mx\/web\/2024\/03\/14\/arranca-la-feria-internacional-del-libro-de-la-ug\/"},"author":{"name":"Kuali Staff","@id":"https:\/\/kuali.com.mx\/web\/#\/schema\/person\/6f89ffa8ecba9dae50662357923c5289"},"headline":"ARRANCA LA FERIA INTERNACIONAL DEL LIBRO DE LA UG","datePublished":"2024-03-14T18:56:00+00:00","dateModified":"2024-03-15T14:36:16+00:00","mainEntityOfPage":{"@id":"https:\/\/kuali.com.mx\/web\/2024\/03\/14\/arranca-la-feria-internacional-del-libro-de-la-ug\/"},"wordCount":862,"commentCount":0,"image":{"@id":"https:\/\/kuali.com.mx\/web\/2024\/03\/14\/arranca-la-feria-internacional-del-libro-de-la-ug\/#primaryimage"},"thumbnailUrl":"https:\/\/kuali.com.mx\/web\/wp-content\/uploads\/2024\/03\/66-FILUG-7.jpeg","articleSection":["Cultura"],"inLanguage":"es","potentialAction":[{"@type":"CommentAction","name":"Comment","target":["https:\/\/kuali.com.mx\/web\/2024\/03\/14\/arranca-la-feria-internacional-del-libro-de-la-ug\/#respond"]}]},{"@type":"WebPage","@id":"https:\/\/kuali.com.mx\/web\/2024\/03\/14\/arranca-la-feria-internacional-del-libro-de-la-ug\/","url":"https:\/\/kuali.com.mx\/web\/2024\/03\/14\/arranca-la-feria-internacional-del-libro-de-la-ug\/","name":"ARRANCA LA FERIA INTERNACIONAL DEL LIBRO DE LA UG - Kuali","isPartOf":{"@id":"https:\/\/kuali.com.mx\/web\/#website"},"primaryImageOfPage":{"@id":"https:\/\/kuali.com.mx\/web\/2024\/03\/14\/arranca-la-feria-internacional-del-libro-de-la-ug\/#primaryimage"},"image":{"@id":"https:\/\/kuali.com.mx\/web\/2024\/03\/14\/arranca-la-feria-internacional-del-libro-de-la-ug\/#primaryimage"},"thumbnailUrl":"https:\/\/kuali.com.mx\/web\/wp-content\/uploads\/2024\/03\/66-FILUG-7.jpeg","datePublished":"2024-03-14T18:56:00+00:00","dateModified":"2024-03-15T14:36:16+00:00","author":{"@id":"https:\/\/kuali.com.mx\/web\/#\/schema\/person\/6f89ffa8ecba9dae50662357923c5289"},"breadcrumb":{"@id":"https:\/\/kuali.com.mx\/web\/2024\/03\/14\/arranca-la-feria-internacional-del-libro-de-la-ug\/#breadcrumb"},"inLanguage":"es","potentialAction":[{"@type":"ReadAction","target":["https:\/\/kuali.com.mx\/web\/2024\/03\/14\/arranca-la-feria-internacional-del-libro-de-la-ug\/"]}]},{"@type":"ImageObject","inLanguage":"es","@id":"https:\/\/kuali.com.mx\/web\/2024\/03\/14\/arranca-la-feria-internacional-del-libro-de-la-ug\/#primaryimage","url":"https:\/\/kuali.com.mx\/web\/wp-content\/uploads\/2024\/03\/66-FILUG-7.jpeg","contentUrl":"https:\/\/kuali.com.mx\/web\/wp-content\/uploads\/2024\/03\/66-FILUG-7.jpeg","width":1600,"height":889},{"@type":"BreadcrumbList","@id":"https:\/\/kuali.com.mx\/web\/2024\/03\/14\/arranca-la-feria-internacional-del-libro-de-la-ug\/#breadcrumb","itemListElement":[{"@type":"ListItem","position":1,"name":"Inicio","item":"https:\/\/kuali.com.mx\/web\/"},{"@type":"ListItem","position":2,"name":"ARRANCA LA FERIA INTERNACIONAL DEL LIBRO DE LA UG"}]},{"@type":"WebSite","@id":"https:\/\/kuali.com.mx\/web\/#website","url":"https:\/\/kuali.com.mx\/web\/","name":"Kuali","description":"","potentialAction":[{"@type":"SearchAction","target":{"@type":"EntryPoint","urlTemplate":"https:\/\/kuali.com.mx\/web\/?s={search_term_string}"},"query-input":{"@type":"PropertyValueSpecification","valueRequired":true,"valueName":"search_term_string"}}],"inLanguage":"es"},{"@type":"Person","@id":"https:\/\/kuali.com.mx\/web\/#\/schema\/person\/6f89ffa8ecba9dae50662357923c5289","name":"Kuali Staff","image":{"@type":"ImageObject","inLanguage":"es","@id":"https:\/\/secure.gravatar.com\/avatar\/f917ad82e5ab71227a733c78b6e60715476f69ee6be59feee4eb5d9920c89e0f?s=96&d=mm&r=g","url":"https:\/\/secure.gravatar.com\/avatar\/f917ad82e5ab71227a733c78b6e60715476f69ee6be59feee4eb5d9920c89e0f?s=96&d=mm&r=g","contentUrl":"https:\/\/secure.gravatar.com\/avatar\/f917ad82e5ab71227a733c78b6e60715476f69ee6be59feee4eb5d9920c89e0f?s=96&d=mm&r=g","caption":"Kuali Staff"},"url":"https:\/\/kuali.com.mx\/web\/author\/lagarto\/"}]}},"_links":{"self":[{"href":"https:\/\/kuali.com.mx\/web\/wp-json\/wp\/v2\/posts\/138591","targetHints":{"allow":["GET"]}}],"collection":[{"href":"https:\/\/kuali.com.mx\/web\/wp-json\/wp\/v2\/posts"}],"about":[{"href":"https:\/\/kuali.com.mx\/web\/wp-json\/wp\/v2\/types\/post"}],"author":[{"embeddable":true,"href":"https:\/\/kuali.com.mx\/web\/wp-json\/wp\/v2\/users\/2"}],"replies":[{"embeddable":true,"href":"https:\/\/kuali.com.mx\/web\/wp-json\/wp\/v2\/comments?post=138591"}],"version-history":[{"count":3,"href":"https:\/\/kuali.com.mx\/web\/wp-json\/wp\/v2\/posts\/138591\/revisions"}],"predecessor-version":[{"id":138640,"href":"https:\/\/kuali.com.mx\/web\/wp-json\/wp\/v2\/posts\/138591\/revisions\/138640"}],"wp:featuredmedia":[{"embeddable":true,"href":"https:\/\/kuali.com.mx\/web\/wp-json\/wp\/v2\/media\/138594"}],"wp:attachment":[{"href":"https:\/\/kuali.com.mx\/web\/wp-json\/wp\/v2\/media?parent=138591"}],"wp:term":[{"taxonomy":"category","embeddable":true,"href":"https:\/\/kuali.com.mx\/web\/wp-json\/wp\/v2\/categories?post=138591"},{"taxonomy":"post_tag","embeddable":true,"href":"https:\/\/kuali.com.mx\/web\/wp-json\/wp\/v2\/tags?post=138591"}],"curies":[{"name":"wp","href":"https:\/\/api.w.org\/{rel}","templated":true}]}}