{"id":138578,"date":"2024-03-14T17:16:31","date_gmt":"2024-03-14T23:16:31","guid":{"rendered":"https:\/\/kuali.com.mx\/web\/?p=138578"},"modified":"2024-03-14T21:44:00","modified_gmt":"2024-03-15T03:44:00","slug":"piden-a-amlo-garantizar-seguridad-en-carreteras","status":"publish","type":"post","link":"https:\/\/kuali.com.mx\/web\/2024\/03\/14\/piden-a-amlo-garantizar-seguridad-en-carreteras\/","title":{"rendered":"PIDEN A AMLO GARANTIZAR SEGURIDAD EN CARRETERAS"},"content":{"rendered":"\n<p><strong><em>Kuali\/Guanajuato, Gto.-<\/em><\/strong>El grupo parlamentario del Partido Acci\u00f3n Nacional (PAN) present\u00f3 ante el pleno del Congreso un punto de acuerdo para exhortar al presidente, Andr\u00e9s Manuel L\u00f3pez Obrador, que garantice la seguridad en las carreteras federales.<\/p>\n\n\n\n<p>Pide al mandatario que a trav\u00e9s de la Secretar\u00eda de Gobernaci\u00f3n, Secretar\u00eda de Infraestructura, Comunicaciones y Transportes, Secretar\u00eda de Seguridad y Protecci\u00f3n Ciudadana y de la Guardia Nacional, d\u00e9 cumplimiento a los acuerdos celebrados con el sector autotransportista y garantice la seguridad p\u00fablica, combatan el delito, mantengan el orden y prevengan la comisi\u00f3n del delito en las carreteras y puentes de jurisdicci\u00f3n federal as\u00ed como los medios de transporte que operen en ellos y de sus servicios auxiliares, previstos en la Ley de Caminos Puentes y Autotransporte Federal.<\/p>\n\n\n\n<p>As\u00ed como, solicitar al titular de la Fiscal\u00eda General de la Rep\u00fablica que lleve a cabo la debida integraci\u00f3n de las carpetas de investigaci\u00f3n iniciadas por el delito de homicidio de los conductores del autotransporte federal y por el delito de robo previsto en los art\u00edculos 376 Ter y 376 Qu\u00e1ter del C\u00f3digo Penal Federal, asimismo se judicialicen las mismas y una vez seguido el procedimiento penal en sus etapas se obtenga sentencia condenatoria en contra de los responsables de dichos delitos, a fin de que a las v\u00edctimas les sea garantizada la reparaci\u00f3n integral del da\u00f1o.<\/p>\n\n\n\n<p>En las consideraciones, el diputado Aldo Iv\u00e1n M\u00e1rquez Becerra coment\u00f3 que la Federaci\u00f3n Mexicoamericana de Transportistas convoc\u00f3 a un paro nacional motivado por la inseguridad de la que son v\u00edctimas en las carreteras y autopistas del pa\u00eds tanto sus agremiados como cualquier persona que se dedica al autotransporte, donde se exig\u00eda aumentar la presencia de la Guardia Nacional en la carreteras y autopistas; modernizar el sistema de justicia para que los delincuentes sean castigados con mayor severidad; y se brinde apoyo a las familias de los transportistas.<\/p>\n\n\n\n<p>\u201cLa delincuencia organizada ya no se conforma con robar la mercanc\u00eda y las unidades para deshuesarlas, sino que privan de la vida a los conductores, y estos hechos pasan a formar parte de la cifra negra, ya que los propietarios de los camiones por temor a ser privados de la vida o de la libertad no denuncian, lo cual evidentemente no genera estad\u00edstica ante el Ministerio P\u00fablico de la Federaci\u00f3n\u201d, dijo.<\/p>\n\n\n\n<p>El congresista refiri\u00f3 que los estados en los cuales se presenta mayor incidencia delictiva del robo al autotransporte en las carreteras federales son el Estado de M\u00e9xico y Puebla, pero que el listado tambi\u00e9n abarca a Guanajuato, Michoac\u00e1n, Jalisco, Quer\u00e9taro, Hidalgo, San Luis Potos\u00ed, Veracruz y Tlaxcala, donde se reportaron un total de 12 mil 740 delitos de ese tipo en dicho periodo el a\u00f1o pasado.<\/p>\n\n\n\n<p>Finalmente, extern\u00f3 que el problema de inseguridad, los homicidios, los secuestros y las extorsiones de las que son v\u00edctimas los autotransportistas son productos de la omisi\u00f3n con que se han conducido las autoridades federales en materia de inspecci\u00f3n, seguridad, verificaci\u00f3n, vigilancia, prevenci\u00f3n del delito y combate a la delincuencia.<\/p>\n\n\n\n<p>El punto de acuerdo fue turnado a la Comisi\u00f3n de Seguridad P\u00fablica y Comunicaciones para su estudio y dictamen.<\/p>\n","protected":false},"excerpt":{"rendered":"Kuali\/Guanajuato, Gto.-El grupo parlamentario del Partido Acci\u00f3n Nacional (PAN) present\u00f3 ante el pleno del Congreso un punto de acuerdo para exhortar al presidente, Andr\u00e9s Manuel L\u00f3pez Obrador, que garantice la seguridad en las carreteras federales. Pide al mandatario que a trav\u00e9s de la Secretar\u00eda de Gobernaci\u00f3n, Secretar\u00eda de Infraestructura, Comunicaciones y Transportes, Secretar\u00eda de Seguridad [&hellip;]","protected":false},"author":2,"featured_media":123150,"comment_status":"open","ping_status":"open","sticky":false,"template":"","format":"standard","meta":{"_seopress_robots_primary_cat":"none","_seopress_titles_title":"","_seopress_titles_desc":"","_seopress_robots_index":"","_monsterinsights_skip_tracking":false,"_monsterinsights_sitenote_active":false,"_monsterinsights_sitenote_note":"","_monsterinsights_sitenote_category":0,"footnotes":""},"categories":[3],"tags":[],"class_list":["post-138578","post","type-post","status-publish","format-standard","has-post-thumbnail","hentry","category-politica"],"yoast_head":"<!-- This site is optimized with the Yoast SEO plugin v27.4 - https:\/\/yoast.com\/product\/yoast-seo-wordpress\/ -->\n<title>PIDEN A AMLO GARANTIZAR SEGURIDAD EN CARRETERAS - Kuali<\/title>\n<meta name=\"robots\" content=\"index, follow, max-snippet:-1, max-image-preview:large, max-video-preview:-1\" \/>\n<link rel=\"canonical\" href=\"https:\/\/kuali.com.mx\/web\/2024\/03\/14\/piden-a-amlo-garantizar-seguridad-en-carreteras\/\" \/>\n<meta property=\"og:locale\" content=\"es_MX\" \/>\n<meta property=\"og:type\" content=\"article\" \/>\n<meta property=\"og:title\" content=\"PIDEN A AMLO GARANTIZAR SEGURIDAD EN CARRETERAS - Kuali\" \/>\n<meta property=\"og:description\" content=\"Kuali\/Guanajuato, Gto.-El grupo parlamentario del Partido Acci\u00f3n Nacional (PAN) present\u00f3 ante el pleno del Congreso un punto de acuerdo para exhortar al presidente, Andr\u00e9s Manuel L\u00f3pez Obrador, que garantice la seguridad en las carreteras federales. Pide al mandatario que a trav\u00e9s de la Secretar\u00eda de Gobernaci\u00f3n, Secretar\u00eda de Infraestructura, Comunicaciones y Transportes, Secretar\u00eda de Seguridad [&hellip;]\" \/>\n<meta property=\"og:url\" content=\"https:\/\/kuali.com.mx\/web\/2024\/03\/14\/piden-a-amlo-garantizar-seguridad-en-carreteras\/\" \/>\n<meta property=\"og:site_name\" content=\"Kuali\" \/>\n<meta property=\"article:publisher\" content=\"https:\/\/kuali.com.mx\/web\/wp-content\/uploads\/2018\/04\/cropped-kuali_logo-1-1.png\" \/>\n<meta property=\"article:published_time\" content=\"2024-03-14T23:16:31+00:00\" \/>\n<meta property=\"article:modified_time\" content=\"2024-03-15T03:44:00+00:00\" \/>\n<meta property=\"og:image\" content=\"https:\/\/kuali.com.mx\/web\/wp-content\/uploads\/2023\/07\/AMLO-1.jpg\" \/>\n\t<meta property=\"og:image:width\" content=\"1705\" \/>\n\t<meta property=\"og:image:height\" content=\"750\" \/>\n\t<meta property=\"og:image:type\" content=\"image\/jpeg\" \/>\n<meta name=\"author\" content=\"Kuali Staff\" \/>\n<meta name=\"twitter:card\" content=\"summary_large_image\" \/>\n<meta name=\"twitter:creator\" content=\"@kuali_noticias\" \/>\n<meta name=\"twitter:site\" content=\"@kuali_noticias\" \/>\n<meta name=\"twitter:label1\" content=\"Escrito por\" \/>\n\t<meta name=\"twitter:data1\" content=\"Kuali Staff\" \/>\n\t<meta name=\"twitter:label2\" content=\"Tiempo de lectura\" \/>\n\t<meta name=\"twitter:data2\" content=\"3 minutos\" \/>\n<script type=\"application\/ld+json\" class=\"yoast-schema-graph\">{\"@context\":\"https:\\\/\\\/schema.org\",\"@graph\":[{\"@type\":\"Article\",\"@id\":\"https:\\\/\\\/kuali.com.mx\\\/web\\\/2024\\\/03\\\/14\\\/piden-a-amlo-garantizar-seguridad-en-carreteras\\\/#article\",\"isPartOf\":{\"@id\":\"https:\\\/\\\/kuali.com.mx\\\/web\\\/2024\\\/03\\\/14\\\/piden-a-amlo-garantizar-seguridad-en-carreteras\\\/\"},\"author\":{\"name\":\"Kuali Staff\",\"@id\":\"https:\\\/\\\/kuali.com.mx\\\/web\\\/#\\\/schema\\\/person\\\/6f89ffa8ecba9dae50662357923c5289\"},\"headline\":\"PIDEN A AMLO GARANTIZAR SEGURIDAD EN CARRETERAS\",\"datePublished\":\"2024-03-14T23:16:31+00:00\",\"dateModified\":\"2024-03-15T03:44:00+00:00\",\"mainEntityOfPage\":{\"@id\":\"https:\\\/\\\/kuali.com.mx\\\/web\\\/2024\\\/03\\\/14\\\/piden-a-amlo-garantizar-seguridad-en-carreteras\\\/\"},\"wordCount\":562,\"commentCount\":0,\"image\":{\"@id\":\"https:\\\/\\\/kuali.com.mx\\\/web\\\/2024\\\/03\\\/14\\\/piden-a-amlo-garantizar-seguridad-en-carreteras\\\/#primaryimage\"},\"thumbnailUrl\":\"https:\\\/\\\/kuali.com.mx\\\/web\\\/wp-content\\\/uploads\\\/2023\\\/07\\\/AMLO-1.jpg\",\"articleSection\":[\"Pol\u00edtica\"],\"inLanguage\":\"es\",\"potentialAction\":[{\"@type\":\"CommentAction\",\"name\":\"Comment\",\"target\":[\"https:\\\/\\\/kuali.com.mx\\\/web\\\/2024\\\/03\\\/14\\\/piden-a-amlo-garantizar-seguridad-en-carreteras\\\/#respond\"]}]},{\"@type\":\"WebPage\",\"@id\":\"https:\\\/\\\/kuali.com.mx\\\/web\\\/2024\\\/03\\\/14\\\/piden-a-amlo-garantizar-seguridad-en-carreteras\\\/\",\"url\":\"https:\\\/\\\/kuali.com.mx\\\/web\\\/2024\\\/03\\\/14\\\/piden-a-amlo-garantizar-seguridad-en-carreteras\\\/\",\"name\":\"PIDEN A AMLO GARANTIZAR SEGURIDAD EN CARRETERAS - Kuali\",\"isPartOf\":{\"@id\":\"https:\\\/\\\/kuali.com.mx\\\/web\\\/#website\"},\"primaryImageOfPage\":{\"@id\":\"https:\\\/\\\/kuali.com.mx\\\/web\\\/2024\\\/03\\\/14\\\/piden-a-amlo-garantizar-seguridad-en-carreteras\\\/#primaryimage\"},\"image\":{\"@id\":\"https:\\\/\\\/kuali.com.mx\\\/web\\\/2024\\\/03\\\/14\\\/piden-a-amlo-garantizar-seguridad-en-carreteras\\\/#primaryimage\"},\"thumbnailUrl\":\"https:\\\/\\\/kuali.com.mx\\\/web\\\/wp-content\\\/uploads\\\/2023\\\/07\\\/AMLO-1.jpg\",\"datePublished\":\"2024-03-14T23:16:31+00:00\",\"dateModified\":\"2024-03-15T03:44:00+00:00\",\"author\":{\"@id\":\"https:\\\/\\\/kuali.com.mx\\\/web\\\/#\\\/schema\\\/person\\\/6f89ffa8ecba9dae50662357923c5289\"},\"breadcrumb\":{\"@id\":\"https:\\\/\\\/kuali.com.mx\\\/web\\\/2024\\\/03\\\/14\\\/piden-a-amlo-garantizar-seguridad-en-carreteras\\\/#breadcrumb\"},\"inLanguage\":\"es\",\"potentialAction\":[{\"@type\":\"ReadAction\",\"target\":[\"https:\\\/\\\/kuali.com.mx\\\/web\\\/2024\\\/03\\\/14\\\/piden-a-amlo-garantizar-seguridad-en-carreteras\\\/\"]}]},{\"@type\":\"ImageObject\",\"inLanguage\":\"es\",\"@id\":\"https:\\\/\\\/kuali.com.mx\\\/web\\\/2024\\\/03\\\/14\\\/piden-a-amlo-garantizar-seguridad-en-carreteras\\\/#primaryimage\",\"url\":\"https:\\\/\\\/kuali.com.mx\\\/web\\\/wp-content\\\/uploads\\\/2023\\\/07\\\/AMLO-1.jpg\",\"contentUrl\":\"https:\\\/\\\/kuali.com.mx\\\/web\\\/wp-content\\\/uploads\\\/2023\\\/07\\\/AMLO-1.jpg\",\"width\":1705,\"height\":750},{\"@type\":\"BreadcrumbList\",\"@id\":\"https:\\\/\\\/kuali.com.mx\\\/web\\\/2024\\\/03\\\/14\\\/piden-a-amlo-garantizar-seguridad-en-carreteras\\\/#breadcrumb\",\"itemListElement\":[{\"@type\":\"ListItem\",\"position\":1,\"name\":\"Inicio\",\"item\":\"https:\\\/\\\/kuali.com.mx\\\/web\\\/\"},{\"@type\":\"ListItem\",\"position\":2,\"name\":\"PIDEN A AMLO GARANTIZAR SEGURIDAD EN CARRETERAS\"}]},{\"@type\":\"WebSite\",\"@id\":\"https:\\\/\\\/kuali.com.mx\\\/web\\\/#website\",\"url\":\"https:\\\/\\\/kuali.com.mx\\\/web\\\/\",\"name\":\"Kuali\",\"description\":\"\",\"potentialAction\":[{\"@type\":\"SearchAction\",\"target\":{\"@type\":\"EntryPoint\",\"urlTemplate\":\"https:\\\/\\\/kuali.com.mx\\\/web\\\/?s={search_term_string}\"},\"query-input\":{\"@type\":\"PropertyValueSpecification\",\"valueRequired\":true,\"valueName\":\"search_term_string\"}}],\"inLanguage\":\"es\"},{\"@type\":\"Person\",\"@id\":\"https:\\\/\\\/kuali.com.mx\\\/web\\\/#\\\/schema\\\/person\\\/6f89ffa8ecba9dae50662357923c5289\",\"name\":\"Kuali Staff\",\"image\":{\"@type\":\"ImageObject\",\"inLanguage\":\"es\",\"@id\":\"https:\\\/\\\/secure.gravatar.com\\\/avatar\\\/f917ad82e5ab71227a733c78b6e60715476f69ee6be59feee4eb5d9920c89e0f?s=96&d=mm&r=g\",\"url\":\"https:\\\/\\\/secure.gravatar.com\\\/avatar\\\/f917ad82e5ab71227a733c78b6e60715476f69ee6be59feee4eb5d9920c89e0f?s=96&d=mm&r=g\",\"contentUrl\":\"https:\\\/\\\/secure.gravatar.com\\\/avatar\\\/f917ad82e5ab71227a733c78b6e60715476f69ee6be59feee4eb5d9920c89e0f?s=96&d=mm&r=g\",\"caption\":\"Kuali Staff\"},\"url\":\"https:\\\/\\\/kuali.com.mx\\\/web\\\/author\\\/lagarto\\\/\"}]}<\/script>\n<!-- \/ Yoast SEO plugin. -->","yoast_head_json":{"title":"PIDEN A AMLO GARANTIZAR SEGURIDAD EN CARRETERAS - Kuali","robots":{"index":"index","follow":"follow","max-snippet":"max-snippet:-1","max-image-preview":"max-image-preview:large","max-video-preview":"max-video-preview:-1"},"canonical":"https:\/\/kuali.com.mx\/web\/2024\/03\/14\/piden-a-amlo-garantizar-seguridad-en-carreteras\/","og_locale":"es_MX","og_type":"article","og_title":"PIDEN A AMLO GARANTIZAR SEGURIDAD EN CARRETERAS - Kuali","og_description":"Kuali\/Guanajuato, Gto.-El grupo parlamentario del Partido Acci\u00f3n Nacional (PAN) present\u00f3 ante el pleno del Congreso un punto de acuerdo para exhortar al presidente, Andr\u00e9s Manuel L\u00f3pez Obrador, que garantice la seguridad en las carreteras federales. Pide al mandatario que a trav\u00e9s de la Secretar\u00eda de Gobernaci\u00f3n, Secretar\u00eda de Infraestructura, Comunicaciones y Transportes, Secretar\u00eda de Seguridad [&hellip;]","og_url":"https:\/\/kuali.com.mx\/web\/2024\/03\/14\/piden-a-amlo-garantizar-seguridad-en-carreteras\/","og_site_name":"Kuali","article_publisher":"https:\/\/kuali.com.mx\/web\/wp-content\/uploads\/2018\/04\/cropped-kuali_logo-1-1.png","article_published_time":"2024-03-14T23:16:31+00:00","article_modified_time":"2024-03-15T03:44:00+00:00","og_image":[{"width":1705,"height":750,"url":"https:\/\/kuali.com.mx\/web\/wp-content\/uploads\/2023\/07\/AMLO-1.jpg","type":"image\/jpeg"}],"author":"Kuali Staff","twitter_card":"summary_large_image","twitter_creator":"@kuali_noticias","twitter_site":"@kuali_noticias","twitter_misc":{"Escrito por":"Kuali Staff","Tiempo de lectura":"3 minutos"},"schema":{"@context":"https:\/\/schema.org","@graph":[{"@type":"Article","@id":"https:\/\/kuali.com.mx\/web\/2024\/03\/14\/piden-a-amlo-garantizar-seguridad-en-carreteras\/#article","isPartOf":{"@id":"https:\/\/kuali.com.mx\/web\/2024\/03\/14\/piden-a-amlo-garantizar-seguridad-en-carreteras\/"},"author":{"name":"Kuali Staff","@id":"https:\/\/kuali.com.mx\/web\/#\/schema\/person\/6f89ffa8ecba9dae50662357923c5289"},"headline":"PIDEN A AMLO GARANTIZAR SEGURIDAD EN CARRETERAS","datePublished":"2024-03-14T23:16:31+00:00","dateModified":"2024-03-15T03:44:00+00:00","mainEntityOfPage":{"@id":"https:\/\/kuali.com.mx\/web\/2024\/03\/14\/piden-a-amlo-garantizar-seguridad-en-carreteras\/"},"wordCount":562,"commentCount":0,"image":{"@id":"https:\/\/kuali.com.mx\/web\/2024\/03\/14\/piden-a-amlo-garantizar-seguridad-en-carreteras\/#primaryimage"},"thumbnailUrl":"https:\/\/kuali.com.mx\/web\/wp-content\/uploads\/2023\/07\/AMLO-1.jpg","articleSection":["Pol\u00edtica"],"inLanguage":"es","potentialAction":[{"@type":"CommentAction","name":"Comment","target":["https:\/\/kuali.com.mx\/web\/2024\/03\/14\/piden-a-amlo-garantizar-seguridad-en-carreteras\/#respond"]}]},{"@type":"WebPage","@id":"https:\/\/kuali.com.mx\/web\/2024\/03\/14\/piden-a-amlo-garantizar-seguridad-en-carreteras\/","url":"https:\/\/kuali.com.mx\/web\/2024\/03\/14\/piden-a-amlo-garantizar-seguridad-en-carreteras\/","name":"PIDEN A AMLO GARANTIZAR SEGURIDAD EN CARRETERAS - Kuali","isPartOf":{"@id":"https:\/\/kuali.com.mx\/web\/#website"},"primaryImageOfPage":{"@id":"https:\/\/kuali.com.mx\/web\/2024\/03\/14\/piden-a-amlo-garantizar-seguridad-en-carreteras\/#primaryimage"},"image":{"@id":"https:\/\/kuali.com.mx\/web\/2024\/03\/14\/piden-a-amlo-garantizar-seguridad-en-carreteras\/#primaryimage"},"thumbnailUrl":"https:\/\/kuali.com.mx\/web\/wp-content\/uploads\/2023\/07\/AMLO-1.jpg","datePublished":"2024-03-14T23:16:31+00:00","dateModified":"2024-03-15T03:44:00+00:00","author":{"@id":"https:\/\/kuali.com.mx\/web\/#\/schema\/person\/6f89ffa8ecba9dae50662357923c5289"},"breadcrumb":{"@id":"https:\/\/kuali.com.mx\/web\/2024\/03\/14\/piden-a-amlo-garantizar-seguridad-en-carreteras\/#breadcrumb"},"inLanguage":"es","potentialAction":[{"@type":"ReadAction","target":["https:\/\/kuali.com.mx\/web\/2024\/03\/14\/piden-a-amlo-garantizar-seguridad-en-carreteras\/"]}]},{"@type":"ImageObject","inLanguage":"es","@id":"https:\/\/kuali.com.mx\/web\/2024\/03\/14\/piden-a-amlo-garantizar-seguridad-en-carreteras\/#primaryimage","url":"https:\/\/kuali.com.mx\/web\/wp-content\/uploads\/2023\/07\/AMLO-1.jpg","contentUrl":"https:\/\/kuali.com.mx\/web\/wp-content\/uploads\/2023\/07\/AMLO-1.jpg","width":1705,"height":750},{"@type":"BreadcrumbList","@id":"https:\/\/kuali.com.mx\/web\/2024\/03\/14\/piden-a-amlo-garantizar-seguridad-en-carreteras\/#breadcrumb","itemListElement":[{"@type":"ListItem","position":1,"name":"Inicio","item":"https:\/\/kuali.com.mx\/web\/"},{"@type":"ListItem","position":2,"name":"PIDEN A AMLO GARANTIZAR SEGURIDAD EN CARRETERAS"}]},{"@type":"WebSite","@id":"https:\/\/kuali.com.mx\/web\/#website","url":"https:\/\/kuali.com.mx\/web\/","name":"Kuali","description":"","potentialAction":[{"@type":"SearchAction","target":{"@type":"EntryPoint","urlTemplate":"https:\/\/kuali.com.mx\/web\/?s={search_term_string}"},"query-input":{"@type":"PropertyValueSpecification","valueRequired":true,"valueName":"search_term_string"}}],"inLanguage":"es"},{"@type":"Person","@id":"https:\/\/kuali.com.mx\/web\/#\/schema\/person\/6f89ffa8ecba9dae50662357923c5289","name":"Kuali Staff","image":{"@type":"ImageObject","inLanguage":"es","@id":"https:\/\/secure.gravatar.com\/avatar\/f917ad82e5ab71227a733c78b6e60715476f69ee6be59feee4eb5d9920c89e0f?s=96&d=mm&r=g","url":"https:\/\/secure.gravatar.com\/avatar\/f917ad82e5ab71227a733c78b6e60715476f69ee6be59feee4eb5d9920c89e0f?s=96&d=mm&r=g","contentUrl":"https:\/\/secure.gravatar.com\/avatar\/f917ad82e5ab71227a733c78b6e60715476f69ee6be59feee4eb5d9920c89e0f?s=96&d=mm&r=g","caption":"Kuali Staff"},"url":"https:\/\/kuali.com.mx\/web\/author\/lagarto\/"}]}},"_links":{"self":[{"href":"https:\/\/kuali.com.mx\/web\/wp-json\/wp\/v2\/posts\/138578","targetHints":{"allow":["GET"]}}],"collection":[{"href":"https:\/\/kuali.com.mx\/web\/wp-json\/wp\/v2\/posts"}],"about":[{"href":"https:\/\/kuali.com.mx\/web\/wp-json\/wp\/v2\/types\/post"}],"author":[{"embeddable":true,"href":"https:\/\/kuali.com.mx\/web\/wp-json\/wp\/v2\/users\/2"}],"replies":[{"embeddable":true,"href":"https:\/\/kuali.com.mx\/web\/wp-json\/wp\/v2\/comments?post=138578"}],"version-history":[{"count":1,"href":"https:\/\/kuali.com.mx\/web\/wp-json\/wp\/v2\/posts\/138578\/revisions"}],"predecessor-version":[{"id":138581,"href":"https:\/\/kuali.com.mx\/web\/wp-json\/wp\/v2\/posts\/138578\/revisions\/138581"}],"wp:featuredmedia":[{"embeddable":true,"href":"https:\/\/kuali.com.mx\/web\/wp-json\/wp\/v2\/media\/123150"}],"wp:attachment":[{"href":"https:\/\/kuali.com.mx\/web\/wp-json\/wp\/v2\/media?parent=138578"}],"wp:term":[{"taxonomy":"category","embeddable":true,"href":"https:\/\/kuali.com.mx\/web\/wp-json\/wp\/v2\/categories?post=138578"},{"taxonomy":"post_tag","embeddable":true,"href":"https:\/\/kuali.com.mx\/web\/wp-json\/wp\/v2\/tags?post=138578"}],"curies":[{"name":"wp","href":"https:\/\/api.w.org\/{rel}","templated":true}]}}