{"id":137952,"date":"2024-03-06T17:04:04","date_gmt":"2024-03-06T23:04:04","guid":{"rendered":"https:\/\/kuali.com.mx\/web\/?p=137952"},"modified":"2024-03-07T07:45:41","modified_gmt":"2024-03-07T13:45:41","slug":"aumentara-demanda-de-pipas-por-sequia-en-leon","status":"publish","type":"post","link":"https:\/\/kuali.com.mx\/web\/2024\/03\/06\/aumentara-demanda-de-pipas-por-sequia-en-leon\/","title":{"rendered":"AUMENTAR\u00c1 DEMANDA DE PIPAS POR SEQU\u00cdA EN LE\u00d3N"},"content":{"rendered":"\n<p><strong>Milagros Tadeo\/Le\u00f3n, Gto.-<\/strong>&nbsp;El presentante de la Uni\u00f3n de Piperos de Le\u00f3n, Antonio Villegas, dijo que ser\u00e1&nbsp;en las pr\u00f3ximas semanas cuando se pudiera registrar un incremento en la demanda de servicios para abastecer de agua a las familias como resultado de la sequ\u00eda y del tandeo del servicio de agua potable.<\/p>\n\n\n\n<p>Destac\u00f3 que al igual que la poblaci\u00f3n ellos tambi\u00e9n van sufrir por la falta del vital l\u00edquido derivado de que los pozos tambi\u00e9n se ven afectados por la sequ\u00eda, de ah\u00ed que la situaci\u00f3n ser\u00e1 cr\u00edtica para todos los leoneses.<\/p>\n\n\n\n<p>&nbsp;\u201cS\u00ed ha habido demanda, todav\u00eda no se ve muy fuerte, no vamos a decir que estamos a un 100%, ahorita a lo mejor la demanda est\u00e1 a un 60% o 70%, pero yo pienso que en el mes que viene o finales de este, vamos a estar batallando m\u00e1s y teniendo una demanda mayor de agua\u201d, refiri\u00f3.<\/p>\n\n\n\n<p>Se\u00f1al\u00f3 que por ahora sus servicios se mantienen en un 70% por ciento en el municipio y que a finales del mes podr\u00edan elevarse de manera muy significativa.<\/p>\n\n\n\n<p>\u201cPara suministrar el agua que nos piden pues, pero pues todo esto, es a causa de que el a\u00f1o pasado y antepasado no llovi\u00f3 bien, entonces por eso los pozos tienen poca agua y la presa tambi\u00e9n est\u00e1 en las \u00faltimas\u201d, indic\u00f3.<\/p>\n\n\n\n<p>Asimismo, Antonio Villegas indic\u00f3 que un factor que pudiera jugar en contra de la poblaci\u00f3n son los tiempos de espera en los pozos para abastecer las pipas, lo cual generar\u00eda poca capacidad por parte de los piperos para distribuir el vital l\u00edquido entre los leoneses.&nbsp;<\/p>\n","protected":false},"excerpt":{"rendered":"Milagros Tadeo\/Le\u00f3n, Gto.-&nbsp;El presentante de la Uni\u00f3n de Piperos de Le\u00f3n, Antonio Villegas, dijo que ser\u00e1&nbsp;en las pr\u00f3ximas semanas cuando se pudiera registrar un incremento en la demanda de servicios para abastecer de agua a las familias como resultado de la sequ\u00eda y del tandeo del servicio de agua potable. Destac\u00f3 que al igual que [&hellip;]","protected":false},"author":2,"featured_media":131436,"comment_status":"open","ping_status":"open","sticky":false,"template":"","format":"standard","meta":{"_seopress_robots_primary_cat":"none","_seopress_titles_title":"","_seopress_titles_desc":"","_seopress_robots_index":"","_monsterinsights_skip_tracking":false,"_monsterinsights_sitenote_active":false,"_monsterinsights_sitenote_note":"","_monsterinsights_sitenote_category":0,"footnotes":""},"categories":[17],"tags":[],"class_list":["post-137952","post","type-post","status-publish","format-standard","has-post-thumbnail","hentry","category-ecologia"],"yoast_head":"<!-- This site is optimized with the Yoast SEO plugin v27.4 - https:\/\/yoast.com\/product\/yoast-seo-wordpress\/ -->\n<title>AUMENTAR\u00c1 DEMANDA DE PIPAS POR SEQU\u00cdA EN LE\u00d3N - Kuali<\/title>\n<meta name=\"robots\" content=\"index, follow, max-snippet:-1, max-image-preview:large, max-video-preview:-1\" \/>\n<link rel=\"canonical\" href=\"https:\/\/kuali.com.mx\/web\/2024\/03\/06\/aumentara-demanda-de-pipas-por-sequia-en-leon\/\" \/>\n<meta property=\"og:locale\" content=\"es_MX\" \/>\n<meta property=\"og:type\" content=\"article\" \/>\n<meta property=\"og:title\" content=\"AUMENTAR\u00c1 DEMANDA DE PIPAS POR SEQU\u00cdA EN LE\u00d3N - Kuali\" \/>\n<meta property=\"og:description\" content=\"Milagros Tadeo\/Le\u00f3n, Gto.-&nbsp;El presentante de la Uni\u00f3n de Piperos de Le\u00f3n, Antonio Villegas, dijo que ser\u00e1&nbsp;en las pr\u00f3ximas semanas cuando se pudiera registrar un incremento en la demanda de servicios para abastecer de agua a las familias como resultado de la sequ\u00eda y del tandeo del servicio de agua potable. Destac\u00f3 que al igual que [&hellip;]\" \/>\n<meta property=\"og:url\" content=\"https:\/\/kuali.com.mx\/web\/2024\/03\/06\/aumentara-demanda-de-pipas-por-sequia-en-leon\/\" \/>\n<meta property=\"og:site_name\" content=\"Kuali\" \/>\n<meta property=\"article:publisher\" content=\"https:\/\/kuali.com.mx\/web\/wp-content\/uploads\/2018\/04\/cropped-kuali_logo-1-1.png\" \/>\n<meta property=\"article:published_time\" content=\"2024-03-06T23:04:04+00:00\" \/>\n<meta property=\"article:modified_time\" content=\"2024-03-07T13:45:41+00:00\" \/>\n<meta property=\"og:image\" content=\"https:\/\/kuali.com.mx\/web\/wp-content\/uploads\/2023\/12\/Agua_pipas_Purisima.gif\" \/>\n\t<meta property=\"og:image:width\" content=\"1700\" \/>\n\t<meta property=\"og:image:height\" content=\"750\" \/>\n\t<meta property=\"og:image:type\" content=\"image\/gif\" \/>\n<meta name=\"author\" content=\"Kuali Staff\" \/>\n<meta name=\"twitter:card\" content=\"summary_large_image\" \/>\n<meta name=\"twitter:creator\" content=\"@kuali_noticias\" \/>\n<meta name=\"twitter:site\" content=\"@kuali_noticias\" \/>\n<meta name=\"twitter:label1\" content=\"Escrito por\" \/>\n\t<meta name=\"twitter:data1\" content=\"Kuali Staff\" \/>\n\t<meta name=\"twitter:label2\" content=\"Tiempo de lectura\" \/>\n\t<meta name=\"twitter:data2\" content=\"1 minuto\" \/>\n<script type=\"application\/ld+json\" class=\"yoast-schema-graph\">{\"@context\":\"https:\\\/\\\/schema.org\",\"@graph\":[{\"@type\":\"Article\",\"@id\":\"https:\\\/\\\/kuali.com.mx\\\/web\\\/2024\\\/03\\\/06\\\/aumentara-demanda-de-pipas-por-sequia-en-leon\\\/#article\",\"isPartOf\":{\"@id\":\"https:\\\/\\\/kuali.com.mx\\\/web\\\/2024\\\/03\\\/06\\\/aumentara-demanda-de-pipas-por-sequia-en-leon\\\/\"},\"author\":{\"name\":\"Kuali Staff\",\"@id\":\"https:\\\/\\\/kuali.com.mx\\\/web\\\/#\\\/schema\\\/person\\\/6f89ffa8ecba9dae50662357923c5289\"},\"headline\":\"AUMENTAR\u00c1 DEMANDA DE PIPAS POR SEQU\u00cdA EN LE\u00d3N\",\"datePublished\":\"2024-03-06T23:04:04+00:00\",\"dateModified\":\"2024-03-07T13:45:41+00:00\",\"mainEntityOfPage\":{\"@id\":\"https:\\\/\\\/kuali.com.mx\\\/web\\\/2024\\\/03\\\/06\\\/aumentara-demanda-de-pipas-por-sequia-en-leon\\\/\"},\"wordCount\":297,\"commentCount\":0,\"image\":{\"@id\":\"https:\\\/\\\/kuali.com.mx\\\/web\\\/2024\\\/03\\\/06\\\/aumentara-demanda-de-pipas-por-sequia-en-leon\\\/#primaryimage\"},\"thumbnailUrl\":\"https:\\\/\\\/kuali.com.mx\\\/web\\\/wp-content\\\/uploads\\\/2023\\\/12\\\/Agua_pipas_Purisima.gif\",\"articleSection\":[\"Ecolog\u00eda\"],\"inLanguage\":\"es\",\"potentialAction\":[{\"@type\":\"CommentAction\",\"name\":\"Comment\",\"target\":[\"https:\\\/\\\/kuali.com.mx\\\/web\\\/2024\\\/03\\\/06\\\/aumentara-demanda-de-pipas-por-sequia-en-leon\\\/#respond\"]}]},{\"@type\":\"WebPage\",\"@id\":\"https:\\\/\\\/kuali.com.mx\\\/web\\\/2024\\\/03\\\/06\\\/aumentara-demanda-de-pipas-por-sequia-en-leon\\\/\",\"url\":\"https:\\\/\\\/kuali.com.mx\\\/web\\\/2024\\\/03\\\/06\\\/aumentara-demanda-de-pipas-por-sequia-en-leon\\\/\",\"name\":\"AUMENTAR\u00c1 DEMANDA DE PIPAS POR SEQU\u00cdA EN LE\u00d3N - Kuali\",\"isPartOf\":{\"@id\":\"https:\\\/\\\/kuali.com.mx\\\/web\\\/#website\"},\"primaryImageOfPage\":{\"@id\":\"https:\\\/\\\/kuali.com.mx\\\/web\\\/2024\\\/03\\\/06\\\/aumentara-demanda-de-pipas-por-sequia-en-leon\\\/#primaryimage\"},\"image\":{\"@id\":\"https:\\\/\\\/kuali.com.mx\\\/web\\\/2024\\\/03\\\/06\\\/aumentara-demanda-de-pipas-por-sequia-en-leon\\\/#primaryimage\"},\"thumbnailUrl\":\"https:\\\/\\\/kuali.com.mx\\\/web\\\/wp-content\\\/uploads\\\/2023\\\/12\\\/Agua_pipas_Purisima.gif\",\"datePublished\":\"2024-03-06T23:04:04+00:00\",\"dateModified\":\"2024-03-07T13:45:41+00:00\",\"author\":{\"@id\":\"https:\\\/\\\/kuali.com.mx\\\/web\\\/#\\\/schema\\\/person\\\/6f89ffa8ecba9dae50662357923c5289\"},\"breadcrumb\":{\"@id\":\"https:\\\/\\\/kuali.com.mx\\\/web\\\/2024\\\/03\\\/06\\\/aumentara-demanda-de-pipas-por-sequia-en-leon\\\/#breadcrumb\"},\"inLanguage\":\"es\",\"potentialAction\":[{\"@type\":\"ReadAction\",\"target\":[\"https:\\\/\\\/kuali.com.mx\\\/web\\\/2024\\\/03\\\/06\\\/aumentara-demanda-de-pipas-por-sequia-en-leon\\\/\"]}]},{\"@type\":\"ImageObject\",\"inLanguage\":\"es\",\"@id\":\"https:\\\/\\\/kuali.com.mx\\\/web\\\/2024\\\/03\\\/06\\\/aumentara-demanda-de-pipas-por-sequia-en-leon\\\/#primaryimage\",\"url\":\"https:\\\/\\\/kuali.com.mx\\\/web\\\/wp-content\\\/uploads\\\/2023\\\/12\\\/Agua_pipas_Purisima.gif\",\"contentUrl\":\"https:\\\/\\\/kuali.com.mx\\\/web\\\/wp-content\\\/uploads\\\/2023\\\/12\\\/Agua_pipas_Purisima.gif\",\"width\":1700,\"height\":750},{\"@type\":\"BreadcrumbList\",\"@id\":\"https:\\\/\\\/kuali.com.mx\\\/web\\\/2024\\\/03\\\/06\\\/aumentara-demanda-de-pipas-por-sequia-en-leon\\\/#breadcrumb\",\"itemListElement\":[{\"@type\":\"ListItem\",\"position\":1,\"name\":\"Inicio\",\"item\":\"https:\\\/\\\/kuali.com.mx\\\/web\\\/\"},{\"@type\":\"ListItem\",\"position\":2,\"name\":\"AUMENTAR\u00c1 DEMANDA DE PIPAS POR SEQU\u00cdA EN LE\u00d3N\"}]},{\"@type\":\"WebSite\",\"@id\":\"https:\\\/\\\/kuali.com.mx\\\/web\\\/#website\",\"url\":\"https:\\\/\\\/kuali.com.mx\\\/web\\\/\",\"name\":\"Kuali\",\"description\":\"\",\"potentialAction\":[{\"@type\":\"SearchAction\",\"target\":{\"@type\":\"EntryPoint\",\"urlTemplate\":\"https:\\\/\\\/kuali.com.mx\\\/web\\\/?s={search_term_string}\"},\"query-input\":{\"@type\":\"PropertyValueSpecification\",\"valueRequired\":true,\"valueName\":\"search_term_string\"}}],\"inLanguage\":\"es\"},{\"@type\":\"Person\",\"@id\":\"https:\\\/\\\/kuali.com.mx\\\/web\\\/#\\\/schema\\\/person\\\/6f89ffa8ecba9dae50662357923c5289\",\"name\":\"Kuali Staff\",\"image\":{\"@type\":\"ImageObject\",\"inLanguage\":\"es\",\"@id\":\"https:\\\/\\\/secure.gravatar.com\\\/avatar\\\/f917ad82e5ab71227a733c78b6e60715476f69ee6be59feee4eb5d9920c89e0f?s=96&d=mm&r=g\",\"url\":\"https:\\\/\\\/secure.gravatar.com\\\/avatar\\\/f917ad82e5ab71227a733c78b6e60715476f69ee6be59feee4eb5d9920c89e0f?s=96&d=mm&r=g\",\"contentUrl\":\"https:\\\/\\\/secure.gravatar.com\\\/avatar\\\/f917ad82e5ab71227a733c78b6e60715476f69ee6be59feee4eb5d9920c89e0f?s=96&d=mm&r=g\",\"caption\":\"Kuali Staff\"},\"url\":\"https:\\\/\\\/kuali.com.mx\\\/web\\\/author\\\/lagarto\\\/\"}]}<\/script>\n<!-- \/ Yoast SEO plugin. -->","yoast_head_json":{"title":"AUMENTAR\u00c1 DEMANDA DE PIPAS POR SEQU\u00cdA EN LE\u00d3N - Kuali","robots":{"index":"index","follow":"follow","max-snippet":"max-snippet:-1","max-image-preview":"max-image-preview:large","max-video-preview":"max-video-preview:-1"},"canonical":"https:\/\/kuali.com.mx\/web\/2024\/03\/06\/aumentara-demanda-de-pipas-por-sequia-en-leon\/","og_locale":"es_MX","og_type":"article","og_title":"AUMENTAR\u00c1 DEMANDA DE PIPAS POR SEQU\u00cdA EN LE\u00d3N - Kuali","og_description":"Milagros Tadeo\/Le\u00f3n, Gto.-&nbsp;El presentante de la Uni\u00f3n de Piperos de Le\u00f3n, Antonio Villegas, dijo que ser\u00e1&nbsp;en las pr\u00f3ximas semanas cuando se pudiera registrar un incremento en la demanda de servicios para abastecer de agua a las familias como resultado de la sequ\u00eda y del tandeo del servicio de agua potable. Destac\u00f3 que al igual que [&hellip;]","og_url":"https:\/\/kuali.com.mx\/web\/2024\/03\/06\/aumentara-demanda-de-pipas-por-sequia-en-leon\/","og_site_name":"Kuali","article_publisher":"https:\/\/kuali.com.mx\/web\/wp-content\/uploads\/2018\/04\/cropped-kuali_logo-1-1.png","article_published_time":"2024-03-06T23:04:04+00:00","article_modified_time":"2024-03-07T13:45:41+00:00","og_image":[{"width":1700,"height":750,"url":"https:\/\/kuali.com.mx\/web\/wp-content\/uploads\/2023\/12\/Agua_pipas_Purisima.gif","type":"image\/gif"}],"author":"Kuali Staff","twitter_card":"summary_large_image","twitter_creator":"@kuali_noticias","twitter_site":"@kuali_noticias","twitter_misc":{"Escrito por":"Kuali Staff","Tiempo de lectura":"1 minuto"},"schema":{"@context":"https:\/\/schema.org","@graph":[{"@type":"Article","@id":"https:\/\/kuali.com.mx\/web\/2024\/03\/06\/aumentara-demanda-de-pipas-por-sequia-en-leon\/#article","isPartOf":{"@id":"https:\/\/kuali.com.mx\/web\/2024\/03\/06\/aumentara-demanda-de-pipas-por-sequia-en-leon\/"},"author":{"name":"Kuali Staff","@id":"https:\/\/kuali.com.mx\/web\/#\/schema\/person\/6f89ffa8ecba9dae50662357923c5289"},"headline":"AUMENTAR\u00c1 DEMANDA DE PIPAS POR SEQU\u00cdA EN LE\u00d3N","datePublished":"2024-03-06T23:04:04+00:00","dateModified":"2024-03-07T13:45:41+00:00","mainEntityOfPage":{"@id":"https:\/\/kuali.com.mx\/web\/2024\/03\/06\/aumentara-demanda-de-pipas-por-sequia-en-leon\/"},"wordCount":297,"commentCount":0,"image":{"@id":"https:\/\/kuali.com.mx\/web\/2024\/03\/06\/aumentara-demanda-de-pipas-por-sequia-en-leon\/#primaryimage"},"thumbnailUrl":"https:\/\/kuali.com.mx\/web\/wp-content\/uploads\/2023\/12\/Agua_pipas_Purisima.gif","articleSection":["Ecolog\u00eda"],"inLanguage":"es","potentialAction":[{"@type":"CommentAction","name":"Comment","target":["https:\/\/kuali.com.mx\/web\/2024\/03\/06\/aumentara-demanda-de-pipas-por-sequia-en-leon\/#respond"]}]},{"@type":"WebPage","@id":"https:\/\/kuali.com.mx\/web\/2024\/03\/06\/aumentara-demanda-de-pipas-por-sequia-en-leon\/","url":"https:\/\/kuali.com.mx\/web\/2024\/03\/06\/aumentara-demanda-de-pipas-por-sequia-en-leon\/","name":"AUMENTAR\u00c1 DEMANDA DE PIPAS POR SEQU\u00cdA EN LE\u00d3N - Kuali","isPartOf":{"@id":"https:\/\/kuali.com.mx\/web\/#website"},"primaryImageOfPage":{"@id":"https:\/\/kuali.com.mx\/web\/2024\/03\/06\/aumentara-demanda-de-pipas-por-sequia-en-leon\/#primaryimage"},"image":{"@id":"https:\/\/kuali.com.mx\/web\/2024\/03\/06\/aumentara-demanda-de-pipas-por-sequia-en-leon\/#primaryimage"},"thumbnailUrl":"https:\/\/kuali.com.mx\/web\/wp-content\/uploads\/2023\/12\/Agua_pipas_Purisima.gif","datePublished":"2024-03-06T23:04:04+00:00","dateModified":"2024-03-07T13:45:41+00:00","author":{"@id":"https:\/\/kuali.com.mx\/web\/#\/schema\/person\/6f89ffa8ecba9dae50662357923c5289"},"breadcrumb":{"@id":"https:\/\/kuali.com.mx\/web\/2024\/03\/06\/aumentara-demanda-de-pipas-por-sequia-en-leon\/#breadcrumb"},"inLanguage":"es","potentialAction":[{"@type":"ReadAction","target":["https:\/\/kuali.com.mx\/web\/2024\/03\/06\/aumentara-demanda-de-pipas-por-sequia-en-leon\/"]}]},{"@type":"ImageObject","inLanguage":"es","@id":"https:\/\/kuali.com.mx\/web\/2024\/03\/06\/aumentara-demanda-de-pipas-por-sequia-en-leon\/#primaryimage","url":"https:\/\/kuali.com.mx\/web\/wp-content\/uploads\/2023\/12\/Agua_pipas_Purisima.gif","contentUrl":"https:\/\/kuali.com.mx\/web\/wp-content\/uploads\/2023\/12\/Agua_pipas_Purisima.gif","width":1700,"height":750},{"@type":"BreadcrumbList","@id":"https:\/\/kuali.com.mx\/web\/2024\/03\/06\/aumentara-demanda-de-pipas-por-sequia-en-leon\/#breadcrumb","itemListElement":[{"@type":"ListItem","position":1,"name":"Inicio","item":"https:\/\/kuali.com.mx\/web\/"},{"@type":"ListItem","position":2,"name":"AUMENTAR\u00c1 DEMANDA DE PIPAS POR SEQU\u00cdA EN LE\u00d3N"}]},{"@type":"WebSite","@id":"https:\/\/kuali.com.mx\/web\/#website","url":"https:\/\/kuali.com.mx\/web\/","name":"Kuali","description":"","potentialAction":[{"@type":"SearchAction","target":{"@type":"EntryPoint","urlTemplate":"https:\/\/kuali.com.mx\/web\/?s={search_term_string}"},"query-input":{"@type":"PropertyValueSpecification","valueRequired":true,"valueName":"search_term_string"}}],"inLanguage":"es"},{"@type":"Person","@id":"https:\/\/kuali.com.mx\/web\/#\/schema\/person\/6f89ffa8ecba9dae50662357923c5289","name":"Kuali Staff","image":{"@type":"ImageObject","inLanguage":"es","@id":"https:\/\/secure.gravatar.com\/avatar\/f917ad82e5ab71227a733c78b6e60715476f69ee6be59feee4eb5d9920c89e0f?s=96&d=mm&r=g","url":"https:\/\/secure.gravatar.com\/avatar\/f917ad82e5ab71227a733c78b6e60715476f69ee6be59feee4eb5d9920c89e0f?s=96&d=mm&r=g","contentUrl":"https:\/\/secure.gravatar.com\/avatar\/f917ad82e5ab71227a733c78b6e60715476f69ee6be59feee4eb5d9920c89e0f?s=96&d=mm&r=g","caption":"Kuali Staff"},"url":"https:\/\/kuali.com.mx\/web\/author\/lagarto\/"}]}},"_links":{"self":[{"href":"https:\/\/kuali.com.mx\/web\/wp-json\/wp\/v2\/posts\/137952","targetHints":{"allow":["GET"]}}],"collection":[{"href":"https:\/\/kuali.com.mx\/web\/wp-json\/wp\/v2\/posts"}],"about":[{"href":"https:\/\/kuali.com.mx\/web\/wp-json\/wp\/v2\/types\/post"}],"author":[{"embeddable":true,"href":"https:\/\/kuali.com.mx\/web\/wp-json\/wp\/v2\/users\/2"}],"replies":[{"embeddable":true,"href":"https:\/\/kuali.com.mx\/web\/wp-json\/wp\/v2\/comments?post=137952"}],"version-history":[{"count":1,"href":"https:\/\/kuali.com.mx\/web\/wp-json\/wp\/v2\/posts\/137952\/revisions"}],"predecessor-version":[{"id":137955,"href":"https:\/\/kuali.com.mx\/web\/wp-json\/wp\/v2\/posts\/137952\/revisions\/137955"}],"wp:featuredmedia":[{"embeddable":true,"href":"https:\/\/kuali.com.mx\/web\/wp-json\/wp\/v2\/media\/131436"}],"wp:attachment":[{"href":"https:\/\/kuali.com.mx\/web\/wp-json\/wp\/v2\/media?parent=137952"}],"wp:term":[{"taxonomy":"category","embeddable":true,"href":"https:\/\/kuali.com.mx\/web\/wp-json\/wp\/v2\/categories?post=137952"},{"taxonomy":"post_tag","embeddable":true,"href":"https:\/\/kuali.com.mx\/web\/wp-json\/wp\/v2\/tags?post=137952"}],"curies":[{"name":"wp","href":"https:\/\/api.w.org\/{rel}","templated":true}]}}