{"id":137549,"date":"2024-03-01T11:50:00","date_gmt":"2024-03-01T17:50:00","guid":{"rendered":"https:\/\/kuali.com.mx\/web\/?p=137549"},"modified":"2024-03-01T19:41:29","modified_gmt":"2024-03-02T01:41:29","slug":"alistan-50-aniversario-de-sapica","status":"publish","type":"post","link":"https:\/\/kuali.com.mx\/web\/2024\/03\/01\/alistan-50-aniversario-de-sapica\/","title":{"rendered":"ALISTAN 50 ANIVERSARIO DE SAPICA"},"content":{"rendered":"\n<p><strong><em>Kuali\/Le\u00f3n, Gto.-<\/em><\/strong>La edici\u00f3n 90 del Sal\u00f3n de la Piel y el Calzado de M\u00e9xico (Sapica), se llevar\u00e1 a cabo del 5 al 7 de marzo en las instalaciones de Poliforum.<\/p>\n\n\n\n<p>Esta ser\u00e1 una ocasi\u00f3n especial porque se trata de la celebraci\u00f3n de su 50 aniversario.<\/p>\n\n\n\n<p>Para este Sapica se contar\u00e1 con la participaci\u00f3n de m\u00e1s de 350 expositores, 2 mil marcas presentes y m\u00e1s de 2 mil 500 compradores; adem\u00e1s habr\u00e1 un gran programa de conferencias enfocadas a resolver los desaf\u00edos de la moda y la industria.<\/p>\n\n\n\n<p>La presidenta municipal, Ale Guti\u00e9rrez, destac\u00f3 la importancia que tiene el sector cuero-calzado en el municipio, por ello agradeci\u00f3 a la C\u00e1mara de la Industria de Calzado del estado de Guanajuato (Ciceg), por realizar este evento fundamental para la reactivaci\u00f3n econ\u00f3mica y la exportaci\u00f3n de los zapatos leoneses.<\/p>\n\n\n\n<p>\u201cEsta industria ha ido cambiando, pero no ha dejado de ser una industria que nos ha marcado el ADN porque yo no puedo entender a Le\u00f3n y no puedo entender el turismo y la historia si no hubiera sido a trav\u00e9s de Sapica, gracias a Sapica tenemos Poliforum, gracias a Sapica le apostamos al turismo de negocios y gracias a Sapica hoy tenemos cada vez m\u00e1s eventos en la ciudad.<\/p>\n\n\n\n<p>\"Nosotros estamos aqu\u00ed para sumar, tenemos toda la infraestructura para que este evento siga creciendo\u201d, reconoci\u00f3 la alcaldesa.<\/p>\n\n\n\n<p>En esta ocasi\u00f3n se contar\u00e1 con \u201cSapica Learning\u201d, una oportunidad para abordar temas innovadores que le interesen a las nuevas generaciones, por ejemplo c\u00f3mo se aplica la inteligencia artificial en el negocio de la moda, c\u00f3mo benefician las colaboraciones en las marcas y macrotendencias que mueven al nuevo consumidor, entre otras.<\/p>\n\n\n\n<p>Mauricio Blas Battaglia, presidente de Ciceg, agradeci\u00f3 al Municipio de Le\u00f3n y al Gobierno del Estado por el apoyo brindado a la industria del calzado, prueba de ello es que Sapica ha llegado a su aniversario n\u00famero 50.<\/p>\n\n\n\n<p>\u201cPara la Ciceg, Sapica es fundamental, sin momentos donde tenemos que replantear c\u00f3mo la industria del calzado puede generar m\u00e1s valor, Sapica es nuestro gran escaparate que nos puede dar la oportunidad de mostrar nuestras marcas, productos y propuesta de valor\u201d.<\/p>\n\n\n\n<p>Daniela Reyes, presidenta de Sapica, destac\u00f3 que sin duda este evento se convierte en un una oportunidad para posicionar a Le\u00f3n ante el mundo como la \"Capital de la piel y el calzado\" y seguir demostrando por qu\u00e9 es la feria m\u00e1s grande de esta industria en Am\u00e9rica Latina.<\/p>\n\n\n\n<p>Adem\u00e1s, como cada edici\u00f3n de Sapica se entregar\u00e1n reconocimientos a personas trabajadoras con m\u00e1s de 35 a\u00f1os en la industria.<\/p>\n","protected":false},"excerpt":{"rendered":"Kuali\/Le\u00f3n, Gto.-La edici\u00f3n 90 del Sal\u00f3n de la Piel y el Calzado de M\u00e9xico (Sapica), se llevar\u00e1 a cabo del 5 al 7 de marzo en las instalaciones de Poliforum. Esta ser\u00e1 una ocasi\u00f3n especial porque se trata de la celebraci\u00f3n de su 50 aniversario. Para este Sapica se contar\u00e1 con la participaci\u00f3n de m\u00e1s [&hellip;]","protected":false},"author":2,"featured_media":137552,"comment_status":"open","ping_status":"open","sticky":false,"template":"","format":"standard","meta":{"_seopress_robots_primary_cat":"none","_seopress_titles_title":"","_seopress_titles_desc":"","_seopress_robots_index":"","_monsterinsights_skip_tracking":false,"_monsterinsights_sitenote_active":false,"_monsterinsights_sitenote_note":"","_monsterinsights_sitenote_category":0,"footnotes":""},"categories":[700,3],"tags":[],"class_list":["post-137549","post","type-post","status-publish","format-standard","has-post-thumbnail","hentry","category-industria-del-calzado","category-politica"],"yoast_head":"<!-- This site is optimized with the Yoast SEO plugin v27.5 - https:\/\/yoast.com\/product\/yoast-seo-wordpress\/ -->\n<title>ALISTAN 50 ANIVERSARIO DE SAPICA - Kuali<\/title>\n<meta name=\"robots\" content=\"index, follow, max-snippet:-1, max-image-preview:large, max-video-preview:-1\" \/>\n<link rel=\"canonical\" href=\"https:\/\/kuali.com.mx\/web\/2024\/03\/01\/alistan-50-aniversario-de-sapica\/\" \/>\n<meta property=\"og:locale\" content=\"es_MX\" \/>\n<meta property=\"og:type\" content=\"article\" \/>\n<meta property=\"og:title\" content=\"ALISTAN 50 ANIVERSARIO DE SAPICA - Kuali\" \/>\n<meta property=\"og:description\" content=\"Kuali\/Le\u00f3n, Gto.-La edici\u00f3n 90 del Sal\u00f3n de la Piel y el Calzado de M\u00e9xico (Sapica), se llevar\u00e1 a cabo del 5 al 7 de marzo en las instalaciones de Poliforum. Esta ser\u00e1 una ocasi\u00f3n especial porque se trata de la celebraci\u00f3n de su 50 aniversario. Para este Sapica se contar\u00e1 con la participaci\u00f3n de m\u00e1s [&hellip;]\" \/>\n<meta property=\"og:url\" content=\"https:\/\/kuali.com.mx\/web\/2024\/03\/01\/alistan-50-aniversario-de-sapica\/\" \/>\n<meta property=\"og:site_name\" content=\"Kuali\" \/>\n<meta property=\"article:publisher\" content=\"https:\/\/kuali.com.mx\/web\/wp-content\/uploads\/2018\/04\/cropped-kuali_logo-1-1.png\" \/>\n<meta property=\"article:published_time\" content=\"2024-03-01T17:50:00+00:00\" \/>\n<meta property=\"article:modified_time\" content=\"2024-03-02T01:41:29+00:00\" \/>\n<meta property=\"og:image\" content=\"https:\/\/kuali.com.mx\/web\/wp-content\/uploads\/2024\/03\/Sapica-scaled.jpg\" \/>\n\t<meta property=\"og:image:width\" content=\"2560\" \/>\n\t<meta property=\"og:image:height\" content=\"1700\" \/>\n\t<meta property=\"og:image:type\" content=\"image\/jpeg\" \/>\n<meta name=\"author\" content=\"Kuali Staff\" \/>\n<meta name=\"twitter:card\" content=\"summary_large_image\" \/>\n<meta name=\"twitter:creator\" content=\"@kuali_noticias\" \/>\n<meta name=\"twitter:site\" content=\"@kuali_noticias\" \/>\n<meta name=\"twitter:label1\" content=\"Escrito por\" \/>\n\t<meta name=\"twitter:data1\" content=\"Kuali Staff\" \/>\n\t<meta name=\"twitter:label2\" content=\"Tiempo de lectura\" \/>\n\t<meta name=\"twitter:data2\" content=\"2 minutos\" \/>\n<script type=\"application\/ld+json\" class=\"yoast-schema-graph\">{\"@context\":\"https:\\\/\\\/schema.org\",\"@graph\":[{\"@type\":\"Article\",\"@id\":\"https:\\\/\\\/kuali.com.mx\\\/web\\\/2024\\\/03\\\/01\\\/alistan-50-aniversario-de-sapica\\\/#article\",\"isPartOf\":{\"@id\":\"https:\\\/\\\/kuali.com.mx\\\/web\\\/2024\\\/03\\\/01\\\/alistan-50-aniversario-de-sapica\\\/\"},\"author\":{\"name\":\"Kuali Staff\",\"@id\":\"https:\\\/\\\/kuali.com.mx\\\/web\\\/#\\\/schema\\\/person\\\/6f89ffa8ecba9dae50662357923c5289\"},\"headline\":\"ALISTAN 50 ANIVERSARIO DE SAPICA\",\"datePublished\":\"2024-03-01T17:50:00+00:00\",\"dateModified\":\"2024-03-02T01:41:29+00:00\",\"mainEntityOfPage\":{\"@id\":\"https:\\\/\\\/kuali.com.mx\\\/web\\\/2024\\\/03\\\/01\\\/alistan-50-aniversario-de-sapica\\\/\"},\"wordCount\":453,\"commentCount\":0,\"image\":{\"@id\":\"https:\\\/\\\/kuali.com.mx\\\/web\\\/2024\\\/03\\\/01\\\/alistan-50-aniversario-de-sapica\\\/#primaryimage\"},\"thumbnailUrl\":\"https:\\\/\\\/kuali.com.mx\\\/web\\\/wp-content\\\/uploads\\\/2024\\\/03\\\/Sapica-scaled.jpg\",\"articleSection\":[\"Industria del calzado\",\"Pol\u00edtica\"],\"inLanguage\":\"es\",\"potentialAction\":[{\"@type\":\"CommentAction\",\"name\":\"Comment\",\"target\":[\"https:\\\/\\\/kuali.com.mx\\\/web\\\/2024\\\/03\\\/01\\\/alistan-50-aniversario-de-sapica\\\/#respond\"]}]},{\"@type\":\"WebPage\",\"@id\":\"https:\\\/\\\/kuali.com.mx\\\/web\\\/2024\\\/03\\\/01\\\/alistan-50-aniversario-de-sapica\\\/\",\"url\":\"https:\\\/\\\/kuali.com.mx\\\/web\\\/2024\\\/03\\\/01\\\/alistan-50-aniversario-de-sapica\\\/\",\"name\":\"ALISTAN 50 ANIVERSARIO DE SAPICA - Kuali\",\"isPartOf\":{\"@id\":\"https:\\\/\\\/kuali.com.mx\\\/web\\\/#website\"},\"primaryImageOfPage\":{\"@id\":\"https:\\\/\\\/kuali.com.mx\\\/web\\\/2024\\\/03\\\/01\\\/alistan-50-aniversario-de-sapica\\\/#primaryimage\"},\"image\":{\"@id\":\"https:\\\/\\\/kuali.com.mx\\\/web\\\/2024\\\/03\\\/01\\\/alistan-50-aniversario-de-sapica\\\/#primaryimage\"},\"thumbnailUrl\":\"https:\\\/\\\/kuali.com.mx\\\/web\\\/wp-content\\\/uploads\\\/2024\\\/03\\\/Sapica-scaled.jpg\",\"datePublished\":\"2024-03-01T17:50:00+00:00\",\"dateModified\":\"2024-03-02T01:41:29+00:00\",\"author\":{\"@id\":\"https:\\\/\\\/kuali.com.mx\\\/web\\\/#\\\/schema\\\/person\\\/6f89ffa8ecba9dae50662357923c5289\"},\"breadcrumb\":{\"@id\":\"https:\\\/\\\/kuali.com.mx\\\/web\\\/2024\\\/03\\\/01\\\/alistan-50-aniversario-de-sapica\\\/#breadcrumb\"},\"inLanguage\":\"es\",\"potentialAction\":[{\"@type\":\"ReadAction\",\"target\":[\"https:\\\/\\\/kuali.com.mx\\\/web\\\/2024\\\/03\\\/01\\\/alistan-50-aniversario-de-sapica\\\/\"]}]},{\"@type\":\"ImageObject\",\"inLanguage\":\"es\",\"@id\":\"https:\\\/\\\/kuali.com.mx\\\/web\\\/2024\\\/03\\\/01\\\/alistan-50-aniversario-de-sapica\\\/#primaryimage\",\"url\":\"https:\\\/\\\/kuali.com.mx\\\/web\\\/wp-content\\\/uploads\\\/2024\\\/03\\\/Sapica-scaled.jpg\",\"contentUrl\":\"https:\\\/\\\/kuali.com.mx\\\/web\\\/wp-content\\\/uploads\\\/2024\\\/03\\\/Sapica-scaled.jpg\",\"width\":2560,\"height\":1700},{\"@type\":\"BreadcrumbList\",\"@id\":\"https:\\\/\\\/kuali.com.mx\\\/web\\\/2024\\\/03\\\/01\\\/alistan-50-aniversario-de-sapica\\\/#breadcrumb\",\"itemListElement\":[{\"@type\":\"ListItem\",\"position\":1,\"name\":\"Inicio\",\"item\":\"https:\\\/\\\/kuali.com.mx\\\/web\\\/\"},{\"@type\":\"ListItem\",\"position\":2,\"name\":\"ALISTAN 50 ANIVERSARIO DE SAPICA\"}]},{\"@type\":\"WebSite\",\"@id\":\"https:\\\/\\\/kuali.com.mx\\\/web\\\/#website\",\"url\":\"https:\\\/\\\/kuali.com.mx\\\/web\\\/\",\"name\":\"Kuali\",\"description\":\"\",\"potentialAction\":[{\"@type\":\"SearchAction\",\"target\":{\"@type\":\"EntryPoint\",\"urlTemplate\":\"https:\\\/\\\/kuali.com.mx\\\/web\\\/?s={search_term_string}\"},\"query-input\":{\"@type\":\"PropertyValueSpecification\",\"valueRequired\":true,\"valueName\":\"search_term_string\"}}],\"inLanguage\":\"es\"},{\"@type\":\"Person\",\"@id\":\"https:\\\/\\\/kuali.com.mx\\\/web\\\/#\\\/schema\\\/person\\\/6f89ffa8ecba9dae50662357923c5289\",\"name\":\"Kuali Staff\",\"image\":{\"@type\":\"ImageObject\",\"inLanguage\":\"es\",\"@id\":\"https:\\\/\\\/secure.gravatar.com\\\/avatar\\\/f917ad82e5ab71227a733c78b6e60715476f69ee6be59feee4eb5d9920c89e0f?s=96&d=mm&r=g\",\"url\":\"https:\\\/\\\/secure.gravatar.com\\\/avatar\\\/f917ad82e5ab71227a733c78b6e60715476f69ee6be59feee4eb5d9920c89e0f?s=96&d=mm&r=g\",\"contentUrl\":\"https:\\\/\\\/secure.gravatar.com\\\/avatar\\\/f917ad82e5ab71227a733c78b6e60715476f69ee6be59feee4eb5d9920c89e0f?s=96&d=mm&r=g\",\"caption\":\"Kuali Staff\"},\"url\":\"https:\\\/\\\/kuali.com.mx\\\/web\\\/author\\\/lagarto\\\/\"}]}<\/script>\n<!-- \/ Yoast SEO plugin. -->","yoast_head_json":{"title":"ALISTAN 50 ANIVERSARIO DE SAPICA - Kuali","robots":{"index":"index","follow":"follow","max-snippet":"max-snippet:-1","max-image-preview":"max-image-preview:large","max-video-preview":"max-video-preview:-1"},"canonical":"https:\/\/kuali.com.mx\/web\/2024\/03\/01\/alistan-50-aniversario-de-sapica\/","og_locale":"es_MX","og_type":"article","og_title":"ALISTAN 50 ANIVERSARIO DE SAPICA - Kuali","og_description":"Kuali\/Le\u00f3n, Gto.-La edici\u00f3n 90 del Sal\u00f3n de la Piel y el Calzado de M\u00e9xico (Sapica), se llevar\u00e1 a cabo del 5 al 7 de marzo en las instalaciones de Poliforum. Esta ser\u00e1 una ocasi\u00f3n especial porque se trata de la celebraci\u00f3n de su 50 aniversario. Para este Sapica se contar\u00e1 con la participaci\u00f3n de m\u00e1s [&hellip;]","og_url":"https:\/\/kuali.com.mx\/web\/2024\/03\/01\/alistan-50-aniversario-de-sapica\/","og_site_name":"Kuali","article_publisher":"https:\/\/kuali.com.mx\/web\/wp-content\/uploads\/2018\/04\/cropped-kuali_logo-1-1.png","article_published_time":"2024-03-01T17:50:00+00:00","article_modified_time":"2024-03-02T01:41:29+00:00","og_image":[{"width":2560,"height":1700,"url":"https:\/\/kuali.com.mx\/web\/wp-content\/uploads\/2024\/03\/Sapica-scaled.jpg","type":"image\/jpeg"}],"author":"Kuali Staff","twitter_card":"summary_large_image","twitter_creator":"@kuali_noticias","twitter_site":"@kuali_noticias","twitter_misc":{"Escrito por":"Kuali Staff","Tiempo de lectura":"2 minutos"},"schema":{"@context":"https:\/\/schema.org","@graph":[{"@type":"Article","@id":"https:\/\/kuali.com.mx\/web\/2024\/03\/01\/alistan-50-aniversario-de-sapica\/#article","isPartOf":{"@id":"https:\/\/kuali.com.mx\/web\/2024\/03\/01\/alistan-50-aniversario-de-sapica\/"},"author":{"name":"Kuali Staff","@id":"https:\/\/kuali.com.mx\/web\/#\/schema\/person\/6f89ffa8ecba9dae50662357923c5289"},"headline":"ALISTAN 50 ANIVERSARIO DE SAPICA","datePublished":"2024-03-01T17:50:00+00:00","dateModified":"2024-03-02T01:41:29+00:00","mainEntityOfPage":{"@id":"https:\/\/kuali.com.mx\/web\/2024\/03\/01\/alistan-50-aniversario-de-sapica\/"},"wordCount":453,"commentCount":0,"image":{"@id":"https:\/\/kuali.com.mx\/web\/2024\/03\/01\/alistan-50-aniversario-de-sapica\/#primaryimage"},"thumbnailUrl":"https:\/\/kuali.com.mx\/web\/wp-content\/uploads\/2024\/03\/Sapica-scaled.jpg","articleSection":["Industria del calzado","Pol\u00edtica"],"inLanguage":"es","potentialAction":[{"@type":"CommentAction","name":"Comment","target":["https:\/\/kuali.com.mx\/web\/2024\/03\/01\/alistan-50-aniversario-de-sapica\/#respond"]}]},{"@type":"WebPage","@id":"https:\/\/kuali.com.mx\/web\/2024\/03\/01\/alistan-50-aniversario-de-sapica\/","url":"https:\/\/kuali.com.mx\/web\/2024\/03\/01\/alistan-50-aniversario-de-sapica\/","name":"ALISTAN 50 ANIVERSARIO DE SAPICA - Kuali","isPartOf":{"@id":"https:\/\/kuali.com.mx\/web\/#website"},"primaryImageOfPage":{"@id":"https:\/\/kuali.com.mx\/web\/2024\/03\/01\/alistan-50-aniversario-de-sapica\/#primaryimage"},"image":{"@id":"https:\/\/kuali.com.mx\/web\/2024\/03\/01\/alistan-50-aniversario-de-sapica\/#primaryimage"},"thumbnailUrl":"https:\/\/kuali.com.mx\/web\/wp-content\/uploads\/2024\/03\/Sapica-scaled.jpg","datePublished":"2024-03-01T17:50:00+00:00","dateModified":"2024-03-02T01:41:29+00:00","author":{"@id":"https:\/\/kuali.com.mx\/web\/#\/schema\/person\/6f89ffa8ecba9dae50662357923c5289"},"breadcrumb":{"@id":"https:\/\/kuali.com.mx\/web\/2024\/03\/01\/alistan-50-aniversario-de-sapica\/#breadcrumb"},"inLanguage":"es","potentialAction":[{"@type":"ReadAction","target":["https:\/\/kuali.com.mx\/web\/2024\/03\/01\/alistan-50-aniversario-de-sapica\/"]}]},{"@type":"ImageObject","inLanguage":"es","@id":"https:\/\/kuali.com.mx\/web\/2024\/03\/01\/alistan-50-aniversario-de-sapica\/#primaryimage","url":"https:\/\/kuali.com.mx\/web\/wp-content\/uploads\/2024\/03\/Sapica-scaled.jpg","contentUrl":"https:\/\/kuali.com.mx\/web\/wp-content\/uploads\/2024\/03\/Sapica-scaled.jpg","width":2560,"height":1700},{"@type":"BreadcrumbList","@id":"https:\/\/kuali.com.mx\/web\/2024\/03\/01\/alistan-50-aniversario-de-sapica\/#breadcrumb","itemListElement":[{"@type":"ListItem","position":1,"name":"Inicio","item":"https:\/\/kuali.com.mx\/web\/"},{"@type":"ListItem","position":2,"name":"ALISTAN 50 ANIVERSARIO DE SAPICA"}]},{"@type":"WebSite","@id":"https:\/\/kuali.com.mx\/web\/#website","url":"https:\/\/kuali.com.mx\/web\/","name":"Kuali","description":"","potentialAction":[{"@type":"SearchAction","target":{"@type":"EntryPoint","urlTemplate":"https:\/\/kuali.com.mx\/web\/?s={search_term_string}"},"query-input":{"@type":"PropertyValueSpecification","valueRequired":true,"valueName":"search_term_string"}}],"inLanguage":"es"},{"@type":"Person","@id":"https:\/\/kuali.com.mx\/web\/#\/schema\/person\/6f89ffa8ecba9dae50662357923c5289","name":"Kuali Staff","image":{"@type":"ImageObject","inLanguage":"es","@id":"https:\/\/secure.gravatar.com\/avatar\/f917ad82e5ab71227a733c78b6e60715476f69ee6be59feee4eb5d9920c89e0f?s=96&d=mm&r=g","url":"https:\/\/secure.gravatar.com\/avatar\/f917ad82e5ab71227a733c78b6e60715476f69ee6be59feee4eb5d9920c89e0f?s=96&d=mm&r=g","contentUrl":"https:\/\/secure.gravatar.com\/avatar\/f917ad82e5ab71227a733c78b6e60715476f69ee6be59feee4eb5d9920c89e0f?s=96&d=mm&r=g","caption":"Kuali Staff"},"url":"https:\/\/kuali.com.mx\/web\/author\/lagarto\/"}]}},"_links":{"self":[{"href":"https:\/\/kuali.com.mx\/web\/wp-json\/wp\/v2\/posts\/137549","targetHints":{"allow":["GET"]}}],"collection":[{"href":"https:\/\/kuali.com.mx\/web\/wp-json\/wp\/v2\/posts"}],"about":[{"href":"https:\/\/kuali.com.mx\/web\/wp-json\/wp\/v2\/types\/post"}],"author":[{"embeddable":true,"href":"https:\/\/kuali.com.mx\/web\/wp-json\/wp\/v2\/users\/2"}],"replies":[{"embeddable":true,"href":"https:\/\/kuali.com.mx\/web\/wp-json\/wp\/v2\/comments?post=137549"}],"version-history":[{"count":1,"href":"https:\/\/kuali.com.mx\/web\/wp-json\/wp\/v2\/posts\/137549\/revisions"}],"predecessor-version":[{"id":137553,"href":"https:\/\/kuali.com.mx\/web\/wp-json\/wp\/v2\/posts\/137549\/revisions\/137553"}],"wp:featuredmedia":[{"embeddable":true,"href":"https:\/\/kuali.com.mx\/web\/wp-json\/wp\/v2\/media\/137552"}],"wp:attachment":[{"href":"https:\/\/kuali.com.mx\/web\/wp-json\/wp\/v2\/media?parent=137549"}],"wp:term":[{"taxonomy":"category","embeddable":true,"href":"https:\/\/kuali.com.mx\/web\/wp-json\/wp\/v2\/categories?post=137549"},{"taxonomy":"post_tag","embeddable":true,"href":"https:\/\/kuali.com.mx\/web\/wp-json\/wp\/v2\/tags?post=137549"}],"curies":[{"name":"wp","href":"https:\/\/api.w.org\/{rel}","templated":true}]}}