{"id":137370,"date":"2024-02-28T10:58:46","date_gmt":"2024-02-28T16:58:46","guid":{"rendered":"https:\/\/kuali.com.mx\/web\/?p=137370"},"modified":"2024-02-28T22:52:12","modified_gmt":"2024-02-29T04:52:12","slug":"crean-el-consejo-coordinador-empresarial-de-silao","status":"publish","type":"post","link":"https:\/\/kuali.com.mx\/web\/2024\/02\/28\/crean-el-consejo-coordinador-empresarial-de-silao\/","title":{"rendered":"CREAN EL CONSEJO COORDINADOR EMPRESARIAL DE SILAO"},"content":{"rendered":"\n<p><strong>Alicia Arias\/Silao de la Victoria, Gto.- <\/strong>Este mi\u00e9rcoles tom\u00f3 protesta el primer Consejo Coordinador Empresarial de Silao de la Victoria A.C. Lo preside Juan Pablo V\u00e1zquez Sotelo y su objetivo es impulsar el desarrollo del municipio que m\u00e1s aporta a la econom\u00eda del estado.<\/p>\n\n\n\n<p>Diariamente Silao recibe a m\u00e1s de 110 mil trabajadores \u201cque solo trabajan y se van\u201d y representan una movilidad de m\u00e1s de 35 mil veh\u00edculos; por ello, \u201ccomo consejo debemos buscar tener capacidad de brindar a todos nuestros trabajadores una ciudad atractiva para vivir, con suficientes servicios b\u00e1sicos, educativos y sociales para que su \u2018sue\u00f1o americano\u2019 lo hagan en nuestras tierras\u201d, dijo en su mensaje el presidente del consejo, quien se dedica al ramo de la seguridad privada y es propietario de la Central Interdisciplinaria de Seguridad Empresarial (CISE).<\/p>\n\n\n\n<iframe loading=\"lazy\" src=\"https:\/\/www.facebook.com\/plugins\/video.php?height=314&href=https%3A%2F%2Fwww.facebook.com%2FKualiNoticias%2Fvideos%2F2639149859595770%2F&show_text=false&width=560&t=0\" width=\"560\" height=\"314\" style=\"border:none;overflow:hidden\" scrolling=\"no\" frameborder=\"0\" allowfullscreen=\"true\" allow=\"autoplay; clipboard-write; encrypted-media; picture-in-picture; web-share\" allowFullScreen=\"true\"><\/iframe>\n\n\n\n<p>Por primera vez en su historia, Silao cuenta con un organismo que aglutina a los dirigentes de las organizaciones empresariales silaoenses, y su objetivo es coordinar el trabajo entre el sector empresarial y\u00a0 gobierno para dise\u00f1ar pol\u00edticas p\u00fablicas que contribuyan al crecimiento econ\u00f3mico, el equilibrio ecol\u00f3gico y el desarrollo social que se traduzca en una planeaci\u00f3n democr\u00e1tica e incluyente que permita avanzar con orden y transparencia.<\/p>\n\n\n\n<p>El consejo, integrado por 12 empresarios, mujeres y hombres, fue electo para el periodo 2024-2026 y trabajar\u00e1 organizado en comisiones como la de Equidad de G\u00e9nero, Migrantes, Infraestructura y Desarrollo, y Turismo.<\/p>\n\n\n<div class=\"wp-block-image\">\n<figure class=\"aligncenter size-large\"><img loading=\"lazy\" decoding=\"async\" width=\"1024\" height=\"462\" src=\"https:\/\/kuali.com.mx\/web\/wp-content\/uploads\/2024\/02\/Toma-protesta-CCE-Silao-1024x462.gif\" alt=\"\" class=\"wp-image-137387\" srcset=\"https:\/\/kuali.com.mx\/web\/wp-content\/uploads\/2024\/02\/Toma-protesta-CCE-Silao-1024x462.gif 1024w, https:\/\/kuali.com.mx\/web\/wp-content\/uploads\/2024\/02\/Toma-protesta-CCE-Silao-300x135.gif 300w, https:\/\/kuali.com.mx\/web\/wp-content\/uploads\/2024\/02\/Toma-protesta-CCE-Silao-768x346.gif 768w, https:\/\/kuali.com.mx\/web\/wp-content\/uploads\/2024\/02\/Toma-protesta-CCE-Silao-1536x693.gif 1536w, https:\/\/kuali.com.mx\/web\/wp-content\/uploads\/2024\/02\/Toma-protesta-CCE-Silao-228x103.gif 228w\" sizes=\"auto, (max-width: 1024px) 100vw, 1024px\" \/><figcaption>El presidente municipal de Silao, Carlos Garc\u00eda Villase\u00f1or, tom\u00f3 protesta al primer Consejo Coordinador Empresarial de Silao de la Victoria. FOTO: ALICIA ARIAS<\/figcaption><\/figure>\n<\/div>\n\n\n<p>El presidente municipal de Silao, Carlos Garc\u00eda Villase\u00f1or, impuls\u00f3 la creaci\u00f3n del organismo empresarial para que se gestionen los recursos que, hasta ahora, no han llegado a Silao; y fue el alcalde quien tom\u00f3 protesta a las y los integrantes del consejo, cuyo presidente, Juan Pablo V\u00e1zquez, habl\u00f3 de los retos que tiene el municipio y de las acciones a emprender, como la promoci\u00f3n del desarrollo econ\u00f3mico para la generaci\u00f3n de m\u00e1s empleos formales, abriendo las puertas a m\u00e1s empresas para que inviertan en la localidad.<\/p>\n\n\n\n<p>Adem\u00e1s, el consejo fomentar\u00e1 la innovaci\u00f3n, privilegiar\u00e1 la sustentabilidad en la productividad, coordinar\u00e1 y representar\u00e1 al sector privado, sus c\u00e1maras y asociaciones.<\/p>\n\n\n\n<p>Anunci\u00f3 que el consejo buscar\u00e1 el dinamismo y la inteligencia que la actualidad exige para participar en el crecimiento de sus empresas y en el desarrollo econ\u00f3mico del municipio.<\/p>\n\n\n\n<blockquote class=\"wp-block-quote is-layout-flow wp-block-quote-is-layout-flow\"><p><strong><em>\"Silao es un municipio que debe dejar de verse como uno de los peque\u00f1os del estado ya que es una ciudad que va por el rumbo correcto a la evoluci\u00f3n\"<\/em><\/strong><\/p><cite><strong>Carlos Garc\u00eda Villase\u00f1or<\/strong><\/cite><\/blockquote>\n\n\n\n<p>El presidente municipal, Carlos Garc\u00eda Villase\u00f1or, habl\u00f3 de la trascendencia del municipio por su ubicaci\u00f3n log\u00edstica y asegur\u00f3 que la instalaci\u00f3n del Consejo llevar\u00e1 sustento al municipio para los pr\u00f3ximos 30 a\u00f1os.<\/p>\n\n\n\n<p>\u201cHoy, Silao ha sido afortunado porque con la instalaci\u00f3n de este consejo. Podremos darle al municipio lo que merece, estar bien comunicados empresas y gobierno, y darle el mejor sustento a nuestra ciudad. La gente que conforma este consejo coordinador es multifac\u00e9tica y estoy seguro que traer\u00e1n lo mejor para Silao\", dijo en su mensaje Carlos Garc\u00eda.<\/p>\n\n\n\n<p>El Consejo Coordinador Empresarial (CCE) de Silao se suma los otros seis que ya existen en el estado de Guanajuato: Le\u00f3n, Guanajuato, Irapuato, Salamanca, Celaya y San Miguel de Allende.<\/p>\n\n\n\n<figure class=\"wp-block-table\"><table class=\"table table-hover\"><tbody><tr><td>&nbsp;<\/td><td><strong>MIEMBROS DEL CONSEJO DIRECTIVO 2024-2026 CONSEJO COORDINADOR EMPRESARIAL DE SILAO DE LA VICTORIA A.C.<\/strong><\/td><\/tr><tr><td><strong>1<\/strong><\/td><td>Juan Pablo V\u00e1zquez Sotelo<\/td><td>Presidente<\/td><\/tr><tr><td><strong>2<\/strong><\/td><td>Ma. Guadalupe Espinoza Miranda<\/td><td>Secretario<\/td><\/tr><tr><td><strong>3<\/strong><\/td><td>Patricia San Germ\u00e1n Gonz\u00e1lez<\/td><td>Tesorera<\/td><\/tr><tr><td><strong>4<\/strong><\/td><td>H\u00e9ctor Antonio D\u00edaz Estrada<\/td><td>Turismo<\/td><\/tr><tr><td><strong>5<\/strong><\/td><td>Blanca Elizabeth Cant\u00fa Guerra<\/td><td>Equidad de G\u00e9nero<\/td><\/tr><tr><td><strong>6<\/strong><\/td><td>Ana Mar\u00eda Preciado Navarro<\/td><td>Infraestructura y Desarrollo Urbano<\/td><\/tr><tr><td><strong>7<\/strong><\/td><td>Eric Vald\u00e9s \u00c1vila<\/td><td>Infraestructura &nbsp;y Desarrollo Urbano<\/td><\/tr><tr><td><strong>8<\/strong><\/td><td>Joe Barba Caudillo<\/td><td>Migrantes<\/td><\/tr><tr><td><strong>9<\/strong><\/td><td>Juan Jos\u00e9 L\u00f3pez Pe\u00f1a<\/td><td>Infraestructura y Desarrollo Urbano<\/td><\/tr><tr><td><strong>10<\/strong><\/td><td>Mart\u00edn Hinojosa Cabrera<\/td><td>Peque\u00f1as y Medianas Empresas<\/td><\/tr><tr><td><strong>11<\/strong><\/td><td>Octavio Manuel Moreno Oliva<\/td><td>Infraestructura y Desarrollo Urbano<\/td><\/tr><tr><td><strong>12<\/strong><\/td><td>Yuritzi Ru\u00edz Gonz\u00e1lez<\/td><td>Infraestructura y Desarrollo Urbano<\/td><\/tr><\/tbody><\/table><\/figure>\n","protected":false},"excerpt":{"rendered":"Alicia Arias\/Silao de la Victoria, Gto.- Este mi\u00e9rcoles tom\u00f3 protesta el primer Consejo Coordinador Empresarial de Silao de la Victoria A.C. Lo preside Juan Pablo V\u00e1zquez Sotelo y su objetivo es impulsar el desarrollo del municipio que m\u00e1s aporta a la econom\u00eda del estado. Diariamente Silao recibe a m\u00e1s de 110 mil trabajadores \u201cque solo [&hellip;]","protected":false},"author":2,"featured_media":137386,"comment_status":"open","ping_status":"open","sticky":false,"template":"","format":"standard","meta":{"_seopress_robots_primary_cat":"none","_seopress_titles_title":"","_seopress_titles_desc":"","_seopress_robots_index":"","_monsterinsights_skip_tracking":false,"_monsterinsights_sitenote_active":false,"_monsterinsights_sitenote_note":"","_monsterinsights_sitenote_category":0,"footnotes":""},"categories":[701],"tags":[1841,3535,207,3536,3534,12],"class_list":["post-137370","post","type-post","status-publish","format-standard","has-post-thumbnail","hentry","category-economia","tag-carlos-garcia-villasenor","tag-consejo-coordinador-empresarial-de-silao","tag-economia","tag-juan-pablo-vazquez-sotelo","tag-organismos-empresariales","tag-silao"],"yoast_head":"<!-- This site is optimized with the Yoast SEO plugin v27.4 - https:\/\/yoast.com\/product\/yoast-seo-wordpress\/ -->\n<title>CREAN EL CONSEJO COORDINADOR EMPRESARIAL DE SILAO - Kuali<\/title>\n<meta name=\"robots\" content=\"index, follow, max-snippet:-1, max-image-preview:large, max-video-preview:-1\" \/>\n<link rel=\"canonical\" href=\"https:\/\/kuali.com.mx\/web\/2024\/02\/28\/crean-el-consejo-coordinador-empresarial-de-silao\/\" \/>\n<meta property=\"og:locale\" content=\"es_MX\" \/>\n<meta property=\"og:type\" content=\"article\" \/>\n<meta property=\"og:title\" content=\"CREAN EL CONSEJO COORDINADOR EMPRESARIAL DE SILAO - Kuali\" \/>\n<meta property=\"og:description\" content=\"Alicia Arias\/Silao de la Victoria, Gto.- Este mi\u00e9rcoles tom\u00f3 protesta el primer Consejo Coordinador Empresarial de Silao de la Victoria A.C. Lo preside Juan Pablo V\u00e1zquez Sotelo y su objetivo es impulsar el desarrollo del municipio que m\u00e1s aporta a la econom\u00eda del estado. Diariamente Silao recibe a m\u00e1s de 110 mil trabajadores \u201cque solo [&hellip;]\" \/>\n<meta property=\"og:url\" content=\"https:\/\/kuali.com.mx\/web\/2024\/02\/28\/crean-el-consejo-coordinador-empresarial-de-silao\/\" \/>\n<meta property=\"og:site_name\" content=\"Kuali\" \/>\n<meta property=\"article:publisher\" content=\"https:\/\/kuali.com.mx\/web\/wp-content\/uploads\/2018\/04\/cropped-kuali_logo-1-1.png\" \/>\n<meta property=\"article:published_time\" content=\"2024-02-28T16:58:46+00:00\" \/>\n<meta property=\"article:modified_time\" content=\"2024-02-29T04:52:12+00:00\" \/>\n<meta property=\"og:image\" content=\"https:\/\/kuali.com.mx\/web\/wp-content\/uploads\/2024\/02\/Consejo-coordinador-Silao.gif\" \/>\n\t<meta property=\"og:image:width\" content=\"1797\" \/>\n\t<meta property=\"og:image:height\" content=\"750\" \/>\n\t<meta property=\"og:image:type\" content=\"image\/gif\" \/>\n<meta name=\"author\" content=\"Kuali Staff\" \/>\n<meta name=\"twitter:card\" content=\"summary_large_image\" \/>\n<meta name=\"twitter:creator\" content=\"@kuali_noticias\" \/>\n<meta name=\"twitter:site\" content=\"@kuali_noticias\" \/>\n<meta name=\"twitter:label1\" content=\"Escrito por\" \/>\n\t<meta name=\"twitter:data1\" content=\"Kuali Staff\" \/>\n\t<meta name=\"twitter:label2\" content=\"Tiempo de lectura\" \/>\n\t<meta name=\"twitter:data2\" content=\"3 minutos\" \/>\n<script type=\"application\/ld+json\" class=\"yoast-schema-graph\">{\"@context\":\"https:\\\/\\\/schema.org\",\"@graph\":[{\"@type\":\"Article\",\"@id\":\"https:\\\/\\\/kuali.com.mx\\\/web\\\/2024\\\/02\\\/28\\\/crean-el-consejo-coordinador-empresarial-de-silao\\\/#article\",\"isPartOf\":{\"@id\":\"https:\\\/\\\/kuali.com.mx\\\/web\\\/2024\\\/02\\\/28\\\/crean-el-consejo-coordinador-empresarial-de-silao\\\/\"},\"author\":{\"name\":\"Kuali Staff\",\"@id\":\"https:\\\/\\\/kuali.com.mx\\\/web\\\/#\\\/schema\\\/person\\\/6f89ffa8ecba9dae50662357923c5289\"},\"headline\":\"CREAN EL CONSEJO COORDINADOR EMPRESARIAL DE SILAO\",\"datePublished\":\"2024-02-28T16:58:46+00:00\",\"dateModified\":\"2024-02-29T04:52:12+00:00\",\"mainEntityOfPage\":{\"@id\":\"https:\\\/\\\/kuali.com.mx\\\/web\\\/2024\\\/02\\\/28\\\/crean-el-consejo-coordinador-empresarial-de-silao\\\/\"},\"wordCount\":704,\"commentCount\":1,\"image\":{\"@id\":\"https:\\\/\\\/kuali.com.mx\\\/web\\\/2024\\\/02\\\/28\\\/crean-el-consejo-coordinador-empresarial-de-silao\\\/#primaryimage\"},\"thumbnailUrl\":\"https:\\\/\\\/kuali.com.mx\\\/web\\\/wp-content\\\/uploads\\\/2024\\\/02\\\/Consejo-coordinador-Silao.gif\",\"keywords\":[\"Carlos Garc\u00eda Villase\u00f1or\",\"Consejo Coordinador Empresarial de Silao\",\"Econom\u00eda\",\"Juan Pablo V\u00e1zquez Sotelo\",\"Organismos empresariales\",\"Silao\"],\"articleSection\":[\"Econom\u00eda\"],\"inLanguage\":\"es\",\"potentialAction\":[{\"@type\":\"CommentAction\",\"name\":\"Comment\",\"target\":[\"https:\\\/\\\/kuali.com.mx\\\/web\\\/2024\\\/02\\\/28\\\/crean-el-consejo-coordinador-empresarial-de-silao\\\/#respond\"]}]},{\"@type\":\"WebPage\",\"@id\":\"https:\\\/\\\/kuali.com.mx\\\/web\\\/2024\\\/02\\\/28\\\/crean-el-consejo-coordinador-empresarial-de-silao\\\/\",\"url\":\"https:\\\/\\\/kuali.com.mx\\\/web\\\/2024\\\/02\\\/28\\\/crean-el-consejo-coordinador-empresarial-de-silao\\\/\",\"name\":\"CREAN EL CONSEJO COORDINADOR EMPRESARIAL DE SILAO - Kuali\",\"isPartOf\":{\"@id\":\"https:\\\/\\\/kuali.com.mx\\\/web\\\/#website\"},\"primaryImageOfPage\":{\"@id\":\"https:\\\/\\\/kuali.com.mx\\\/web\\\/2024\\\/02\\\/28\\\/crean-el-consejo-coordinador-empresarial-de-silao\\\/#primaryimage\"},\"image\":{\"@id\":\"https:\\\/\\\/kuali.com.mx\\\/web\\\/2024\\\/02\\\/28\\\/crean-el-consejo-coordinador-empresarial-de-silao\\\/#primaryimage\"},\"thumbnailUrl\":\"https:\\\/\\\/kuali.com.mx\\\/web\\\/wp-content\\\/uploads\\\/2024\\\/02\\\/Consejo-coordinador-Silao.gif\",\"datePublished\":\"2024-02-28T16:58:46+00:00\",\"dateModified\":\"2024-02-29T04:52:12+00:00\",\"author\":{\"@id\":\"https:\\\/\\\/kuali.com.mx\\\/web\\\/#\\\/schema\\\/person\\\/6f89ffa8ecba9dae50662357923c5289\"},\"breadcrumb\":{\"@id\":\"https:\\\/\\\/kuali.com.mx\\\/web\\\/2024\\\/02\\\/28\\\/crean-el-consejo-coordinador-empresarial-de-silao\\\/#breadcrumb\"},\"inLanguage\":\"es\",\"potentialAction\":[{\"@type\":\"ReadAction\",\"target\":[\"https:\\\/\\\/kuali.com.mx\\\/web\\\/2024\\\/02\\\/28\\\/crean-el-consejo-coordinador-empresarial-de-silao\\\/\"]}]},{\"@type\":\"ImageObject\",\"inLanguage\":\"es\",\"@id\":\"https:\\\/\\\/kuali.com.mx\\\/web\\\/2024\\\/02\\\/28\\\/crean-el-consejo-coordinador-empresarial-de-silao\\\/#primaryimage\",\"url\":\"https:\\\/\\\/kuali.com.mx\\\/web\\\/wp-content\\\/uploads\\\/2024\\\/02\\\/Consejo-coordinador-Silao.gif\",\"contentUrl\":\"https:\\\/\\\/kuali.com.mx\\\/web\\\/wp-content\\\/uploads\\\/2024\\\/02\\\/Consejo-coordinador-Silao.gif\",\"width\":1797,\"height\":750},{\"@type\":\"BreadcrumbList\",\"@id\":\"https:\\\/\\\/kuali.com.mx\\\/web\\\/2024\\\/02\\\/28\\\/crean-el-consejo-coordinador-empresarial-de-silao\\\/#breadcrumb\",\"itemListElement\":[{\"@type\":\"ListItem\",\"position\":1,\"name\":\"Inicio\",\"item\":\"https:\\\/\\\/kuali.com.mx\\\/web\\\/\"},{\"@type\":\"ListItem\",\"position\":2,\"name\":\"CREAN EL CONSEJO COORDINADOR EMPRESARIAL DE SILAO\"}]},{\"@type\":\"WebSite\",\"@id\":\"https:\\\/\\\/kuali.com.mx\\\/web\\\/#website\",\"url\":\"https:\\\/\\\/kuali.com.mx\\\/web\\\/\",\"name\":\"Kuali\",\"description\":\"\",\"potentialAction\":[{\"@type\":\"SearchAction\",\"target\":{\"@type\":\"EntryPoint\",\"urlTemplate\":\"https:\\\/\\\/kuali.com.mx\\\/web\\\/?s={search_term_string}\"},\"query-input\":{\"@type\":\"PropertyValueSpecification\",\"valueRequired\":true,\"valueName\":\"search_term_string\"}}],\"inLanguage\":\"es\"},{\"@type\":\"Person\",\"@id\":\"https:\\\/\\\/kuali.com.mx\\\/web\\\/#\\\/schema\\\/person\\\/6f89ffa8ecba9dae50662357923c5289\",\"name\":\"Kuali Staff\",\"image\":{\"@type\":\"ImageObject\",\"inLanguage\":\"es\",\"@id\":\"https:\\\/\\\/secure.gravatar.com\\\/avatar\\\/f917ad82e5ab71227a733c78b6e60715476f69ee6be59feee4eb5d9920c89e0f?s=96&d=mm&r=g\",\"url\":\"https:\\\/\\\/secure.gravatar.com\\\/avatar\\\/f917ad82e5ab71227a733c78b6e60715476f69ee6be59feee4eb5d9920c89e0f?s=96&d=mm&r=g\",\"contentUrl\":\"https:\\\/\\\/secure.gravatar.com\\\/avatar\\\/f917ad82e5ab71227a733c78b6e60715476f69ee6be59feee4eb5d9920c89e0f?s=96&d=mm&r=g\",\"caption\":\"Kuali Staff\"},\"url\":\"https:\\\/\\\/kuali.com.mx\\\/web\\\/author\\\/lagarto\\\/\"}]}<\/script>\n<!-- \/ Yoast SEO plugin. -->","yoast_head_json":{"title":"CREAN EL CONSEJO COORDINADOR EMPRESARIAL DE SILAO - Kuali","robots":{"index":"index","follow":"follow","max-snippet":"max-snippet:-1","max-image-preview":"max-image-preview:large","max-video-preview":"max-video-preview:-1"},"canonical":"https:\/\/kuali.com.mx\/web\/2024\/02\/28\/crean-el-consejo-coordinador-empresarial-de-silao\/","og_locale":"es_MX","og_type":"article","og_title":"CREAN EL CONSEJO COORDINADOR EMPRESARIAL DE SILAO - Kuali","og_description":"Alicia Arias\/Silao de la Victoria, Gto.- Este mi\u00e9rcoles tom\u00f3 protesta el primer Consejo Coordinador Empresarial de Silao de la Victoria A.C. Lo preside Juan Pablo V\u00e1zquez Sotelo y su objetivo es impulsar el desarrollo del municipio que m\u00e1s aporta a la econom\u00eda del estado. Diariamente Silao recibe a m\u00e1s de 110 mil trabajadores \u201cque solo [&hellip;]","og_url":"https:\/\/kuali.com.mx\/web\/2024\/02\/28\/crean-el-consejo-coordinador-empresarial-de-silao\/","og_site_name":"Kuali","article_publisher":"https:\/\/kuali.com.mx\/web\/wp-content\/uploads\/2018\/04\/cropped-kuali_logo-1-1.png","article_published_time":"2024-02-28T16:58:46+00:00","article_modified_time":"2024-02-29T04:52:12+00:00","og_image":[{"width":1797,"height":750,"url":"https:\/\/kuali.com.mx\/web\/wp-content\/uploads\/2024\/02\/Consejo-coordinador-Silao.gif","type":"image\/gif"}],"author":"Kuali Staff","twitter_card":"summary_large_image","twitter_creator":"@kuali_noticias","twitter_site":"@kuali_noticias","twitter_misc":{"Escrito por":"Kuali Staff","Tiempo de lectura":"3 minutos"},"schema":{"@context":"https:\/\/schema.org","@graph":[{"@type":"Article","@id":"https:\/\/kuali.com.mx\/web\/2024\/02\/28\/crean-el-consejo-coordinador-empresarial-de-silao\/#article","isPartOf":{"@id":"https:\/\/kuali.com.mx\/web\/2024\/02\/28\/crean-el-consejo-coordinador-empresarial-de-silao\/"},"author":{"name":"Kuali Staff","@id":"https:\/\/kuali.com.mx\/web\/#\/schema\/person\/6f89ffa8ecba9dae50662357923c5289"},"headline":"CREAN EL CONSEJO COORDINADOR EMPRESARIAL DE SILAO","datePublished":"2024-02-28T16:58:46+00:00","dateModified":"2024-02-29T04:52:12+00:00","mainEntityOfPage":{"@id":"https:\/\/kuali.com.mx\/web\/2024\/02\/28\/crean-el-consejo-coordinador-empresarial-de-silao\/"},"wordCount":704,"commentCount":1,"image":{"@id":"https:\/\/kuali.com.mx\/web\/2024\/02\/28\/crean-el-consejo-coordinador-empresarial-de-silao\/#primaryimage"},"thumbnailUrl":"https:\/\/kuali.com.mx\/web\/wp-content\/uploads\/2024\/02\/Consejo-coordinador-Silao.gif","keywords":["Carlos Garc\u00eda Villase\u00f1or","Consejo Coordinador Empresarial de Silao","Econom\u00eda","Juan Pablo V\u00e1zquez Sotelo","Organismos empresariales","Silao"],"articleSection":["Econom\u00eda"],"inLanguage":"es","potentialAction":[{"@type":"CommentAction","name":"Comment","target":["https:\/\/kuali.com.mx\/web\/2024\/02\/28\/crean-el-consejo-coordinador-empresarial-de-silao\/#respond"]}]},{"@type":"WebPage","@id":"https:\/\/kuali.com.mx\/web\/2024\/02\/28\/crean-el-consejo-coordinador-empresarial-de-silao\/","url":"https:\/\/kuali.com.mx\/web\/2024\/02\/28\/crean-el-consejo-coordinador-empresarial-de-silao\/","name":"CREAN EL CONSEJO COORDINADOR EMPRESARIAL DE SILAO - Kuali","isPartOf":{"@id":"https:\/\/kuali.com.mx\/web\/#website"},"primaryImageOfPage":{"@id":"https:\/\/kuali.com.mx\/web\/2024\/02\/28\/crean-el-consejo-coordinador-empresarial-de-silao\/#primaryimage"},"image":{"@id":"https:\/\/kuali.com.mx\/web\/2024\/02\/28\/crean-el-consejo-coordinador-empresarial-de-silao\/#primaryimage"},"thumbnailUrl":"https:\/\/kuali.com.mx\/web\/wp-content\/uploads\/2024\/02\/Consejo-coordinador-Silao.gif","datePublished":"2024-02-28T16:58:46+00:00","dateModified":"2024-02-29T04:52:12+00:00","author":{"@id":"https:\/\/kuali.com.mx\/web\/#\/schema\/person\/6f89ffa8ecba9dae50662357923c5289"},"breadcrumb":{"@id":"https:\/\/kuali.com.mx\/web\/2024\/02\/28\/crean-el-consejo-coordinador-empresarial-de-silao\/#breadcrumb"},"inLanguage":"es","potentialAction":[{"@type":"ReadAction","target":["https:\/\/kuali.com.mx\/web\/2024\/02\/28\/crean-el-consejo-coordinador-empresarial-de-silao\/"]}]},{"@type":"ImageObject","inLanguage":"es","@id":"https:\/\/kuali.com.mx\/web\/2024\/02\/28\/crean-el-consejo-coordinador-empresarial-de-silao\/#primaryimage","url":"https:\/\/kuali.com.mx\/web\/wp-content\/uploads\/2024\/02\/Consejo-coordinador-Silao.gif","contentUrl":"https:\/\/kuali.com.mx\/web\/wp-content\/uploads\/2024\/02\/Consejo-coordinador-Silao.gif","width":1797,"height":750},{"@type":"BreadcrumbList","@id":"https:\/\/kuali.com.mx\/web\/2024\/02\/28\/crean-el-consejo-coordinador-empresarial-de-silao\/#breadcrumb","itemListElement":[{"@type":"ListItem","position":1,"name":"Inicio","item":"https:\/\/kuali.com.mx\/web\/"},{"@type":"ListItem","position":2,"name":"CREAN EL CONSEJO COORDINADOR EMPRESARIAL DE SILAO"}]},{"@type":"WebSite","@id":"https:\/\/kuali.com.mx\/web\/#website","url":"https:\/\/kuali.com.mx\/web\/","name":"Kuali","description":"","potentialAction":[{"@type":"SearchAction","target":{"@type":"EntryPoint","urlTemplate":"https:\/\/kuali.com.mx\/web\/?s={search_term_string}"},"query-input":{"@type":"PropertyValueSpecification","valueRequired":true,"valueName":"search_term_string"}}],"inLanguage":"es"},{"@type":"Person","@id":"https:\/\/kuali.com.mx\/web\/#\/schema\/person\/6f89ffa8ecba9dae50662357923c5289","name":"Kuali Staff","image":{"@type":"ImageObject","inLanguage":"es","@id":"https:\/\/secure.gravatar.com\/avatar\/f917ad82e5ab71227a733c78b6e60715476f69ee6be59feee4eb5d9920c89e0f?s=96&d=mm&r=g","url":"https:\/\/secure.gravatar.com\/avatar\/f917ad82e5ab71227a733c78b6e60715476f69ee6be59feee4eb5d9920c89e0f?s=96&d=mm&r=g","contentUrl":"https:\/\/secure.gravatar.com\/avatar\/f917ad82e5ab71227a733c78b6e60715476f69ee6be59feee4eb5d9920c89e0f?s=96&d=mm&r=g","caption":"Kuali Staff"},"url":"https:\/\/kuali.com.mx\/web\/author\/lagarto\/"}]}},"_links":{"self":[{"href":"https:\/\/kuali.com.mx\/web\/wp-json\/wp\/v2\/posts\/137370","targetHints":{"allow":["GET"]}}],"collection":[{"href":"https:\/\/kuali.com.mx\/web\/wp-json\/wp\/v2\/posts"}],"about":[{"href":"https:\/\/kuali.com.mx\/web\/wp-json\/wp\/v2\/types\/post"}],"author":[{"embeddable":true,"href":"https:\/\/kuali.com.mx\/web\/wp-json\/wp\/v2\/users\/2"}],"replies":[{"embeddable":true,"href":"https:\/\/kuali.com.mx\/web\/wp-json\/wp\/v2\/comments?post=137370"}],"version-history":[{"count":3,"href":"https:\/\/kuali.com.mx\/web\/wp-json\/wp\/v2\/posts\/137370\/revisions"}],"predecessor-version":[{"id":137392,"href":"https:\/\/kuali.com.mx\/web\/wp-json\/wp\/v2\/posts\/137370\/revisions\/137392"}],"wp:featuredmedia":[{"embeddable":true,"href":"https:\/\/kuali.com.mx\/web\/wp-json\/wp\/v2\/media\/137386"}],"wp:attachment":[{"href":"https:\/\/kuali.com.mx\/web\/wp-json\/wp\/v2\/media?parent=137370"}],"wp:term":[{"taxonomy":"category","embeddable":true,"href":"https:\/\/kuali.com.mx\/web\/wp-json\/wp\/v2\/categories?post=137370"},{"taxonomy":"post_tag","embeddable":true,"href":"https:\/\/kuali.com.mx\/web\/wp-json\/wp\/v2\/tags?post=137370"}],"curies":[{"name":"wp","href":"https:\/\/api.w.org\/{rel}","templated":true}]}}