{"id":136581,"date":"2024-02-18T13:29:00","date_gmt":"2024-02-18T19:29:00","guid":{"rendered":"https:\/\/kuali.com.mx\/web\/?p=136581"},"modified":"2024-02-18T20:33:59","modified_gmt":"2024-02-19T02:33:59","slug":"arrestan-a-joven-con-largo-historial-delictivo","status":"publish","type":"post","link":"https:\/\/kuali.com.mx\/web\/2024\/02\/18\/arrestan-a-joven-con-largo-historial-delictivo\/","title":{"rendered":"ARRESTAN A JOVEN CON LARGO HISTORIAL DELICTIVO"},"content":{"rendered":"\n<p><strong><em>Kuali\/Le\u00f3n, Gto.-<\/em><\/strong>La Polic\u00eda de Le\u00f3n arrest\u00f3 por en\u00e9sima ocasi\u00f3n a Jos\u00e9 \u00c1ngel, \u201cEl Pollo\u201d, de 19 a\u00f1os de edad, esta vez por la portaci\u00f3n de arma de fuego en la comunidad San Jos\u00e9 de los Dur\u00e1n.<\/p>\n\n\n\n<p>Jos\u00e9 \u00c1ngel, a su corta edad, cuenta con un amplio historial delictivo, la mayor\u00eda por robo de veh\u00edculo con violencia, portaci\u00f3n de armas de fuego y drogas. En total cuenta con 15 registros en el control de detenidos.<\/p>\n\n\n\n<p>En esta ocasi\u00f3n su captura fue gracias a un patrullaje de supervisi\u00f3n y vigilancia en donde se le asegur\u00f3 un arma de fuego corta con cuatro cartuchos \u00fatiles.<\/p>\n\n\n\n<p>El 13 de noviembre del 2023, mediante la tecnolog\u00eda de los arcos carreteros se aseguraron un veh\u00edculo Volkswagen Passat que portaba las placas sobrepuestas y otro Volkswagen Jetta con reporte de robo; al interior de los autos se aseguraron un cargador de arma de fuego corta con 16 cartuchos \u00fatiles y cinco dosis de droga cristal.<\/p>\n\n\n\n<p>Qued\u00f3 detenido Jos\u00e9, quien cambio su segundo nombre por Alberto; tambi\u00e9n se detuvo a Cristian Alejandro y Felipe de Jes\u00fas en la colonia la Medalla.<\/p>\n\n\n\n<p>Gracias al an\u00e1lisis, inteligencia e investigaci\u00f3n, el 28 de octubre del 2023 fue arrestado en la colonia Ibarrilla por robo con violencia de veh\u00edculo.<\/p>\n\n\n\n<p>En comunicaci\u00f3n con el C5i del Estado, se verific\u00f3 que el veh\u00edculo hab\u00eda sido robado horas antes en la carretera San Luis Potos\u00ed-Lagos de Moreno.<\/p>\n\n\n\n<p>Al revisar la camioneta CX-3 se le aseguraron una dosis de cristal y 6 mil 400 pesos en efectivo, dinero que tambi\u00e9n hab\u00eda sido despojado al afectado.<\/p>\n\n\n\n<p>Otra intervenci\u00f3n fue 21 d\u00edas antes, el 7 de septiembre, por posesi\u00f3n de un veh\u00edculo Nissan Tsuru con reporte de robo y un arma de fuego con ocho cartuchos \u00fatiles. Junto con \u00e9l, fueron detenidas dos personas m\u00e1s, la intervenci\u00f3n fue en la colonia Valle del Campestre.<\/p>\n\n\n\n<p>El 16 de abril del 2023, fue asegurado por despojar con violencia a un conductor de transporte p\u00fablico de plataforma digital, en la comunidad Los Ram\u00edrez, ah\u00ed se le asegur\u00f3 un veh\u00edculo Nissan Versa en color azul y un arma corta.<\/p>\n\n\n\n<p>En Residencial Benevento fue capturado junto con otro hombre identificado como Daniel, el 28 de diciembre del 2022 por la portaci\u00f3n de dos armas de fuego cortas y 10 envoltorios de droga cristal.<\/p>\n\n\n\n<p>Su primer arresto fue a los 15 a\u00f1os por conducir una motocicleta con reporte de robo, tambi\u00e9n en la comunidad San Jos\u00e9 de los Dur\u00e1n.<\/p>\n\n\n\n<p>Jos\u00e9 \u00c1ngel, ya se encuentra a disposici\u00f3n de la Fiscal\u00eda General del Estado para el seguimiento legal correspondiente.<\/p>\n\n\n\n<p>En el registro de detenidos se encontr\u00f3 que Jos\u00e9 \u00c1ngel tiene aparentemente un hermano identificado como Leonardo, quien tambi\u00e9n cuenta con un amplio historial delictivo.<\/p>\n\n\n\n<p>\u00c9l fue detenido la \u00faltima vez el 17 de octubre del 2023 en camino a los Tepetates por la posesi\u00f3n de un arma de fuego corta, dos cargadores y 3 cartuchos \u00fatiles y 2 percutidos, junto con el arma se le asegur\u00f3 un autom\u00f3vil Chevrolet Sonic.<\/p>\n\n\n\n<p>El 6 de enero del 2022 se le detuvo en la colonia Rancho la Florida por robo con violencia a transe\u00fante, se le asegur\u00f3 un arma blanca.<\/p>\n\n\n\n<p>En total Leonardo cuenta con 18 registros por faltas administrativas y delitos.<\/p>\n","protected":false},"excerpt":{"rendered":"Kuali\/Le\u00f3n, Gto.-La Polic\u00eda de Le\u00f3n arrest\u00f3 por en\u00e9sima ocasi\u00f3n a Jos\u00e9 \u00c1ngel, \u201cEl Pollo\u201d, de 19 a\u00f1os de edad, esta vez por la portaci\u00f3n de arma de fuego en la comunidad San Jos\u00e9 de los Dur\u00e1n. Jos\u00e9 \u00c1ngel, a su corta edad, cuenta con un amplio historial delictivo, la mayor\u00eda por robo de veh\u00edculo con [&hellip;]","protected":false},"author":2,"featured_media":136584,"comment_status":"open","ping_status":"open","sticky":false,"template":"","format":"standard","meta":{"_seopress_robots_primary_cat":"none","_seopress_titles_title":"","_seopress_titles_desc":"","_seopress_robots_index":"","_monsterinsights_skip_tracking":false,"_monsterinsights_sitenote_active":false,"_monsterinsights_sitenote_note":"","_monsterinsights_sitenote_category":0,"footnotes":""},"categories":[3],"tags":[],"class_list":["post-136581","post","type-post","status-publish","format-standard","has-post-thumbnail","hentry","category-politica"],"yoast_head":"<!-- This site is optimized with the Yoast SEO plugin v27.4 - https:\/\/yoast.com\/product\/yoast-seo-wordpress\/ -->\n<title>ARRESTAN A JOVEN CON LARGO HISTORIAL DELICTIVO - Kuali<\/title>\n<meta name=\"robots\" content=\"index, follow, max-snippet:-1, max-image-preview:large, max-video-preview:-1\" \/>\n<link rel=\"canonical\" href=\"https:\/\/kuali.com.mx\/web\/2024\/02\/18\/arrestan-a-joven-con-largo-historial-delictivo\/\" \/>\n<meta property=\"og:locale\" content=\"es_MX\" \/>\n<meta property=\"og:type\" content=\"article\" \/>\n<meta property=\"og:title\" content=\"ARRESTAN A JOVEN CON LARGO HISTORIAL DELICTIVO - Kuali\" \/>\n<meta property=\"og:description\" content=\"Kuali\/Le\u00f3n, Gto.-La Polic\u00eda de Le\u00f3n arrest\u00f3 por en\u00e9sima ocasi\u00f3n a Jos\u00e9 \u00c1ngel, \u201cEl Pollo\u201d, de 19 a\u00f1os de edad, esta vez por la portaci\u00f3n de arma de fuego en la comunidad San Jos\u00e9 de los Dur\u00e1n. Jos\u00e9 \u00c1ngel, a su corta edad, cuenta con un amplio historial delictivo, la mayor\u00eda por robo de veh\u00edculo con [&hellip;]\" \/>\n<meta property=\"og:url\" content=\"https:\/\/kuali.com.mx\/web\/2024\/02\/18\/arrestan-a-joven-con-largo-historial-delictivo\/\" \/>\n<meta property=\"og:site_name\" content=\"Kuali\" \/>\n<meta property=\"article:publisher\" content=\"https:\/\/kuali.com.mx\/web\/wp-content\/uploads\/2018\/04\/cropped-kuali_logo-1-1.png\" \/>\n<meta property=\"article:published_time\" content=\"2024-02-18T19:29:00+00:00\" \/>\n<meta property=\"article:modified_time\" content=\"2024-02-19T02:33:59+00:00\" \/>\n<meta property=\"og:image\" content=\"https:\/\/kuali.com.mx\/web\/wp-content\/uploads\/2024\/02\/pistola.jpeg\" \/>\n\t<meta property=\"og:image:width\" content=\"960\" \/>\n\t<meta property=\"og:image:height\" content=\"1280\" \/>\n\t<meta property=\"og:image:type\" content=\"image\/jpeg\" \/>\n<meta name=\"author\" content=\"Kuali Staff\" \/>\n<meta name=\"twitter:card\" content=\"summary_large_image\" \/>\n<meta name=\"twitter:creator\" content=\"@kuali_noticias\" \/>\n<meta name=\"twitter:site\" content=\"@kuali_noticias\" \/>\n<meta name=\"twitter:label1\" content=\"Escrito por\" \/>\n\t<meta name=\"twitter:data1\" content=\"Kuali Staff\" \/>\n\t<meta name=\"twitter:label2\" content=\"Tiempo de lectura\" \/>\n\t<meta name=\"twitter:data2\" content=\"3 minutos\" \/>\n<script type=\"application\/ld+json\" class=\"yoast-schema-graph\">{\"@context\":\"https:\\\/\\\/schema.org\",\"@graph\":[{\"@type\":\"Article\",\"@id\":\"https:\\\/\\\/kuali.com.mx\\\/web\\\/2024\\\/02\\\/18\\\/arrestan-a-joven-con-largo-historial-delictivo\\\/#article\",\"isPartOf\":{\"@id\":\"https:\\\/\\\/kuali.com.mx\\\/web\\\/2024\\\/02\\\/18\\\/arrestan-a-joven-con-largo-historial-delictivo\\\/\"},\"author\":{\"name\":\"Kuali Staff\",\"@id\":\"https:\\\/\\\/kuali.com.mx\\\/web\\\/#\\\/schema\\\/person\\\/6f89ffa8ecba9dae50662357923c5289\"},\"headline\":\"ARRESTAN A JOVEN CON LARGO HISTORIAL DELICTIVO\",\"datePublished\":\"2024-02-18T19:29:00+00:00\",\"dateModified\":\"2024-02-19T02:33:59+00:00\",\"mainEntityOfPage\":{\"@id\":\"https:\\\/\\\/kuali.com.mx\\\/web\\\/2024\\\/02\\\/18\\\/arrestan-a-joven-con-largo-historial-delictivo\\\/\"},\"wordCount\":565,\"commentCount\":0,\"image\":{\"@id\":\"https:\\\/\\\/kuali.com.mx\\\/web\\\/2024\\\/02\\\/18\\\/arrestan-a-joven-con-largo-historial-delictivo\\\/#primaryimage\"},\"thumbnailUrl\":\"https:\\\/\\\/kuali.com.mx\\\/web\\\/wp-content\\\/uploads\\\/2024\\\/02\\\/pistola.jpeg\",\"articleSection\":[\"Pol\u00edtica\"],\"inLanguage\":\"es\",\"potentialAction\":[{\"@type\":\"CommentAction\",\"name\":\"Comment\",\"target\":[\"https:\\\/\\\/kuali.com.mx\\\/web\\\/2024\\\/02\\\/18\\\/arrestan-a-joven-con-largo-historial-delictivo\\\/#respond\"]}]},{\"@type\":\"WebPage\",\"@id\":\"https:\\\/\\\/kuali.com.mx\\\/web\\\/2024\\\/02\\\/18\\\/arrestan-a-joven-con-largo-historial-delictivo\\\/\",\"url\":\"https:\\\/\\\/kuali.com.mx\\\/web\\\/2024\\\/02\\\/18\\\/arrestan-a-joven-con-largo-historial-delictivo\\\/\",\"name\":\"ARRESTAN A JOVEN CON LARGO HISTORIAL DELICTIVO - Kuali\",\"isPartOf\":{\"@id\":\"https:\\\/\\\/kuali.com.mx\\\/web\\\/#website\"},\"primaryImageOfPage\":{\"@id\":\"https:\\\/\\\/kuali.com.mx\\\/web\\\/2024\\\/02\\\/18\\\/arrestan-a-joven-con-largo-historial-delictivo\\\/#primaryimage\"},\"image\":{\"@id\":\"https:\\\/\\\/kuali.com.mx\\\/web\\\/2024\\\/02\\\/18\\\/arrestan-a-joven-con-largo-historial-delictivo\\\/#primaryimage\"},\"thumbnailUrl\":\"https:\\\/\\\/kuali.com.mx\\\/web\\\/wp-content\\\/uploads\\\/2024\\\/02\\\/pistola.jpeg\",\"datePublished\":\"2024-02-18T19:29:00+00:00\",\"dateModified\":\"2024-02-19T02:33:59+00:00\",\"author\":{\"@id\":\"https:\\\/\\\/kuali.com.mx\\\/web\\\/#\\\/schema\\\/person\\\/6f89ffa8ecba9dae50662357923c5289\"},\"breadcrumb\":{\"@id\":\"https:\\\/\\\/kuali.com.mx\\\/web\\\/2024\\\/02\\\/18\\\/arrestan-a-joven-con-largo-historial-delictivo\\\/#breadcrumb\"},\"inLanguage\":\"es\",\"potentialAction\":[{\"@type\":\"ReadAction\",\"target\":[\"https:\\\/\\\/kuali.com.mx\\\/web\\\/2024\\\/02\\\/18\\\/arrestan-a-joven-con-largo-historial-delictivo\\\/\"]}]},{\"@type\":\"ImageObject\",\"inLanguage\":\"es\",\"@id\":\"https:\\\/\\\/kuali.com.mx\\\/web\\\/2024\\\/02\\\/18\\\/arrestan-a-joven-con-largo-historial-delictivo\\\/#primaryimage\",\"url\":\"https:\\\/\\\/kuali.com.mx\\\/web\\\/wp-content\\\/uploads\\\/2024\\\/02\\\/pistola.jpeg\",\"contentUrl\":\"https:\\\/\\\/kuali.com.mx\\\/web\\\/wp-content\\\/uploads\\\/2024\\\/02\\\/pistola.jpeg\",\"width\":960,\"height\":1280},{\"@type\":\"BreadcrumbList\",\"@id\":\"https:\\\/\\\/kuali.com.mx\\\/web\\\/2024\\\/02\\\/18\\\/arrestan-a-joven-con-largo-historial-delictivo\\\/#breadcrumb\",\"itemListElement\":[{\"@type\":\"ListItem\",\"position\":1,\"name\":\"Inicio\",\"item\":\"https:\\\/\\\/kuali.com.mx\\\/web\\\/\"},{\"@type\":\"ListItem\",\"position\":2,\"name\":\"ARRESTAN A JOVEN CON LARGO HISTORIAL DELICTIVO\"}]},{\"@type\":\"WebSite\",\"@id\":\"https:\\\/\\\/kuali.com.mx\\\/web\\\/#website\",\"url\":\"https:\\\/\\\/kuali.com.mx\\\/web\\\/\",\"name\":\"Kuali\",\"description\":\"\",\"potentialAction\":[{\"@type\":\"SearchAction\",\"target\":{\"@type\":\"EntryPoint\",\"urlTemplate\":\"https:\\\/\\\/kuali.com.mx\\\/web\\\/?s={search_term_string}\"},\"query-input\":{\"@type\":\"PropertyValueSpecification\",\"valueRequired\":true,\"valueName\":\"search_term_string\"}}],\"inLanguage\":\"es\"},{\"@type\":\"Person\",\"@id\":\"https:\\\/\\\/kuali.com.mx\\\/web\\\/#\\\/schema\\\/person\\\/6f89ffa8ecba9dae50662357923c5289\",\"name\":\"Kuali Staff\",\"image\":{\"@type\":\"ImageObject\",\"inLanguage\":\"es\",\"@id\":\"https:\\\/\\\/secure.gravatar.com\\\/avatar\\\/f917ad82e5ab71227a733c78b6e60715476f69ee6be59feee4eb5d9920c89e0f?s=96&d=mm&r=g\",\"url\":\"https:\\\/\\\/secure.gravatar.com\\\/avatar\\\/f917ad82e5ab71227a733c78b6e60715476f69ee6be59feee4eb5d9920c89e0f?s=96&d=mm&r=g\",\"contentUrl\":\"https:\\\/\\\/secure.gravatar.com\\\/avatar\\\/f917ad82e5ab71227a733c78b6e60715476f69ee6be59feee4eb5d9920c89e0f?s=96&d=mm&r=g\",\"caption\":\"Kuali Staff\"},\"url\":\"https:\\\/\\\/kuali.com.mx\\\/web\\\/author\\\/lagarto\\\/\"}]}<\/script>\n<!-- \/ Yoast SEO plugin. -->","yoast_head_json":{"title":"ARRESTAN A JOVEN CON LARGO HISTORIAL DELICTIVO - Kuali","robots":{"index":"index","follow":"follow","max-snippet":"max-snippet:-1","max-image-preview":"max-image-preview:large","max-video-preview":"max-video-preview:-1"},"canonical":"https:\/\/kuali.com.mx\/web\/2024\/02\/18\/arrestan-a-joven-con-largo-historial-delictivo\/","og_locale":"es_MX","og_type":"article","og_title":"ARRESTAN A JOVEN CON LARGO HISTORIAL DELICTIVO - Kuali","og_description":"Kuali\/Le\u00f3n, Gto.-La Polic\u00eda de Le\u00f3n arrest\u00f3 por en\u00e9sima ocasi\u00f3n a Jos\u00e9 \u00c1ngel, \u201cEl Pollo\u201d, de 19 a\u00f1os de edad, esta vez por la portaci\u00f3n de arma de fuego en la comunidad San Jos\u00e9 de los Dur\u00e1n. Jos\u00e9 \u00c1ngel, a su corta edad, cuenta con un amplio historial delictivo, la mayor\u00eda por robo de veh\u00edculo con [&hellip;]","og_url":"https:\/\/kuali.com.mx\/web\/2024\/02\/18\/arrestan-a-joven-con-largo-historial-delictivo\/","og_site_name":"Kuali","article_publisher":"https:\/\/kuali.com.mx\/web\/wp-content\/uploads\/2018\/04\/cropped-kuali_logo-1-1.png","article_published_time":"2024-02-18T19:29:00+00:00","article_modified_time":"2024-02-19T02:33:59+00:00","og_image":[{"width":960,"height":1280,"url":"https:\/\/kuali.com.mx\/web\/wp-content\/uploads\/2024\/02\/pistola.jpeg","type":"image\/jpeg"}],"author":"Kuali Staff","twitter_card":"summary_large_image","twitter_creator":"@kuali_noticias","twitter_site":"@kuali_noticias","twitter_misc":{"Escrito por":"Kuali Staff","Tiempo de lectura":"3 minutos"},"schema":{"@context":"https:\/\/schema.org","@graph":[{"@type":"Article","@id":"https:\/\/kuali.com.mx\/web\/2024\/02\/18\/arrestan-a-joven-con-largo-historial-delictivo\/#article","isPartOf":{"@id":"https:\/\/kuali.com.mx\/web\/2024\/02\/18\/arrestan-a-joven-con-largo-historial-delictivo\/"},"author":{"name":"Kuali Staff","@id":"https:\/\/kuali.com.mx\/web\/#\/schema\/person\/6f89ffa8ecba9dae50662357923c5289"},"headline":"ARRESTAN A JOVEN CON LARGO HISTORIAL DELICTIVO","datePublished":"2024-02-18T19:29:00+00:00","dateModified":"2024-02-19T02:33:59+00:00","mainEntityOfPage":{"@id":"https:\/\/kuali.com.mx\/web\/2024\/02\/18\/arrestan-a-joven-con-largo-historial-delictivo\/"},"wordCount":565,"commentCount":0,"image":{"@id":"https:\/\/kuali.com.mx\/web\/2024\/02\/18\/arrestan-a-joven-con-largo-historial-delictivo\/#primaryimage"},"thumbnailUrl":"https:\/\/kuali.com.mx\/web\/wp-content\/uploads\/2024\/02\/pistola.jpeg","articleSection":["Pol\u00edtica"],"inLanguage":"es","potentialAction":[{"@type":"CommentAction","name":"Comment","target":["https:\/\/kuali.com.mx\/web\/2024\/02\/18\/arrestan-a-joven-con-largo-historial-delictivo\/#respond"]}]},{"@type":"WebPage","@id":"https:\/\/kuali.com.mx\/web\/2024\/02\/18\/arrestan-a-joven-con-largo-historial-delictivo\/","url":"https:\/\/kuali.com.mx\/web\/2024\/02\/18\/arrestan-a-joven-con-largo-historial-delictivo\/","name":"ARRESTAN A JOVEN CON LARGO HISTORIAL DELICTIVO - Kuali","isPartOf":{"@id":"https:\/\/kuali.com.mx\/web\/#website"},"primaryImageOfPage":{"@id":"https:\/\/kuali.com.mx\/web\/2024\/02\/18\/arrestan-a-joven-con-largo-historial-delictivo\/#primaryimage"},"image":{"@id":"https:\/\/kuali.com.mx\/web\/2024\/02\/18\/arrestan-a-joven-con-largo-historial-delictivo\/#primaryimage"},"thumbnailUrl":"https:\/\/kuali.com.mx\/web\/wp-content\/uploads\/2024\/02\/pistola.jpeg","datePublished":"2024-02-18T19:29:00+00:00","dateModified":"2024-02-19T02:33:59+00:00","author":{"@id":"https:\/\/kuali.com.mx\/web\/#\/schema\/person\/6f89ffa8ecba9dae50662357923c5289"},"breadcrumb":{"@id":"https:\/\/kuali.com.mx\/web\/2024\/02\/18\/arrestan-a-joven-con-largo-historial-delictivo\/#breadcrumb"},"inLanguage":"es","potentialAction":[{"@type":"ReadAction","target":["https:\/\/kuali.com.mx\/web\/2024\/02\/18\/arrestan-a-joven-con-largo-historial-delictivo\/"]}]},{"@type":"ImageObject","inLanguage":"es","@id":"https:\/\/kuali.com.mx\/web\/2024\/02\/18\/arrestan-a-joven-con-largo-historial-delictivo\/#primaryimage","url":"https:\/\/kuali.com.mx\/web\/wp-content\/uploads\/2024\/02\/pistola.jpeg","contentUrl":"https:\/\/kuali.com.mx\/web\/wp-content\/uploads\/2024\/02\/pistola.jpeg","width":960,"height":1280},{"@type":"BreadcrumbList","@id":"https:\/\/kuali.com.mx\/web\/2024\/02\/18\/arrestan-a-joven-con-largo-historial-delictivo\/#breadcrumb","itemListElement":[{"@type":"ListItem","position":1,"name":"Inicio","item":"https:\/\/kuali.com.mx\/web\/"},{"@type":"ListItem","position":2,"name":"ARRESTAN A JOVEN CON LARGO HISTORIAL DELICTIVO"}]},{"@type":"WebSite","@id":"https:\/\/kuali.com.mx\/web\/#website","url":"https:\/\/kuali.com.mx\/web\/","name":"Kuali","description":"","potentialAction":[{"@type":"SearchAction","target":{"@type":"EntryPoint","urlTemplate":"https:\/\/kuali.com.mx\/web\/?s={search_term_string}"},"query-input":{"@type":"PropertyValueSpecification","valueRequired":true,"valueName":"search_term_string"}}],"inLanguage":"es"},{"@type":"Person","@id":"https:\/\/kuali.com.mx\/web\/#\/schema\/person\/6f89ffa8ecba9dae50662357923c5289","name":"Kuali Staff","image":{"@type":"ImageObject","inLanguage":"es","@id":"https:\/\/secure.gravatar.com\/avatar\/f917ad82e5ab71227a733c78b6e60715476f69ee6be59feee4eb5d9920c89e0f?s=96&d=mm&r=g","url":"https:\/\/secure.gravatar.com\/avatar\/f917ad82e5ab71227a733c78b6e60715476f69ee6be59feee4eb5d9920c89e0f?s=96&d=mm&r=g","contentUrl":"https:\/\/secure.gravatar.com\/avatar\/f917ad82e5ab71227a733c78b6e60715476f69ee6be59feee4eb5d9920c89e0f?s=96&d=mm&r=g","caption":"Kuali Staff"},"url":"https:\/\/kuali.com.mx\/web\/author\/lagarto\/"}]}},"_links":{"self":[{"href":"https:\/\/kuali.com.mx\/web\/wp-json\/wp\/v2\/posts\/136581","targetHints":{"allow":["GET"]}}],"collection":[{"href":"https:\/\/kuali.com.mx\/web\/wp-json\/wp\/v2\/posts"}],"about":[{"href":"https:\/\/kuali.com.mx\/web\/wp-json\/wp\/v2\/types\/post"}],"author":[{"embeddable":true,"href":"https:\/\/kuali.com.mx\/web\/wp-json\/wp\/v2\/users\/2"}],"replies":[{"embeddable":true,"href":"https:\/\/kuali.com.mx\/web\/wp-json\/wp\/v2\/comments?post=136581"}],"version-history":[{"count":1,"href":"https:\/\/kuali.com.mx\/web\/wp-json\/wp\/v2\/posts\/136581\/revisions"}],"predecessor-version":[{"id":136585,"href":"https:\/\/kuali.com.mx\/web\/wp-json\/wp\/v2\/posts\/136581\/revisions\/136585"}],"wp:featuredmedia":[{"embeddable":true,"href":"https:\/\/kuali.com.mx\/web\/wp-json\/wp\/v2\/media\/136584"}],"wp:attachment":[{"href":"https:\/\/kuali.com.mx\/web\/wp-json\/wp\/v2\/media?parent=136581"}],"wp:term":[{"taxonomy":"category","embeddable":true,"href":"https:\/\/kuali.com.mx\/web\/wp-json\/wp\/v2\/categories?post=136581"},{"taxonomy":"post_tag","embeddable":true,"href":"https:\/\/kuali.com.mx\/web\/wp-json\/wp\/v2\/tags?post=136581"}],"curies":[{"name":"wp","href":"https:\/\/api.w.org\/{rel}","templated":true}]}}