{"id":136575,"date":"2024-02-18T13:22:00","date_gmt":"2024-02-18T19:22:00","guid":{"rendered":"https:\/\/kuali.com.mx\/web\/?p=136575"},"modified":"2024-02-18T20:25:04","modified_gmt":"2024-02-19T02:25:04","slug":"vinculan-a-hombres-que-atacaron-a-policias-de-sma","status":"publish","type":"post","link":"https:\/\/kuali.com.mx\/web\/2024\/02\/18\/vinculan-a-hombres-que-atacaron-a-policias-de-sma\/","title":{"rendered":"VINCULAN A HOMBRES QUE ATACARON A POLIC\u00cdAS DE SMA"},"content":{"rendered":"\n<p><strong><em>Kuali\/San Miguel de Allende, Gto.-<\/em><\/strong>La Fiscal\u00eda de Guanajuato inform\u00f3 que tres presuntos delincuentes fueron vinculados a proceso penal por intentar asesinar a balazos a polic\u00edas del municipio de San Miguel de Allende.<\/p>\n\n\n\n<p>CARLOS MIGUEL \u201cN\u201d, FILEM\u00d3N &nbsp;SILVESTRE \u201cN\u201d y LUIS ROBERTO \u201cN\u201d, se encuentran sujetos a un proceso penal, luego de que el Ministerio P\u00fablico investig\u00f3 los hechos por los que fueron puestos a disposici\u00f3n por parte de la polic\u00eda municipal y al tener elementos de prueba que acreditan su presunta responsabilidad, fueron llevados ante un Juez, quien resolvi\u00f3 sus situaciones legales.<\/p>\n\n\n\n<p>La madrugada del pasado 10 de febrero del 2024, este grupo de sujetos fueron sorprendidos arrojando piedras de gran tama\u00f1o y causando da\u00f1os a los veh\u00edculos que circulaban por la carretera federal que va hacia el estado de Quer\u00e9taro.<\/p>\n\n\n\n<p>Polic\u00edas preventivos atendieron los reportes por dichos actos y al llegar a la altura del letrero que dice \u201cBienvenidos Guanajuato\u201d, observaron piedras en el asfalto, as\u00ed como la presencia de un veh\u00edculo en cuyo interior se encontraban los inculpados, quienes al percatarse de su presencia, accionaron un arma de fuego contra los oficiales y emprendieron la huida.<\/p>\n\n\n\n<p>Ante ello, los elementos repelieron el ataque e iniciaron la persecuci\u00f3n que termin\u00f3 metros adelante, debido a que las mismas piedras sobre la carretera impidieron que lograran huir, siendo detenidos ah\u00ed mismo.<\/p>\n\n\n\n<p>Uno de los agresores, identificado como ABRAHAM \u201cN\u201d, result\u00f3 lesionado y se encuentra hospitalizado en calidad de detenido, en espera de ser llevado ante un Juez, mientras que el resto fueron vinculados a proceso penal por el delito de homicidio en grado de tentativa contra servidores p\u00fablicos.<\/p>\n","protected":false},"excerpt":{"rendered":"Kuali\/San Miguel de Allende, Gto.-La Fiscal\u00eda de Guanajuato inform\u00f3 que tres presuntos delincuentes fueron vinculados a proceso penal por intentar asesinar a balazos a polic\u00edas del municipio de San Miguel de Allende. CARLOS MIGUEL \u201cN\u201d, FILEM\u00d3N &nbsp;SILVESTRE \u201cN\u201d y LUIS ROBERTO \u201cN\u201d, se encuentran sujetos a un proceso penal, luego de que el Ministerio P\u00fablico [&hellip;]","protected":false},"author":2,"featured_media":136578,"comment_status":"open","ping_status":"open","sticky":false,"template":"","format":"standard","meta":{"_seopress_robots_primary_cat":"none","_seopress_titles_title":"","_seopress_titles_desc":"","_seopress_robots_index":"","_monsterinsights_skip_tracking":false,"_monsterinsights_sitenote_active":false,"_monsterinsights_sitenote_note":"","_monsterinsights_sitenote_category":0,"footnotes":""},"categories":[3],"tags":[],"class_list":["post-136575","post","type-post","status-publish","format-standard","has-post-thumbnail","hentry","category-politica"],"yoast_head":"<!-- This site is optimized with the Yoast SEO plugin v27.4 - https:\/\/yoast.com\/product\/yoast-seo-wordpress\/ -->\n<title>VINCULAN A HOMBRES QUE ATACARON A POLIC\u00cdAS DE SMA - Kuali<\/title>\n<meta name=\"robots\" content=\"index, follow, max-snippet:-1, max-image-preview:large, max-video-preview:-1\" \/>\n<link rel=\"canonical\" href=\"https:\/\/kuali.com.mx\/web\/2024\/02\/18\/vinculan-a-hombres-que-atacaron-a-policias-de-sma\/\" \/>\n<meta property=\"og:locale\" content=\"es_MX\" \/>\n<meta property=\"og:type\" content=\"article\" \/>\n<meta property=\"og:title\" content=\"VINCULAN A HOMBRES QUE ATACARON A POLIC\u00cdAS DE SMA - Kuali\" \/>\n<meta property=\"og:description\" content=\"Kuali\/San Miguel de Allende, Gto.-La Fiscal\u00eda de Guanajuato inform\u00f3 que tres presuntos delincuentes fueron vinculados a proceso penal por intentar asesinar a balazos a polic\u00edas del municipio de San Miguel de Allende. CARLOS MIGUEL \u201cN\u201d, FILEM\u00d3N &nbsp;SILVESTRE \u201cN\u201d y LUIS ROBERTO \u201cN\u201d, se encuentran sujetos a un proceso penal, luego de que el Ministerio P\u00fablico [&hellip;]\" \/>\n<meta property=\"og:url\" content=\"https:\/\/kuali.com.mx\/web\/2024\/02\/18\/vinculan-a-hombres-que-atacaron-a-policias-de-sma\/\" \/>\n<meta property=\"og:site_name\" content=\"Kuali\" \/>\n<meta property=\"article:publisher\" content=\"https:\/\/kuali.com.mx\/web\/wp-content\/uploads\/2018\/04\/cropped-kuali_logo-1-1.png\" \/>\n<meta property=\"article:published_time\" content=\"2024-02-18T19:22:00+00:00\" \/>\n<meta property=\"article:modified_time\" content=\"2024-02-19T02:25:04+00:00\" \/>\n<meta property=\"og:image\" content=\"https:\/\/kuali.com.mx\/web\/wp-content\/uploads\/2024\/02\/COMUNICADO-FGE_18FEB_2024-e1708309485181.jpeg\" \/>\n\t<meta property=\"og:image:width\" content=\"1209\" \/>\n\t<meta property=\"og:image:height\" content=\"707\" \/>\n\t<meta property=\"og:image:type\" content=\"image\/jpeg\" \/>\n<meta name=\"author\" content=\"Kuali Staff\" \/>\n<meta name=\"twitter:card\" content=\"summary_large_image\" \/>\n<meta name=\"twitter:creator\" content=\"@kuali_noticias\" \/>\n<meta name=\"twitter:site\" content=\"@kuali_noticias\" \/>\n<meta name=\"twitter:label1\" content=\"Escrito por\" \/>\n\t<meta name=\"twitter:data1\" content=\"Kuali Staff\" \/>\n\t<meta name=\"twitter:label2\" content=\"Tiempo de lectura\" \/>\n\t<meta name=\"twitter:data2\" content=\"1 minuto\" \/>\n<script type=\"application\/ld+json\" class=\"yoast-schema-graph\">{\"@context\":\"https:\\\/\\\/schema.org\",\"@graph\":[{\"@type\":\"Article\",\"@id\":\"https:\\\/\\\/kuali.com.mx\\\/web\\\/2024\\\/02\\\/18\\\/vinculan-a-hombres-que-atacaron-a-policias-de-sma\\\/#article\",\"isPartOf\":{\"@id\":\"https:\\\/\\\/kuali.com.mx\\\/web\\\/2024\\\/02\\\/18\\\/vinculan-a-hombres-que-atacaron-a-policias-de-sma\\\/\"},\"author\":{\"name\":\"Kuali Staff\",\"@id\":\"https:\\\/\\\/kuali.com.mx\\\/web\\\/#\\\/schema\\\/person\\\/6f89ffa8ecba9dae50662357923c5289\"},\"headline\":\"VINCULAN A HOMBRES QUE ATACARON A POLIC\u00cdAS DE SMA\",\"datePublished\":\"2024-02-18T19:22:00+00:00\",\"dateModified\":\"2024-02-19T02:25:04+00:00\",\"mainEntityOfPage\":{\"@id\":\"https:\\\/\\\/kuali.com.mx\\\/web\\\/2024\\\/02\\\/18\\\/vinculan-a-hombres-que-atacaron-a-policias-de-sma\\\/\"},\"wordCount\":293,\"commentCount\":0,\"image\":{\"@id\":\"https:\\\/\\\/kuali.com.mx\\\/web\\\/2024\\\/02\\\/18\\\/vinculan-a-hombres-que-atacaron-a-policias-de-sma\\\/#primaryimage\"},\"thumbnailUrl\":\"https:\\\/\\\/kuali.com.mx\\\/web\\\/wp-content\\\/uploads\\\/2024\\\/02\\\/COMUNICADO-FGE_18FEB_2024-e1708309485181.jpeg\",\"articleSection\":[\"Pol\u00edtica\"],\"inLanguage\":\"es\",\"potentialAction\":[{\"@type\":\"CommentAction\",\"name\":\"Comment\",\"target\":[\"https:\\\/\\\/kuali.com.mx\\\/web\\\/2024\\\/02\\\/18\\\/vinculan-a-hombres-que-atacaron-a-policias-de-sma\\\/#respond\"]}]},{\"@type\":\"WebPage\",\"@id\":\"https:\\\/\\\/kuali.com.mx\\\/web\\\/2024\\\/02\\\/18\\\/vinculan-a-hombres-que-atacaron-a-policias-de-sma\\\/\",\"url\":\"https:\\\/\\\/kuali.com.mx\\\/web\\\/2024\\\/02\\\/18\\\/vinculan-a-hombres-que-atacaron-a-policias-de-sma\\\/\",\"name\":\"VINCULAN A HOMBRES QUE ATACARON A POLIC\u00cdAS DE SMA - Kuali\",\"isPartOf\":{\"@id\":\"https:\\\/\\\/kuali.com.mx\\\/web\\\/#website\"},\"primaryImageOfPage\":{\"@id\":\"https:\\\/\\\/kuali.com.mx\\\/web\\\/2024\\\/02\\\/18\\\/vinculan-a-hombres-que-atacaron-a-policias-de-sma\\\/#primaryimage\"},\"image\":{\"@id\":\"https:\\\/\\\/kuali.com.mx\\\/web\\\/2024\\\/02\\\/18\\\/vinculan-a-hombres-que-atacaron-a-policias-de-sma\\\/#primaryimage\"},\"thumbnailUrl\":\"https:\\\/\\\/kuali.com.mx\\\/web\\\/wp-content\\\/uploads\\\/2024\\\/02\\\/COMUNICADO-FGE_18FEB_2024-e1708309485181.jpeg\",\"datePublished\":\"2024-02-18T19:22:00+00:00\",\"dateModified\":\"2024-02-19T02:25:04+00:00\",\"author\":{\"@id\":\"https:\\\/\\\/kuali.com.mx\\\/web\\\/#\\\/schema\\\/person\\\/6f89ffa8ecba9dae50662357923c5289\"},\"breadcrumb\":{\"@id\":\"https:\\\/\\\/kuali.com.mx\\\/web\\\/2024\\\/02\\\/18\\\/vinculan-a-hombres-que-atacaron-a-policias-de-sma\\\/#breadcrumb\"},\"inLanguage\":\"es\",\"potentialAction\":[{\"@type\":\"ReadAction\",\"target\":[\"https:\\\/\\\/kuali.com.mx\\\/web\\\/2024\\\/02\\\/18\\\/vinculan-a-hombres-que-atacaron-a-policias-de-sma\\\/\"]}]},{\"@type\":\"ImageObject\",\"inLanguage\":\"es\",\"@id\":\"https:\\\/\\\/kuali.com.mx\\\/web\\\/2024\\\/02\\\/18\\\/vinculan-a-hombres-que-atacaron-a-policias-de-sma\\\/#primaryimage\",\"url\":\"https:\\\/\\\/kuali.com.mx\\\/web\\\/wp-content\\\/uploads\\\/2024\\\/02\\\/COMUNICADO-FGE_18FEB_2024-e1708309485181.jpeg\",\"contentUrl\":\"https:\\\/\\\/kuali.com.mx\\\/web\\\/wp-content\\\/uploads\\\/2024\\\/02\\\/COMUNICADO-FGE_18FEB_2024-e1708309485181.jpeg\",\"width\":1209,\"height\":707},{\"@type\":\"BreadcrumbList\",\"@id\":\"https:\\\/\\\/kuali.com.mx\\\/web\\\/2024\\\/02\\\/18\\\/vinculan-a-hombres-que-atacaron-a-policias-de-sma\\\/#breadcrumb\",\"itemListElement\":[{\"@type\":\"ListItem\",\"position\":1,\"name\":\"Inicio\",\"item\":\"https:\\\/\\\/kuali.com.mx\\\/web\\\/\"},{\"@type\":\"ListItem\",\"position\":2,\"name\":\"VINCULAN A HOMBRES QUE ATACARON A POLIC\u00cdAS DE SMA\"}]},{\"@type\":\"WebSite\",\"@id\":\"https:\\\/\\\/kuali.com.mx\\\/web\\\/#website\",\"url\":\"https:\\\/\\\/kuali.com.mx\\\/web\\\/\",\"name\":\"Kuali\",\"description\":\"\",\"potentialAction\":[{\"@type\":\"SearchAction\",\"target\":{\"@type\":\"EntryPoint\",\"urlTemplate\":\"https:\\\/\\\/kuali.com.mx\\\/web\\\/?s={search_term_string}\"},\"query-input\":{\"@type\":\"PropertyValueSpecification\",\"valueRequired\":true,\"valueName\":\"search_term_string\"}}],\"inLanguage\":\"es\"},{\"@type\":\"Person\",\"@id\":\"https:\\\/\\\/kuali.com.mx\\\/web\\\/#\\\/schema\\\/person\\\/6f89ffa8ecba9dae50662357923c5289\",\"name\":\"Kuali Staff\",\"image\":{\"@type\":\"ImageObject\",\"inLanguage\":\"es\",\"@id\":\"https:\\\/\\\/secure.gravatar.com\\\/avatar\\\/f917ad82e5ab71227a733c78b6e60715476f69ee6be59feee4eb5d9920c89e0f?s=96&d=mm&r=g\",\"url\":\"https:\\\/\\\/secure.gravatar.com\\\/avatar\\\/f917ad82e5ab71227a733c78b6e60715476f69ee6be59feee4eb5d9920c89e0f?s=96&d=mm&r=g\",\"contentUrl\":\"https:\\\/\\\/secure.gravatar.com\\\/avatar\\\/f917ad82e5ab71227a733c78b6e60715476f69ee6be59feee4eb5d9920c89e0f?s=96&d=mm&r=g\",\"caption\":\"Kuali Staff\"},\"url\":\"https:\\\/\\\/kuali.com.mx\\\/web\\\/author\\\/lagarto\\\/\"}]}<\/script>\n<!-- \/ Yoast SEO plugin. -->","yoast_head_json":{"title":"VINCULAN A HOMBRES QUE ATACARON A POLIC\u00cdAS DE SMA - Kuali","robots":{"index":"index","follow":"follow","max-snippet":"max-snippet:-1","max-image-preview":"max-image-preview:large","max-video-preview":"max-video-preview:-1"},"canonical":"https:\/\/kuali.com.mx\/web\/2024\/02\/18\/vinculan-a-hombres-que-atacaron-a-policias-de-sma\/","og_locale":"es_MX","og_type":"article","og_title":"VINCULAN A HOMBRES QUE ATACARON A POLIC\u00cdAS DE SMA - Kuali","og_description":"Kuali\/San Miguel de Allende, Gto.-La Fiscal\u00eda de Guanajuato inform\u00f3 que tres presuntos delincuentes fueron vinculados a proceso penal por intentar asesinar a balazos a polic\u00edas del municipio de San Miguel de Allende. CARLOS MIGUEL \u201cN\u201d, FILEM\u00d3N &nbsp;SILVESTRE \u201cN\u201d y LUIS ROBERTO \u201cN\u201d, se encuentran sujetos a un proceso penal, luego de que el Ministerio P\u00fablico [&hellip;]","og_url":"https:\/\/kuali.com.mx\/web\/2024\/02\/18\/vinculan-a-hombres-que-atacaron-a-policias-de-sma\/","og_site_name":"Kuali","article_publisher":"https:\/\/kuali.com.mx\/web\/wp-content\/uploads\/2018\/04\/cropped-kuali_logo-1-1.png","article_published_time":"2024-02-18T19:22:00+00:00","article_modified_time":"2024-02-19T02:25:04+00:00","og_image":[{"width":1209,"height":707,"url":"https:\/\/kuali.com.mx\/web\/wp-content\/uploads\/2024\/02\/COMUNICADO-FGE_18FEB_2024-e1708309485181.jpeg","type":"image\/jpeg"}],"author":"Kuali Staff","twitter_card":"summary_large_image","twitter_creator":"@kuali_noticias","twitter_site":"@kuali_noticias","twitter_misc":{"Escrito por":"Kuali Staff","Tiempo de lectura":"1 minuto"},"schema":{"@context":"https:\/\/schema.org","@graph":[{"@type":"Article","@id":"https:\/\/kuali.com.mx\/web\/2024\/02\/18\/vinculan-a-hombres-que-atacaron-a-policias-de-sma\/#article","isPartOf":{"@id":"https:\/\/kuali.com.mx\/web\/2024\/02\/18\/vinculan-a-hombres-que-atacaron-a-policias-de-sma\/"},"author":{"name":"Kuali Staff","@id":"https:\/\/kuali.com.mx\/web\/#\/schema\/person\/6f89ffa8ecba9dae50662357923c5289"},"headline":"VINCULAN A HOMBRES QUE ATACARON A POLIC\u00cdAS DE SMA","datePublished":"2024-02-18T19:22:00+00:00","dateModified":"2024-02-19T02:25:04+00:00","mainEntityOfPage":{"@id":"https:\/\/kuali.com.mx\/web\/2024\/02\/18\/vinculan-a-hombres-que-atacaron-a-policias-de-sma\/"},"wordCount":293,"commentCount":0,"image":{"@id":"https:\/\/kuali.com.mx\/web\/2024\/02\/18\/vinculan-a-hombres-que-atacaron-a-policias-de-sma\/#primaryimage"},"thumbnailUrl":"https:\/\/kuali.com.mx\/web\/wp-content\/uploads\/2024\/02\/COMUNICADO-FGE_18FEB_2024-e1708309485181.jpeg","articleSection":["Pol\u00edtica"],"inLanguage":"es","potentialAction":[{"@type":"CommentAction","name":"Comment","target":["https:\/\/kuali.com.mx\/web\/2024\/02\/18\/vinculan-a-hombres-que-atacaron-a-policias-de-sma\/#respond"]}]},{"@type":"WebPage","@id":"https:\/\/kuali.com.mx\/web\/2024\/02\/18\/vinculan-a-hombres-que-atacaron-a-policias-de-sma\/","url":"https:\/\/kuali.com.mx\/web\/2024\/02\/18\/vinculan-a-hombres-que-atacaron-a-policias-de-sma\/","name":"VINCULAN A HOMBRES QUE ATACARON A POLIC\u00cdAS DE SMA - Kuali","isPartOf":{"@id":"https:\/\/kuali.com.mx\/web\/#website"},"primaryImageOfPage":{"@id":"https:\/\/kuali.com.mx\/web\/2024\/02\/18\/vinculan-a-hombres-que-atacaron-a-policias-de-sma\/#primaryimage"},"image":{"@id":"https:\/\/kuali.com.mx\/web\/2024\/02\/18\/vinculan-a-hombres-que-atacaron-a-policias-de-sma\/#primaryimage"},"thumbnailUrl":"https:\/\/kuali.com.mx\/web\/wp-content\/uploads\/2024\/02\/COMUNICADO-FGE_18FEB_2024-e1708309485181.jpeg","datePublished":"2024-02-18T19:22:00+00:00","dateModified":"2024-02-19T02:25:04+00:00","author":{"@id":"https:\/\/kuali.com.mx\/web\/#\/schema\/person\/6f89ffa8ecba9dae50662357923c5289"},"breadcrumb":{"@id":"https:\/\/kuali.com.mx\/web\/2024\/02\/18\/vinculan-a-hombres-que-atacaron-a-policias-de-sma\/#breadcrumb"},"inLanguage":"es","potentialAction":[{"@type":"ReadAction","target":["https:\/\/kuali.com.mx\/web\/2024\/02\/18\/vinculan-a-hombres-que-atacaron-a-policias-de-sma\/"]}]},{"@type":"ImageObject","inLanguage":"es","@id":"https:\/\/kuali.com.mx\/web\/2024\/02\/18\/vinculan-a-hombres-que-atacaron-a-policias-de-sma\/#primaryimage","url":"https:\/\/kuali.com.mx\/web\/wp-content\/uploads\/2024\/02\/COMUNICADO-FGE_18FEB_2024-e1708309485181.jpeg","contentUrl":"https:\/\/kuali.com.mx\/web\/wp-content\/uploads\/2024\/02\/COMUNICADO-FGE_18FEB_2024-e1708309485181.jpeg","width":1209,"height":707},{"@type":"BreadcrumbList","@id":"https:\/\/kuali.com.mx\/web\/2024\/02\/18\/vinculan-a-hombres-que-atacaron-a-policias-de-sma\/#breadcrumb","itemListElement":[{"@type":"ListItem","position":1,"name":"Inicio","item":"https:\/\/kuali.com.mx\/web\/"},{"@type":"ListItem","position":2,"name":"VINCULAN A HOMBRES QUE ATACARON A POLIC\u00cdAS DE SMA"}]},{"@type":"WebSite","@id":"https:\/\/kuali.com.mx\/web\/#website","url":"https:\/\/kuali.com.mx\/web\/","name":"Kuali","description":"","potentialAction":[{"@type":"SearchAction","target":{"@type":"EntryPoint","urlTemplate":"https:\/\/kuali.com.mx\/web\/?s={search_term_string}"},"query-input":{"@type":"PropertyValueSpecification","valueRequired":true,"valueName":"search_term_string"}}],"inLanguage":"es"},{"@type":"Person","@id":"https:\/\/kuali.com.mx\/web\/#\/schema\/person\/6f89ffa8ecba9dae50662357923c5289","name":"Kuali Staff","image":{"@type":"ImageObject","inLanguage":"es","@id":"https:\/\/secure.gravatar.com\/avatar\/f917ad82e5ab71227a733c78b6e60715476f69ee6be59feee4eb5d9920c89e0f?s=96&d=mm&r=g","url":"https:\/\/secure.gravatar.com\/avatar\/f917ad82e5ab71227a733c78b6e60715476f69ee6be59feee4eb5d9920c89e0f?s=96&d=mm&r=g","contentUrl":"https:\/\/secure.gravatar.com\/avatar\/f917ad82e5ab71227a733c78b6e60715476f69ee6be59feee4eb5d9920c89e0f?s=96&d=mm&r=g","caption":"Kuali Staff"},"url":"https:\/\/kuali.com.mx\/web\/author\/lagarto\/"}]}},"_links":{"self":[{"href":"https:\/\/kuali.com.mx\/web\/wp-json\/wp\/v2\/posts\/136575","targetHints":{"allow":["GET"]}}],"collection":[{"href":"https:\/\/kuali.com.mx\/web\/wp-json\/wp\/v2\/posts"}],"about":[{"href":"https:\/\/kuali.com.mx\/web\/wp-json\/wp\/v2\/types\/post"}],"author":[{"embeddable":true,"href":"https:\/\/kuali.com.mx\/web\/wp-json\/wp\/v2\/users\/2"}],"replies":[{"embeddable":true,"href":"https:\/\/kuali.com.mx\/web\/wp-json\/wp\/v2\/comments?post=136575"}],"version-history":[{"count":1,"href":"https:\/\/kuali.com.mx\/web\/wp-json\/wp\/v2\/posts\/136575\/revisions"}],"predecessor-version":[{"id":136579,"href":"https:\/\/kuali.com.mx\/web\/wp-json\/wp\/v2\/posts\/136575\/revisions\/136579"}],"wp:featuredmedia":[{"embeddable":true,"href":"https:\/\/kuali.com.mx\/web\/wp-json\/wp\/v2\/media\/136578"}],"wp:attachment":[{"href":"https:\/\/kuali.com.mx\/web\/wp-json\/wp\/v2\/media?parent=136575"}],"wp:term":[{"taxonomy":"category","embeddable":true,"href":"https:\/\/kuali.com.mx\/web\/wp-json\/wp\/v2\/categories?post=136575"},{"taxonomy":"post_tag","embeddable":true,"href":"https:\/\/kuali.com.mx\/web\/wp-json\/wp\/v2\/tags?post=136575"}],"curies":[{"name":"wp","href":"https:\/\/api.w.org\/{rel}","templated":true}]}}