{"id":136548,"date":"2024-02-18T12:34:47","date_gmt":"2024-02-18T18:34:47","guid":{"rendered":"https:\/\/kuali.com.mx\/web\/?p=136548"},"modified":"2024-02-18T16:36:32","modified_gmt":"2024-02-18T22:36:32","slug":"comienza-a-restablecerse-servicio-de-agua-en-zona-de-jerez","status":"publish","type":"post","link":"https:\/\/kuali.com.mx\/web\/2024\/02\/18\/comienza-a-restablecerse-servicio-de-agua-en-zona-de-jerez\/","title":{"rendered":"COMIENZA A RESTABLECERSE SERVICIO DE AGUA EN ZONA DE JEREZ"},"content":{"rendered":"\n<p><strong>Alicia Arias\/Le\u00f3n, Gto.- <\/strong>A partir de este domingo comenzar\u00e1 a restablecerse el servicio de agua potable en las m\u00e1s de 17 colonias que fueron afectadas por los trabajos de reparaci\u00f3n de una fuga desde el pasado viernes.<\/p>\n\n\n\n<p>De acuerdo con un comunicado difundido a la 1:42 de la tarde de este domingo por el Sistema de Agua Potable y Alcantarillado de Le\u00f3n (SAPAL), quienes habitan en las m\u00e1s de 17 colonias que reciben agua\u00a0 del tanque Jerez, comenzar\u00e1n a tener agua potable en sus hogares de manera paulatina a partir de este domingo.<\/p>\n\n\n\n<p>Entre las colonias afectadas se encuentran:  Cerrito de Jerez, Jardines de Jerez, San Isidro, San Pedro, Maravillas, San Pedro de los Hern\u00e1ndez, Los \u00c1ngeles, Villas de San Juan, Medina, Los Naranjos, San Pablo, Colinas de Plata, Presitas, Hidalgo del Valle, Brisas del Lago, Valle de Le\u00f3n, Haciendas de Ibarrilla y sus zonas aleda\u00f1as.<\/p>\n\n\n\n<figure class=\"wp-block-embed is-type-wp-embed is-provider-kuali wp-block-embed-kuali\"><div class=\"wp-block-embed__wrapper\">\n<blockquote class=\"wp-embedded-content\" data-secret=\"kQcnQv1w4F\"><a href=\"https:\/\/kuali.com.mx\/web\/2024\/02\/16\/podria-escasear-agua-por-fuga-en-zona-de-jerez\/\">PODR\u00cdA ESCASEAR AGUA POR FUGA EN ZONA DE JEREZ<\/a><\/blockquote><iframe loading=\"lazy\" class=\"wp-embedded-content\" sandbox=\"allow-scripts\" security=\"restricted\" style=\"position: absolute; clip: rect(1px, 1px, 1px, 1px);\" title=\"&#8220;PODR\u00cdA ESCASEAR AGUA POR FUGA EN ZONA DE JEREZ&#8221; &#8212; Kuali\" src=\"https:\/\/kuali.com.mx\/web\/2024\/02\/16\/podria-escasear-agua-por-fuga-en-zona-de-jerez\/embed\/#?secret=eKqEOZOvH9#?secret=kQcnQv1w4F\" data-secret=\"kQcnQv1w4F\" width=\"600\" height=\"338\" frameborder=\"0\" marginwidth=\"0\" marginheight=\"0\" scrolling=\"no\"><\/iframe>\n<\/div><\/figure>\n\n\n\n<p>Luego de que a las 3:00 de la tarde del pasado viernes se report\u00f3 una fuga de agua en la l\u00ednea de conducci\u00f3n que abastece del vital l\u00edquido al tanque Jerez, el servicio se vio interrumpido por las maniobras que tuvo que realizar SAPAL para evitar el desperdicio del agua mientras hacia las reparaciones.<\/p>\n\n\n\n<p>Los trabajos concluyeron ceca de las 11:00 de la noche de ayer, s\u00e1bado, \u201cpor lo que comenz\u00f3 el encendido de motores para proceder al llenado de tanques\u201d, inform\u00f3 el organismo operador del agua en Le\u00f3n.<\/p>\n\n\n\n<p>\u201cEl suministro se ir\u00e1 restableciendo de forma paulatina y puede presentar intermitencias durante este proceso\u201d, advirti\u00f3 SAPAL, quien, una vez m\u00e1s, hizo un llamado a la poblaci\u00f3n a utilizar el agua potable disponible exclusivamente en actividades esenciales como la alimentaci\u00f3n, la higiene y la salud.<\/p>\n","protected":false},"excerpt":{"rendered":"Alicia Arias\/Le\u00f3n, Gto.- A partir de este domingo comenzar\u00e1 a restablecerse el servicio de agua potable en las m\u00e1s de 17 colonias que fueron afectadas por los trabajos de reparaci\u00f3n de una fuga desde el pasado viernes. De acuerdo con un comunicado difundido a la 1:42 de la tarde de este domingo por el Sistema [&hellip;]","protected":false},"author":2,"featured_media":66073,"comment_status":"open","ping_status":"open","sticky":false,"template":"","format":"standard","meta":{"_seopress_robots_primary_cat":"none","_seopress_titles_title":"","_seopress_titles_desc":"","_seopress_robots_index":"","_monsterinsights_skip_tracking":false,"_monsterinsights_sitenote_active":false,"_monsterinsights_sitenote_note":"","_monsterinsights_sitenote_category":0,"footnotes":""},"categories":[17],"tags":[455,2298,3488,10,129],"class_list":["post-136548","post","type-post","status-publish","format-standard","has-post-thumbnail","hentry","category-ecologia","tag-agua-potable","tag-escasez-de-agua","tag-fugas","tag-leon","tag-sapal"],"yoast_head":"<!-- This site is optimized with the Yoast SEO plugin v27.4 - https:\/\/yoast.com\/product\/yoast-seo-wordpress\/ -->\n<title>COMIENZA A RESTABLECERSE SERVICIO DE AGUA EN ZONA DE JEREZ - Kuali<\/title>\n<meta name=\"robots\" content=\"index, follow, max-snippet:-1, max-image-preview:large, max-video-preview:-1\" \/>\n<link rel=\"canonical\" href=\"https:\/\/kuali.com.mx\/web\/2024\/02\/18\/comienza-a-restablecerse-servicio-de-agua-en-zona-de-jerez\/\" \/>\n<meta property=\"og:locale\" content=\"es_MX\" \/>\n<meta property=\"og:type\" content=\"article\" \/>\n<meta property=\"og:title\" content=\"COMIENZA A RESTABLECERSE SERVICIO DE AGUA EN ZONA DE JEREZ - Kuali\" \/>\n<meta property=\"og:description\" content=\"Alicia Arias\/Le\u00f3n, Gto.- A partir de este domingo comenzar\u00e1 a restablecerse el servicio de agua potable en las m\u00e1s de 17 colonias que fueron afectadas por los trabajos de reparaci\u00f3n de una fuga desde el pasado viernes. De acuerdo con un comunicado difundido a la 1:42 de la tarde de este domingo por el Sistema [&hellip;]\" \/>\n<meta property=\"og:url\" content=\"https:\/\/kuali.com.mx\/web\/2024\/02\/18\/comienza-a-restablecerse-servicio-de-agua-en-zona-de-jerez\/\" \/>\n<meta property=\"og:site_name\" content=\"Kuali\" \/>\n<meta property=\"article:publisher\" content=\"https:\/\/kuali.com.mx\/web\/wp-content\/uploads\/2018\/04\/cropped-kuali_logo-1-1.png\" \/>\n<meta property=\"article:published_time\" content=\"2024-02-18T18:34:47+00:00\" \/>\n<meta property=\"article:modified_time\" content=\"2024-02-18T22:36:32+00:00\" \/>\n<meta property=\"og:image\" content=\"https:\/\/kuali.com.mx\/web\/wp-content\/uploads\/2020\/02\/FUGAS.jpg\" \/>\n\t<meta property=\"og:image:width\" content=\"1709\" \/>\n\t<meta property=\"og:image:height\" content=\"750\" \/>\n\t<meta property=\"og:image:type\" content=\"image\/jpeg\" \/>\n<meta name=\"author\" content=\"Kuali Staff\" \/>\n<meta name=\"twitter:card\" content=\"summary_large_image\" \/>\n<meta name=\"twitter:creator\" content=\"@kuali_noticias\" \/>\n<meta name=\"twitter:site\" content=\"@kuali_noticias\" \/>\n<meta name=\"twitter:label1\" content=\"Escrito por\" \/>\n\t<meta name=\"twitter:data1\" content=\"Kuali Staff\" \/>\n\t<meta name=\"twitter:label2\" content=\"Tiempo de lectura\" \/>\n\t<meta name=\"twitter:data2\" content=\"2 minutos\" \/>\n<script type=\"application\/ld+json\" class=\"yoast-schema-graph\">{\"@context\":\"https:\\\/\\\/schema.org\",\"@graph\":[{\"@type\":\"Article\",\"@id\":\"https:\\\/\\\/kuali.com.mx\\\/web\\\/2024\\\/02\\\/18\\\/comienza-a-restablecerse-servicio-de-agua-en-zona-de-jerez\\\/#article\",\"isPartOf\":{\"@id\":\"https:\\\/\\\/kuali.com.mx\\\/web\\\/2024\\\/02\\\/18\\\/comienza-a-restablecerse-servicio-de-agua-en-zona-de-jerez\\\/\"},\"author\":{\"name\":\"Kuali Staff\",\"@id\":\"https:\\\/\\\/kuali.com.mx\\\/web\\\/#\\\/schema\\\/person\\\/6f89ffa8ecba9dae50662357923c5289\"},\"headline\":\"COMIENZA A RESTABLECERSE SERVICIO DE AGUA EN ZONA DE JEREZ\",\"datePublished\":\"2024-02-18T18:34:47+00:00\",\"dateModified\":\"2024-02-18T22:36:32+00:00\",\"mainEntityOfPage\":{\"@id\":\"https:\\\/\\\/kuali.com.mx\\\/web\\\/2024\\\/02\\\/18\\\/comienza-a-restablecerse-servicio-de-agua-en-zona-de-jerez\\\/\"},\"wordCount\":310,\"commentCount\":0,\"image\":{\"@id\":\"https:\\\/\\\/kuali.com.mx\\\/web\\\/2024\\\/02\\\/18\\\/comienza-a-restablecerse-servicio-de-agua-en-zona-de-jerez\\\/#primaryimage\"},\"thumbnailUrl\":\"https:\\\/\\\/kuali.com.mx\\\/web\\\/wp-content\\\/uploads\\\/2020\\\/02\\\/FUGAS.jpg\",\"keywords\":[\"Agua potable\",\"Escasez de agua\",\"Fugas\",\"Le\u00f3n\",\"SAPAL\"],\"articleSection\":[\"Ecolog\u00eda\"],\"inLanguage\":\"es\",\"potentialAction\":[{\"@type\":\"CommentAction\",\"name\":\"Comment\",\"target\":[\"https:\\\/\\\/kuali.com.mx\\\/web\\\/2024\\\/02\\\/18\\\/comienza-a-restablecerse-servicio-de-agua-en-zona-de-jerez\\\/#respond\"]}]},{\"@type\":\"WebPage\",\"@id\":\"https:\\\/\\\/kuali.com.mx\\\/web\\\/2024\\\/02\\\/18\\\/comienza-a-restablecerse-servicio-de-agua-en-zona-de-jerez\\\/\",\"url\":\"https:\\\/\\\/kuali.com.mx\\\/web\\\/2024\\\/02\\\/18\\\/comienza-a-restablecerse-servicio-de-agua-en-zona-de-jerez\\\/\",\"name\":\"COMIENZA A RESTABLECERSE SERVICIO DE AGUA EN ZONA DE JEREZ - Kuali\",\"isPartOf\":{\"@id\":\"https:\\\/\\\/kuali.com.mx\\\/web\\\/#website\"},\"primaryImageOfPage\":{\"@id\":\"https:\\\/\\\/kuali.com.mx\\\/web\\\/2024\\\/02\\\/18\\\/comienza-a-restablecerse-servicio-de-agua-en-zona-de-jerez\\\/#primaryimage\"},\"image\":{\"@id\":\"https:\\\/\\\/kuali.com.mx\\\/web\\\/2024\\\/02\\\/18\\\/comienza-a-restablecerse-servicio-de-agua-en-zona-de-jerez\\\/#primaryimage\"},\"thumbnailUrl\":\"https:\\\/\\\/kuali.com.mx\\\/web\\\/wp-content\\\/uploads\\\/2020\\\/02\\\/FUGAS.jpg\",\"datePublished\":\"2024-02-18T18:34:47+00:00\",\"dateModified\":\"2024-02-18T22:36:32+00:00\",\"author\":{\"@id\":\"https:\\\/\\\/kuali.com.mx\\\/web\\\/#\\\/schema\\\/person\\\/6f89ffa8ecba9dae50662357923c5289\"},\"breadcrumb\":{\"@id\":\"https:\\\/\\\/kuali.com.mx\\\/web\\\/2024\\\/02\\\/18\\\/comienza-a-restablecerse-servicio-de-agua-en-zona-de-jerez\\\/#breadcrumb\"},\"inLanguage\":\"es\",\"potentialAction\":[{\"@type\":\"ReadAction\",\"target\":[\"https:\\\/\\\/kuali.com.mx\\\/web\\\/2024\\\/02\\\/18\\\/comienza-a-restablecerse-servicio-de-agua-en-zona-de-jerez\\\/\"]}]},{\"@type\":\"ImageObject\",\"inLanguage\":\"es\",\"@id\":\"https:\\\/\\\/kuali.com.mx\\\/web\\\/2024\\\/02\\\/18\\\/comienza-a-restablecerse-servicio-de-agua-en-zona-de-jerez\\\/#primaryimage\",\"url\":\"https:\\\/\\\/kuali.com.mx\\\/web\\\/wp-content\\\/uploads\\\/2020\\\/02\\\/FUGAS.jpg\",\"contentUrl\":\"https:\\\/\\\/kuali.com.mx\\\/web\\\/wp-content\\\/uploads\\\/2020\\\/02\\\/FUGAS.jpg\",\"width\":1709,\"height\":750},{\"@type\":\"BreadcrumbList\",\"@id\":\"https:\\\/\\\/kuali.com.mx\\\/web\\\/2024\\\/02\\\/18\\\/comienza-a-restablecerse-servicio-de-agua-en-zona-de-jerez\\\/#breadcrumb\",\"itemListElement\":[{\"@type\":\"ListItem\",\"position\":1,\"name\":\"Inicio\",\"item\":\"https:\\\/\\\/kuali.com.mx\\\/web\\\/\"},{\"@type\":\"ListItem\",\"position\":2,\"name\":\"COMIENZA A RESTABLECERSE SERVICIO DE AGUA EN ZONA DE JEREZ\"}]},{\"@type\":\"WebSite\",\"@id\":\"https:\\\/\\\/kuali.com.mx\\\/web\\\/#website\",\"url\":\"https:\\\/\\\/kuali.com.mx\\\/web\\\/\",\"name\":\"Kuali\",\"description\":\"\",\"potentialAction\":[{\"@type\":\"SearchAction\",\"target\":{\"@type\":\"EntryPoint\",\"urlTemplate\":\"https:\\\/\\\/kuali.com.mx\\\/web\\\/?s={search_term_string}\"},\"query-input\":{\"@type\":\"PropertyValueSpecification\",\"valueRequired\":true,\"valueName\":\"search_term_string\"}}],\"inLanguage\":\"es\"},{\"@type\":\"Person\",\"@id\":\"https:\\\/\\\/kuali.com.mx\\\/web\\\/#\\\/schema\\\/person\\\/6f89ffa8ecba9dae50662357923c5289\",\"name\":\"Kuali Staff\",\"image\":{\"@type\":\"ImageObject\",\"inLanguage\":\"es\",\"@id\":\"https:\\\/\\\/secure.gravatar.com\\\/avatar\\\/f917ad82e5ab71227a733c78b6e60715476f69ee6be59feee4eb5d9920c89e0f?s=96&d=mm&r=g\",\"url\":\"https:\\\/\\\/secure.gravatar.com\\\/avatar\\\/f917ad82e5ab71227a733c78b6e60715476f69ee6be59feee4eb5d9920c89e0f?s=96&d=mm&r=g\",\"contentUrl\":\"https:\\\/\\\/secure.gravatar.com\\\/avatar\\\/f917ad82e5ab71227a733c78b6e60715476f69ee6be59feee4eb5d9920c89e0f?s=96&d=mm&r=g\",\"caption\":\"Kuali Staff\"},\"url\":\"https:\\\/\\\/kuali.com.mx\\\/web\\\/author\\\/lagarto\\\/\"}]}<\/script>\n<!-- \/ Yoast SEO plugin. -->","yoast_head_json":{"title":"COMIENZA A RESTABLECERSE SERVICIO DE AGUA EN ZONA DE JEREZ - Kuali","robots":{"index":"index","follow":"follow","max-snippet":"max-snippet:-1","max-image-preview":"max-image-preview:large","max-video-preview":"max-video-preview:-1"},"canonical":"https:\/\/kuali.com.mx\/web\/2024\/02\/18\/comienza-a-restablecerse-servicio-de-agua-en-zona-de-jerez\/","og_locale":"es_MX","og_type":"article","og_title":"COMIENZA A RESTABLECERSE SERVICIO DE AGUA EN ZONA DE JEREZ - Kuali","og_description":"Alicia Arias\/Le\u00f3n, Gto.- A partir de este domingo comenzar\u00e1 a restablecerse el servicio de agua potable en las m\u00e1s de 17 colonias que fueron afectadas por los trabajos de reparaci\u00f3n de una fuga desde el pasado viernes. De acuerdo con un comunicado difundido a la 1:42 de la tarde de este domingo por el Sistema [&hellip;]","og_url":"https:\/\/kuali.com.mx\/web\/2024\/02\/18\/comienza-a-restablecerse-servicio-de-agua-en-zona-de-jerez\/","og_site_name":"Kuali","article_publisher":"https:\/\/kuali.com.mx\/web\/wp-content\/uploads\/2018\/04\/cropped-kuali_logo-1-1.png","article_published_time":"2024-02-18T18:34:47+00:00","article_modified_time":"2024-02-18T22:36:32+00:00","og_image":[{"width":1709,"height":750,"url":"https:\/\/kuali.com.mx\/web\/wp-content\/uploads\/2020\/02\/FUGAS.jpg","type":"image\/jpeg"}],"author":"Kuali Staff","twitter_card":"summary_large_image","twitter_creator":"@kuali_noticias","twitter_site":"@kuali_noticias","twitter_misc":{"Escrito por":"Kuali Staff","Tiempo de lectura":"2 minutos"},"schema":{"@context":"https:\/\/schema.org","@graph":[{"@type":"Article","@id":"https:\/\/kuali.com.mx\/web\/2024\/02\/18\/comienza-a-restablecerse-servicio-de-agua-en-zona-de-jerez\/#article","isPartOf":{"@id":"https:\/\/kuali.com.mx\/web\/2024\/02\/18\/comienza-a-restablecerse-servicio-de-agua-en-zona-de-jerez\/"},"author":{"name":"Kuali Staff","@id":"https:\/\/kuali.com.mx\/web\/#\/schema\/person\/6f89ffa8ecba9dae50662357923c5289"},"headline":"COMIENZA A RESTABLECERSE SERVICIO DE AGUA EN ZONA DE JEREZ","datePublished":"2024-02-18T18:34:47+00:00","dateModified":"2024-02-18T22:36:32+00:00","mainEntityOfPage":{"@id":"https:\/\/kuali.com.mx\/web\/2024\/02\/18\/comienza-a-restablecerse-servicio-de-agua-en-zona-de-jerez\/"},"wordCount":310,"commentCount":0,"image":{"@id":"https:\/\/kuali.com.mx\/web\/2024\/02\/18\/comienza-a-restablecerse-servicio-de-agua-en-zona-de-jerez\/#primaryimage"},"thumbnailUrl":"https:\/\/kuali.com.mx\/web\/wp-content\/uploads\/2020\/02\/FUGAS.jpg","keywords":["Agua potable","Escasez de agua","Fugas","Le\u00f3n","SAPAL"],"articleSection":["Ecolog\u00eda"],"inLanguage":"es","potentialAction":[{"@type":"CommentAction","name":"Comment","target":["https:\/\/kuali.com.mx\/web\/2024\/02\/18\/comienza-a-restablecerse-servicio-de-agua-en-zona-de-jerez\/#respond"]}]},{"@type":"WebPage","@id":"https:\/\/kuali.com.mx\/web\/2024\/02\/18\/comienza-a-restablecerse-servicio-de-agua-en-zona-de-jerez\/","url":"https:\/\/kuali.com.mx\/web\/2024\/02\/18\/comienza-a-restablecerse-servicio-de-agua-en-zona-de-jerez\/","name":"COMIENZA A RESTABLECERSE SERVICIO DE AGUA EN ZONA DE JEREZ - Kuali","isPartOf":{"@id":"https:\/\/kuali.com.mx\/web\/#website"},"primaryImageOfPage":{"@id":"https:\/\/kuali.com.mx\/web\/2024\/02\/18\/comienza-a-restablecerse-servicio-de-agua-en-zona-de-jerez\/#primaryimage"},"image":{"@id":"https:\/\/kuali.com.mx\/web\/2024\/02\/18\/comienza-a-restablecerse-servicio-de-agua-en-zona-de-jerez\/#primaryimage"},"thumbnailUrl":"https:\/\/kuali.com.mx\/web\/wp-content\/uploads\/2020\/02\/FUGAS.jpg","datePublished":"2024-02-18T18:34:47+00:00","dateModified":"2024-02-18T22:36:32+00:00","author":{"@id":"https:\/\/kuali.com.mx\/web\/#\/schema\/person\/6f89ffa8ecba9dae50662357923c5289"},"breadcrumb":{"@id":"https:\/\/kuali.com.mx\/web\/2024\/02\/18\/comienza-a-restablecerse-servicio-de-agua-en-zona-de-jerez\/#breadcrumb"},"inLanguage":"es","potentialAction":[{"@type":"ReadAction","target":["https:\/\/kuali.com.mx\/web\/2024\/02\/18\/comienza-a-restablecerse-servicio-de-agua-en-zona-de-jerez\/"]}]},{"@type":"ImageObject","inLanguage":"es","@id":"https:\/\/kuali.com.mx\/web\/2024\/02\/18\/comienza-a-restablecerse-servicio-de-agua-en-zona-de-jerez\/#primaryimage","url":"https:\/\/kuali.com.mx\/web\/wp-content\/uploads\/2020\/02\/FUGAS.jpg","contentUrl":"https:\/\/kuali.com.mx\/web\/wp-content\/uploads\/2020\/02\/FUGAS.jpg","width":1709,"height":750},{"@type":"BreadcrumbList","@id":"https:\/\/kuali.com.mx\/web\/2024\/02\/18\/comienza-a-restablecerse-servicio-de-agua-en-zona-de-jerez\/#breadcrumb","itemListElement":[{"@type":"ListItem","position":1,"name":"Inicio","item":"https:\/\/kuali.com.mx\/web\/"},{"@type":"ListItem","position":2,"name":"COMIENZA A RESTABLECERSE SERVICIO DE AGUA EN ZONA DE JEREZ"}]},{"@type":"WebSite","@id":"https:\/\/kuali.com.mx\/web\/#website","url":"https:\/\/kuali.com.mx\/web\/","name":"Kuali","description":"","potentialAction":[{"@type":"SearchAction","target":{"@type":"EntryPoint","urlTemplate":"https:\/\/kuali.com.mx\/web\/?s={search_term_string}"},"query-input":{"@type":"PropertyValueSpecification","valueRequired":true,"valueName":"search_term_string"}}],"inLanguage":"es"},{"@type":"Person","@id":"https:\/\/kuali.com.mx\/web\/#\/schema\/person\/6f89ffa8ecba9dae50662357923c5289","name":"Kuali Staff","image":{"@type":"ImageObject","inLanguage":"es","@id":"https:\/\/secure.gravatar.com\/avatar\/f917ad82e5ab71227a733c78b6e60715476f69ee6be59feee4eb5d9920c89e0f?s=96&d=mm&r=g","url":"https:\/\/secure.gravatar.com\/avatar\/f917ad82e5ab71227a733c78b6e60715476f69ee6be59feee4eb5d9920c89e0f?s=96&d=mm&r=g","contentUrl":"https:\/\/secure.gravatar.com\/avatar\/f917ad82e5ab71227a733c78b6e60715476f69ee6be59feee4eb5d9920c89e0f?s=96&d=mm&r=g","caption":"Kuali Staff"},"url":"https:\/\/kuali.com.mx\/web\/author\/lagarto\/"}]}},"_links":{"self":[{"href":"https:\/\/kuali.com.mx\/web\/wp-json\/wp\/v2\/posts\/136548","targetHints":{"allow":["GET"]}}],"collection":[{"href":"https:\/\/kuali.com.mx\/web\/wp-json\/wp\/v2\/posts"}],"about":[{"href":"https:\/\/kuali.com.mx\/web\/wp-json\/wp\/v2\/types\/post"}],"author":[{"embeddable":true,"href":"https:\/\/kuali.com.mx\/web\/wp-json\/wp\/v2\/users\/2"}],"replies":[{"embeddable":true,"href":"https:\/\/kuali.com.mx\/web\/wp-json\/wp\/v2\/comments?post=136548"}],"version-history":[{"count":1,"href":"https:\/\/kuali.com.mx\/web\/wp-json\/wp\/v2\/posts\/136548\/revisions"}],"predecessor-version":[{"id":136551,"href":"https:\/\/kuali.com.mx\/web\/wp-json\/wp\/v2\/posts\/136548\/revisions\/136551"}],"wp:featuredmedia":[{"embeddable":true,"href":"https:\/\/kuali.com.mx\/web\/wp-json\/wp\/v2\/media\/66073"}],"wp:attachment":[{"href":"https:\/\/kuali.com.mx\/web\/wp-json\/wp\/v2\/media?parent=136548"}],"wp:term":[{"taxonomy":"category","embeddable":true,"href":"https:\/\/kuali.com.mx\/web\/wp-json\/wp\/v2\/categories?post=136548"},{"taxonomy":"post_tag","embeddable":true,"href":"https:\/\/kuali.com.mx\/web\/wp-json\/wp\/v2\/tags?post=136548"}],"curies":[{"name":"wp","href":"https:\/\/api.w.org\/{rel}","templated":true}]}}