{"id":136498,"date":"2024-02-17T10:00:33","date_gmt":"2024-02-17T16:00:33","guid":{"rendered":"https:\/\/kuali.com.mx\/web\/?p=136498"},"modified":"2024-02-17T15:35:03","modified_gmt":"2024-02-17T21:35:03","slug":"pedro-pascual-nos-invita-en-alas-de-quetzalcoatl-a-el-reino-de-zora","status":"publish","type":"post","link":"https:\/\/kuali.com.mx\/web\/2024\/02\/17\/pedro-pascual-nos-invita-en-alas-de-quetzalcoatl-a-el-reino-de-zora\/","title":{"rendered":"PEDRO PASCUAL NOS INVITA EN ALAS DE QUETZALC\u00d3ATL A &#8220;EL REINO DE ZORA&#8221;"},"content":{"rendered":"\n<p><em><strong>ENCUENTRO CON GOROSITO\u2026<\/strong><\/em><\/p>\n\n\n\n<p>El escritor espa\u00f1ol Pedro Pascual Ram\u00edrez, quien ya nos ha hecho viajar por distintas etapas de la historia con sus novelas \u201cMorir en Guanajuato\u201d y&nbsp;&nbsp;\u201cLumbre Negra\u201d, luego viajamos gracias a u poemario titulado: \u201cEsbozos entre el amor y la poes\u00eda\u201d, en el que est\u00e1 presente un hermoso agradecimiento a sus nietos: \u201cGracias por hacerme un abuelo tan afortunado\u201d.<\/p>\n\n\n\n<p>Ahora Pedro Pascual nos invita junto con sus tres nietos m\u00e1s peque\u00f1os: Mar\u00eda, Elsa y Franchu a trasladarnos a El reino de Zora y disfrutar hermosas aventuras.<\/p>\n\n\n\n<p>Hay obras literarias que son producto del amor o del desamor. En este caso tengo en mis manos el fruto del amor de un abuelo- escritor a sus nietos, sin excluir a los tres mayores: Carol, Elena y Mauro que tambi\u00e9n est\u00e1 presentes en la dedicatoria.<\/p>\n\n\n\n<p>El propio autor lo manifiesta en una de las solapas del libro: \u201cQu\u00e9 bonita forma de sentir c\u00f3mo se quiere a los nietos, escribiendo un cuento sobre ellos\u201d.<\/p>\n\n\n\n<p>La obra cuenta con seis breves cap\u00edtulos: 1-Recuerdos de mi ni\u00f1ez; 2-Cosas que pasan, 3-Bajando del cielo; 4-La burbuja dorada, 5-La historia incre\u00edble, 6-La promesa de volver.<\/p>\n\n\n\n<p>Todo empieza con una salida al bosque en familia, con el objetivo de recoger hongos, hasta que Elsa se desv\u00eda e ingresa a una cueva, para posteriormente ingresar sus hermanos el abuelo y Nala su simp\u00e1tica perrita, en su b\u00fasqueda. Luego de una gran caminata por lugares muy intrincados, se encuentran con una cabra que hablaba, dijo Frachu y en espa\u00f1ol replic\u00f3 Mar\u00eda. El abuelo Pedro pregunt\u00f3 por su nieta, y la cabra se uni\u00f3 a su caminata.<\/p>\n\n\n\n<p>De pronto una bestia que impresionar\u00eda y asustar\u00eda a cualquiera recibe el juicio de admiraci\u00f3n de Franchu que le llama bicho guapo y de Mar\u00eda que exclama \u00a1Es preciosa! Se estaban refiriendo a Quetzalc\u00f3atl, si,&nbsp;&nbsp;la m\u00edtica \u201cSerpiente Emplumada\u201d. Debemos tener presente que el autor es un erudito en la tem\u00e1tica hist\u00f3rica de las culturas originarias de lo que hoy es M\u00e9xico, al igual que de los procesos hist\u00f3ricos posteriores.<\/p>\n\n\n\n<p>De la misma el autor hace una descripci\u00f3n hermosa; \u201cSerpiente Emplumada\u201d que al ver a Mar\u00eda la encontr\u00f3 igual que a la \u201cPrincesa Guerrera\u201d, ante la invitaci\u00f3n de la serpiente que tambi\u00e9n hablaba como la cabra, todos montaron en su lomo, volaron, aterrizaron suavemente y la serpiente se transforma en un hermoso quetzal les alecciona el abuelo Pedro y en una peque\u00f1ita serpiente que se retira zigzagueando r\u00e1pidamente.<\/p>\n\n\n\n<p>Lo bueno es que encuentran a Elsa, con otras personas y un anciano que los invita a un hermoso castillo. El anciano ante la preocupaci\u00f3n del abuelo por regresar con sus nietos al paseo familiar, recibe como respuesta que o se preocupe, \u00e9ste es un mundo paralelo al que habitan, regresar\u00e1n al mismo minuto en que lo dejaron.<\/p>\n\n\n\n<p>Una vez dentro del castillo, son presentados, con el rey, un mago y el general de los guerreros; posteriormente sentados y luego de una serie de juegos de luces multicolores que van surgiendo en un tri\u00e1ngulo y van entrelazando sus manos y gritan \u00a1\u00a1\u00a1Los tres somos uno!!! siendo iluminados por un haz de luz que les dio el aspecto de \u201cgloriosos guerreros\u201d.<\/p>\n\n\n\n<p>El cuento de Pedro, cada hoja que pasa se pone m\u00e1s emocionante, el rey ha dicho que el omnipotente poder de los dioses est\u00e1n con los nietos de Yayo (Pedro), y aparecer\u00e1n trajes estilo superh\u00e9roe, una espada con caracter\u00edsticas muy particulares que \u201creconoci\u00f3\u201d a Mar\u00eda. Pasaban los minutos el rey sonre\u00eda feliz y el abueno frunc\u00eda el ce\u00f1o muy preocupado.<\/p>\n\n\n\n<p>El rey explica al abuelo que el reino de Zora, que era muy lindo y pac\u00edfico, sufri\u00f3 una invasi\u00f3n por Undemort, proclamado pr\u00edncipe de las tinieblas y rapt\u00f3 a su nieta. All\u00ed construy\u00f3 la Torres Oscura y es donde tiene prisionera a Flor de Estrella, su nieta. Los tres nietos de Pedro ir\u00e1n al rescate de la princesa.<\/p>\n\n\n\n<p>Posteriormente el hechicero le brindar\u00e1 a Franchu un arco y un cintur\u00f3n de broche m\u00e1gico con hechuras de b\u00fameran y una capa protectora donde se posar\u00e1 el halc\u00f3n avisador. Tambi\u00e9n le dio una masa m\u00e1gica, capaz de romper cualquier cosa con ella. Ya estaban listos para ir a luchar y ante la pregunta del hechicero si ten\u00edan miedo, la respuesta fue un tajante \u00a1\u00a1No!!<\/p>\n\n\n\n<p>Al d\u00eda siguiente deben de partir y el abuelo es consciente que no puede hacer nada por detener a sus nietos; aparece el halc\u00f3n que les hab\u00eda hablado el hechicero y se hace presente con toda su majestuosidad y belleza la impresionante&nbsp;&nbsp;\u201cSerpiente Emplumada\u201d que los llevar\u00e1 a su destino, despedidos entre v\u00edtores del p\u00fablico.&nbsp;<\/p>\n\n\n\n<p>El abuelo Pedro queda preocupado esperando regresen con la princesa que hab\u00edan ido a rescatar, el rey se le acerca y ambos miran al cielo con la ilusi\u00f3n de volver a verlos pronto. \u00bfSe cumplir\u00e1n sus deseos? Nos dice el abuelo autor como \u00faltima frase del cap\u00edtulo 6 titulado: La promesa de volver. Por lo tanto, las aventuras a que nos integr\u00f3 Pedro Pascual con sus nietos en \u201cEl reino de Zora\u201d, pronto continuar\u00e1n\u2026<\/p>\n\n\n\n<p>&nbsp;&nbsp;&nbsp;&nbsp;&nbsp;&nbsp;&nbsp;&nbsp;&nbsp;\u00a1Hasta el pr\u00f3ximo encuentro\u2026!<\/p>\n\n\n\n<p>&nbsp;&nbsp;&nbsp;&nbsp;&nbsp;&nbsp;&nbsp;&nbsp;&nbsp;&nbsp;&nbsp;&nbsp;&nbsp;&nbsp;&nbsp;&nbsp;&nbsp;&nbsp;&nbsp;&nbsp;&nbsp;&nbsp;&nbsp;&nbsp;&nbsp;&nbsp;&nbsp;&nbsp;&nbsp;&nbsp;&nbsp;&nbsp;&nbsp;&nbsp;&nbsp;&nbsp;&nbsp;&nbsp;&nbsp;&nbsp;&nbsp;&nbsp;&nbsp;&nbsp;&nbsp;&nbsp;&nbsp;&nbsp;&nbsp;&nbsp;<em><strong>&nbsp;&nbsp;&nbsp;&nbsp;&nbsp;&nbsp;&nbsp;&nbsp;Dr.(c). Washington Daniel Gorosito P\u00e9rez<\/strong><\/em><\/p>\n","protected":false},"excerpt":{"rendered":"ENCUENTRO CON GOROSITO\u2026 El escritor espa\u00f1ol Pedro Pascual Ram\u00edrez, quien ya nos ha hecho viajar por distintas etapas de la historia con sus novelas \u201cMorir en Guanajuato\u201d y&nbsp;&nbsp;\u201cLumbre Negra\u201d, luego viajamos gracias a u poemario titulado: \u201cEsbozos entre el amor y la poes\u00eda\u201d, en el que est\u00e1 presente un hermoso agradecimiento a sus nietos: \u201cGracias [&hellip;]","protected":false},"author":2,"featured_media":136500,"comment_status":"open","ping_status":"open","sticky":false,"template":"","format":"standard","meta":{"_seopress_robots_primary_cat":"none","_seopress_titles_title":"","_seopress_titles_desc":"","_seopress_robots_index":"","_monsterinsights_skip_tracking":false,"_monsterinsights_sitenote_active":false,"_monsterinsights_sitenote_note":"","_monsterinsights_sitenote_category":0,"footnotes":""},"categories":[8],"tags":[],"class_list":["post-136498","post","type-post","status-publish","format-standard","has-post-thumbnail","hentry","category-espectaculos"],"yoast_head":"<!-- This site is optimized with the Yoast SEO plugin v27.4 - https:\/\/yoast.com\/product\/yoast-seo-wordpress\/ -->\n<title>PEDRO PASCUAL NOS INVITA EN ALAS DE QUETZALC\u00d3ATL A &quot;EL REINO DE ZORA&quot; - Kuali<\/title>\n<meta name=\"robots\" content=\"index, follow, max-snippet:-1, max-image-preview:large, max-video-preview:-1\" \/>\n<link rel=\"canonical\" href=\"https:\/\/kuali.com.mx\/web\/2024\/02\/17\/pedro-pascual-nos-invita-en-alas-de-quetzalcoatl-a-el-reino-de-zora\/\" \/>\n<meta property=\"og:locale\" content=\"es_MX\" \/>\n<meta property=\"og:type\" content=\"article\" \/>\n<meta property=\"og:title\" content=\"PEDRO PASCUAL NOS INVITA EN ALAS DE QUETZALC\u00d3ATL A &quot;EL REINO DE ZORA&quot; - Kuali\" \/>\n<meta property=\"og:description\" content=\"ENCUENTRO CON GOROSITO\u2026 El escritor espa\u00f1ol Pedro Pascual Ram\u00edrez, quien ya nos ha hecho viajar por distintas etapas de la historia con sus novelas \u201cMorir en Guanajuato\u201d y&nbsp;&nbsp;\u201cLumbre Negra\u201d, luego viajamos gracias a u poemario titulado: \u201cEsbozos entre el amor y la poes\u00eda\u201d, en el que est\u00e1 presente un hermoso agradecimiento a sus nietos: \u201cGracias [&hellip;]\" \/>\n<meta property=\"og:url\" content=\"https:\/\/kuali.com.mx\/web\/2024\/02\/17\/pedro-pascual-nos-invita-en-alas-de-quetzalcoatl-a-el-reino-de-zora\/\" \/>\n<meta property=\"og:site_name\" content=\"Kuali\" \/>\n<meta property=\"article:publisher\" content=\"https:\/\/kuali.com.mx\/web\/wp-content\/uploads\/2018\/04\/cropped-kuali_logo-1-1.png\" \/>\n<meta property=\"article:published_time\" content=\"2024-02-17T16:00:33+00:00\" \/>\n<meta property=\"article:modified_time\" content=\"2024-02-17T21:35:03+00:00\" \/>\n<meta property=\"og:image\" content=\"https:\/\/kuali.com.mx\/web\/wp-content\/uploads\/2024\/02\/GOROSITO-A.jpg\" \/>\n\t<meta property=\"og:image:width\" content=\"1325\" \/>\n\t<meta property=\"og:image:height\" content=\"750\" \/>\n\t<meta property=\"og:image:type\" content=\"image\/jpeg\" \/>\n<meta name=\"author\" content=\"Kuali Staff\" \/>\n<meta name=\"twitter:card\" content=\"summary_large_image\" \/>\n<meta name=\"twitter:creator\" content=\"@kuali_noticias\" \/>\n<meta name=\"twitter:site\" content=\"@kuali_noticias\" \/>\n<meta name=\"twitter:label1\" content=\"Escrito por\" \/>\n\t<meta name=\"twitter:data1\" content=\"Kuali Staff\" \/>\n\t<meta name=\"twitter:label2\" content=\"Tiempo de lectura\" \/>\n\t<meta name=\"twitter:data2\" content=\"5 minutos\" \/>\n<script type=\"application\/ld+json\" class=\"yoast-schema-graph\">{\"@context\":\"https:\\\/\\\/schema.org\",\"@graph\":[{\"@type\":\"Article\",\"@id\":\"https:\\\/\\\/kuali.com.mx\\\/web\\\/2024\\\/02\\\/17\\\/pedro-pascual-nos-invita-en-alas-de-quetzalcoatl-a-el-reino-de-zora\\\/#article\",\"isPartOf\":{\"@id\":\"https:\\\/\\\/kuali.com.mx\\\/web\\\/2024\\\/02\\\/17\\\/pedro-pascual-nos-invita-en-alas-de-quetzalcoatl-a-el-reino-de-zora\\\/\"},\"author\":{\"name\":\"Kuali Staff\",\"@id\":\"https:\\\/\\\/kuali.com.mx\\\/web\\\/#\\\/schema\\\/person\\\/6f89ffa8ecba9dae50662357923c5289\"},\"headline\":\"PEDRO PASCUAL NOS INVITA EN ALAS DE QUETZALC\u00d3ATL A &#8220;EL REINO DE ZORA&#8221;\",\"datePublished\":\"2024-02-17T16:00:33+00:00\",\"dateModified\":\"2024-02-17T21:35:03+00:00\",\"mainEntityOfPage\":{\"@id\":\"https:\\\/\\\/kuali.com.mx\\\/web\\\/2024\\\/02\\\/17\\\/pedro-pascual-nos-invita-en-alas-de-quetzalcoatl-a-el-reino-de-zora\\\/\"},\"wordCount\":1001,\"commentCount\":0,\"image\":{\"@id\":\"https:\\\/\\\/kuali.com.mx\\\/web\\\/2024\\\/02\\\/17\\\/pedro-pascual-nos-invita-en-alas-de-quetzalcoatl-a-el-reino-de-zora\\\/#primaryimage\"},\"thumbnailUrl\":\"https:\\\/\\\/kuali.com.mx\\\/web\\\/wp-content\\\/uploads\\\/2024\\\/02\\\/GOROSITO-A.jpg\",\"articleSection\":[\"Cultura\"],\"inLanguage\":\"es\",\"potentialAction\":[{\"@type\":\"CommentAction\",\"name\":\"Comment\",\"target\":[\"https:\\\/\\\/kuali.com.mx\\\/web\\\/2024\\\/02\\\/17\\\/pedro-pascual-nos-invita-en-alas-de-quetzalcoatl-a-el-reino-de-zora\\\/#respond\"]}]},{\"@type\":\"WebPage\",\"@id\":\"https:\\\/\\\/kuali.com.mx\\\/web\\\/2024\\\/02\\\/17\\\/pedro-pascual-nos-invita-en-alas-de-quetzalcoatl-a-el-reino-de-zora\\\/\",\"url\":\"https:\\\/\\\/kuali.com.mx\\\/web\\\/2024\\\/02\\\/17\\\/pedro-pascual-nos-invita-en-alas-de-quetzalcoatl-a-el-reino-de-zora\\\/\",\"name\":\"PEDRO PASCUAL NOS INVITA EN ALAS DE QUETZALC\u00d3ATL A \\\"EL REINO DE ZORA\\\" - Kuali\",\"isPartOf\":{\"@id\":\"https:\\\/\\\/kuali.com.mx\\\/web\\\/#website\"},\"primaryImageOfPage\":{\"@id\":\"https:\\\/\\\/kuali.com.mx\\\/web\\\/2024\\\/02\\\/17\\\/pedro-pascual-nos-invita-en-alas-de-quetzalcoatl-a-el-reino-de-zora\\\/#primaryimage\"},\"image\":{\"@id\":\"https:\\\/\\\/kuali.com.mx\\\/web\\\/2024\\\/02\\\/17\\\/pedro-pascual-nos-invita-en-alas-de-quetzalcoatl-a-el-reino-de-zora\\\/#primaryimage\"},\"thumbnailUrl\":\"https:\\\/\\\/kuali.com.mx\\\/web\\\/wp-content\\\/uploads\\\/2024\\\/02\\\/GOROSITO-A.jpg\",\"datePublished\":\"2024-02-17T16:00:33+00:00\",\"dateModified\":\"2024-02-17T21:35:03+00:00\",\"author\":{\"@id\":\"https:\\\/\\\/kuali.com.mx\\\/web\\\/#\\\/schema\\\/person\\\/6f89ffa8ecba9dae50662357923c5289\"},\"breadcrumb\":{\"@id\":\"https:\\\/\\\/kuali.com.mx\\\/web\\\/2024\\\/02\\\/17\\\/pedro-pascual-nos-invita-en-alas-de-quetzalcoatl-a-el-reino-de-zora\\\/#breadcrumb\"},\"inLanguage\":\"es\",\"potentialAction\":[{\"@type\":\"ReadAction\",\"target\":[\"https:\\\/\\\/kuali.com.mx\\\/web\\\/2024\\\/02\\\/17\\\/pedro-pascual-nos-invita-en-alas-de-quetzalcoatl-a-el-reino-de-zora\\\/\"]}]},{\"@type\":\"ImageObject\",\"inLanguage\":\"es\",\"@id\":\"https:\\\/\\\/kuali.com.mx\\\/web\\\/2024\\\/02\\\/17\\\/pedro-pascual-nos-invita-en-alas-de-quetzalcoatl-a-el-reino-de-zora\\\/#primaryimage\",\"url\":\"https:\\\/\\\/kuali.com.mx\\\/web\\\/wp-content\\\/uploads\\\/2024\\\/02\\\/GOROSITO-A.jpg\",\"contentUrl\":\"https:\\\/\\\/kuali.com.mx\\\/web\\\/wp-content\\\/uploads\\\/2024\\\/02\\\/GOROSITO-A.jpg\",\"width\":1325,\"height\":750},{\"@type\":\"BreadcrumbList\",\"@id\":\"https:\\\/\\\/kuali.com.mx\\\/web\\\/2024\\\/02\\\/17\\\/pedro-pascual-nos-invita-en-alas-de-quetzalcoatl-a-el-reino-de-zora\\\/#breadcrumb\",\"itemListElement\":[{\"@type\":\"ListItem\",\"position\":1,\"name\":\"Inicio\",\"item\":\"https:\\\/\\\/kuali.com.mx\\\/web\\\/\"},{\"@type\":\"ListItem\",\"position\":2,\"name\":\"PEDRO PASCUAL NOS INVITA EN ALAS DE QUETZALC\u00d3ATL A &#8220;EL REINO DE ZORA&#8221;\"}]},{\"@type\":\"WebSite\",\"@id\":\"https:\\\/\\\/kuali.com.mx\\\/web\\\/#website\",\"url\":\"https:\\\/\\\/kuali.com.mx\\\/web\\\/\",\"name\":\"Kuali\",\"description\":\"\",\"potentialAction\":[{\"@type\":\"SearchAction\",\"target\":{\"@type\":\"EntryPoint\",\"urlTemplate\":\"https:\\\/\\\/kuali.com.mx\\\/web\\\/?s={search_term_string}\"},\"query-input\":{\"@type\":\"PropertyValueSpecification\",\"valueRequired\":true,\"valueName\":\"search_term_string\"}}],\"inLanguage\":\"es\"},{\"@type\":\"Person\",\"@id\":\"https:\\\/\\\/kuali.com.mx\\\/web\\\/#\\\/schema\\\/person\\\/6f89ffa8ecba9dae50662357923c5289\",\"name\":\"Kuali Staff\",\"image\":{\"@type\":\"ImageObject\",\"inLanguage\":\"es\",\"@id\":\"https:\\\/\\\/secure.gravatar.com\\\/avatar\\\/f917ad82e5ab71227a733c78b6e60715476f69ee6be59feee4eb5d9920c89e0f?s=96&d=mm&r=g\",\"url\":\"https:\\\/\\\/secure.gravatar.com\\\/avatar\\\/f917ad82e5ab71227a733c78b6e60715476f69ee6be59feee4eb5d9920c89e0f?s=96&d=mm&r=g\",\"contentUrl\":\"https:\\\/\\\/secure.gravatar.com\\\/avatar\\\/f917ad82e5ab71227a733c78b6e60715476f69ee6be59feee4eb5d9920c89e0f?s=96&d=mm&r=g\",\"caption\":\"Kuali Staff\"},\"url\":\"https:\\\/\\\/kuali.com.mx\\\/web\\\/author\\\/lagarto\\\/\"}]}<\/script>\n<!-- \/ Yoast SEO plugin. -->","yoast_head_json":{"title":"PEDRO PASCUAL NOS INVITA EN ALAS DE QUETZALC\u00d3ATL A \"EL REINO DE ZORA\" - Kuali","robots":{"index":"index","follow":"follow","max-snippet":"max-snippet:-1","max-image-preview":"max-image-preview:large","max-video-preview":"max-video-preview:-1"},"canonical":"https:\/\/kuali.com.mx\/web\/2024\/02\/17\/pedro-pascual-nos-invita-en-alas-de-quetzalcoatl-a-el-reino-de-zora\/","og_locale":"es_MX","og_type":"article","og_title":"PEDRO PASCUAL NOS INVITA EN ALAS DE QUETZALC\u00d3ATL A \"EL REINO DE ZORA\" - Kuali","og_description":"ENCUENTRO CON GOROSITO\u2026 El escritor espa\u00f1ol Pedro Pascual Ram\u00edrez, quien ya nos ha hecho viajar por distintas etapas de la historia con sus novelas \u201cMorir en Guanajuato\u201d y&nbsp;&nbsp;\u201cLumbre Negra\u201d, luego viajamos gracias a u poemario titulado: \u201cEsbozos entre el amor y la poes\u00eda\u201d, en el que est\u00e1 presente un hermoso agradecimiento a sus nietos: \u201cGracias [&hellip;]","og_url":"https:\/\/kuali.com.mx\/web\/2024\/02\/17\/pedro-pascual-nos-invita-en-alas-de-quetzalcoatl-a-el-reino-de-zora\/","og_site_name":"Kuali","article_publisher":"https:\/\/kuali.com.mx\/web\/wp-content\/uploads\/2018\/04\/cropped-kuali_logo-1-1.png","article_published_time":"2024-02-17T16:00:33+00:00","article_modified_time":"2024-02-17T21:35:03+00:00","og_image":[{"width":1325,"height":750,"url":"https:\/\/kuali.com.mx\/web\/wp-content\/uploads\/2024\/02\/GOROSITO-A.jpg","type":"image\/jpeg"}],"author":"Kuali Staff","twitter_card":"summary_large_image","twitter_creator":"@kuali_noticias","twitter_site":"@kuali_noticias","twitter_misc":{"Escrito por":"Kuali Staff","Tiempo de lectura":"5 minutos"},"schema":{"@context":"https:\/\/schema.org","@graph":[{"@type":"Article","@id":"https:\/\/kuali.com.mx\/web\/2024\/02\/17\/pedro-pascual-nos-invita-en-alas-de-quetzalcoatl-a-el-reino-de-zora\/#article","isPartOf":{"@id":"https:\/\/kuali.com.mx\/web\/2024\/02\/17\/pedro-pascual-nos-invita-en-alas-de-quetzalcoatl-a-el-reino-de-zora\/"},"author":{"name":"Kuali Staff","@id":"https:\/\/kuali.com.mx\/web\/#\/schema\/person\/6f89ffa8ecba9dae50662357923c5289"},"headline":"PEDRO PASCUAL NOS INVITA EN ALAS DE QUETZALC\u00d3ATL A &#8220;EL REINO DE ZORA&#8221;","datePublished":"2024-02-17T16:00:33+00:00","dateModified":"2024-02-17T21:35:03+00:00","mainEntityOfPage":{"@id":"https:\/\/kuali.com.mx\/web\/2024\/02\/17\/pedro-pascual-nos-invita-en-alas-de-quetzalcoatl-a-el-reino-de-zora\/"},"wordCount":1001,"commentCount":0,"image":{"@id":"https:\/\/kuali.com.mx\/web\/2024\/02\/17\/pedro-pascual-nos-invita-en-alas-de-quetzalcoatl-a-el-reino-de-zora\/#primaryimage"},"thumbnailUrl":"https:\/\/kuali.com.mx\/web\/wp-content\/uploads\/2024\/02\/GOROSITO-A.jpg","articleSection":["Cultura"],"inLanguage":"es","potentialAction":[{"@type":"CommentAction","name":"Comment","target":["https:\/\/kuali.com.mx\/web\/2024\/02\/17\/pedro-pascual-nos-invita-en-alas-de-quetzalcoatl-a-el-reino-de-zora\/#respond"]}]},{"@type":"WebPage","@id":"https:\/\/kuali.com.mx\/web\/2024\/02\/17\/pedro-pascual-nos-invita-en-alas-de-quetzalcoatl-a-el-reino-de-zora\/","url":"https:\/\/kuali.com.mx\/web\/2024\/02\/17\/pedro-pascual-nos-invita-en-alas-de-quetzalcoatl-a-el-reino-de-zora\/","name":"PEDRO PASCUAL NOS INVITA EN ALAS DE QUETZALC\u00d3ATL A \"EL REINO DE ZORA\" - Kuali","isPartOf":{"@id":"https:\/\/kuali.com.mx\/web\/#website"},"primaryImageOfPage":{"@id":"https:\/\/kuali.com.mx\/web\/2024\/02\/17\/pedro-pascual-nos-invita-en-alas-de-quetzalcoatl-a-el-reino-de-zora\/#primaryimage"},"image":{"@id":"https:\/\/kuali.com.mx\/web\/2024\/02\/17\/pedro-pascual-nos-invita-en-alas-de-quetzalcoatl-a-el-reino-de-zora\/#primaryimage"},"thumbnailUrl":"https:\/\/kuali.com.mx\/web\/wp-content\/uploads\/2024\/02\/GOROSITO-A.jpg","datePublished":"2024-02-17T16:00:33+00:00","dateModified":"2024-02-17T21:35:03+00:00","author":{"@id":"https:\/\/kuali.com.mx\/web\/#\/schema\/person\/6f89ffa8ecba9dae50662357923c5289"},"breadcrumb":{"@id":"https:\/\/kuali.com.mx\/web\/2024\/02\/17\/pedro-pascual-nos-invita-en-alas-de-quetzalcoatl-a-el-reino-de-zora\/#breadcrumb"},"inLanguage":"es","potentialAction":[{"@type":"ReadAction","target":["https:\/\/kuali.com.mx\/web\/2024\/02\/17\/pedro-pascual-nos-invita-en-alas-de-quetzalcoatl-a-el-reino-de-zora\/"]}]},{"@type":"ImageObject","inLanguage":"es","@id":"https:\/\/kuali.com.mx\/web\/2024\/02\/17\/pedro-pascual-nos-invita-en-alas-de-quetzalcoatl-a-el-reino-de-zora\/#primaryimage","url":"https:\/\/kuali.com.mx\/web\/wp-content\/uploads\/2024\/02\/GOROSITO-A.jpg","contentUrl":"https:\/\/kuali.com.mx\/web\/wp-content\/uploads\/2024\/02\/GOROSITO-A.jpg","width":1325,"height":750},{"@type":"BreadcrumbList","@id":"https:\/\/kuali.com.mx\/web\/2024\/02\/17\/pedro-pascual-nos-invita-en-alas-de-quetzalcoatl-a-el-reino-de-zora\/#breadcrumb","itemListElement":[{"@type":"ListItem","position":1,"name":"Inicio","item":"https:\/\/kuali.com.mx\/web\/"},{"@type":"ListItem","position":2,"name":"PEDRO PASCUAL NOS INVITA EN ALAS DE QUETZALC\u00d3ATL A &#8220;EL REINO DE ZORA&#8221;"}]},{"@type":"WebSite","@id":"https:\/\/kuali.com.mx\/web\/#website","url":"https:\/\/kuali.com.mx\/web\/","name":"Kuali","description":"","potentialAction":[{"@type":"SearchAction","target":{"@type":"EntryPoint","urlTemplate":"https:\/\/kuali.com.mx\/web\/?s={search_term_string}"},"query-input":{"@type":"PropertyValueSpecification","valueRequired":true,"valueName":"search_term_string"}}],"inLanguage":"es"},{"@type":"Person","@id":"https:\/\/kuali.com.mx\/web\/#\/schema\/person\/6f89ffa8ecba9dae50662357923c5289","name":"Kuali Staff","image":{"@type":"ImageObject","inLanguage":"es","@id":"https:\/\/secure.gravatar.com\/avatar\/f917ad82e5ab71227a733c78b6e60715476f69ee6be59feee4eb5d9920c89e0f?s=96&d=mm&r=g","url":"https:\/\/secure.gravatar.com\/avatar\/f917ad82e5ab71227a733c78b6e60715476f69ee6be59feee4eb5d9920c89e0f?s=96&d=mm&r=g","contentUrl":"https:\/\/secure.gravatar.com\/avatar\/f917ad82e5ab71227a733c78b6e60715476f69ee6be59feee4eb5d9920c89e0f?s=96&d=mm&r=g","caption":"Kuali Staff"},"url":"https:\/\/kuali.com.mx\/web\/author\/lagarto\/"}]}},"_links":{"self":[{"href":"https:\/\/kuali.com.mx\/web\/wp-json\/wp\/v2\/posts\/136498","targetHints":{"allow":["GET"]}}],"collection":[{"href":"https:\/\/kuali.com.mx\/web\/wp-json\/wp\/v2\/posts"}],"about":[{"href":"https:\/\/kuali.com.mx\/web\/wp-json\/wp\/v2\/types\/post"}],"author":[{"embeddable":true,"href":"https:\/\/kuali.com.mx\/web\/wp-json\/wp\/v2\/users\/2"}],"replies":[{"embeddable":true,"href":"https:\/\/kuali.com.mx\/web\/wp-json\/wp\/v2\/comments?post=136498"}],"version-history":[{"count":3,"href":"https:\/\/kuali.com.mx\/web\/wp-json\/wp\/v2\/posts\/136498\/revisions"}],"predecessor-version":[{"id":136504,"href":"https:\/\/kuali.com.mx\/web\/wp-json\/wp\/v2\/posts\/136498\/revisions\/136504"}],"wp:featuredmedia":[{"embeddable":true,"href":"https:\/\/kuali.com.mx\/web\/wp-json\/wp\/v2\/media\/136500"}],"wp:attachment":[{"href":"https:\/\/kuali.com.mx\/web\/wp-json\/wp\/v2\/media?parent=136498"}],"wp:term":[{"taxonomy":"category","embeddable":true,"href":"https:\/\/kuali.com.mx\/web\/wp-json\/wp\/v2\/categories?post=136498"},{"taxonomy":"post_tag","embeddable":true,"href":"https:\/\/kuali.com.mx\/web\/wp-json\/wp\/v2\/tags?post=136498"}],"curies":[{"name":"wp","href":"https:\/\/api.w.org\/{rel}","templated":true}]}}