{"id":136494,"date":"2024-02-17T10:31:42","date_gmt":"2024-02-17T16:31:42","guid":{"rendered":"https:\/\/kuali.com.mx\/web\/?p=136494"},"modified":"2024-02-17T10:31:43","modified_gmt":"2024-02-17T16:31:43","slug":"listo-lafc-para-su-debut-en-la-mls-cup","status":"publish","type":"post","link":"https:\/\/kuali.com.mx\/web\/2024\/02\/17\/listo-lafc-para-su-debut-en-la-mls-cup\/","title":{"rendered":"LISTO LAFC PARA SU DEBUT EN LA MLS CUP"},"content":{"rendered":"\n<p><em><strong>MariLuz Medina\/Los \u00c1ngeles,CA<\/strong><\/em>.-Ahora s\u00ed, que todos listos, bien vestidos, sonrientes y en forma, el equipo de Los Angeles Football Club, se apresta para iniciar su 7ma. temporada dentro de la Major League Soccer (MLS), sin su jugador ic\u00f3nico y capit\u00e1n Carlos Vela.<\/p>\n\n\n\n<p>LAFC debutar\u00e1 el pr\u00f3ximo s\u00e1bado 24 de febrero en el BMO Stadium, cuando reciba a Seattle Sounders a las 1:30 p.m. (hora de California), con la participaci\u00f3n de sus flamantes contrataciones y teniendo al delantero gabones Denis Bouaga como su gran estrella, al que acompa\u00f1aran el portero internacional franc\u00e9s Hugo Lloris, as\u00ed como el defensa mexicano Omar Campos, adem\u00e1s del delantero colombiano Tomas Angel, con quienes seguramente se unir\u00e1 Edgar Atuesta, viejo conocido que ha regresado a la escuadra \"oro y negro\".<\/p>\n\n\n\n<p>A media semana, el diligente gerente general de LAFC, en una Conferencia de prensa, introdujo a los futbolistas, todos mostraron compromiso y alegr\u00eda de llegar una organizaci\u00f3n que pese a ser joven en el \u00e1mbito futbol\u00edstico estadounidense se ha ganado el respeto y ya gano una MLS Cup.<\/p>\n\n\n\n<p>Hasta ahi, todo \"divino\" de cara al nuevo campeonato, pero y... Qu\u00e9 pasa con la renovaci\u00f3n de Carlos Vela?<\/p>\n\n\n\n<p>Pues nada, seg\u00fan dijo John Thorrington, Co-presidente y General Manager de LAFC, que todav\u00eda estaban en negociaciones y que por privacidad del jugador, no pod\u00eda dar mas detalles.<\/p>\n\n\n\n<p>Se le pregunto qu\u00e9 es lo que LAFC ofrece al jugador y no contest\u00f3, o s\u00ed lo hizo pero vagamente expreso que esperaba que Carlos Vela regresara al equipo.<\/p>\n\n\n\n<p>Realmente se ve dif\u00edcil, pues el futbolista mexicano no se ha visto c\u00f3modo con las negociaciones para renovar contrato con LAFC, pues aunque sigue viviendo en Los Angeles y es agente libre, pues su contrato venci\u00f3 en diciembre de 2023, no parece que hubiera voluntad de llegar a un acuerdo.<\/p>\n\n\n\n<p><br>Por lo pronto, LAFC le dejo casi toda la responsabilidada Vela de firmar, eso ante los ojos de los aficionados que simplemente escuchan lo que dice la parte ejecutiva del equipo, pero Vela no se ha pronunciado al respecto.<br>Tal vez, en los pr\u00f3ximos d\u00edas, antes del debut del LAFC, pueda darse un acuerdo, pero realmente se ve dif\u00edcil.<br>Asi que un poco \"a ocuras\" LAFC arrancar\u00e1 la temporada 2024 en la Major League Soccer (MLS).<\/p>\n","protected":false},"excerpt":{"rendered":"MariLuz Medina\/Los \u00c1ngeles,CA.-Ahora s\u00ed, que todos listos, bien vestidos, sonrientes y en forma, el equipo de Los Angeles Football Club, se apresta para iniciar su 7ma. temporada dentro de la Major League Soccer (MLS), sin su jugador ic\u00f3nico y capit\u00e1n Carlos Vela. LAFC debutar\u00e1 el pr\u00f3ximo s\u00e1bado 24 de febrero en el BMO Stadium, cuando [&hellip;]","protected":false},"author":2,"featured_media":136496,"comment_status":"open","ping_status":"open","sticky":false,"template":"","format":"standard","meta":{"_seopress_robots_primary_cat":"none","_seopress_titles_title":"","_seopress_titles_desc":"","_seopress_robots_index":"","_monsterinsights_skip_tracking":false,"_monsterinsights_sitenote_active":false,"_monsterinsights_sitenote_note":"","_monsterinsights_sitenote_category":0,"footnotes":""},"categories":[16],"tags":[],"class_list":["post-136494","post","type-post","status-publish","format-standard","has-post-thumbnail","hentry","category-deportes"],"yoast_head":"<!-- This site is optimized with the Yoast SEO plugin v27.4 - https:\/\/yoast.com\/product\/yoast-seo-wordpress\/ -->\n<title>LISTO LAFC PARA SU DEBUT EN LA MLS CUP - Kuali<\/title>\n<meta name=\"robots\" content=\"index, follow, max-snippet:-1, max-image-preview:large, max-video-preview:-1\" \/>\n<link rel=\"canonical\" href=\"https:\/\/kuali.com.mx\/web\/2024\/02\/17\/listo-lafc-para-su-debut-en-la-mls-cup\/\" \/>\n<meta property=\"og:locale\" content=\"es_MX\" \/>\n<meta property=\"og:type\" content=\"article\" \/>\n<meta property=\"og:title\" content=\"LISTO LAFC PARA SU DEBUT EN LA MLS CUP - Kuali\" \/>\n<meta property=\"og:description\" content=\"MariLuz Medina\/Los \u00c1ngeles,CA.-Ahora s\u00ed, que todos listos, bien vestidos, sonrientes y en forma, el equipo de Los Angeles Football Club, se apresta para iniciar su 7ma. temporada dentro de la Major League Soccer (MLS), sin su jugador ic\u00f3nico y capit\u00e1n Carlos Vela. LAFC debutar\u00e1 el pr\u00f3ximo s\u00e1bado 24 de febrero en el BMO Stadium, cuando [&hellip;]\" \/>\n<meta property=\"og:url\" content=\"https:\/\/kuali.com.mx\/web\/2024\/02\/17\/listo-lafc-para-su-debut-en-la-mls-cup\/\" \/>\n<meta property=\"og:site_name\" content=\"Kuali\" \/>\n<meta property=\"article:publisher\" content=\"https:\/\/kuali.com.mx\/web\/wp-content\/uploads\/2018\/04\/cropped-kuali_logo-1-1.png\" \/>\n<meta property=\"article:published_time\" content=\"2024-02-17T16:31:42+00:00\" \/>\n<meta property=\"article:modified_time\" content=\"2024-02-17T16:31:43+00:00\" \/>\n<meta property=\"og:image\" content=\"https:\/\/kuali.com.mx\/web\/wp-content\/uploads\/2024\/02\/LAFC-1-2.jpg\" \/>\n\t<meta property=\"og:image:width\" content=\"1666\" \/>\n\t<meta property=\"og:image:height\" content=\"750\" \/>\n\t<meta property=\"og:image:type\" content=\"image\/jpeg\" \/>\n<meta name=\"author\" content=\"Kuali Staff\" \/>\n<meta name=\"twitter:card\" content=\"summary_large_image\" \/>\n<meta name=\"twitter:creator\" content=\"@kuali_noticias\" \/>\n<meta name=\"twitter:site\" content=\"@kuali_noticias\" \/>\n<meta name=\"twitter:label1\" content=\"Escrito por\" \/>\n\t<meta name=\"twitter:data1\" content=\"Kuali Staff\" \/>\n\t<meta name=\"twitter:label2\" content=\"Tiempo de lectura\" \/>\n\t<meta name=\"twitter:data2\" content=\"2 minutos\" \/>\n<script type=\"application\/ld+json\" class=\"yoast-schema-graph\">{\"@context\":\"https:\\\/\\\/schema.org\",\"@graph\":[{\"@type\":\"Article\",\"@id\":\"https:\\\/\\\/kuali.com.mx\\\/web\\\/2024\\\/02\\\/17\\\/listo-lafc-para-su-debut-en-la-mls-cup\\\/#article\",\"isPartOf\":{\"@id\":\"https:\\\/\\\/kuali.com.mx\\\/web\\\/2024\\\/02\\\/17\\\/listo-lafc-para-su-debut-en-la-mls-cup\\\/\"},\"author\":{\"name\":\"Kuali Staff\",\"@id\":\"https:\\\/\\\/kuali.com.mx\\\/web\\\/#\\\/schema\\\/person\\\/6f89ffa8ecba9dae50662357923c5289\"},\"headline\":\"LISTO LAFC PARA SU DEBUT EN LA MLS CUP\",\"datePublished\":\"2024-02-17T16:31:42+00:00\",\"dateModified\":\"2024-02-17T16:31:43+00:00\",\"mainEntityOfPage\":{\"@id\":\"https:\\\/\\\/kuali.com.mx\\\/web\\\/2024\\\/02\\\/17\\\/listo-lafc-para-su-debut-en-la-mls-cup\\\/\"},\"wordCount\":403,\"commentCount\":0,\"image\":{\"@id\":\"https:\\\/\\\/kuali.com.mx\\\/web\\\/2024\\\/02\\\/17\\\/listo-lafc-para-su-debut-en-la-mls-cup\\\/#primaryimage\"},\"thumbnailUrl\":\"https:\\\/\\\/kuali.com.mx\\\/web\\\/wp-content\\\/uploads\\\/2024\\\/02\\\/LAFC-1-2.jpg\",\"articleSection\":[\"Deportes\"],\"inLanguage\":\"es\",\"potentialAction\":[{\"@type\":\"CommentAction\",\"name\":\"Comment\",\"target\":[\"https:\\\/\\\/kuali.com.mx\\\/web\\\/2024\\\/02\\\/17\\\/listo-lafc-para-su-debut-en-la-mls-cup\\\/#respond\"]}]},{\"@type\":\"WebPage\",\"@id\":\"https:\\\/\\\/kuali.com.mx\\\/web\\\/2024\\\/02\\\/17\\\/listo-lafc-para-su-debut-en-la-mls-cup\\\/\",\"url\":\"https:\\\/\\\/kuali.com.mx\\\/web\\\/2024\\\/02\\\/17\\\/listo-lafc-para-su-debut-en-la-mls-cup\\\/\",\"name\":\"LISTO LAFC PARA SU DEBUT EN LA MLS CUP - Kuali\",\"isPartOf\":{\"@id\":\"https:\\\/\\\/kuali.com.mx\\\/web\\\/#website\"},\"primaryImageOfPage\":{\"@id\":\"https:\\\/\\\/kuali.com.mx\\\/web\\\/2024\\\/02\\\/17\\\/listo-lafc-para-su-debut-en-la-mls-cup\\\/#primaryimage\"},\"image\":{\"@id\":\"https:\\\/\\\/kuali.com.mx\\\/web\\\/2024\\\/02\\\/17\\\/listo-lafc-para-su-debut-en-la-mls-cup\\\/#primaryimage\"},\"thumbnailUrl\":\"https:\\\/\\\/kuali.com.mx\\\/web\\\/wp-content\\\/uploads\\\/2024\\\/02\\\/LAFC-1-2.jpg\",\"datePublished\":\"2024-02-17T16:31:42+00:00\",\"dateModified\":\"2024-02-17T16:31:43+00:00\",\"author\":{\"@id\":\"https:\\\/\\\/kuali.com.mx\\\/web\\\/#\\\/schema\\\/person\\\/6f89ffa8ecba9dae50662357923c5289\"},\"breadcrumb\":{\"@id\":\"https:\\\/\\\/kuali.com.mx\\\/web\\\/2024\\\/02\\\/17\\\/listo-lafc-para-su-debut-en-la-mls-cup\\\/#breadcrumb\"},\"inLanguage\":\"es\",\"potentialAction\":[{\"@type\":\"ReadAction\",\"target\":[\"https:\\\/\\\/kuali.com.mx\\\/web\\\/2024\\\/02\\\/17\\\/listo-lafc-para-su-debut-en-la-mls-cup\\\/\"]}]},{\"@type\":\"ImageObject\",\"inLanguage\":\"es\",\"@id\":\"https:\\\/\\\/kuali.com.mx\\\/web\\\/2024\\\/02\\\/17\\\/listo-lafc-para-su-debut-en-la-mls-cup\\\/#primaryimage\",\"url\":\"https:\\\/\\\/kuali.com.mx\\\/web\\\/wp-content\\\/uploads\\\/2024\\\/02\\\/LAFC-1-2.jpg\",\"contentUrl\":\"https:\\\/\\\/kuali.com.mx\\\/web\\\/wp-content\\\/uploads\\\/2024\\\/02\\\/LAFC-1-2.jpg\",\"width\":1666,\"height\":750},{\"@type\":\"BreadcrumbList\",\"@id\":\"https:\\\/\\\/kuali.com.mx\\\/web\\\/2024\\\/02\\\/17\\\/listo-lafc-para-su-debut-en-la-mls-cup\\\/#breadcrumb\",\"itemListElement\":[{\"@type\":\"ListItem\",\"position\":1,\"name\":\"Inicio\",\"item\":\"https:\\\/\\\/kuali.com.mx\\\/web\\\/\"},{\"@type\":\"ListItem\",\"position\":2,\"name\":\"LISTO LAFC PARA SU DEBUT EN LA MLS CUP\"}]},{\"@type\":\"WebSite\",\"@id\":\"https:\\\/\\\/kuali.com.mx\\\/web\\\/#website\",\"url\":\"https:\\\/\\\/kuali.com.mx\\\/web\\\/\",\"name\":\"Kuali\",\"description\":\"\",\"potentialAction\":[{\"@type\":\"SearchAction\",\"target\":{\"@type\":\"EntryPoint\",\"urlTemplate\":\"https:\\\/\\\/kuali.com.mx\\\/web\\\/?s={search_term_string}\"},\"query-input\":{\"@type\":\"PropertyValueSpecification\",\"valueRequired\":true,\"valueName\":\"search_term_string\"}}],\"inLanguage\":\"es\"},{\"@type\":\"Person\",\"@id\":\"https:\\\/\\\/kuali.com.mx\\\/web\\\/#\\\/schema\\\/person\\\/6f89ffa8ecba9dae50662357923c5289\",\"name\":\"Kuali Staff\",\"image\":{\"@type\":\"ImageObject\",\"inLanguage\":\"es\",\"@id\":\"https:\\\/\\\/secure.gravatar.com\\\/avatar\\\/f917ad82e5ab71227a733c78b6e60715476f69ee6be59feee4eb5d9920c89e0f?s=96&d=mm&r=g\",\"url\":\"https:\\\/\\\/secure.gravatar.com\\\/avatar\\\/f917ad82e5ab71227a733c78b6e60715476f69ee6be59feee4eb5d9920c89e0f?s=96&d=mm&r=g\",\"contentUrl\":\"https:\\\/\\\/secure.gravatar.com\\\/avatar\\\/f917ad82e5ab71227a733c78b6e60715476f69ee6be59feee4eb5d9920c89e0f?s=96&d=mm&r=g\",\"caption\":\"Kuali Staff\"},\"url\":\"https:\\\/\\\/kuali.com.mx\\\/web\\\/author\\\/lagarto\\\/\"}]}<\/script>\n<!-- \/ Yoast SEO plugin. -->","yoast_head_json":{"title":"LISTO LAFC PARA SU DEBUT EN LA MLS CUP - Kuali","robots":{"index":"index","follow":"follow","max-snippet":"max-snippet:-1","max-image-preview":"max-image-preview:large","max-video-preview":"max-video-preview:-1"},"canonical":"https:\/\/kuali.com.mx\/web\/2024\/02\/17\/listo-lafc-para-su-debut-en-la-mls-cup\/","og_locale":"es_MX","og_type":"article","og_title":"LISTO LAFC PARA SU DEBUT EN LA MLS CUP - Kuali","og_description":"MariLuz Medina\/Los \u00c1ngeles,CA.-Ahora s\u00ed, que todos listos, bien vestidos, sonrientes y en forma, el equipo de Los Angeles Football Club, se apresta para iniciar su 7ma. temporada dentro de la Major League Soccer (MLS), sin su jugador ic\u00f3nico y capit\u00e1n Carlos Vela. LAFC debutar\u00e1 el pr\u00f3ximo s\u00e1bado 24 de febrero en el BMO Stadium, cuando [&hellip;]","og_url":"https:\/\/kuali.com.mx\/web\/2024\/02\/17\/listo-lafc-para-su-debut-en-la-mls-cup\/","og_site_name":"Kuali","article_publisher":"https:\/\/kuali.com.mx\/web\/wp-content\/uploads\/2018\/04\/cropped-kuali_logo-1-1.png","article_published_time":"2024-02-17T16:31:42+00:00","article_modified_time":"2024-02-17T16:31:43+00:00","og_image":[{"width":1666,"height":750,"url":"https:\/\/kuali.com.mx\/web\/wp-content\/uploads\/2024\/02\/LAFC-1-2.jpg","type":"image\/jpeg"}],"author":"Kuali Staff","twitter_card":"summary_large_image","twitter_creator":"@kuali_noticias","twitter_site":"@kuali_noticias","twitter_misc":{"Escrito por":"Kuali Staff","Tiempo de lectura":"2 minutos"},"schema":{"@context":"https:\/\/schema.org","@graph":[{"@type":"Article","@id":"https:\/\/kuali.com.mx\/web\/2024\/02\/17\/listo-lafc-para-su-debut-en-la-mls-cup\/#article","isPartOf":{"@id":"https:\/\/kuali.com.mx\/web\/2024\/02\/17\/listo-lafc-para-su-debut-en-la-mls-cup\/"},"author":{"name":"Kuali Staff","@id":"https:\/\/kuali.com.mx\/web\/#\/schema\/person\/6f89ffa8ecba9dae50662357923c5289"},"headline":"LISTO LAFC PARA SU DEBUT EN LA MLS CUP","datePublished":"2024-02-17T16:31:42+00:00","dateModified":"2024-02-17T16:31:43+00:00","mainEntityOfPage":{"@id":"https:\/\/kuali.com.mx\/web\/2024\/02\/17\/listo-lafc-para-su-debut-en-la-mls-cup\/"},"wordCount":403,"commentCount":0,"image":{"@id":"https:\/\/kuali.com.mx\/web\/2024\/02\/17\/listo-lafc-para-su-debut-en-la-mls-cup\/#primaryimage"},"thumbnailUrl":"https:\/\/kuali.com.mx\/web\/wp-content\/uploads\/2024\/02\/LAFC-1-2.jpg","articleSection":["Deportes"],"inLanguage":"es","potentialAction":[{"@type":"CommentAction","name":"Comment","target":["https:\/\/kuali.com.mx\/web\/2024\/02\/17\/listo-lafc-para-su-debut-en-la-mls-cup\/#respond"]}]},{"@type":"WebPage","@id":"https:\/\/kuali.com.mx\/web\/2024\/02\/17\/listo-lafc-para-su-debut-en-la-mls-cup\/","url":"https:\/\/kuali.com.mx\/web\/2024\/02\/17\/listo-lafc-para-su-debut-en-la-mls-cup\/","name":"LISTO LAFC PARA SU DEBUT EN LA MLS CUP - Kuali","isPartOf":{"@id":"https:\/\/kuali.com.mx\/web\/#website"},"primaryImageOfPage":{"@id":"https:\/\/kuali.com.mx\/web\/2024\/02\/17\/listo-lafc-para-su-debut-en-la-mls-cup\/#primaryimage"},"image":{"@id":"https:\/\/kuali.com.mx\/web\/2024\/02\/17\/listo-lafc-para-su-debut-en-la-mls-cup\/#primaryimage"},"thumbnailUrl":"https:\/\/kuali.com.mx\/web\/wp-content\/uploads\/2024\/02\/LAFC-1-2.jpg","datePublished":"2024-02-17T16:31:42+00:00","dateModified":"2024-02-17T16:31:43+00:00","author":{"@id":"https:\/\/kuali.com.mx\/web\/#\/schema\/person\/6f89ffa8ecba9dae50662357923c5289"},"breadcrumb":{"@id":"https:\/\/kuali.com.mx\/web\/2024\/02\/17\/listo-lafc-para-su-debut-en-la-mls-cup\/#breadcrumb"},"inLanguage":"es","potentialAction":[{"@type":"ReadAction","target":["https:\/\/kuali.com.mx\/web\/2024\/02\/17\/listo-lafc-para-su-debut-en-la-mls-cup\/"]}]},{"@type":"ImageObject","inLanguage":"es","@id":"https:\/\/kuali.com.mx\/web\/2024\/02\/17\/listo-lafc-para-su-debut-en-la-mls-cup\/#primaryimage","url":"https:\/\/kuali.com.mx\/web\/wp-content\/uploads\/2024\/02\/LAFC-1-2.jpg","contentUrl":"https:\/\/kuali.com.mx\/web\/wp-content\/uploads\/2024\/02\/LAFC-1-2.jpg","width":1666,"height":750},{"@type":"BreadcrumbList","@id":"https:\/\/kuali.com.mx\/web\/2024\/02\/17\/listo-lafc-para-su-debut-en-la-mls-cup\/#breadcrumb","itemListElement":[{"@type":"ListItem","position":1,"name":"Inicio","item":"https:\/\/kuali.com.mx\/web\/"},{"@type":"ListItem","position":2,"name":"LISTO LAFC PARA SU DEBUT EN LA MLS CUP"}]},{"@type":"WebSite","@id":"https:\/\/kuali.com.mx\/web\/#website","url":"https:\/\/kuali.com.mx\/web\/","name":"Kuali","description":"","potentialAction":[{"@type":"SearchAction","target":{"@type":"EntryPoint","urlTemplate":"https:\/\/kuali.com.mx\/web\/?s={search_term_string}"},"query-input":{"@type":"PropertyValueSpecification","valueRequired":true,"valueName":"search_term_string"}}],"inLanguage":"es"},{"@type":"Person","@id":"https:\/\/kuali.com.mx\/web\/#\/schema\/person\/6f89ffa8ecba9dae50662357923c5289","name":"Kuali Staff","image":{"@type":"ImageObject","inLanguage":"es","@id":"https:\/\/secure.gravatar.com\/avatar\/f917ad82e5ab71227a733c78b6e60715476f69ee6be59feee4eb5d9920c89e0f?s=96&d=mm&r=g","url":"https:\/\/secure.gravatar.com\/avatar\/f917ad82e5ab71227a733c78b6e60715476f69ee6be59feee4eb5d9920c89e0f?s=96&d=mm&r=g","contentUrl":"https:\/\/secure.gravatar.com\/avatar\/f917ad82e5ab71227a733c78b6e60715476f69ee6be59feee4eb5d9920c89e0f?s=96&d=mm&r=g","caption":"Kuali Staff"},"url":"https:\/\/kuali.com.mx\/web\/author\/lagarto\/"}]}},"_links":{"self":[{"href":"https:\/\/kuali.com.mx\/web\/wp-json\/wp\/v2\/posts\/136494","targetHints":{"allow":["GET"]}}],"collection":[{"href":"https:\/\/kuali.com.mx\/web\/wp-json\/wp\/v2\/posts"}],"about":[{"href":"https:\/\/kuali.com.mx\/web\/wp-json\/wp\/v2\/types\/post"}],"author":[{"embeddable":true,"href":"https:\/\/kuali.com.mx\/web\/wp-json\/wp\/v2\/users\/2"}],"replies":[{"embeddable":true,"href":"https:\/\/kuali.com.mx\/web\/wp-json\/wp\/v2\/comments?post=136494"}],"version-history":[{"count":1,"href":"https:\/\/kuali.com.mx\/web\/wp-json\/wp\/v2\/posts\/136494\/revisions"}],"predecessor-version":[{"id":136497,"href":"https:\/\/kuali.com.mx\/web\/wp-json\/wp\/v2\/posts\/136494\/revisions\/136497"}],"wp:featuredmedia":[{"embeddable":true,"href":"https:\/\/kuali.com.mx\/web\/wp-json\/wp\/v2\/media\/136496"}],"wp:attachment":[{"href":"https:\/\/kuali.com.mx\/web\/wp-json\/wp\/v2\/media?parent=136494"}],"wp:term":[{"taxonomy":"category","embeddable":true,"href":"https:\/\/kuali.com.mx\/web\/wp-json\/wp\/v2\/categories?post=136494"},{"taxonomy":"post_tag","embeddable":true,"href":"https:\/\/kuali.com.mx\/web\/wp-json\/wp\/v2\/tags?post=136494"}],"curies":[{"name":"wp","href":"https:\/\/api.w.org\/{rel}","templated":true}]}}