{"id":136445,"date":"2024-02-16T13:37:00","date_gmt":"2024-02-16T19:37:00","guid":{"rendered":"https:\/\/kuali.com.mx\/web\/?p=136445"},"modified":"2024-02-16T19:39:41","modified_gmt":"2024-02-17T01:39:41","slug":"cerraran-febrero-con-actividades-culturales","status":"publish","type":"post","link":"https:\/\/kuali.com.mx\/web\/2024\/02\/16\/cerraran-febrero-con-actividades-culturales\/","title":{"rendered":"CERRAR\u00c1N FEBRERO CON ACTIVIDADES CULTURALES"},"content":{"rendered":"\n<p><strong><em>Kuali\/Le\u00f3n, Gto.-<\/em><\/strong>Actividades de cuentacuentos, charla sobre la creaci\u00f3n de novela gr\u00e1fica y presentaci\u00f3n editorial de literatura infantil formar\u00e1n parte de la programaci\u00f3n de Fenal Permanente, durante el mes de febrero, inform\u00f3 el Instituto Cultural de Le\u00f3n.<\/p>\n\n\n\n<p>El mi\u00e9rcoles 21 de febrero en la Biblioteca P\u00fablica Municipal Bicentenario de la Independencia de M\u00e9xico, la compa\u00f1\u00eda Ikharia Teatro llevar\u00e1 a cabo una sesi\u00f3n de narraci\u00f3n oral en la que compartir\u00e1n historias interactivas con el deseo de pasas un momento reflexivo y divertido con todos los asistentes.<\/p>\n\n\n\n<p>Pasos para crear una novela gr\u00e1fica es el nombre de la charla que impartir\u00e1 Samuel Ju\u00e1rez Victoriano, autor de c\u00f3mics, quien compartir\u00e1 conceptos te\u00f3ricos y pr\u00e1cticos para el desarrollo de este tipo de materiales tomando como ejemplo su proyecto Cerebro en el mar, novela gr\u00e1fica sobre inteligencia artificial en actual desarrollo.<\/p>\n\n\n\n<p>Para cerrar el mes, Caro Zanoria y Gabo Mr. Lemonade, ilustradores del Colectivo Zanoria con Lim\u00f3n, visitar\u00e1n la Comunidad Cultural de Los \u00c1ngeles II, parte de Territorios Culturales del ICL, para realizar la presentaci\u00f3n editorial de Hab\u00eda una vez un libro para ti, un compendio de cuentos populares vistos desde una perspectiva muy particular y atractiva para peque\u00f1os lectores, mismo que est\u00e1 integrado por dibujos para colorear.<\/p>\n\n\n\n<p>Es importante destacar que todas las actividades se realizar\u00e1n sin costo para las y los participantes. Para conocer m\u00e1s sobre la oferta del ICL y Fenal Permanente, est\u00e1n disponibles las p\u00e1ginas culturaleon.com y fenal.mx, as\u00ed como las redes sociales, Facebook: Instituto Cultural de Le\u00f3n y Fenal-Feria Nacional del Libro de Le\u00f3n; Twitter, Instagram y TikTok: @culturaleon y @fenalmx.<\/p>\n\n\n\n<p>Programaci\u00f3n Fenal Permanente<\/p>\n\n\n\n<p>Febrero<\/p>\n\n\n\n<p>Cuentacuentos: Khuenta Conmigo<\/p>\n\n\n\n<p>Participan: Paulina De Alba, Wilber Ramos y Khal\u00e9 Chriagop<\/p>\n\n\n\n<p>Compa\u00f1\u00eda: Ikharia Teatro<\/p>\n\n\n\n<p>Mi\u00e9rcoles 21 de febrero<\/p>\n\n\n\n<p>16:00 h<\/p>\n\n\n\n<p>Biblioteca P\u00fablica Municipal Bicentenario de la Independencia de M\u00e9xico (Wigberto Jim\u00e9nez Moreno 767, Buenos Aires)<\/p>\n\n\n\n<p>Charla: Pasos para crear una novela gr\u00e1fica<\/p>\n\n\n\n<p>Imparte: Samuel Ju\u00e1rez Victoriano<\/p>\n\n\n\n<p>Martes 27 de febrero<\/p>\n\n\n\n<p>09:00 h<\/p>\n\n\n\n<p>Biblioteca Jorge V\u00e9rtiz Campero S.J., Sala de lectura (planta alta) de la Universidad Iberoamericana Le\u00f3n<\/p>\n\n\n\n<p>Presentaci\u00f3n editorial: Hab\u00eda una vez un libro para ti<\/p>\n\n\n\n<p>Ilustradores: Caro Zanoria y Gabo Mr. Lemonade<\/p>\n\n\n\n<p>Colectivo Zanoria con Lim\u00f3n<\/p>\n\n\n\n<p>Jueves 29 de febrero<\/p>\n\n\n\n<p>16:00 h<\/p>\n\n\n\n<p>Mini Deportiva De Los Angeles II (Calle Valle de los Nobles esq. con Calle Egipto 117, Col. Los \u00c1ngeles II)<\/p>\n","protected":false},"excerpt":{"rendered":"Kuali\/Le\u00f3n, Gto.-Actividades de cuentacuentos, charla sobre la creaci\u00f3n de novela gr\u00e1fica y presentaci\u00f3n editorial de literatura infantil formar\u00e1n parte de la programaci\u00f3n de Fenal Permanente, durante el mes de febrero, inform\u00f3 el Instituto Cultural de Le\u00f3n. El mi\u00e9rcoles 21 de febrero en la Biblioteca P\u00fablica Municipal Bicentenario de la Independencia de M\u00e9xico, la compa\u00f1\u00eda Ikharia [&hellip;]","protected":false},"author":2,"featured_media":136448,"comment_status":"open","ping_status":"open","sticky":false,"template":"","format":"standard","meta":{"_seopress_robots_primary_cat":"none","_seopress_titles_title":"","_seopress_titles_desc":"","_seopress_robots_index":"","_monsterinsights_skip_tracking":false,"_monsterinsights_sitenote_active":false,"_monsterinsights_sitenote_note":"","_monsterinsights_sitenote_category":0,"footnotes":""},"categories":[8],"tags":[],"class_list":["post-136445","post","type-post","status-publish","format-standard","has-post-thumbnail","hentry","category-espectaculos"],"yoast_head":"<!-- This site is optimized with the Yoast SEO plugin v27.4 - https:\/\/yoast.com\/product\/yoast-seo-wordpress\/ -->\n<title>CERRAR\u00c1N FEBRERO CON ACTIVIDADES CULTURALES - Kuali<\/title>\n<meta name=\"robots\" content=\"index, follow, max-snippet:-1, max-image-preview:large, max-video-preview:-1\" \/>\n<link rel=\"canonical\" href=\"https:\/\/kuali.com.mx\/web\/2024\/02\/16\/cerraran-febrero-con-actividades-culturales\/\" \/>\n<meta property=\"og:locale\" content=\"es_MX\" \/>\n<meta property=\"og:type\" content=\"article\" \/>\n<meta property=\"og:title\" content=\"CERRAR\u00c1N FEBRERO CON ACTIVIDADES CULTURALES - Kuali\" \/>\n<meta property=\"og:description\" content=\"Kuali\/Le\u00f3n, Gto.-Actividades de cuentacuentos, charla sobre la creaci\u00f3n de novela gr\u00e1fica y presentaci\u00f3n editorial de literatura infantil formar\u00e1n parte de la programaci\u00f3n de Fenal Permanente, durante el mes de febrero, inform\u00f3 el Instituto Cultural de Le\u00f3n. El mi\u00e9rcoles 21 de febrero en la Biblioteca P\u00fablica Municipal Bicentenario de la Independencia de M\u00e9xico, la compa\u00f1\u00eda Ikharia [&hellip;]\" \/>\n<meta property=\"og:url\" content=\"https:\/\/kuali.com.mx\/web\/2024\/02\/16\/cerraran-febrero-con-actividades-culturales\/\" \/>\n<meta property=\"og:site_name\" content=\"Kuali\" \/>\n<meta property=\"article:publisher\" content=\"https:\/\/kuali.com.mx\/web\/wp-content\/uploads\/2018\/04\/cropped-kuali_logo-1-1.png\" \/>\n<meta property=\"article:published_time\" content=\"2024-02-16T19:37:00+00:00\" \/>\n<meta property=\"article:modified_time\" content=\"2024-02-17T01:39:41+00:00\" \/>\n<meta property=\"og:image\" content=\"https:\/\/kuali.com.mx\/web\/wp-content\/uploads\/2024\/02\/FenlP.jpg\" \/>\n\t<meta property=\"og:image:width\" content=\"1511\" \/>\n\t<meta property=\"og:image:height\" content=\"1005\" \/>\n\t<meta property=\"og:image:type\" content=\"image\/jpeg\" \/>\n<meta name=\"author\" content=\"Kuali Staff\" \/>\n<meta name=\"twitter:card\" content=\"summary_large_image\" \/>\n<meta name=\"twitter:creator\" content=\"@kuali_noticias\" \/>\n<meta name=\"twitter:site\" content=\"@kuali_noticias\" \/>\n<meta name=\"twitter:label1\" content=\"Escrito por\" \/>\n\t<meta name=\"twitter:data1\" content=\"Kuali Staff\" \/>\n\t<meta name=\"twitter:label2\" content=\"Tiempo de lectura\" \/>\n\t<meta name=\"twitter:data2\" content=\"2 minutos\" \/>\n<script type=\"application\/ld+json\" class=\"yoast-schema-graph\">{\"@context\":\"https:\\\/\\\/schema.org\",\"@graph\":[{\"@type\":\"Article\",\"@id\":\"https:\\\/\\\/kuali.com.mx\\\/web\\\/2024\\\/02\\\/16\\\/cerraran-febrero-con-actividades-culturales\\\/#article\",\"isPartOf\":{\"@id\":\"https:\\\/\\\/kuali.com.mx\\\/web\\\/2024\\\/02\\\/16\\\/cerraran-febrero-con-actividades-culturales\\\/\"},\"author\":{\"name\":\"Kuali Staff\",\"@id\":\"https:\\\/\\\/kuali.com.mx\\\/web\\\/#\\\/schema\\\/person\\\/6f89ffa8ecba9dae50662357923c5289\"},\"headline\":\"CERRAR\u00c1N FEBRERO CON ACTIVIDADES CULTURALES\",\"datePublished\":\"2024-02-16T19:37:00+00:00\",\"dateModified\":\"2024-02-17T01:39:41+00:00\",\"mainEntityOfPage\":{\"@id\":\"https:\\\/\\\/kuali.com.mx\\\/web\\\/2024\\\/02\\\/16\\\/cerraran-febrero-con-actividades-culturales\\\/\"},\"wordCount\":425,\"commentCount\":1,\"image\":{\"@id\":\"https:\\\/\\\/kuali.com.mx\\\/web\\\/2024\\\/02\\\/16\\\/cerraran-febrero-con-actividades-culturales\\\/#primaryimage\"},\"thumbnailUrl\":\"https:\\\/\\\/kuali.com.mx\\\/web\\\/wp-content\\\/uploads\\\/2024\\\/02\\\/FenlP.jpg\",\"articleSection\":[\"Cultura\"],\"inLanguage\":\"es\",\"potentialAction\":[{\"@type\":\"CommentAction\",\"name\":\"Comment\",\"target\":[\"https:\\\/\\\/kuali.com.mx\\\/web\\\/2024\\\/02\\\/16\\\/cerraran-febrero-con-actividades-culturales\\\/#respond\"]}]},{\"@type\":\"WebPage\",\"@id\":\"https:\\\/\\\/kuali.com.mx\\\/web\\\/2024\\\/02\\\/16\\\/cerraran-febrero-con-actividades-culturales\\\/\",\"url\":\"https:\\\/\\\/kuali.com.mx\\\/web\\\/2024\\\/02\\\/16\\\/cerraran-febrero-con-actividades-culturales\\\/\",\"name\":\"CERRAR\u00c1N FEBRERO CON ACTIVIDADES CULTURALES - Kuali\",\"isPartOf\":{\"@id\":\"https:\\\/\\\/kuali.com.mx\\\/web\\\/#website\"},\"primaryImageOfPage\":{\"@id\":\"https:\\\/\\\/kuali.com.mx\\\/web\\\/2024\\\/02\\\/16\\\/cerraran-febrero-con-actividades-culturales\\\/#primaryimage\"},\"image\":{\"@id\":\"https:\\\/\\\/kuali.com.mx\\\/web\\\/2024\\\/02\\\/16\\\/cerraran-febrero-con-actividades-culturales\\\/#primaryimage\"},\"thumbnailUrl\":\"https:\\\/\\\/kuali.com.mx\\\/web\\\/wp-content\\\/uploads\\\/2024\\\/02\\\/FenlP.jpg\",\"datePublished\":\"2024-02-16T19:37:00+00:00\",\"dateModified\":\"2024-02-17T01:39:41+00:00\",\"author\":{\"@id\":\"https:\\\/\\\/kuali.com.mx\\\/web\\\/#\\\/schema\\\/person\\\/6f89ffa8ecba9dae50662357923c5289\"},\"breadcrumb\":{\"@id\":\"https:\\\/\\\/kuali.com.mx\\\/web\\\/2024\\\/02\\\/16\\\/cerraran-febrero-con-actividades-culturales\\\/#breadcrumb\"},\"inLanguage\":\"es\",\"potentialAction\":[{\"@type\":\"ReadAction\",\"target\":[\"https:\\\/\\\/kuali.com.mx\\\/web\\\/2024\\\/02\\\/16\\\/cerraran-febrero-con-actividades-culturales\\\/\"]}]},{\"@type\":\"ImageObject\",\"inLanguage\":\"es\",\"@id\":\"https:\\\/\\\/kuali.com.mx\\\/web\\\/2024\\\/02\\\/16\\\/cerraran-febrero-con-actividades-culturales\\\/#primaryimage\",\"url\":\"https:\\\/\\\/kuali.com.mx\\\/web\\\/wp-content\\\/uploads\\\/2024\\\/02\\\/FenlP.jpg\",\"contentUrl\":\"https:\\\/\\\/kuali.com.mx\\\/web\\\/wp-content\\\/uploads\\\/2024\\\/02\\\/FenlP.jpg\",\"width\":1511,\"height\":1005},{\"@type\":\"BreadcrumbList\",\"@id\":\"https:\\\/\\\/kuali.com.mx\\\/web\\\/2024\\\/02\\\/16\\\/cerraran-febrero-con-actividades-culturales\\\/#breadcrumb\",\"itemListElement\":[{\"@type\":\"ListItem\",\"position\":1,\"name\":\"Inicio\",\"item\":\"https:\\\/\\\/kuali.com.mx\\\/web\\\/\"},{\"@type\":\"ListItem\",\"position\":2,\"name\":\"CERRAR\u00c1N FEBRERO CON ACTIVIDADES CULTURALES\"}]},{\"@type\":\"WebSite\",\"@id\":\"https:\\\/\\\/kuali.com.mx\\\/web\\\/#website\",\"url\":\"https:\\\/\\\/kuali.com.mx\\\/web\\\/\",\"name\":\"Kuali\",\"description\":\"\",\"potentialAction\":[{\"@type\":\"SearchAction\",\"target\":{\"@type\":\"EntryPoint\",\"urlTemplate\":\"https:\\\/\\\/kuali.com.mx\\\/web\\\/?s={search_term_string}\"},\"query-input\":{\"@type\":\"PropertyValueSpecification\",\"valueRequired\":true,\"valueName\":\"search_term_string\"}}],\"inLanguage\":\"es\"},{\"@type\":\"Person\",\"@id\":\"https:\\\/\\\/kuali.com.mx\\\/web\\\/#\\\/schema\\\/person\\\/6f89ffa8ecba9dae50662357923c5289\",\"name\":\"Kuali Staff\",\"image\":{\"@type\":\"ImageObject\",\"inLanguage\":\"es\",\"@id\":\"https:\\\/\\\/secure.gravatar.com\\\/avatar\\\/f917ad82e5ab71227a733c78b6e60715476f69ee6be59feee4eb5d9920c89e0f?s=96&d=mm&r=g\",\"url\":\"https:\\\/\\\/secure.gravatar.com\\\/avatar\\\/f917ad82e5ab71227a733c78b6e60715476f69ee6be59feee4eb5d9920c89e0f?s=96&d=mm&r=g\",\"contentUrl\":\"https:\\\/\\\/secure.gravatar.com\\\/avatar\\\/f917ad82e5ab71227a733c78b6e60715476f69ee6be59feee4eb5d9920c89e0f?s=96&d=mm&r=g\",\"caption\":\"Kuali Staff\"},\"url\":\"https:\\\/\\\/kuali.com.mx\\\/web\\\/author\\\/lagarto\\\/\"}]}<\/script>\n<!-- \/ Yoast SEO plugin. -->","yoast_head_json":{"title":"CERRAR\u00c1N FEBRERO CON ACTIVIDADES CULTURALES - Kuali","robots":{"index":"index","follow":"follow","max-snippet":"max-snippet:-1","max-image-preview":"max-image-preview:large","max-video-preview":"max-video-preview:-1"},"canonical":"https:\/\/kuali.com.mx\/web\/2024\/02\/16\/cerraran-febrero-con-actividades-culturales\/","og_locale":"es_MX","og_type":"article","og_title":"CERRAR\u00c1N FEBRERO CON ACTIVIDADES CULTURALES - Kuali","og_description":"Kuali\/Le\u00f3n, Gto.-Actividades de cuentacuentos, charla sobre la creaci\u00f3n de novela gr\u00e1fica y presentaci\u00f3n editorial de literatura infantil formar\u00e1n parte de la programaci\u00f3n de Fenal Permanente, durante el mes de febrero, inform\u00f3 el Instituto Cultural de Le\u00f3n. El mi\u00e9rcoles 21 de febrero en la Biblioteca P\u00fablica Municipal Bicentenario de la Independencia de M\u00e9xico, la compa\u00f1\u00eda Ikharia [&hellip;]","og_url":"https:\/\/kuali.com.mx\/web\/2024\/02\/16\/cerraran-febrero-con-actividades-culturales\/","og_site_name":"Kuali","article_publisher":"https:\/\/kuali.com.mx\/web\/wp-content\/uploads\/2018\/04\/cropped-kuali_logo-1-1.png","article_published_time":"2024-02-16T19:37:00+00:00","article_modified_time":"2024-02-17T01:39:41+00:00","og_image":[{"width":1511,"height":1005,"url":"https:\/\/kuali.com.mx\/web\/wp-content\/uploads\/2024\/02\/FenlP.jpg","type":"image\/jpeg"}],"author":"Kuali Staff","twitter_card":"summary_large_image","twitter_creator":"@kuali_noticias","twitter_site":"@kuali_noticias","twitter_misc":{"Escrito por":"Kuali Staff","Tiempo de lectura":"2 minutos"},"schema":{"@context":"https:\/\/schema.org","@graph":[{"@type":"Article","@id":"https:\/\/kuali.com.mx\/web\/2024\/02\/16\/cerraran-febrero-con-actividades-culturales\/#article","isPartOf":{"@id":"https:\/\/kuali.com.mx\/web\/2024\/02\/16\/cerraran-febrero-con-actividades-culturales\/"},"author":{"name":"Kuali Staff","@id":"https:\/\/kuali.com.mx\/web\/#\/schema\/person\/6f89ffa8ecba9dae50662357923c5289"},"headline":"CERRAR\u00c1N FEBRERO CON ACTIVIDADES CULTURALES","datePublished":"2024-02-16T19:37:00+00:00","dateModified":"2024-02-17T01:39:41+00:00","mainEntityOfPage":{"@id":"https:\/\/kuali.com.mx\/web\/2024\/02\/16\/cerraran-febrero-con-actividades-culturales\/"},"wordCount":425,"commentCount":1,"image":{"@id":"https:\/\/kuali.com.mx\/web\/2024\/02\/16\/cerraran-febrero-con-actividades-culturales\/#primaryimage"},"thumbnailUrl":"https:\/\/kuali.com.mx\/web\/wp-content\/uploads\/2024\/02\/FenlP.jpg","articleSection":["Cultura"],"inLanguage":"es","potentialAction":[{"@type":"CommentAction","name":"Comment","target":["https:\/\/kuali.com.mx\/web\/2024\/02\/16\/cerraran-febrero-con-actividades-culturales\/#respond"]}]},{"@type":"WebPage","@id":"https:\/\/kuali.com.mx\/web\/2024\/02\/16\/cerraran-febrero-con-actividades-culturales\/","url":"https:\/\/kuali.com.mx\/web\/2024\/02\/16\/cerraran-febrero-con-actividades-culturales\/","name":"CERRAR\u00c1N FEBRERO CON ACTIVIDADES CULTURALES - Kuali","isPartOf":{"@id":"https:\/\/kuali.com.mx\/web\/#website"},"primaryImageOfPage":{"@id":"https:\/\/kuali.com.mx\/web\/2024\/02\/16\/cerraran-febrero-con-actividades-culturales\/#primaryimage"},"image":{"@id":"https:\/\/kuali.com.mx\/web\/2024\/02\/16\/cerraran-febrero-con-actividades-culturales\/#primaryimage"},"thumbnailUrl":"https:\/\/kuali.com.mx\/web\/wp-content\/uploads\/2024\/02\/FenlP.jpg","datePublished":"2024-02-16T19:37:00+00:00","dateModified":"2024-02-17T01:39:41+00:00","author":{"@id":"https:\/\/kuali.com.mx\/web\/#\/schema\/person\/6f89ffa8ecba9dae50662357923c5289"},"breadcrumb":{"@id":"https:\/\/kuali.com.mx\/web\/2024\/02\/16\/cerraran-febrero-con-actividades-culturales\/#breadcrumb"},"inLanguage":"es","potentialAction":[{"@type":"ReadAction","target":["https:\/\/kuali.com.mx\/web\/2024\/02\/16\/cerraran-febrero-con-actividades-culturales\/"]}]},{"@type":"ImageObject","inLanguage":"es","@id":"https:\/\/kuali.com.mx\/web\/2024\/02\/16\/cerraran-febrero-con-actividades-culturales\/#primaryimage","url":"https:\/\/kuali.com.mx\/web\/wp-content\/uploads\/2024\/02\/FenlP.jpg","contentUrl":"https:\/\/kuali.com.mx\/web\/wp-content\/uploads\/2024\/02\/FenlP.jpg","width":1511,"height":1005},{"@type":"BreadcrumbList","@id":"https:\/\/kuali.com.mx\/web\/2024\/02\/16\/cerraran-febrero-con-actividades-culturales\/#breadcrumb","itemListElement":[{"@type":"ListItem","position":1,"name":"Inicio","item":"https:\/\/kuali.com.mx\/web\/"},{"@type":"ListItem","position":2,"name":"CERRAR\u00c1N FEBRERO CON ACTIVIDADES CULTURALES"}]},{"@type":"WebSite","@id":"https:\/\/kuali.com.mx\/web\/#website","url":"https:\/\/kuali.com.mx\/web\/","name":"Kuali","description":"","potentialAction":[{"@type":"SearchAction","target":{"@type":"EntryPoint","urlTemplate":"https:\/\/kuali.com.mx\/web\/?s={search_term_string}"},"query-input":{"@type":"PropertyValueSpecification","valueRequired":true,"valueName":"search_term_string"}}],"inLanguage":"es"},{"@type":"Person","@id":"https:\/\/kuali.com.mx\/web\/#\/schema\/person\/6f89ffa8ecba9dae50662357923c5289","name":"Kuali Staff","image":{"@type":"ImageObject","inLanguage":"es","@id":"https:\/\/secure.gravatar.com\/avatar\/f917ad82e5ab71227a733c78b6e60715476f69ee6be59feee4eb5d9920c89e0f?s=96&d=mm&r=g","url":"https:\/\/secure.gravatar.com\/avatar\/f917ad82e5ab71227a733c78b6e60715476f69ee6be59feee4eb5d9920c89e0f?s=96&d=mm&r=g","contentUrl":"https:\/\/secure.gravatar.com\/avatar\/f917ad82e5ab71227a733c78b6e60715476f69ee6be59feee4eb5d9920c89e0f?s=96&d=mm&r=g","caption":"Kuali Staff"},"url":"https:\/\/kuali.com.mx\/web\/author\/lagarto\/"}]}},"_links":{"self":[{"href":"https:\/\/kuali.com.mx\/web\/wp-json\/wp\/v2\/posts\/136445","targetHints":{"allow":["GET"]}}],"collection":[{"href":"https:\/\/kuali.com.mx\/web\/wp-json\/wp\/v2\/posts"}],"about":[{"href":"https:\/\/kuali.com.mx\/web\/wp-json\/wp\/v2\/types\/post"}],"author":[{"embeddable":true,"href":"https:\/\/kuali.com.mx\/web\/wp-json\/wp\/v2\/users\/2"}],"replies":[{"embeddable":true,"href":"https:\/\/kuali.com.mx\/web\/wp-json\/wp\/v2\/comments?post=136445"}],"version-history":[{"count":1,"href":"https:\/\/kuali.com.mx\/web\/wp-json\/wp\/v2\/posts\/136445\/revisions"}],"predecessor-version":[{"id":136449,"href":"https:\/\/kuali.com.mx\/web\/wp-json\/wp\/v2\/posts\/136445\/revisions\/136449"}],"wp:featuredmedia":[{"embeddable":true,"href":"https:\/\/kuali.com.mx\/web\/wp-json\/wp\/v2\/media\/136448"}],"wp:attachment":[{"href":"https:\/\/kuali.com.mx\/web\/wp-json\/wp\/v2\/media?parent=136445"}],"wp:term":[{"taxonomy":"category","embeddable":true,"href":"https:\/\/kuali.com.mx\/web\/wp-json\/wp\/v2\/categories?post=136445"},{"taxonomy":"post_tag","embeddable":true,"href":"https:\/\/kuali.com.mx\/web\/wp-json\/wp\/v2\/tags?post=136445"}],"curies":[{"name":"wp","href":"https:\/\/api.w.org\/{rel}","templated":true}]}}