{"id":136417,"date":"2024-02-16T18:05:34","date_gmt":"2024-02-17T00:05:34","guid":{"rendered":"https:\/\/kuali.com.mx\/web\/?p=136417"},"modified":"2024-02-16T18:05:37","modified_gmt":"2024-02-17T00:05:37","slug":"respalda-alvar-cambios-de-seguridad-en-leon","status":"publish","type":"post","link":"https:\/\/kuali.com.mx\/web\/2024\/02\/16\/respalda-alvar-cambios-de-seguridad-en-leon\/","title":{"rendered":"RESPALDA ALVAR CAMBIOS DE SEGURIDAD EN LE\u00d3N"},"content":{"rendered":"\n<p><strong>Milagros Tadeo\/Le\u00f3n, Gto.-<\/strong>\u00a0El municipio de Le\u00f3n contar\u00e1 con todo el apoyo de las Fuerzas de Seguridad P\u00fablica del Estado ante la implementaci\u00f3n de su nueva estrategia de seguridad, la cual incluye, cambio de titulares, se\u00f1al\u00f3 el secretario de Seguridad P\u00fablica de Guanajuato, Alvar Cabeza de Vaca Appendini.<\/p>\n\n\n\n<p>A\u00f1adi\u00f3 que la alcaldesa, Alejandra Guti\u00e9rrez Campos, cuenta con todo el respaldo del estado para trabajar en favor de la seguridad de los leoneses. El secretario de Seguridad, Mario Bravo Arrona, fue cesado del cargo y su lugar fue ocupado por Jorge Gill\u00e9n Rico.<\/p>\n\n\n\n<p>\u201cPara m\u00ed fue un buen secretario, ya lo habl\u00f3 la alcaldesa que ha dado resultados, son decisiones del \u00e1mbito municipal, yo creo que hizo un buen trabajo. El Ayuntamiento est\u00e1 decidiendo hacer una renovaci\u00f3n de estrategia y Le\u00f3n contar\u00e1 con todo el apoyo en las decisiones que tome\u201d, dijo.<\/p>\n\n\n\n<p>Respecto a la polic\u00eda rural que ser\u00e1 puesta en marcha en el municipio de Le\u00f3n como parte de las nuevas acciones en seguridad, dijo que ese esquema no es nuevo.<\/p>\n\n\n\n<p>\u201cBien, es un modelo que ya exist\u00eda, si ustedes lo recuerdan creo que es atinado por parte de la alcaldesa crear una estructura que est\u00e9 atendiendo la parte de prevenci\u00f3n y reacci\u00f3n en las comunidades rurales de Le\u00f3n, Gto\u201d, destac\u00f3.<\/p>\n\n\n\n<p>Al asegurar que Mario Bravo Arrona quien fue cesado como secretario de Seguridad, Prevenci\u00f3n y Protecci\u00f3n Ciudadana de Le\u00f3n, realiz\u00f3 un buen trabajo al frente de dicha corporaci\u00f3n, descart\u00f3 a t\u00edtulo personal que el ex secretario se sume a alguna direcci\u00f3n de la Secretar\u00eda de Seguridad P\u00fablica del Estado.<\/p>\n","protected":false},"excerpt":{"rendered":"Milagros Tadeo\/Le\u00f3n, Gto.-\u00a0El municipio de Le\u00f3n contar\u00e1 con todo el apoyo de las Fuerzas de Seguridad P\u00fablica del Estado ante la implementaci\u00f3n de su nueva estrategia de seguridad, la cual incluye, cambio de titulares, se\u00f1al\u00f3 el secretario de Seguridad P\u00fablica de Guanajuato, Alvar Cabeza de Vaca Appendini. A\u00f1adi\u00f3 que la alcaldesa, Alejandra Guti\u00e9rrez Campos, cuenta [&hellip;]","protected":false},"author":2,"featured_media":136257,"comment_status":"open","ping_status":"open","sticky":false,"template":"","format":"standard","meta":{"_seopress_robots_primary_cat":"none","_seopress_titles_title":"","_seopress_titles_desc":"","_seopress_robots_index":"","_monsterinsights_skip_tracking":false,"_monsterinsights_sitenote_active":false,"_monsterinsights_sitenote_note":"","_monsterinsights_sitenote_category":0,"footnotes":""},"categories":[3,69],"tags":[],"class_list":["post-136417","post","type-post","status-publish","format-standard","has-post-thumbnail","hentry","category-politica","category-slider"],"yoast_head":"<!-- This site is optimized with the Yoast SEO plugin v27.4 - https:\/\/yoast.com\/product\/yoast-seo-wordpress\/ -->\n<title>RESPALDA ALVAR CAMBIOS DE SEGURIDAD EN LE\u00d3N - Kuali<\/title>\n<meta name=\"robots\" content=\"index, follow, max-snippet:-1, max-image-preview:large, max-video-preview:-1\" \/>\n<link rel=\"canonical\" href=\"https:\/\/kuali.com.mx\/web\/2024\/02\/16\/respalda-alvar-cambios-de-seguridad-en-leon\/\" \/>\n<meta property=\"og:locale\" content=\"es_MX\" \/>\n<meta property=\"og:type\" content=\"article\" \/>\n<meta property=\"og:title\" content=\"RESPALDA ALVAR CAMBIOS DE SEGURIDAD EN LE\u00d3N - Kuali\" \/>\n<meta property=\"og:description\" content=\"Milagros Tadeo\/Le\u00f3n, Gto.-\u00a0El municipio de Le\u00f3n contar\u00e1 con todo el apoyo de las Fuerzas de Seguridad P\u00fablica del Estado ante la implementaci\u00f3n de su nueva estrategia de seguridad, la cual incluye, cambio de titulares, se\u00f1al\u00f3 el secretario de Seguridad P\u00fablica de Guanajuato, Alvar Cabeza de Vaca Appendini. A\u00f1adi\u00f3 que la alcaldesa, Alejandra Guti\u00e9rrez Campos, cuenta [&hellip;]\" \/>\n<meta property=\"og:url\" content=\"https:\/\/kuali.com.mx\/web\/2024\/02\/16\/respalda-alvar-cambios-de-seguridad-en-leon\/\" \/>\n<meta property=\"og:site_name\" content=\"Kuali\" \/>\n<meta property=\"article:publisher\" content=\"https:\/\/kuali.com.mx\/web\/wp-content\/uploads\/2018\/04\/cropped-kuali_logo-1-1.png\" \/>\n<meta property=\"article:published_time\" content=\"2024-02-17T00:05:34+00:00\" \/>\n<meta property=\"article:modified_time\" content=\"2024-02-17T00:05:37+00:00\" \/>\n<meta property=\"og:image\" content=\"https:\/\/kuali.com.mx\/web\/wp-content\/uploads\/2024\/02\/secretario-de-Seguridad-Jorge-Gillen-y-alcaldesa-de-Leon.jpeg\" \/>\n\t<meta property=\"og:image:width\" content=\"1782\" \/>\n\t<meta property=\"og:image:height\" content=\"750\" \/>\n\t<meta property=\"og:image:type\" content=\"image\/jpeg\" \/>\n<meta name=\"author\" content=\"Kuali Staff\" \/>\n<meta name=\"twitter:card\" content=\"summary_large_image\" \/>\n<meta name=\"twitter:creator\" content=\"@kuali_noticias\" \/>\n<meta name=\"twitter:site\" content=\"@kuali_noticias\" \/>\n<meta name=\"twitter:label1\" content=\"Escrito por\" \/>\n\t<meta name=\"twitter:data1\" content=\"Kuali Staff\" \/>\n\t<meta name=\"twitter:label2\" content=\"Tiempo de lectura\" \/>\n\t<meta name=\"twitter:data2\" content=\"1 minuto\" \/>\n<script type=\"application\/ld+json\" class=\"yoast-schema-graph\">{\"@context\":\"https:\\\/\\\/schema.org\",\"@graph\":[{\"@type\":\"Article\",\"@id\":\"https:\\\/\\\/kuali.com.mx\\\/web\\\/2024\\\/02\\\/16\\\/respalda-alvar-cambios-de-seguridad-en-leon\\\/#article\",\"isPartOf\":{\"@id\":\"https:\\\/\\\/kuali.com.mx\\\/web\\\/2024\\\/02\\\/16\\\/respalda-alvar-cambios-de-seguridad-en-leon\\\/\"},\"author\":{\"name\":\"Kuali Staff\",\"@id\":\"https:\\\/\\\/kuali.com.mx\\\/web\\\/#\\\/schema\\\/person\\\/6f89ffa8ecba9dae50662357923c5289\"},\"headline\":\"RESPALDA ALVAR CAMBIOS DE SEGURIDAD EN LE\u00d3N\",\"datePublished\":\"2024-02-17T00:05:34+00:00\",\"dateModified\":\"2024-02-17T00:05:37+00:00\",\"mainEntityOfPage\":{\"@id\":\"https:\\\/\\\/kuali.com.mx\\\/web\\\/2024\\\/02\\\/16\\\/respalda-alvar-cambios-de-seguridad-en-leon\\\/\"},\"wordCount\":295,\"commentCount\":0,\"image\":{\"@id\":\"https:\\\/\\\/kuali.com.mx\\\/web\\\/2024\\\/02\\\/16\\\/respalda-alvar-cambios-de-seguridad-en-leon\\\/#primaryimage\"},\"thumbnailUrl\":\"https:\\\/\\\/kuali.com.mx\\\/web\\\/wp-content\\\/uploads\\\/2024\\\/02\\\/secretario-de-Seguridad-Jorge-Gillen-y-alcaldesa-de-Leon.jpeg\",\"articleSection\":[\"Pol\u00edtica\",\"slider\"],\"inLanguage\":\"es\",\"potentialAction\":[{\"@type\":\"CommentAction\",\"name\":\"Comment\",\"target\":[\"https:\\\/\\\/kuali.com.mx\\\/web\\\/2024\\\/02\\\/16\\\/respalda-alvar-cambios-de-seguridad-en-leon\\\/#respond\"]}]},{\"@type\":\"WebPage\",\"@id\":\"https:\\\/\\\/kuali.com.mx\\\/web\\\/2024\\\/02\\\/16\\\/respalda-alvar-cambios-de-seguridad-en-leon\\\/\",\"url\":\"https:\\\/\\\/kuali.com.mx\\\/web\\\/2024\\\/02\\\/16\\\/respalda-alvar-cambios-de-seguridad-en-leon\\\/\",\"name\":\"RESPALDA ALVAR CAMBIOS DE SEGURIDAD EN LE\u00d3N - Kuali\",\"isPartOf\":{\"@id\":\"https:\\\/\\\/kuali.com.mx\\\/web\\\/#website\"},\"primaryImageOfPage\":{\"@id\":\"https:\\\/\\\/kuali.com.mx\\\/web\\\/2024\\\/02\\\/16\\\/respalda-alvar-cambios-de-seguridad-en-leon\\\/#primaryimage\"},\"image\":{\"@id\":\"https:\\\/\\\/kuali.com.mx\\\/web\\\/2024\\\/02\\\/16\\\/respalda-alvar-cambios-de-seguridad-en-leon\\\/#primaryimage\"},\"thumbnailUrl\":\"https:\\\/\\\/kuali.com.mx\\\/web\\\/wp-content\\\/uploads\\\/2024\\\/02\\\/secretario-de-Seguridad-Jorge-Gillen-y-alcaldesa-de-Leon.jpeg\",\"datePublished\":\"2024-02-17T00:05:34+00:00\",\"dateModified\":\"2024-02-17T00:05:37+00:00\",\"author\":{\"@id\":\"https:\\\/\\\/kuali.com.mx\\\/web\\\/#\\\/schema\\\/person\\\/6f89ffa8ecba9dae50662357923c5289\"},\"breadcrumb\":{\"@id\":\"https:\\\/\\\/kuali.com.mx\\\/web\\\/2024\\\/02\\\/16\\\/respalda-alvar-cambios-de-seguridad-en-leon\\\/#breadcrumb\"},\"inLanguage\":\"es\",\"potentialAction\":[{\"@type\":\"ReadAction\",\"target\":[\"https:\\\/\\\/kuali.com.mx\\\/web\\\/2024\\\/02\\\/16\\\/respalda-alvar-cambios-de-seguridad-en-leon\\\/\"]}]},{\"@type\":\"ImageObject\",\"inLanguage\":\"es\",\"@id\":\"https:\\\/\\\/kuali.com.mx\\\/web\\\/2024\\\/02\\\/16\\\/respalda-alvar-cambios-de-seguridad-en-leon\\\/#primaryimage\",\"url\":\"https:\\\/\\\/kuali.com.mx\\\/web\\\/wp-content\\\/uploads\\\/2024\\\/02\\\/secretario-de-Seguridad-Jorge-Gillen-y-alcaldesa-de-Leon.jpeg\",\"contentUrl\":\"https:\\\/\\\/kuali.com.mx\\\/web\\\/wp-content\\\/uploads\\\/2024\\\/02\\\/secretario-de-Seguridad-Jorge-Gillen-y-alcaldesa-de-Leon.jpeg\",\"width\":1782,\"height\":750},{\"@type\":\"BreadcrumbList\",\"@id\":\"https:\\\/\\\/kuali.com.mx\\\/web\\\/2024\\\/02\\\/16\\\/respalda-alvar-cambios-de-seguridad-en-leon\\\/#breadcrumb\",\"itemListElement\":[{\"@type\":\"ListItem\",\"position\":1,\"name\":\"Inicio\",\"item\":\"https:\\\/\\\/kuali.com.mx\\\/web\\\/\"},{\"@type\":\"ListItem\",\"position\":2,\"name\":\"RESPALDA ALVAR CAMBIOS DE SEGURIDAD EN LE\u00d3N\"}]},{\"@type\":\"WebSite\",\"@id\":\"https:\\\/\\\/kuali.com.mx\\\/web\\\/#website\",\"url\":\"https:\\\/\\\/kuali.com.mx\\\/web\\\/\",\"name\":\"Kuali\",\"description\":\"\",\"potentialAction\":[{\"@type\":\"SearchAction\",\"target\":{\"@type\":\"EntryPoint\",\"urlTemplate\":\"https:\\\/\\\/kuali.com.mx\\\/web\\\/?s={search_term_string}\"},\"query-input\":{\"@type\":\"PropertyValueSpecification\",\"valueRequired\":true,\"valueName\":\"search_term_string\"}}],\"inLanguage\":\"es\"},{\"@type\":\"Person\",\"@id\":\"https:\\\/\\\/kuali.com.mx\\\/web\\\/#\\\/schema\\\/person\\\/6f89ffa8ecba9dae50662357923c5289\",\"name\":\"Kuali Staff\",\"image\":{\"@type\":\"ImageObject\",\"inLanguage\":\"es\",\"@id\":\"https:\\\/\\\/secure.gravatar.com\\\/avatar\\\/f917ad82e5ab71227a733c78b6e60715476f69ee6be59feee4eb5d9920c89e0f?s=96&d=mm&r=g\",\"url\":\"https:\\\/\\\/secure.gravatar.com\\\/avatar\\\/f917ad82e5ab71227a733c78b6e60715476f69ee6be59feee4eb5d9920c89e0f?s=96&d=mm&r=g\",\"contentUrl\":\"https:\\\/\\\/secure.gravatar.com\\\/avatar\\\/f917ad82e5ab71227a733c78b6e60715476f69ee6be59feee4eb5d9920c89e0f?s=96&d=mm&r=g\",\"caption\":\"Kuali Staff\"},\"url\":\"https:\\\/\\\/kuali.com.mx\\\/web\\\/author\\\/lagarto\\\/\"}]}<\/script>\n<!-- \/ Yoast SEO plugin. -->","yoast_head_json":{"title":"RESPALDA ALVAR CAMBIOS DE SEGURIDAD EN LE\u00d3N - Kuali","robots":{"index":"index","follow":"follow","max-snippet":"max-snippet:-1","max-image-preview":"max-image-preview:large","max-video-preview":"max-video-preview:-1"},"canonical":"https:\/\/kuali.com.mx\/web\/2024\/02\/16\/respalda-alvar-cambios-de-seguridad-en-leon\/","og_locale":"es_MX","og_type":"article","og_title":"RESPALDA ALVAR CAMBIOS DE SEGURIDAD EN LE\u00d3N - Kuali","og_description":"Milagros Tadeo\/Le\u00f3n, Gto.-\u00a0El municipio de Le\u00f3n contar\u00e1 con todo el apoyo de las Fuerzas de Seguridad P\u00fablica del Estado ante la implementaci\u00f3n de su nueva estrategia de seguridad, la cual incluye, cambio de titulares, se\u00f1al\u00f3 el secretario de Seguridad P\u00fablica de Guanajuato, Alvar Cabeza de Vaca Appendini. A\u00f1adi\u00f3 que la alcaldesa, Alejandra Guti\u00e9rrez Campos, cuenta [&hellip;]","og_url":"https:\/\/kuali.com.mx\/web\/2024\/02\/16\/respalda-alvar-cambios-de-seguridad-en-leon\/","og_site_name":"Kuali","article_publisher":"https:\/\/kuali.com.mx\/web\/wp-content\/uploads\/2018\/04\/cropped-kuali_logo-1-1.png","article_published_time":"2024-02-17T00:05:34+00:00","article_modified_time":"2024-02-17T00:05:37+00:00","og_image":[{"width":1782,"height":750,"url":"https:\/\/kuali.com.mx\/web\/wp-content\/uploads\/2024\/02\/secretario-de-Seguridad-Jorge-Gillen-y-alcaldesa-de-Leon.jpeg","type":"image\/jpeg"}],"author":"Kuali Staff","twitter_card":"summary_large_image","twitter_creator":"@kuali_noticias","twitter_site":"@kuali_noticias","twitter_misc":{"Escrito por":"Kuali Staff","Tiempo de lectura":"1 minuto"},"schema":{"@context":"https:\/\/schema.org","@graph":[{"@type":"Article","@id":"https:\/\/kuali.com.mx\/web\/2024\/02\/16\/respalda-alvar-cambios-de-seguridad-en-leon\/#article","isPartOf":{"@id":"https:\/\/kuali.com.mx\/web\/2024\/02\/16\/respalda-alvar-cambios-de-seguridad-en-leon\/"},"author":{"name":"Kuali Staff","@id":"https:\/\/kuali.com.mx\/web\/#\/schema\/person\/6f89ffa8ecba9dae50662357923c5289"},"headline":"RESPALDA ALVAR CAMBIOS DE SEGURIDAD EN LE\u00d3N","datePublished":"2024-02-17T00:05:34+00:00","dateModified":"2024-02-17T00:05:37+00:00","mainEntityOfPage":{"@id":"https:\/\/kuali.com.mx\/web\/2024\/02\/16\/respalda-alvar-cambios-de-seguridad-en-leon\/"},"wordCount":295,"commentCount":0,"image":{"@id":"https:\/\/kuali.com.mx\/web\/2024\/02\/16\/respalda-alvar-cambios-de-seguridad-en-leon\/#primaryimage"},"thumbnailUrl":"https:\/\/kuali.com.mx\/web\/wp-content\/uploads\/2024\/02\/secretario-de-Seguridad-Jorge-Gillen-y-alcaldesa-de-Leon.jpeg","articleSection":["Pol\u00edtica","slider"],"inLanguage":"es","potentialAction":[{"@type":"CommentAction","name":"Comment","target":["https:\/\/kuali.com.mx\/web\/2024\/02\/16\/respalda-alvar-cambios-de-seguridad-en-leon\/#respond"]}]},{"@type":"WebPage","@id":"https:\/\/kuali.com.mx\/web\/2024\/02\/16\/respalda-alvar-cambios-de-seguridad-en-leon\/","url":"https:\/\/kuali.com.mx\/web\/2024\/02\/16\/respalda-alvar-cambios-de-seguridad-en-leon\/","name":"RESPALDA ALVAR CAMBIOS DE SEGURIDAD EN LE\u00d3N - Kuali","isPartOf":{"@id":"https:\/\/kuali.com.mx\/web\/#website"},"primaryImageOfPage":{"@id":"https:\/\/kuali.com.mx\/web\/2024\/02\/16\/respalda-alvar-cambios-de-seguridad-en-leon\/#primaryimage"},"image":{"@id":"https:\/\/kuali.com.mx\/web\/2024\/02\/16\/respalda-alvar-cambios-de-seguridad-en-leon\/#primaryimage"},"thumbnailUrl":"https:\/\/kuali.com.mx\/web\/wp-content\/uploads\/2024\/02\/secretario-de-Seguridad-Jorge-Gillen-y-alcaldesa-de-Leon.jpeg","datePublished":"2024-02-17T00:05:34+00:00","dateModified":"2024-02-17T00:05:37+00:00","author":{"@id":"https:\/\/kuali.com.mx\/web\/#\/schema\/person\/6f89ffa8ecba9dae50662357923c5289"},"breadcrumb":{"@id":"https:\/\/kuali.com.mx\/web\/2024\/02\/16\/respalda-alvar-cambios-de-seguridad-en-leon\/#breadcrumb"},"inLanguage":"es","potentialAction":[{"@type":"ReadAction","target":["https:\/\/kuali.com.mx\/web\/2024\/02\/16\/respalda-alvar-cambios-de-seguridad-en-leon\/"]}]},{"@type":"ImageObject","inLanguage":"es","@id":"https:\/\/kuali.com.mx\/web\/2024\/02\/16\/respalda-alvar-cambios-de-seguridad-en-leon\/#primaryimage","url":"https:\/\/kuali.com.mx\/web\/wp-content\/uploads\/2024\/02\/secretario-de-Seguridad-Jorge-Gillen-y-alcaldesa-de-Leon.jpeg","contentUrl":"https:\/\/kuali.com.mx\/web\/wp-content\/uploads\/2024\/02\/secretario-de-Seguridad-Jorge-Gillen-y-alcaldesa-de-Leon.jpeg","width":1782,"height":750},{"@type":"BreadcrumbList","@id":"https:\/\/kuali.com.mx\/web\/2024\/02\/16\/respalda-alvar-cambios-de-seguridad-en-leon\/#breadcrumb","itemListElement":[{"@type":"ListItem","position":1,"name":"Inicio","item":"https:\/\/kuali.com.mx\/web\/"},{"@type":"ListItem","position":2,"name":"RESPALDA ALVAR CAMBIOS DE SEGURIDAD EN LE\u00d3N"}]},{"@type":"WebSite","@id":"https:\/\/kuali.com.mx\/web\/#website","url":"https:\/\/kuali.com.mx\/web\/","name":"Kuali","description":"","potentialAction":[{"@type":"SearchAction","target":{"@type":"EntryPoint","urlTemplate":"https:\/\/kuali.com.mx\/web\/?s={search_term_string}"},"query-input":{"@type":"PropertyValueSpecification","valueRequired":true,"valueName":"search_term_string"}}],"inLanguage":"es"},{"@type":"Person","@id":"https:\/\/kuali.com.mx\/web\/#\/schema\/person\/6f89ffa8ecba9dae50662357923c5289","name":"Kuali Staff","image":{"@type":"ImageObject","inLanguage":"es","@id":"https:\/\/secure.gravatar.com\/avatar\/f917ad82e5ab71227a733c78b6e60715476f69ee6be59feee4eb5d9920c89e0f?s=96&d=mm&r=g","url":"https:\/\/secure.gravatar.com\/avatar\/f917ad82e5ab71227a733c78b6e60715476f69ee6be59feee4eb5d9920c89e0f?s=96&d=mm&r=g","contentUrl":"https:\/\/secure.gravatar.com\/avatar\/f917ad82e5ab71227a733c78b6e60715476f69ee6be59feee4eb5d9920c89e0f?s=96&d=mm&r=g","caption":"Kuali Staff"},"url":"https:\/\/kuali.com.mx\/web\/author\/lagarto\/"}]}},"_links":{"self":[{"href":"https:\/\/kuali.com.mx\/web\/wp-json\/wp\/v2\/posts\/136417","targetHints":{"allow":["GET"]}}],"collection":[{"href":"https:\/\/kuali.com.mx\/web\/wp-json\/wp\/v2\/posts"}],"about":[{"href":"https:\/\/kuali.com.mx\/web\/wp-json\/wp\/v2\/types\/post"}],"author":[{"embeddable":true,"href":"https:\/\/kuali.com.mx\/web\/wp-json\/wp\/v2\/users\/2"}],"replies":[{"embeddable":true,"href":"https:\/\/kuali.com.mx\/web\/wp-json\/wp\/v2\/comments?post=136417"}],"version-history":[{"count":1,"href":"https:\/\/kuali.com.mx\/web\/wp-json\/wp\/v2\/posts\/136417\/revisions"}],"predecessor-version":[{"id":136420,"href":"https:\/\/kuali.com.mx\/web\/wp-json\/wp\/v2\/posts\/136417\/revisions\/136420"}],"wp:featuredmedia":[{"embeddable":true,"href":"https:\/\/kuali.com.mx\/web\/wp-json\/wp\/v2\/media\/136257"}],"wp:attachment":[{"href":"https:\/\/kuali.com.mx\/web\/wp-json\/wp\/v2\/media?parent=136417"}],"wp:term":[{"taxonomy":"category","embeddable":true,"href":"https:\/\/kuali.com.mx\/web\/wp-json\/wp\/v2\/categories?post=136417"},{"taxonomy":"post_tag","embeddable":true,"href":"https:\/\/kuali.com.mx\/web\/wp-json\/wp\/v2\/tags?post=136417"}],"curies":[{"name":"wp","href":"https:\/\/api.w.org\/{rel}","templated":true}]}}