{"id":136293,"date":"2024-02-14T16:00:39","date_gmt":"2024-02-14T22:00:39","guid":{"rendered":"https:\/\/kuali.com.mx\/web\/?p=136293"},"modified":"2024-02-14T22:16:04","modified_gmt":"2024-02-15T04:16:04","slug":"piden-empresarios-no-politizar-inseguridad","status":"publish","type":"post","link":"https:\/\/kuali.com.mx\/web\/2024\/02\/14\/piden-empresarios-no-politizar-inseguridad\/","title":{"rendered":"PIDEN EMPRESARIOS NO POLITIZAR INSEGURIDAD"},"content":{"rendered":"\n<p><strong><em>Sandra Flores\/Le\u00f3n, Gto.-<\/em><\/strong>El problema de la inseguridad no se debe politizar en este a\u00f1o electoral y las autoridades deben tener \u201ccompromisos claros y medibles que nos permitan evaluar su desempe\u00f1o con base en resultados\u201d, pidi\u00f3 el presidente del Consejo Coordinador Empresarial de Le\u00f3n, Roberto Novoa.<\/p>\n\n\n\n<p>El l\u00edder empresarial emiti\u00f3 un pronunciamiento sobre el tema de seguridad, despu\u00e9s de que fue cesado el secretario de Seguridad, Mario Bravo Arrona; quien fue sustituido por Jorge Gill\u00e9n Rico.<\/p>\n\n\n\n<p>Sin mencionar el cambio de mando de seguridad y de estrategia anunciadas por la alcaldesa de Le\u00f3n, Alejandra Guti\u00e9rrez Campos; el representante de los empresarios leoneses hizo un llamado a \u201clas autoridades presentes y a las que pretendan ser elegidas, a que asuman su responsabilidad con los ciudadanos. Que establezcan compromisos claros y medibles que nos permitan evaluar su desempe\u00f1o con base en resultados, actuando con integridad y transparencia, y trabajando incansablemente para cumplir con las expectativas de seguridad que la ciudadan\u00eda merece\u201d.<\/p>\n\n\n\n<p>Agreg\u00f3 que la estabilidad y bienestar de la poblaci\u00f3n son elementos fundamentales que no deben ser instrumentalizados para obtener r\u00e9ditos partidistas.<\/p>\n\n\n\n<p>\u201cEn este sentido, subrayamos la importancia de continuar invirtiendo en la capacitaci\u00f3n de las fuerzas de seguridad municipal, estatal y federal\u201d, recomend\u00f3.<\/p>\n\n\n\n<p>A\u00f1adi\u00f3 que la capacitaci\u00f3n constante fortalece las habilidades t\u00e9cnicas de los elementos y fomenta una cultura de servicio.<\/p>\n\n\n\n<p>\u201cEs importante enfatizar que la seguridad es un compromiso que va m\u00e1s all\u00e1 de colores partidistas y demanda una visi\u00f3n unificada y una coordinaci\u00f3n eficaz para lograr resultados efectivos, en beneficio de los ciudadanos\u201d, reiter\u00f3.<\/p>\n\n\n\n<p>Ante la inseguridad que vive la poblaci\u00f3n es momento de cerrar filas para poner un l\u00edmite a la delincuencia, pidi\u00f3 Novoa.<\/p>\n\n\n\n<p>\u201cExhortamos a todos los actores involucrados a implementar las acciones necesarias para hacer prevalecer el estado de derecho, que nadie est\u00e9 por encima de la ley, y que la polarizaci\u00f3n, en este tema, solo facilita la impunidad y obstaculiza los esfuerzos conjuntos para construir un entorno seguro y justo para todos los ciudadanos\u201d, remat\u00f3.<\/p>\n","protected":false},"excerpt":{"rendered":"Sandra Flores\/Le\u00f3n, Gto.-El problema de la inseguridad no se debe politizar en este a\u00f1o electoral y las autoridades deben tener \u201ccompromisos claros y medibles que nos permitan evaluar su desempe\u00f1o con base en resultados\u201d, pidi\u00f3 el presidente del Consejo Coordinador Empresarial de Le\u00f3n, Roberto Novoa. El l\u00edder empresarial emiti\u00f3 un pronunciamiento sobre el tema de [&hellip;]","protected":false},"author":2,"featured_media":109019,"comment_status":"open","ping_status":"open","sticky":false,"template":"","format":"standard","meta":{"_seopress_robots_primary_cat":"none","_seopress_titles_title":"","_seopress_titles_desc":"","_seopress_robots_index":"","_monsterinsights_skip_tracking":false,"_monsterinsights_sitenote_active":false,"_monsterinsights_sitenote_note":"","_monsterinsights_sitenote_category":0,"footnotes":""},"categories":[3],"tags":[],"class_list":["post-136293","post","type-post","status-publish","format-standard","has-post-thumbnail","hentry","category-politica"],"yoast_head":"<!-- This site is optimized with the Yoast SEO plugin v27.4 - https:\/\/yoast.com\/product\/yoast-seo-wordpress\/ -->\n<title>PIDEN EMPRESARIOS NO POLITIZAR INSEGURIDAD - Kuali<\/title>\n<meta name=\"robots\" content=\"index, follow, max-snippet:-1, max-image-preview:large, max-video-preview:-1\" \/>\n<link rel=\"canonical\" href=\"https:\/\/kuali.com.mx\/web\/2024\/02\/14\/piden-empresarios-no-politizar-inseguridad\/\" \/>\n<meta property=\"og:locale\" content=\"es_MX\" \/>\n<meta property=\"og:type\" content=\"article\" \/>\n<meta property=\"og:title\" content=\"PIDEN EMPRESARIOS NO POLITIZAR INSEGURIDAD - Kuali\" \/>\n<meta property=\"og:description\" content=\"Sandra Flores\/Le\u00f3n, Gto.-El problema de la inseguridad no se debe politizar en este a\u00f1o electoral y las autoridades deben tener \u201ccompromisos claros y medibles que nos permitan evaluar su desempe\u00f1o con base en resultados\u201d, pidi\u00f3 el presidente del Consejo Coordinador Empresarial de Le\u00f3n, Roberto Novoa. El l\u00edder empresarial emiti\u00f3 un pronunciamiento sobre el tema de [&hellip;]\" \/>\n<meta property=\"og:url\" content=\"https:\/\/kuali.com.mx\/web\/2024\/02\/14\/piden-empresarios-no-politizar-inseguridad\/\" \/>\n<meta property=\"og:site_name\" content=\"Kuali\" \/>\n<meta property=\"article:publisher\" content=\"https:\/\/kuali.com.mx\/web\/wp-content\/uploads\/2018\/04\/cropped-kuali_logo-1-1.png\" \/>\n<meta property=\"article:published_time\" content=\"2024-02-14T22:00:39+00:00\" \/>\n<meta property=\"article:modified_time\" content=\"2024-02-15T04:16:04+00:00\" \/>\n<meta property=\"og:image\" content=\"https:\/\/kuali.com.mx\/web\/wp-content\/uploads\/2022\/12\/Policia.jpg\" \/>\n\t<meta property=\"og:image:width\" content=\"1600\" \/>\n\t<meta property=\"og:image:height\" content=\"1064\" \/>\n\t<meta property=\"og:image:type\" content=\"image\/jpeg\" \/>\n<meta name=\"author\" content=\"Kuali Staff\" \/>\n<meta name=\"twitter:card\" content=\"summary_large_image\" \/>\n<meta name=\"twitter:creator\" content=\"@kuali_noticias\" \/>\n<meta name=\"twitter:site\" content=\"@kuali_noticias\" \/>\n<meta name=\"twitter:label1\" content=\"Escrito por\" \/>\n\t<meta name=\"twitter:data1\" content=\"Kuali Staff\" \/>\n\t<meta name=\"twitter:label2\" content=\"Tiempo de lectura\" \/>\n\t<meta name=\"twitter:data2\" content=\"2 minutos\" \/>\n<script type=\"application\/ld+json\" class=\"yoast-schema-graph\">{\"@context\":\"https:\\\/\\\/schema.org\",\"@graph\":[{\"@type\":\"Article\",\"@id\":\"https:\\\/\\\/kuali.com.mx\\\/web\\\/2024\\\/02\\\/14\\\/piden-empresarios-no-politizar-inseguridad\\\/#article\",\"isPartOf\":{\"@id\":\"https:\\\/\\\/kuali.com.mx\\\/web\\\/2024\\\/02\\\/14\\\/piden-empresarios-no-politizar-inseguridad\\\/\"},\"author\":{\"name\":\"Kuali Staff\",\"@id\":\"https:\\\/\\\/kuali.com.mx\\\/web\\\/#\\\/schema\\\/person\\\/6f89ffa8ecba9dae50662357923c5289\"},\"headline\":\"PIDEN EMPRESARIOS NO POLITIZAR INSEGURIDAD\",\"datePublished\":\"2024-02-14T22:00:39+00:00\",\"dateModified\":\"2024-02-15T04:16:04+00:00\",\"mainEntityOfPage\":{\"@id\":\"https:\\\/\\\/kuali.com.mx\\\/web\\\/2024\\\/02\\\/14\\\/piden-empresarios-no-politizar-inseguridad\\\/\"},\"wordCount\":360,\"commentCount\":0,\"image\":{\"@id\":\"https:\\\/\\\/kuali.com.mx\\\/web\\\/2024\\\/02\\\/14\\\/piden-empresarios-no-politizar-inseguridad\\\/#primaryimage\"},\"thumbnailUrl\":\"https:\\\/\\\/kuali.com.mx\\\/web\\\/wp-content\\\/uploads\\\/2022\\\/12\\\/Policia.jpg\",\"articleSection\":[\"Pol\u00edtica\"],\"inLanguage\":\"es\",\"potentialAction\":[{\"@type\":\"CommentAction\",\"name\":\"Comment\",\"target\":[\"https:\\\/\\\/kuali.com.mx\\\/web\\\/2024\\\/02\\\/14\\\/piden-empresarios-no-politizar-inseguridad\\\/#respond\"]}]},{\"@type\":\"WebPage\",\"@id\":\"https:\\\/\\\/kuali.com.mx\\\/web\\\/2024\\\/02\\\/14\\\/piden-empresarios-no-politizar-inseguridad\\\/\",\"url\":\"https:\\\/\\\/kuali.com.mx\\\/web\\\/2024\\\/02\\\/14\\\/piden-empresarios-no-politizar-inseguridad\\\/\",\"name\":\"PIDEN EMPRESARIOS NO POLITIZAR INSEGURIDAD - Kuali\",\"isPartOf\":{\"@id\":\"https:\\\/\\\/kuali.com.mx\\\/web\\\/#website\"},\"primaryImageOfPage\":{\"@id\":\"https:\\\/\\\/kuali.com.mx\\\/web\\\/2024\\\/02\\\/14\\\/piden-empresarios-no-politizar-inseguridad\\\/#primaryimage\"},\"image\":{\"@id\":\"https:\\\/\\\/kuali.com.mx\\\/web\\\/2024\\\/02\\\/14\\\/piden-empresarios-no-politizar-inseguridad\\\/#primaryimage\"},\"thumbnailUrl\":\"https:\\\/\\\/kuali.com.mx\\\/web\\\/wp-content\\\/uploads\\\/2022\\\/12\\\/Policia.jpg\",\"datePublished\":\"2024-02-14T22:00:39+00:00\",\"dateModified\":\"2024-02-15T04:16:04+00:00\",\"author\":{\"@id\":\"https:\\\/\\\/kuali.com.mx\\\/web\\\/#\\\/schema\\\/person\\\/6f89ffa8ecba9dae50662357923c5289\"},\"breadcrumb\":{\"@id\":\"https:\\\/\\\/kuali.com.mx\\\/web\\\/2024\\\/02\\\/14\\\/piden-empresarios-no-politizar-inseguridad\\\/#breadcrumb\"},\"inLanguage\":\"es\",\"potentialAction\":[{\"@type\":\"ReadAction\",\"target\":[\"https:\\\/\\\/kuali.com.mx\\\/web\\\/2024\\\/02\\\/14\\\/piden-empresarios-no-politizar-inseguridad\\\/\"]}]},{\"@type\":\"ImageObject\",\"inLanguage\":\"es\",\"@id\":\"https:\\\/\\\/kuali.com.mx\\\/web\\\/2024\\\/02\\\/14\\\/piden-empresarios-no-politizar-inseguridad\\\/#primaryimage\",\"url\":\"https:\\\/\\\/kuali.com.mx\\\/web\\\/wp-content\\\/uploads\\\/2022\\\/12\\\/Policia.jpg\",\"contentUrl\":\"https:\\\/\\\/kuali.com.mx\\\/web\\\/wp-content\\\/uploads\\\/2022\\\/12\\\/Policia.jpg\",\"width\":1600,\"height\":1064},{\"@type\":\"BreadcrumbList\",\"@id\":\"https:\\\/\\\/kuali.com.mx\\\/web\\\/2024\\\/02\\\/14\\\/piden-empresarios-no-politizar-inseguridad\\\/#breadcrumb\",\"itemListElement\":[{\"@type\":\"ListItem\",\"position\":1,\"name\":\"Inicio\",\"item\":\"https:\\\/\\\/kuali.com.mx\\\/web\\\/\"},{\"@type\":\"ListItem\",\"position\":2,\"name\":\"PIDEN EMPRESARIOS NO POLITIZAR INSEGURIDAD\"}]},{\"@type\":\"WebSite\",\"@id\":\"https:\\\/\\\/kuali.com.mx\\\/web\\\/#website\",\"url\":\"https:\\\/\\\/kuali.com.mx\\\/web\\\/\",\"name\":\"Kuali\",\"description\":\"\",\"potentialAction\":[{\"@type\":\"SearchAction\",\"target\":{\"@type\":\"EntryPoint\",\"urlTemplate\":\"https:\\\/\\\/kuali.com.mx\\\/web\\\/?s={search_term_string}\"},\"query-input\":{\"@type\":\"PropertyValueSpecification\",\"valueRequired\":true,\"valueName\":\"search_term_string\"}}],\"inLanguage\":\"es\"},{\"@type\":\"Person\",\"@id\":\"https:\\\/\\\/kuali.com.mx\\\/web\\\/#\\\/schema\\\/person\\\/6f89ffa8ecba9dae50662357923c5289\",\"name\":\"Kuali Staff\",\"image\":{\"@type\":\"ImageObject\",\"inLanguage\":\"es\",\"@id\":\"https:\\\/\\\/secure.gravatar.com\\\/avatar\\\/f917ad82e5ab71227a733c78b6e60715476f69ee6be59feee4eb5d9920c89e0f?s=96&d=mm&r=g\",\"url\":\"https:\\\/\\\/secure.gravatar.com\\\/avatar\\\/f917ad82e5ab71227a733c78b6e60715476f69ee6be59feee4eb5d9920c89e0f?s=96&d=mm&r=g\",\"contentUrl\":\"https:\\\/\\\/secure.gravatar.com\\\/avatar\\\/f917ad82e5ab71227a733c78b6e60715476f69ee6be59feee4eb5d9920c89e0f?s=96&d=mm&r=g\",\"caption\":\"Kuali Staff\"},\"url\":\"https:\\\/\\\/kuali.com.mx\\\/web\\\/author\\\/lagarto\\\/\"}]}<\/script>\n<!-- \/ Yoast SEO plugin. -->","yoast_head_json":{"title":"PIDEN EMPRESARIOS NO POLITIZAR INSEGURIDAD - Kuali","robots":{"index":"index","follow":"follow","max-snippet":"max-snippet:-1","max-image-preview":"max-image-preview:large","max-video-preview":"max-video-preview:-1"},"canonical":"https:\/\/kuali.com.mx\/web\/2024\/02\/14\/piden-empresarios-no-politizar-inseguridad\/","og_locale":"es_MX","og_type":"article","og_title":"PIDEN EMPRESARIOS NO POLITIZAR INSEGURIDAD - Kuali","og_description":"Sandra Flores\/Le\u00f3n, Gto.-El problema de la inseguridad no se debe politizar en este a\u00f1o electoral y las autoridades deben tener \u201ccompromisos claros y medibles que nos permitan evaluar su desempe\u00f1o con base en resultados\u201d, pidi\u00f3 el presidente del Consejo Coordinador Empresarial de Le\u00f3n, Roberto Novoa. El l\u00edder empresarial emiti\u00f3 un pronunciamiento sobre el tema de [&hellip;]","og_url":"https:\/\/kuali.com.mx\/web\/2024\/02\/14\/piden-empresarios-no-politizar-inseguridad\/","og_site_name":"Kuali","article_publisher":"https:\/\/kuali.com.mx\/web\/wp-content\/uploads\/2018\/04\/cropped-kuali_logo-1-1.png","article_published_time":"2024-02-14T22:00:39+00:00","article_modified_time":"2024-02-15T04:16:04+00:00","og_image":[{"width":1600,"height":1064,"url":"https:\/\/kuali.com.mx\/web\/wp-content\/uploads\/2022\/12\/Policia.jpg","type":"image\/jpeg"}],"author":"Kuali Staff","twitter_card":"summary_large_image","twitter_creator":"@kuali_noticias","twitter_site":"@kuali_noticias","twitter_misc":{"Escrito por":"Kuali Staff","Tiempo de lectura":"2 minutos"},"schema":{"@context":"https:\/\/schema.org","@graph":[{"@type":"Article","@id":"https:\/\/kuali.com.mx\/web\/2024\/02\/14\/piden-empresarios-no-politizar-inseguridad\/#article","isPartOf":{"@id":"https:\/\/kuali.com.mx\/web\/2024\/02\/14\/piden-empresarios-no-politizar-inseguridad\/"},"author":{"name":"Kuali Staff","@id":"https:\/\/kuali.com.mx\/web\/#\/schema\/person\/6f89ffa8ecba9dae50662357923c5289"},"headline":"PIDEN EMPRESARIOS NO POLITIZAR INSEGURIDAD","datePublished":"2024-02-14T22:00:39+00:00","dateModified":"2024-02-15T04:16:04+00:00","mainEntityOfPage":{"@id":"https:\/\/kuali.com.mx\/web\/2024\/02\/14\/piden-empresarios-no-politizar-inseguridad\/"},"wordCount":360,"commentCount":0,"image":{"@id":"https:\/\/kuali.com.mx\/web\/2024\/02\/14\/piden-empresarios-no-politizar-inseguridad\/#primaryimage"},"thumbnailUrl":"https:\/\/kuali.com.mx\/web\/wp-content\/uploads\/2022\/12\/Policia.jpg","articleSection":["Pol\u00edtica"],"inLanguage":"es","potentialAction":[{"@type":"CommentAction","name":"Comment","target":["https:\/\/kuali.com.mx\/web\/2024\/02\/14\/piden-empresarios-no-politizar-inseguridad\/#respond"]}]},{"@type":"WebPage","@id":"https:\/\/kuali.com.mx\/web\/2024\/02\/14\/piden-empresarios-no-politizar-inseguridad\/","url":"https:\/\/kuali.com.mx\/web\/2024\/02\/14\/piden-empresarios-no-politizar-inseguridad\/","name":"PIDEN EMPRESARIOS NO POLITIZAR INSEGURIDAD - Kuali","isPartOf":{"@id":"https:\/\/kuali.com.mx\/web\/#website"},"primaryImageOfPage":{"@id":"https:\/\/kuali.com.mx\/web\/2024\/02\/14\/piden-empresarios-no-politizar-inseguridad\/#primaryimage"},"image":{"@id":"https:\/\/kuali.com.mx\/web\/2024\/02\/14\/piden-empresarios-no-politizar-inseguridad\/#primaryimage"},"thumbnailUrl":"https:\/\/kuali.com.mx\/web\/wp-content\/uploads\/2022\/12\/Policia.jpg","datePublished":"2024-02-14T22:00:39+00:00","dateModified":"2024-02-15T04:16:04+00:00","author":{"@id":"https:\/\/kuali.com.mx\/web\/#\/schema\/person\/6f89ffa8ecba9dae50662357923c5289"},"breadcrumb":{"@id":"https:\/\/kuali.com.mx\/web\/2024\/02\/14\/piden-empresarios-no-politizar-inseguridad\/#breadcrumb"},"inLanguage":"es","potentialAction":[{"@type":"ReadAction","target":["https:\/\/kuali.com.mx\/web\/2024\/02\/14\/piden-empresarios-no-politizar-inseguridad\/"]}]},{"@type":"ImageObject","inLanguage":"es","@id":"https:\/\/kuali.com.mx\/web\/2024\/02\/14\/piden-empresarios-no-politizar-inseguridad\/#primaryimage","url":"https:\/\/kuali.com.mx\/web\/wp-content\/uploads\/2022\/12\/Policia.jpg","contentUrl":"https:\/\/kuali.com.mx\/web\/wp-content\/uploads\/2022\/12\/Policia.jpg","width":1600,"height":1064},{"@type":"BreadcrumbList","@id":"https:\/\/kuali.com.mx\/web\/2024\/02\/14\/piden-empresarios-no-politizar-inseguridad\/#breadcrumb","itemListElement":[{"@type":"ListItem","position":1,"name":"Inicio","item":"https:\/\/kuali.com.mx\/web\/"},{"@type":"ListItem","position":2,"name":"PIDEN EMPRESARIOS NO POLITIZAR INSEGURIDAD"}]},{"@type":"WebSite","@id":"https:\/\/kuali.com.mx\/web\/#website","url":"https:\/\/kuali.com.mx\/web\/","name":"Kuali","description":"","potentialAction":[{"@type":"SearchAction","target":{"@type":"EntryPoint","urlTemplate":"https:\/\/kuali.com.mx\/web\/?s={search_term_string}"},"query-input":{"@type":"PropertyValueSpecification","valueRequired":true,"valueName":"search_term_string"}}],"inLanguage":"es"},{"@type":"Person","@id":"https:\/\/kuali.com.mx\/web\/#\/schema\/person\/6f89ffa8ecba9dae50662357923c5289","name":"Kuali Staff","image":{"@type":"ImageObject","inLanguage":"es","@id":"https:\/\/secure.gravatar.com\/avatar\/f917ad82e5ab71227a733c78b6e60715476f69ee6be59feee4eb5d9920c89e0f?s=96&d=mm&r=g","url":"https:\/\/secure.gravatar.com\/avatar\/f917ad82e5ab71227a733c78b6e60715476f69ee6be59feee4eb5d9920c89e0f?s=96&d=mm&r=g","contentUrl":"https:\/\/secure.gravatar.com\/avatar\/f917ad82e5ab71227a733c78b6e60715476f69ee6be59feee4eb5d9920c89e0f?s=96&d=mm&r=g","caption":"Kuali Staff"},"url":"https:\/\/kuali.com.mx\/web\/author\/lagarto\/"}]}},"_links":{"self":[{"href":"https:\/\/kuali.com.mx\/web\/wp-json\/wp\/v2\/posts\/136293","targetHints":{"allow":["GET"]}}],"collection":[{"href":"https:\/\/kuali.com.mx\/web\/wp-json\/wp\/v2\/posts"}],"about":[{"href":"https:\/\/kuali.com.mx\/web\/wp-json\/wp\/v2\/types\/post"}],"author":[{"embeddable":true,"href":"https:\/\/kuali.com.mx\/web\/wp-json\/wp\/v2\/users\/2"}],"replies":[{"embeddable":true,"href":"https:\/\/kuali.com.mx\/web\/wp-json\/wp\/v2\/comments?post=136293"}],"version-history":[{"count":1,"href":"https:\/\/kuali.com.mx\/web\/wp-json\/wp\/v2\/posts\/136293\/revisions"}],"predecessor-version":[{"id":136296,"href":"https:\/\/kuali.com.mx\/web\/wp-json\/wp\/v2\/posts\/136293\/revisions\/136296"}],"wp:featuredmedia":[{"embeddable":true,"href":"https:\/\/kuali.com.mx\/web\/wp-json\/wp\/v2\/media\/109019"}],"wp:attachment":[{"href":"https:\/\/kuali.com.mx\/web\/wp-json\/wp\/v2\/media?parent=136293"}],"wp:term":[{"taxonomy":"category","embeddable":true,"href":"https:\/\/kuali.com.mx\/web\/wp-json\/wp\/v2\/categories?post=136293"},{"taxonomy":"post_tag","embeddable":true,"href":"https:\/\/kuali.com.mx\/web\/wp-json\/wp\/v2\/tags?post=136293"}],"curies":[{"name":"wp","href":"https:\/\/api.w.org\/{rel}","templated":true}]}}