{"id":136232,"date":"2024-02-13T15:25:01","date_gmt":"2024-02-13T21:25:01","guid":{"rendered":"https:\/\/kuali.com.mx\/web\/?p=136232"},"modified":"2024-02-14T07:53:27","modified_gmt":"2024-02-14T13:53:27","slug":"presentan-a-harlem-medina-como-tecnico-de-la-trinca","status":"publish","type":"post","link":"https:\/\/kuali.com.mx\/web\/2024\/02\/13\/presentan-a-harlem-medina-como-tecnico-de-la-trinca\/","title":{"rendered":"PRESENTAN A &#8220;HARLEM&#8221; MEDINA COMO T\u00c9CNICO DE LA TRINCA"},"content":{"rendered":"\n<p><em><strong>H\u00e9ctor Ar\u00e9valo\/Foto.Club Irapuato\/Irapuato,Gto.<\/strong><\/em>-Este martes se hizo la presentaci\u00f3n oficial de V\u00edctor 'Harlem' Medina Mart\u00ednez, como nuevo D.T. de la Trinca Fresera del Irapuato, por parte de la directiva que d\u00edas antes hab\u00eda dado las gracias al estratega saliente, ante el declive de resultados arrojados por el equipo durante sus m\u00e1s recientes actuaciones.<\/p>\n\n\n\n<p>Durante la pr\u00e1ctica realizada por la ma\u00f1ana por la plantilla de jugadores, la directiva present\u00f3 a Medina ante sus nuevos dirigidos y para horas m\u00e1s tarde se ten\u00eda previsto hacer lo propio ante los medios de comunicaci\u00f3n, quienes inquirieron sobre su trayectoria en el balompi\u00e9 profesional.<\/p>\n\n\n\n<p>La que por cierto es bastante amplia y por lo tanto recomendable, sobre todo porque ha trabajado en la formaci\u00f3n de j\u00f3venes que en su momento han dado el salto a primera divisi\u00f3n en clubes como Cruz Azul y Am\u00e9rica, incluso a nivel selecci\u00f3n juvenil, por lo que su experiencia es amplia y hace esperar que conduzca a la Trinca a los primeros planos.<\/p>\n\n\n\n<p>Medina present\u00f3 adem\u00e1s como su auxiliar t\u00e9cnico a Margarito Torres, en quien ha manifestado tener total confianza en su trabajo de estratega, comprometi\u00e9ndose a aplicar toda su experiencia y conocimientos para hacer que el equipo Irapuato se mantenga como protagonista en el grupo 2 de la Liga Premier.<\/p>\n\n\n\n<p>Por lo pronto Medina ya estar\u00e1 dirigiendo a los 'Azulgrana' en el encuentro que el pr\u00f3ximo s\u00e1bado&nbsp; 17 del presente mes, estar\u00e1 disputando en calidad de visitante frente al Club Canc\u00fan y as\u00ed avanzar en la cima que lo reporta con 38 unidades que lo confirman en la cuarta posici\u00f3n.<\/p>\n","protected":false},"excerpt":{"rendered":"H\u00e9ctor Ar\u00e9valo\/Foto.Club Irapuato\/Irapuato,Gto.-Este martes se hizo la presentaci\u00f3n oficial de V\u00edctor 'Harlem' Medina Mart\u00ednez, como nuevo D.T. de la Trinca Fresera del Irapuato, por parte de la directiva que d\u00edas antes hab\u00eda dado las gracias al estratega saliente, ante el declive de resultados arrojados por el equipo durante sus m\u00e1s recientes actuaciones. Durante la pr\u00e1ctica [&hellip;]","protected":false},"author":2,"featured_media":136234,"comment_status":"open","ping_status":"open","sticky":false,"template":"","format":"standard","meta":{"_seopress_robots_primary_cat":"none","_seopress_titles_title":"","_seopress_titles_desc":"","_seopress_robots_index":"","_monsterinsights_skip_tracking":false,"_monsterinsights_sitenote_active":false,"_monsterinsights_sitenote_note":"","_monsterinsights_sitenote_category":0,"footnotes":""},"categories":[16],"tags":[],"class_list":["post-136232","post","type-post","status-publish","format-standard","has-post-thumbnail","hentry","category-deportes"],"yoast_head":"<!-- This site is optimized with the Yoast SEO plugin v27.4 - https:\/\/yoast.com\/product\/yoast-seo-wordpress\/ -->\n<title>PRESENTAN A &quot;HARLEM&quot; MEDINA COMO T\u00c9CNICO DE LA TRINCA - Kuali<\/title>\n<meta name=\"robots\" content=\"index, follow, max-snippet:-1, max-image-preview:large, max-video-preview:-1\" \/>\n<link rel=\"canonical\" href=\"https:\/\/kuali.com.mx\/web\/2024\/02\/13\/presentan-a-harlem-medina-como-tecnico-de-la-trinca\/\" \/>\n<meta property=\"og:locale\" content=\"es_MX\" \/>\n<meta property=\"og:type\" content=\"article\" \/>\n<meta property=\"og:title\" content=\"PRESENTAN A &quot;HARLEM&quot; MEDINA COMO T\u00c9CNICO DE LA TRINCA - Kuali\" \/>\n<meta property=\"og:description\" content=\"H\u00e9ctor Ar\u00e9valo\/Foto.Club Irapuato\/Irapuato,Gto.-Este martes se hizo la presentaci\u00f3n oficial de V\u00edctor &#039;Harlem&#039; Medina Mart\u00ednez, como nuevo D.T. de la Trinca Fresera del Irapuato, por parte de la directiva que d\u00edas antes hab\u00eda dado las gracias al estratega saliente, ante el declive de resultados arrojados por el equipo durante sus m\u00e1s recientes actuaciones. Durante la pr\u00e1ctica [&hellip;]\" \/>\n<meta property=\"og:url\" content=\"https:\/\/kuali.com.mx\/web\/2024\/02\/13\/presentan-a-harlem-medina-como-tecnico-de-la-trinca\/\" \/>\n<meta property=\"og:site_name\" content=\"Kuali\" \/>\n<meta property=\"article:publisher\" content=\"https:\/\/kuali.com.mx\/web\/wp-content\/uploads\/2018\/04\/cropped-kuali_logo-1-1.png\" \/>\n<meta property=\"article:published_time\" content=\"2024-02-13T21:25:01+00:00\" \/>\n<meta property=\"article:modified_time\" content=\"2024-02-14T13:53:27+00:00\" \/>\n<meta property=\"og:image\" content=\"https:\/\/kuali.com.mx\/web\/wp-content\/uploads\/2024\/02\/tecnico.jpg\" \/>\n\t<meta property=\"og:image:width\" content=\"1618\" \/>\n\t<meta property=\"og:image:height\" content=\"750\" \/>\n\t<meta property=\"og:image:type\" content=\"image\/jpeg\" \/>\n<meta name=\"author\" content=\"Kuali Staff\" \/>\n<meta name=\"twitter:card\" content=\"summary_large_image\" \/>\n<meta name=\"twitter:creator\" content=\"@kuali_noticias\" \/>\n<meta name=\"twitter:site\" content=\"@kuali_noticias\" \/>\n<meta name=\"twitter:label1\" content=\"Escrito por\" \/>\n\t<meta name=\"twitter:data1\" content=\"Kuali Staff\" \/>\n\t<meta name=\"twitter:label2\" content=\"Tiempo de lectura\" \/>\n\t<meta name=\"twitter:data2\" content=\"1 minuto\" \/>\n<script type=\"application\/ld+json\" class=\"yoast-schema-graph\">{\"@context\":\"https:\\\/\\\/schema.org\",\"@graph\":[{\"@type\":\"Article\",\"@id\":\"https:\\\/\\\/kuali.com.mx\\\/web\\\/2024\\\/02\\\/13\\\/presentan-a-harlem-medina-como-tecnico-de-la-trinca\\\/#article\",\"isPartOf\":{\"@id\":\"https:\\\/\\\/kuali.com.mx\\\/web\\\/2024\\\/02\\\/13\\\/presentan-a-harlem-medina-como-tecnico-de-la-trinca\\\/\"},\"author\":{\"name\":\"Kuali Staff\",\"@id\":\"https:\\\/\\\/kuali.com.mx\\\/web\\\/#\\\/schema\\\/person\\\/6f89ffa8ecba9dae50662357923c5289\"},\"headline\":\"PRESENTAN A &#8220;HARLEM&#8221; MEDINA COMO T\u00c9CNICO DE LA TRINCA\",\"datePublished\":\"2024-02-13T21:25:01+00:00\",\"dateModified\":\"2024-02-14T13:53:27+00:00\",\"mainEntityOfPage\":{\"@id\":\"https:\\\/\\\/kuali.com.mx\\\/web\\\/2024\\\/02\\\/13\\\/presentan-a-harlem-medina-como-tecnico-de-la-trinca\\\/\"},\"wordCount\":299,\"commentCount\":0,\"image\":{\"@id\":\"https:\\\/\\\/kuali.com.mx\\\/web\\\/2024\\\/02\\\/13\\\/presentan-a-harlem-medina-como-tecnico-de-la-trinca\\\/#primaryimage\"},\"thumbnailUrl\":\"https:\\\/\\\/kuali.com.mx\\\/web\\\/wp-content\\\/uploads\\\/2024\\\/02\\\/tecnico.jpg\",\"articleSection\":[\"Deportes\"],\"inLanguage\":\"es\",\"potentialAction\":[{\"@type\":\"CommentAction\",\"name\":\"Comment\",\"target\":[\"https:\\\/\\\/kuali.com.mx\\\/web\\\/2024\\\/02\\\/13\\\/presentan-a-harlem-medina-como-tecnico-de-la-trinca\\\/#respond\"]}]},{\"@type\":\"WebPage\",\"@id\":\"https:\\\/\\\/kuali.com.mx\\\/web\\\/2024\\\/02\\\/13\\\/presentan-a-harlem-medina-como-tecnico-de-la-trinca\\\/\",\"url\":\"https:\\\/\\\/kuali.com.mx\\\/web\\\/2024\\\/02\\\/13\\\/presentan-a-harlem-medina-como-tecnico-de-la-trinca\\\/\",\"name\":\"PRESENTAN A \\\"HARLEM\\\" MEDINA COMO T\u00c9CNICO DE LA TRINCA - Kuali\",\"isPartOf\":{\"@id\":\"https:\\\/\\\/kuali.com.mx\\\/web\\\/#website\"},\"primaryImageOfPage\":{\"@id\":\"https:\\\/\\\/kuali.com.mx\\\/web\\\/2024\\\/02\\\/13\\\/presentan-a-harlem-medina-como-tecnico-de-la-trinca\\\/#primaryimage\"},\"image\":{\"@id\":\"https:\\\/\\\/kuali.com.mx\\\/web\\\/2024\\\/02\\\/13\\\/presentan-a-harlem-medina-como-tecnico-de-la-trinca\\\/#primaryimage\"},\"thumbnailUrl\":\"https:\\\/\\\/kuali.com.mx\\\/web\\\/wp-content\\\/uploads\\\/2024\\\/02\\\/tecnico.jpg\",\"datePublished\":\"2024-02-13T21:25:01+00:00\",\"dateModified\":\"2024-02-14T13:53:27+00:00\",\"author\":{\"@id\":\"https:\\\/\\\/kuali.com.mx\\\/web\\\/#\\\/schema\\\/person\\\/6f89ffa8ecba9dae50662357923c5289\"},\"breadcrumb\":{\"@id\":\"https:\\\/\\\/kuali.com.mx\\\/web\\\/2024\\\/02\\\/13\\\/presentan-a-harlem-medina-como-tecnico-de-la-trinca\\\/#breadcrumb\"},\"inLanguage\":\"es\",\"potentialAction\":[{\"@type\":\"ReadAction\",\"target\":[\"https:\\\/\\\/kuali.com.mx\\\/web\\\/2024\\\/02\\\/13\\\/presentan-a-harlem-medina-como-tecnico-de-la-trinca\\\/\"]}]},{\"@type\":\"ImageObject\",\"inLanguage\":\"es\",\"@id\":\"https:\\\/\\\/kuali.com.mx\\\/web\\\/2024\\\/02\\\/13\\\/presentan-a-harlem-medina-como-tecnico-de-la-trinca\\\/#primaryimage\",\"url\":\"https:\\\/\\\/kuali.com.mx\\\/web\\\/wp-content\\\/uploads\\\/2024\\\/02\\\/tecnico.jpg\",\"contentUrl\":\"https:\\\/\\\/kuali.com.mx\\\/web\\\/wp-content\\\/uploads\\\/2024\\\/02\\\/tecnico.jpg\",\"width\":1618,\"height\":750},{\"@type\":\"BreadcrumbList\",\"@id\":\"https:\\\/\\\/kuali.com.mx\\\/web\\\/2024\\\/02\\\/13\\\/presentan-a-harlem-medina-como-tecnico-de-la-trinca\\\/#breadcrumb\",\"itemListElement\":[{\"@type\":\"ListItem\",\"position\":1,\"name\":\"Inicio\",\"item\":\"https:\\\/\\\/kuali.com.mx\\\/web\\\/\"},{\"@type\":\"ListItem\",\"position\":2,\"name\":\"PRESENTAN A &#8220;HARLEM&#8221; MEDINA COMO T\u00c9CNICO DE LA TRINCA\"}]},{\"@type\":\"WebSite\",\"@id\":\"https:\\\/\\\/kuali.com.mx\\\/web\\\/#website\",\"url\":\"https:\\\/\\\/kuali.com.mx\\\/web\\\/\",\"name\":\"Kuali\",\"description\":\"\",\"potentialAction\":[{\"@type\":\"SearchAction\",\"target\":{\"@type\":\"EntryPoint\",\"urlTemplate\":\"https:\\\/\\\/kuali.com.mx\\\/web\\\/?s={search_term_string}\"},\"query-input\":{\"@type\":\"PropertyValueSpecification\",\"valueRequired\":true,\"valueName\":\"search_term_string\"}}],\"inLanguage\":\"es\"},{\"@type\":\"Person\",\"@id\":\"https:\\\/\\\/kuali.com.mx\\\/web\\\/#\\\/schema\\\/person\\\/6f89ffa8ecba9dae50662357923c5289\",\"name\":\"Kuali Staff\",\"image\":{\"@type\":\"ImageObject\",\"inLanguage\":\"es\",\"@id\":\"https:\\\/\\\/secure.gravatar.com\\\/avatar\\\/f917ad82e5ab71227a733c78b6e60715476f69ee6be59feee4eb5d9920c89e0f?s=96&d=mm&r=g\",\"url\":\"https:\\\/\\\/secure.gravatar.com\\\/avatar\\\/f917ad82e5ab71227a733c78b6e60715476f69ee6be59feee4eb5d9920c89e0f?s=96&d=mm&r=g\",\"contentUrl\":\"https:\\\/\\\/secure.gravatar.com\\\/avatar\\\/f917ad82e5ab71227a733c78b6e60715476f69ee6be59feee4eb5d9920c89e0f?s=96&d=mm&r=g\",\"caption\":\"Kuali Staff\"},\"url\":\"https:\\\/\\\/kuali.com.mx\\\/web\\\/author\\\/lagarto\\\/\"}]}<\/script>\n<!-- \/ Yoast SEO plugin. -->","yoast_head_json":{"title":"PRESENTAN A \"HARLEM\" MEDINA COMO T\u00c9CNICO DE LA TRINCA - Kuali","robots":{"index":"index","follow":"follow","max-snippet":"max-snippet:-1","max-image-preview":"max-image-preview:large","max-video-preview":"max-video-preview:-1"},"canonical":"https:\/\/kuali.com.mx\/web\/2024\/02\/13\/presentan-a-harlem-medina-como-tecnico-de-la-trinca\/","og_locale":"es_MX","og_type":"article","og_title":"PRESENTAN A \"HARLEM\" MEDINA COMO T\u00c9CNICO DE LA TRINCA - Kuali","og_description":"H\u00e9ctor Ar\u00e9valo\/Foto.Club Irapuato\/Irapuato,Gto.-Este martes se hizo la presentaci\u00f3n oficial de V\u00edctor 'Harlem' Medina Mart\u00ednez, como nuevo D.T. de la Trinca Fresera del Irapuato, por parte de la directiva que d\u00edas antes hab\u00eda dado las gracias al estratega saliente, ante el declive de resultados arrojados por el equipo durante sus m\u00e1s recientes actuaciones. Durante la pr\u00e1ctica [&hellip;]","og_url":"https:\/\/kuali.com.mx\/web\/2024\/02\/13\/presentan-a-harlem-medina-como-tecnico-de-la-trinca\/","og_site_name":"Kuali","article_publisher":"https:\/\/kuali.com.mx\/web\/wp-content\/uploads\/2018\/04\/cropped-kuali_logo-1-1.png","article_published_time":"2024-02-13T21:25:01+00:00","article_modified_time":"2024-02-14T13:53:27+00:00","og_image":[{"width":1618,"height":750,"url":"https:\/\/kuali.com.mx\/web\/wp-content\/uploads\/2024\/02\/tecnico.jpg","type":"image\/jpeg"}],"author":"Kuali Staff","twitter_card":"summary_large_image","twitter_creator":"@kuali_noticias","twitter_site":"@kuali_noticias","twitter_misc":{"Escrito por":"Kuali Staff","Tiempo de lectura":"1 minuto"},"schema":{"@context":"https:\/\/schema.org","@graph":[{"@type":"Article","@id":"https:\/\/kuali.com.mx\/web\/2024\/02\/13\/presentan-a-harlem-medina-como-tecnico-de-la-trinca\/#article","isPartOf":{"@id":"https:\/\/kuali.com.mx\/web\/2024\/02\/13\/presentan-a-harlem-medina-como-tecnico-de-la-trinca\/"},"author":{"name":"Kuali Staff","@id":"https:\/\/kuali.com.mx\/web\/#\/schema\/person\/6f89ffa8ecba9dae50662357923c5289"},"headline":"PRESENTAN A &#8220;HARLEM&#8221; MEDINA COMO T\u00c9CNICO DE LA TRINCA","datePublished":"2024-02-13T21:25:01+00:00","dateModified":"2024-02-14T13:53:27+00:00","mainEntityOfPage":{"@id":"https:\/\/kuali.com.mx\/web\/2024\/02\/13\/presentan-a-harlem-medina-como-tecnico-de-la-trinca\/"},"wordCount":299,"commentCount":0,"image":{"@id":"https:\/\/kuali.com.mx\/web\/2024\/02\/13\/presentan-a-harlem-medina-como-tecnico-de-la-trinca\/#primaryimage"},"thumbnailUrl":"https:\/\/kuali.com.mx\/web\/wp-content\/uploads\/2024\/02\/tecnico.jpg","articleSection":["Deportes"],"inLanguage":"es","potentialAction":[{"@type":"CommentAction","name":"Comment","target":["https:\/\/kuali.com.mx\/web\/2024\/02\/13\/presentan-a-harlem-medina-como-tecnico-de-la-trinca\/#respond"]}]},{"@type":"WebPage","@id":"https:\/\/kuali.com.mx\/web\/2024\/02\/13\/presentan-a-harlem-medina-como-tecnico-de-la-trinca\/","url":"https:\/\/kuali.com.mx\/web\/2024\/02\/13\/presentan-a-harlem-medina-como-tecnico-de-la-trinca\/","name":"PRESENTAN A \"HARLEM\" MEDINA COMO T\u00c9CNICO DE LA TRINCA - Kuali","isPartOf":{"@id":"https:\/\/kuali.com.mx\/web\/#website"},"primaryImageOfPage":{"@id":"https:\/\/kuali.com.mx\/web\/2024\/02\/13\/presentan-a-harlem-medina-como-tecnico-de-la-trinca\/#primaryimage"},"image":{"@id":"https:\/\/kuali.com.mx\/web\/2024\/02\/13\/presentan-a-harlem-medina-como-tecnico-de-la-trinca\/#primaryimage"},"thumbnailUrl":"https:\/\/kuali.com.mx\/web\/wp-content\/uploads\/2024\/02\/tecnico.jpg","datePublished":"2024-02-13T21:25:01+00:00","dateModified":"2024-02-14T13:53:27+00:00","author":{"@id":"https:\/\/kuali.com.mx\/web\/#\/schema\/person\/6f89ffa8ecba9dae50662357923c5289"},"breadcrumb":{"@id":"https:\/\/kuali.com.mx\/web\/2024\/02\/13\/presentan-a-harlem-medina-como-tecnico-de-la-trinca\/#breadcrumb"},"inLanguage":"es","potentialAction":[{"@type":"ReadAction","target":["https:\/\/kuali.com.mx\/web\/2024\/02\/13\/presentan-a-harlem-medina-como-tecnico-de-la-trinca\/"]}]},{"@type":"ImageObject","inLanguage":"es","@id":"https:\/\/kuali.com.mx\/web\/2024\/02\/13\/presentan-a-harlem-medina-como-tecnico-de-la-trinca\/#primaryimage","url":"https:\/\/kuali.com.mx\/web\/wp-content\/uploads\/2024\/02\/tecnico.jpg","contentUrl":"https:\/\/kuali.com.mx\/web\/wp-content\/uploads\/2024\/02\/tecnico.jpg","width":1618,"height":750},{"@type":"BreadcrumbList","@id":"https:\/\/kuali.com.mx\/web\/2024\/02\/13\/presentan-a-harlem-medina-como-tecnico-de-la-trinca\/#breadcrumb","itemListElement":[{"@type":"ListItem","position":1,"name":"Inicio","item":"https:\/\/kuali.com.mx\/web\/"},{"@type":"ListItem","position":2,"name":"PRESENTAN A &#8220;HARLEM&#8221; MEDINA COMO T\u00c9CNICO DE LA TRINCA"}]},{"@type":"WebSite","@id":"https:\/\/kuali.com.mx\/web\/#website","url":"https:\/\/kuali.com.mx\/web\/","name":"Kuali","description":"","potentialAction":[{"@type":"SearchAction","target":{"@type":"EntryPoint","urlTemplate":"https:\/\/kuali.com.mx\/web\/?s={search_term_string}"},"query-input":{"@type":"PropertyValueSpecification","valueRequired":true,"valueName":"search_term_string"}}],"inLanguage":"es"},{"@type":"Person","@id":"https:\/\/kuali.com.mx\/web\/#\/schema\/person\/6f89ffa8ecba9dae50662357923c5289","name":"Kuali Staff","image":{"@type":"ImageObject","inLanguage":"es","@id":"https:\/\/secure.gravatar.com\/avatar\/f917ad82e5ab71227a733c78b6e60715476f69ee6be59feee4eb5d9920c89e0f?s=96&d=mm&r=g","url":"https:\/\/secure.gravatar.com\/avatar\/f917ad82e5ab71227a733c78b6e60715476f69ee6be59feee4eb5d9920c89e0f?s=96&d=mm&r=g","contentUrl":"https:\/\/secure.gravatar.com\/avatar\/f917ad82e5ab71227a733c78b6e60715476f69ee6be59feee4eb5d9920c89e0f?s=96&d=mm&r=g","caption":"Kuali Staff"},"url":"https:\/\/kuali.com.mx\/web\/author\/lagarto\/"}]}},"_links":{"self":[{"href":"https:\/\/kuali.com.mx\/web\/wp-json\/wp\/v2\/posts\/136232","targetHints":{"allow":["GET"]}}],"collection":[{"href":"https:\/\/kuali.com.mx\/web\/wp-json\/wp\/v2\/posts"}],"about":[{"href":"https:\/\/kuali.com.mx\/web\/wp-json\/wp\/v2\/types\/post"}],"author":[{"embeddable":true,"href":"https:\/\/kuali.com.mx\/web\/wp-json\/wp\/v2\/users\/2"}],"replies":[{"embeddable":true,"href":"https:\/\/kuali.com.mx\/web\/wp-json\/wp\/v2\/comments?post=136232"}],"version-history":[{"count":4,"href":"https:\/\/kuali.com.mx\/web\/wp-json\/wp\/v2\/posts\/136232\/revisions"}],"predecessor-version":[{"id":136246,"href":"https:\/\/kuali.com.mx\/web\/wp-json\/wp\/v2\/posts\/136232\/revisions\/136246"}],"wp:featuredmedia":[{"embeddable":true,"href":"https:\/\/kuali.com.mx\/web\/wp-json\/wp\/v2\/media\/136234"}],"wp:attachment":[{"href":"https:\/\/kuali.com.mx\/web\/wp-json\/wp\/v2\/media?parent=136232"}],"wp:term":[{"taxonomy":"category","embeddable":true,"href":"https:\/\/kuali.com.mx\/web\/wp-json\/wp\/v2\/categories?post=136232"},{"taxonomy":"post_tag","embeddable":true,"href":"https:\/\/kuali.com.mx\/web\/wp-json\/wp\/v2\/tags?post=136232"}],"curies":[{"name":"wp","href":"https:\/\/api.w.org\/{rel}","templated":true}]}}