{"id":136225,"date":"2024-02-13T16:38:06","date_gmt":"2024-02-13T22:38:06","guid":{"rendered":"https:\/\/kuali.com.mx\/web\/?p=136225"},"modified":"2024-02-13T22:32:31","modified_gmt":"2024-02-14T04:32:31","slug":"cortan-suministro-de-agua-en-purisima-ante-sequiia","status":"publish","type":"post","link":"https:\/\/kuali.com.mx\/web\/2024\/02\/13\/cortan-suministro-de-agua-en-purisima-ante-sequiia\/","title":{"rendered":"CORTAN SUMINISTRO DE AGUA EN PUR\u00cdSIMA ANTE SEQU\u00cdIA"},"content":{"rendered":"\n<p><strong>Alicia Arias\/Pur\u00edsima del Rinc\u00f3n, Gto.-<\/strong> A partir de este martes comenzaron a realizarse cortes de agua en la ciudad de Pur\u00edsima del Rinc\u00f3n. Se trata de una \u201cfase intensiva del ahorro de agua\u201d, inform\u00f3 el Gobierno Municipal de Pur\u00edsima del Rinc\u00f3n.<\/p>\n\n\n\n<p>La presidencia municipal anunci\u00f3 en un comunicado de prensa que la fase comenz\u00f3 con la suspensi\u00f3n en el servicio de suministro en la red de tuber\u00edas, desde las 08:00 de la noche y hasta las 06:00 de la ma\u00f1ana.<\/p>\n\n\n\n<p>\u201cEsta acci\u00f3n inici\u00f3 la noche del martes 13 de febrero y se continuar\u00e1 indefinidamente\u201d, confirm\u00f3 el director del Sistema de Agua Potable y Alcantarillado de Pur\u00edsima del Rinc\u00f3n (SAPAP), Francisco Javier V\u00e1zquez G\u00f3mez.<\/p>\n\n\n\n<p>Durante los \u00faltimos dos meses del a\u00f1o &nbsp;2023 y lo que va del 2024, las autoridades municipales han hecho llamados a la poblaci\u00f3n para incrementar la cultura y el cuidado del agua.<\/p>\n\n\n\n<p>Ante la continuidad de la sequ\u00eda, \u201choy se da paso a un nuevo proceso con la reducci\u00f3n en el servicio, sin bombear agua durante 10 horas, durante noche y madrugada\u201d.<\/p>\n\n\n\n<p>SAPAP consider\u00f3 dejar llenos de agua los tanques de regularizaci\u00f3n de abasto en el proceso en que no se bombea agua. Durante ese tiempo son los \u00fanicos que estar\u00e1n en operaci\u00f3n para las diferentes redes distribuidas en todo el municipio.<\/p>\n\n\n\n<p>SAPAP abastece al Municipio de Pur\u00edsima del Rinc\u00f3n a trav\u00e9s de 28 pozos y en todos ellos se suspender\u00e1 el suministro las 10 horas ya mencionadas.<\/p>\n\n\n\n<p>La excepci\u00f3n ser\u00e1 en quienes tienen servicio de 12 horas, en cuyo caso solamente se suspende durante cuatro horas.<\/p>\n\n\n\n<p>V\u00e1zquez G\u00f3mez, sostuvo que estos cortes no ser\u00e1n de alto impacto, pero s\u00ed son un llamado en otro nivel de cuidado y ahorro del agua y para que las familias trabajen en fomentar el cuidado del agua, ahorro, aprovechamiento y mejor uso del vital l\u00edquido, pues presas como la de El Palote en Le\u00f3n, o la presa del Barrial, est\u00e1n a su m\u00ednima capacidad.<\/p>\n\n\n\n<p>Le\u00f3n tiene la presa apenas al siete por ciento y en la del Barril est\u00e1 por debajo del 10 por ciento. Esto se traduce en mantos fre\u00e1ticos y zonas con reducci\u00f3n extrema en los niveles de agua potable.<\/p>\n\n\n\n<p>Es poco previsible la fecha en la que se pudiera restablecer el servicio. Por a\u00f1os o por generaciones, la poblaci\u00f3n ha vivido con el servicio, sin padecer por la falta de lluvias; pero el escenario hoy es distinto. \u201cSeguimos a la espera de lluvias bastas y suficientes\u201d, coment\u00f3 el director de SAPAP.<\/p>\n","protected":false},"excerpt":{"rendered":"Alicia Arias\/Pur\u00edsima del Rinc\u00f3n, Gto.- A partir de este martes comenzaron a realizarse cortes de agua en la ciudad de Pur\u00edsima del Rinc\u00f3n. Se trata de una \u201cfase intensiva del ahorro de agua\u201d, inform\u00f3 el Gobierno Municipal de Pur\u00edsima del Rinc\u00f3n. La presidencia municipal anunci\u00f3 en un comunicado de prensa que la fase comenz\u00f3 con [&hellip;]","protected":false},"author":2,"featured_media":136228,"comment_status":"open","ping_status":"open","sticky":false,"template":"","format":"standard","meta":{"_seopress_robots_primary_cat":"none","_seopress_titles_title":"","_seopress_titles_desc":"","_seopress_robots_index":"","_monsterinsights_skip_tracking":false,"_monsterinsights_sitenote_active":false,"_monsterinsights_sitenote_note":"","_monsterinsights_sitenote_category":0,"footnotes":""},"categories":[17],"tags":[23,187,1152,190],"class_list":["post-136225","post","type-post","status-publish","format-standard","has-post-thumbnail","hentry","category-ecologia","tag-agua","tag-medio-ambiente","tag-purisima","tag-sequia"],"yoast_head":"<!-- This site is optimized with the Yoast SEO plugin v27.4 - https:\/\/yoast.com\/product\/yoast-seo-wordpress\/ -->\n<title>CORTAN SUMINISTRO DE AGUA EN PUR\u00cdSIMA ANTE SEQU\u00cdIA - Kuali<\/title>\n<meta name=\"robots\" content=\"index, follow, max-snippet:-1, max-image-preview:large, max-video-preview:-1\" \/>\n<link rel=\"canonical\" href=\"https:\/\/kuali.com.mx\/web\/2024\/02\/13\/cortan-suministro-de-agua-en-purisima-ante-sequiia\/\" \/>\n<meta property=\"og:locale\" content=\"es_MX\" \/>\n<meta property=\"og:type\" content=\"article\" \/>\n<meta property=\"og:title\" content=\"CORTAN SUMINISTRO DE AGUA EN PUR\u00cdSIMA ANTE SEQU\u00cdIA - Kuali\" \/>\n<meta property=\"og:description\" content=\"Alicia Arias\/Pur\u00edsima del Rinc\u00f3n, Gto.- A partir de este martes comenzaron a realizarse cortes de agua en la ciudad de Pur\u00edsima del Rinc\u00f3n. Se trata de una \u201cfase intensiva del ahorro de agua\u201d, inform\u00f3 el Gobierno Municipal de Pur\u00edsima del Rinc\u00f3n. La presidencia municipal anunci\u00f3 en un comunicado de prensa que la fase comenz\u00f3 con [&hellip;]\" \/>\n<meta property=\"og:url\" content=\"https:\/\/kuali.com.mx\/web\/2024\/02\/13\/cortan-suministro-de-agua-en-purisima-ante-sequiia\/\" \/>\n<meta property=\"og:site_name\" content=\"Kuali\" \/>\n<meta property=\"article:publisher\" content=\"https:\/\/kuali.com.mx\/web\/wp-content\/uploads\/2018\/04\/cropped-kuali_logo-1-1.png\" \/>\n<meta property=\"article:published_time\" content=\"2024-02-13T22:38:06+00:00\" \/>\n<meta property=\"article:modified_time\" content=\"2024-02-14T04:32:31+00:00\" \/>\n<meta property=\"og:image\" content=\"https:\/\/kuali.com.mx\/web\/wp-content\/uploads\/2024\/02\/Pipas-Purisima.gif\" \/>\n\t<meta property=\"og:image:width\" content=\"1700\" \/>\n\t<meta property=\"og:image:height\" content=\"750\" \/>\n\t<meta property=\"og:image:type\" content=\"image\/gif\" \/>\n<meta name=\"author\" content=\"Kuali Staff\" \/>\n<meta name=\"twitter:card\" content=\"summary_large_image\" \/>\n<meta name=\"twitter:creator\" content=\"@kuali_noticias\" \/>\n<meta name=\"twitter:site\" content=\"@kuali_noticias\" \/>\n<meta name=\"twitter:label1\" content=\"Escrito por\" \/>\n\t<meta name=\"twitter:data1\" content=\"Kuali Staff\" \/>\n\t<meta name=\"twitter:label2\" content=\"Tiempo de lectura\" \/>\n\t<meta name=\"twitter:data2\" content=\"2 minutos\" \/>\n<script type=\"application\/ld+json\" class=\"yoast-schema-graph\">{\"@context\":\"https:\\\/\\\/schema.org\",\"@graph\":[{\"@type\":\"Article\",\"@id\":\"https:\\\/\\\/kuali.com.mx\\\/web\\\/2024\\\/02\\\/13\\\/cortan-suministro-de-agua-en-purisima-ante-sequiia\\\/#article\",\"isPartOf\":{\"@id\":\"https:\\\/\\\/kuali.com.mx\\\/web\\\/2024\\\/02\\\/13\\\/cortan-suministro-de-agua-en-purisima-ante-sequiia\\\/\"},\"author\":{\"name\":\"Kuali Staff\",\"@id\":\"https:\\\/\\\/kuali.com.mx\\\/web\\\/#\\\/schema\\\/person\\\/6f89ffa8ecba9dae50662357923c5289\"},\"headline\":\"CORTAN SUMINISTRO DE AGUA EN PUR\u00cdSIMA ANTE SEQU\u00cdIA\",\"datePublished\":\"2024-02-13T22:38:06+00:00\",\"dateModified\":\"2024-02-14T04:32:31+00:00\",\"mainEntityOfPage\":{\"@id\":\"https:\\\/\\\/kuali.com.mx\\\/web\\\/2024\\\/02\\\/13\\\/cortan-suministro-de-agua-en-purisima-ante-sequiia\\\/\"},\"wordCount\":454,\"commentCount\":0,\"image\":{\"@id\":\"https:\\\/\\\/kuali.com.mx\\\/web\\\/2024\\\/02\\\/13\\\/cortan-suministro-de-agua-en-purisima-ante-sequiia\\\/#primaryimage\"},\"thumbnailUrl\":\"https:\\\/\\\/kuali.com.mx\\\/web\\\/wp-content\\\/uploads\\\/2024\\\/02\\\/Pipas-Purisima.gif\",\"keywords\":[\"agua\",\"Medio ambiente\",\"Pur\u00edsima\",\"Sequ\u00eda\"],\"articleSection\":[\"Ecolog\u00eda\"],\"inLanguage\":\"es\",\"potentialAction\":[{\"@type\":\"CommentAction\",\"name\":\"Comment\",\"target\":[\"https:\\\/\\\/kuali.com.mx\\\/web\\\/2024\\\/02\\\/13\\\/cortan-suministro-de-agua-en-purisima-ante-sequiia\\\/#respond\"]}]},{\"@type\":\"WebPage\",\"@id\":\"https:\\\/\\\/kuali.com.mx\\\/web\\\/2024\\\/02\\\/13\\\/cortan-suministro-de-agua-en-purisima-ante-sequiia\\\/\",\"url\":\"https:\\\/\\\/kuali.com.mx\\\/web\\\/2024\\\/02\\\/13\\\/cortan-suministro-de-agua-en-purisima-ante-sequiia\\\/\",\"name\":\"CORTAN SUMINISTRO DE AGUA EN PUR\u00cdSIMA ANTE SEQU\u00cdIA - Kuali\",\"isPartOf\":{\"@id\":\"https:\\\/\\\/kuali.com.mx\\\/web\\\/#website\"},\"primaryImageOfPage\":{\"@id\":\"https:\\\/\\\/kuali.com.mx\\\/web\\\/2024\\\/02\\\/13\\\/cortan-suministro-de-agua-en-purisima-ante-sequiia\\\/#primaryimage\"},\"image\":{\"@id\":\"https:\\\/\\\/kuali.com.mx\\\/web\\\/2024\\\/02\\\/13\\\/cortan-suministro-de-agua-en-purisima-ante-sequiia\\\/#primaryimage\"},\"thumbnailUrl\":\"https:\\\/\\\/kuali.com.mx\\\/web\\\/wp-content\\\/uploads\\\/2024\\\/02\\\/Pipas-Purisima.gif\",\"datePublished\":\"2024-02-13T22:38:06+00:00\",\"dateModified\":\"2024-02-14T04:32:31+00:00\",\"author\":{\"@id\":\"https:\\\/\\\/kuali.com.mx\\\/web\\\/#\\\/schema\\\/person\\\/6f89ffa8ecba9dae50662357923c5289\"},\"breadcrumb\":{\"@id\":\"https:\\\/\\\/kuali.com.mx\\\/web\\\/2024\\\/02\\\/13\\\/cortan-suministro-de-agua-en-purisima-ante-sequiia\\\/#breadcrumb\"},\"inLanguage\":\"es\",\"potentialAction\":[{\"@type\":\"ReadAction\",\"target\":[\"https:\\\/\\\/kuali.com.mx\\\/web\\\/2024\\\/02\\\/13\\\/cortan-suministro-de-agua-en-purisima-ante-sequiia\\\/\"]}]},{\"@type\":\"ImageObject\",\"inLanguage\":\"es\",\"@id\":\"https:\\\/\\\/kuali.com.mx\\\/web\\\/2024\\\/02\\\/13\\\/cortan-suministro-de-agua-en-purisima-ante-sequiia\\\/#primaryimage\",\"url\":\"https:\\\/\\\/kuali.com.mx\\\/web\\\/wp-content\\\/uploads\\\/2024\\\/02\\\/Pipas-Purisima.gif\",\"contentUrl\":\"https:\\\/\\\/kuali.com.mx\\\/web\\\/wp-content\\\/uploads\\\/2024\\\/02\\\/Pipas-Purisima.gif\",\"width\":1700,\"height\":750},{\"@type\":\"BreadcrumbList\",\"@id\":\"https:\\\/\\\/kuali.com.mx\\\/web\\\/2024\\\/02\\\/13\\\/cortan-suministro-de-agua-en-purisima-ante-sequiia\\\/#breadcrumb\",\"itemListElement\":[{\"@type\":\"ListItem\",\"position\":1,\"name\":\"Inicio\",\"item\":\"https:\\\/\\\/kuali.com.mx\\\/web\\\/\"},{\"@type\":\"ListItem\",\"position\":2,\"name\":\"CORTAN SUMINISTRO DE AGUA EN PUR\u00cdSIMA ANTE SEQU\u00cdIA\"}]},{\"@type\":\"WebSite\",\"@id\":\"https:\\\/\\\/kuali.com.mx\\\/web\\\/#website\",\"url\":\"https:\\\/\\\/kuali.com.mx\\\/web\\\/\",\"name\":\"Kuali\",\"description\":\"\",\"potentialAction\":[{\"@type\":\"SearchAction\",\"target\":{\"@type\":\"EntryPoint\",\"urlTemplate\":\"https:\\\/\\\/kuali.com.mx\\\/web\\\/?s={search_term_string}\"},\"query-input\":{\"@type\":\"PropertyValueSpecification\",\"valueRequired\":true,\"valueName\":\"search_term_string\"}}],\"inLanguage\":\"es\"},{\"@type\":\"Person\",\"@id\":\"https:\\\/\\\/kuali.com.mx\\\/web\\\/#\\\/schema\\\/person\\\/6f89ffa8ecba9dae50662357923c5289\",\"name\":\"Kuali Staff\",\"image\":{\"@type\":\"ImageObject\",\"inLanguage\":\"es\",\"@id\":\"https:\\\/\\\/secure.gravatar.com\\\/avatar\\\/f917ad82e5ab71227a733c78b6e60715476f69ee6be59feee4eb5d9920c89e0f?s=96&d=mm&r=g\",\"url\":\"https:\\\/\\\/secure.gravatar.com\\\/avatar\\\/f917ad82e5ab71227a733c78b6e60715476f69ee6be59feee4eb5d9920c89e0f?s=96&d=mm&r=g\",\"contentUrl\":\"https:\\\/\\\/secure.gravatar.com\\\/avatar\\\/f917ad82e5ab71227a733c78b6e60715476f69ee6be59feee4eb5d9920c89e0f?s=96&d=mm&r=g\",\"caption\":\"Kuali Staff\"},\"url\":\"https:\\\/\\\/kuali.com.mx\\\/web\\\/author\\\/lagarto\\\/\"}]}<\/script>\n<!-- \/ Yoast SEO plugin. -->","yoast_head_json":{"title":"CORTAN SUMINISTRO DE AGUA EN PUR\u00cdSIMA ANTE SEQU\u00cdIA - Kuali","robots":{"index":"index","follow":"follow","max-snippet":"max-snippet:-1","max-image-preview":"max-image-preview:large","max-video-preview":"max-video-preview:-1"},"canonical":"https:\/\/kuali.com.mx\/web\/2024\/02\/13\/cortan-suministro-de-agua-en-purisima-ante-sequiia\/","og_locale":"es_MX","og_type":"article","og_title":"CORTAN SUMINISTRO DE AGUA EN PUR\u00cdSIMA ANTE SEQU\u00cdIA - Kuali","og_description":"Alicia Arias\/Pur\u00edsima del Rinc\u00f3n, Gto.- A partir de este martes comenzaron a realizarse cortes de agua en la ciudad de Pur\u00edsima del Rinc\u00f3n. Se trata de una \u201cfase intensiva del ahorro de agua\u201d, inform\u00f3 el Gobierno Municipal de Pur\u00edsima del Rinc\u00f3n. La presidencia municipal anunci\u00f3 en un comunicado de prensa que la fase comenz\u00f3 con [&hellip;]","og_url":"https:\/\/kuali.com.mx\/web\/2024\/02\/13\/cortan-suministro-de-agua-en-purisima-ante-sequiia\/","og_site_name":"Kuali","article_publisher":"https:\/\/kuali.com.mx\/web\/wp-content\/uploads\/2018\/04\/cropped-kuali_logo-1-1.png","article_published_time":"2024-02-13T22:38:06+00:00","article_modified_time":"2024-02-14T04:32:31+00:00","og_image":[{"width":1700,"height":750,"url":"https:\/\/kuali.com.mx\/web\/wp-content\/uploads\/2024\/02\/Pipas-Purisima.gif","type":"image\/gif"}],"author":"Kuali Staff","twitter_card":"summary_large_image","twitter_creator":"@kuali_noticias","twitter_site":"@kuali_noticias","twitter_misc":{"Escrito por":"Kuali Staff","Tiempo de lectura":"2 minutos"},"schema":{"@context":"https:\/\/schema.org","@graph":[{"@type":"Article","@id":"https:\/\/kuali.com.mx\/web\/2024\/02\/13\/cortan-suministro-de-agua-en-purisima-ante-sequiia\/#article","isPartOf":{"@id":"https:\/\/kuali.com.mx\/web\/2024\/02\/13\/cortan-suministro-de-agua-en-purisima-ante-sequiia\/"},"author":{"name":"Kuali Staff","@id":"https:\/\/kuali.com.mx\/web\/#\/schema\/person\/6f89ffa8ecba9dae50662357923c5289"},"headline":"CORTAN SUMINISTRO DE AGUA EN PUR\u00cdSIMA ANTE SEQU\u00cdIA","datePublished":"2024-02-13T22:38:06+00:00","dateModified":"2024-02-14T04:32:31+00:00","mainEntityOfPage":{"@id":"https:\/\/kuali.com.mx\/web\/2024\/02\/13\/cortan-suministro-de-agua-en-purisima-ante-sequiia\/"},"wordCount":454,"commentCount":0,"image":{"@id":"https:\/\/kuali.com.mx\/web\/2024\/02\/13\/cortan-suministro-de-agua-en-purisima-ante-sequiia\/#primaryimage"},"thumbnailUrl":"https:\/\/kuali.com.mx\/web\/wp-content\/uploads\/2024\/02\/Pipas-Purisima.gif","keywords":["agua","Medio ambiente","Pur\u00edsima","Sequ\u00eda"],"articleSection":["Ecolog\u00eda"],"inLanguage":"es","potentialAction":[{"@type":"CommentAction","name":"Comment","target":["https:\/\/kuali.com.mx\/web\/2024\/02\/13\/cortan-suministro-de-agua-en-purisima-ante-sequiia\/#respond"]}]},{"@type":"WebPage","@id":"https:\/\/kuali.com.mx\/web\/2024\/02\/13\/cortan-suministro-de-agua-en-purisima-ante-sequiia\/","url":"https:\/\/kuali.com.mx\/web\/2024\/02\/13\/cortan-suministro-de-agua-en-purisima-ante-sequiia\/","name":"CORTAN SUMINISTRO DE AGUA EN PUR\u00cdSIMA ANTE SEQU\u00cdIA - Kuali","isPartOf":{"@id":"https:\/\/kuali.com.mx\/web\/#website"},"primaryImageOfPage":{"@id":"https:\/\/kuali.com.mx\/web\/2024\/02\/13\/cortan-suministro-de-agua-en-purisima-ante-sequiia\/#primaryimage"},"image":{"@id":"https:\/\/kuali.com.mx\/web\/2024\/02\/13\/cortan-suministro-de-agua-en-purisima-ante-sequiia\/#primaryimage"},"thumbnailUrl":"https:\/\/kuali.com.mx\/web\/wp-content\/uploads\/2024\/02\/Pipas-Purisima.gif","datePublished":"2024-02-13T22:38:06+00:00","dateModified":"2024-02-14T04:32:31+00:00","author":{"@id":"https:\/\/kuali.com.mx\/web\/#\/schema\/person\/6f89ffa8ecba9dae50662357923c5289"},"breadcrumb":{"@id":"https:\/\/kuali.com.mx\/web\/2024\/02\/13\/cortan-suministro-de-agua-en-purisima-ante-sequiia\/#breadcrumb"},"inLanguage":"es","potentialAction":[{"@type":"ReadAction","target":["https:\/\/kuali.com.mx\/web\/2024\/02\/13\/cortan-suministro-de-agua-en-purisima-ante-sequiia\/"]}]},{"@type":"ImageObject","inLanguage":"es","@id":"https:\/\/kuali.com.mx\/web\/2024\/02\/13\/cortan-suministro-de-agua-en-purisima-ante-sequiia\/#primaryimage","url":"https:\/\/kuali.com.mx\/web\/wp-content\/uploads\/2024\/02\/Pipas-Purisima.gif","contentUrl":"https:\/\/kuali.com.mx\/web\/wp-content\/uploads\/2024\/02\/Pipas-Purisima.gif","width":1700,"height":750},{"@type":"BreadcrumbList","@id":"https:\/\/kuali.com.mx\/web\/2024\/02\/13\/cortan-suministro-de-agua-en-purisima-ante-sequiia\/#breadcrumb","itemListElement":[{"@type":"ListItem","position":1,"name":"Inicio","item":"https:\/\/kuali.com.mx\/web\/"},{"@type":"ListItem","position":2,"name":"CORTAN SUMINISTRO DE AGUA EN PUR\u00cdSIMA ANTE SEQU\u00cdIA"}]},{"@type":"WebSite","@id":"https:\/\/kuali.com.mx\/web\/#website","url":"https:\/\/kuali.com.mx\/web\/","name":"Kuali","description":"","potentialAction":[{"@type":"SearchAction","target":{"@type":"EntryPoint","urlTemplate":"https:\/\/kuali.com.mx\/web\/?s={search_term_string}"},"query-input":{"@type":"PropertyValueSpecification","valueRequired":true,"valueName":"search_term_string"}}],"inLanguage":"es"},{"@type":"Person","@id":"https:\/\/kuali.com.mx\/web\/#\/schema\/person\/6f89ffa8ecba9dae50662357923c5289","name":"Kuali Staff","image":{"@type":"ImageObject","inLanguage":"es","@id":"https:\/\/secure.gravatar.com\/avatar\/f917ad82e5ab71227a733c78b6e60715476f69ee6be59feee4eb5d9920c89e0f?s=96&d=mm&r=g","url":"https:\/\/secure.gravatar.com\/avatar\/f917ad82e5ab71227a733c78b6e60715476f69ee6be59feee4eb5d9920c89e0f?s=96&d=mm&r=g","contentUrl":"https:\/\/secure.gravatar.com\/avatar\/f917ad82e5ab71227a733c78b6e60715476f69ee6be59feee4eb5d9920c89e0f?s=96&d=mm&r=g","caption":"Kuali Staff"},"url":"https:\/\/kuali.com.mx\/web\/author\/lagarto\/"}]}},"_links":{"self":[{"href":"https:\/\/kuali.com.mx\/web\/wp-json\/wp\/v2\/posts\/136225","targetHints":{"allow":["GET"]}}],"collection":[{"href":"https:\/\/kuali.com.mx\/web\/wp-json\/wp\/v2\/posts"}],"about":[{"href":"https:\/\/kuali.com.mx\/web\/wp-json\/wp\/v2\/types\/post"}],"author":[{"embeddable":true,"href":"https:\/\/kuali.com.mx\/web\/wp-json\/wp\/v2\/users\/2"}],"replies":[{"embeddable":true,"href":"https:\/\/kuali.com.mx\/web\/wp-json\/wp\/v2\/comments?post=136225"}],"version-history":[{"count":1,"href":"https:\/\/kuali.com.mx\/web\/wp-json\/wp\/v2\/posts\/136225\/revisions"}],"predecessor-version":[{"id":136229,"href":"https:\/\/kuali.com.mx\/web\/wp-json\/wp\/v2\/posts\/136225\/revisions\/136229"}],"wp:featuredmedia":[{"embeddable":true,"href":"https:\/\/kuali.com.mx\/web\/wp-json\/wp\/v2\/media\/136228"}],"wp:attachment":[{"href":"https:\/\/kuali.com.mx\/web\/wp-json\/wp\/v2\/media?parent=136225"}],"wp:term":[{"taxonomy":"category","embeddable":true,"href":"https:\/\/kuali.com.mx\/web\/wp-json\/wp\/v2\/categories?post=136225"},{"taxonomy":"post_tag","embeddable":true,"href":"https:\/\/kuali.com.mx\/web\/wp-json\/wp\/v2\/tags?post=136225"}],"curies":[{"name":"wp","href":"https:\/\/api.w.org\/{rel}","templated":true}]}}