{"id":136158,"date":"2024-02-13T18:06:41","date_gmt":"2024-02-14T00:06:41","guid":{"rendered":"https:\/\/kuali.com.mx\/web\/?p=136158"},"modified":"2024-02-14T08:00:24","modified_gmt":"2024-02-14T14:00:24","slug":"ya-no-son-tema-procesos-por-presunta-corrupcion-botello","status":"publish","type":"post","link":"https:\/\/kuali.com.mx\/web\/2024\/02\/13\/ya-no-son-tema-procesos-por-presunta-corrupcion-botello\/","title":{"rendered":"&#8220;YA NO SON TEMA&#8221; PROCESOS POR PRESUNTA CORRUPCI\u00d3N: BOTELLO"},"content":{"rendered":"\n<p><strong><em>Carlos Garc\u00eda\/Le\u00f3n, Gto.- <\/em><\/strong>&nbsp;Los procesos penales, civiles y administrativos por presuntos actos de corrupci\u00f3n en su contra \u201cya no son tema\u201d, sostuvo la ex presidenta municipal de Le\u00f3n (2012-2015) y candidata de Morena a la alcald\u00eda, B\u00e1rbara Botello Santib\u00e1\u00f1ez, al presentar al equipo de trabajo para la campa\u00f1a.<\/p>\n\n\n\n<p>\u201cLos ciudadanos quieren propuestas, esto ya no les pego, toda esa campa\u00f1a de desprestigio y persecuci\u00f3n, \u00a1ya no es tema!\u201d, declar\u00f3 la ex priista arropada por la l\u00edder estatal de Morena, Adriana Guzm\u00e1n Cerna.<\/p>\n\n\n\n<p>Para B\u00e1rbara Botello el tema es la corrupci\u00f3n, as\u00ed como los miles de muertos y de pobres que hay en la ciudad de Le\u00f3n.<\/p>\n\n\n\n<p>\u201cEn corrupci\u00f3n, ah\u00ed hay una cloaca terrible que vamos a tener que destapar, eso es lo que les preocupa a los leoneses, lo dem\u00e1s ya no es tema\u201d, reiter\u00f3.<\/p>\n\n\n\n<p>Agreg\u00f3 que su objetivo es ganar la elecci\u00f3n y aportarle votos a la candidata a la gubernatura, Alma Alcaraz Hern\u00e1ndez.<\/p>\n\n\n\n<p>\u201cB\u00e1rbara Botello tiene un plus sobre cualquier candidato o candidata, fui perseguida por la Fiscal\u00eda General del Estado, por la Fiscal\u00eda Anticorrupci\u00f3n, por la Contralor\u00eda, por la Auditor\u00eda Superior del Estado, y aqu\u00ed esta, no tiene una sola sentencia condenatoria, creo que eso ya es algo que qued\u00f3 atr\u00e1s\u201d, resalt\u00f3.<\/p>\n\n\n\n<p>A unos d\u00edas de que el fiscal General, Carlos Zamarripa Aguirre, rinda su informe de trabajo, Botello Santib\u00e1\u00f1ez, pidi\u00f3 al funcionario que renuncie por los altos \u00edndices de inseguridad, de desaparecidos y de homicidios que hay en Guanajuato.<\/p>\n\n\n\n<p>\u201cEn vez de presentar un informe Zamarripa debe renunciar por el mal trabajo y porque puso a Guanajuato en los peores niveles de inseguridad\u201d, consider\u00f3.<\/p>\n\n\n\n<p>Aunque la ley electoral permite que sea candidata a presidenta municipal y a regidora, B\u00e1rbara Botello adelant\u00f3 que no se inscribir\u00e1 para los dos cargos porque ganar\u00e1 la elecci\u00f3n.<\/p>\n\n\n\n<p>Aun no hay una definici\u00f3n sobre los perfiles que integraran la planilla en el cargo de s\u00edndicos y regidores, revel\u00f3.<\/p>\n\n\n\n<p>\u201cNo vamos a llevar a los amigos o a los c\u00f3modos, vamos a llevar a los mejores perfiles\u201d que ayuden a recuperar lo perdido en seguridad, agua, movilidad, desarrollo social, educaci\u00f3n y recuperaci\u00f3n de espacios p\u00fablicos, asegur\u00f3 B\u00e1rbara Botello.<\/p>\n\n\n\n<p>La candidata present\u00f3 como coordinador de Agenda y Eventos a Emanuel Delgado; en la Coordinaci\u00f3n de Comunicaci\u00f3n y Prensa, Ver\u00f3nica Garc\u00eda Barrios; en la Coordinaci\u00f3n de Estrategia Pol\u00edtica, Luis Javier Avi\u00f1a Bueno; en la Coordinaci\u00f3n Jur\u00eddica, \u00c1ngel Arellano Espinoza; y en la Coordinaci\u00f3n de Plan de Gobierno, Salvador Ram\u00edrez Argote.<\/p>\n\n\n\n<p>Mario Bravo<\/p>\n\n\n\n<p>Sobre el despido de Mario Bravo, la candidata de Morena dijo que  es una reacci\u00f3n tard\u00eda y aletargada de Alejandra Guti\u00e9rrez ante la \"terrible\" crisis de inseguridad.<\/p>\n\n\n\n<p>\"\u00bfPor qu\u00e9 ahora esta decisi\u00f3n? Debi\u00f3 haber sido tomada desde hace mucho tiempo, y s\u00ed le tembl\u00f3 la mano en destituir a Mario Bravo a pesar de que era un fuerte clamor de la sociedad leonesa, que no quiso escuchar. Mario Bravo debi\u00f3 irse junto con H\u00e9ctor L\u00f3pez Santillana, pero el desinter\u00e9s de Guti\u00e9rrez por el gobierno y la gente la llev\u00f3 a mantener por casi tres a\u00f1os a quien manifiestamente ya era un fracaso\", sostuvo.<\/p>\n\n\n\n<p><\/p>\n","protected":false},"excerpt":{"rendered":"Carlos Garc\u00eda\/Le\u00f3n, Gto.- &nbsp;Los procesos penales, civiles y administrativos por presuntos actos de corrupci\u00f3n en su contra \u201cya no son tema\u201d, sostuvo la ex presidenta municipal de Le\u00f3n (2012-2015) y candidata de Morena a la alcald\u00eda, B\u00e1rbara Botello Santib\u00e1\u00f1ez, al presentar al equipo de trabajo para la campa\u00f1a. \u201cLos ciudadanos quieren propuestas, esto ya no [&hellip;]","protected":false},"author":2,"featured_media":136161,"comment_status":"open","ping_status":"open","sticky":false,"template":"","format":"standard","meta":{"_seopress_robots_primary_cat":"none","_seopress_titles_title":"","_seopress_titles_desc":"","_seopress_robots_index":"","_monsterinsights_skip_tracking":false,"_monsterinsights_sitenote_active":false,"_monsterinsights_sitenote_note":"","_monsterinsights_sitenote_category":0,"footnotes":""},"categories":[3,69],"tags":[],"class_list":["post-136158","post","type-post","status-publish","format-standard","has-post-thumbnail","hentry","category-politica","category-slider"],"yoast_head":"<!-- This site is optimized with the Yoast SEO plugin v27.4 - https:\/\/yoast.com\/product\/yoast-seo-wordpress\/ -->\n<title>&quot;YA NO SON TEMA&quot; PROCESOS POR PRESUNTA CORRUPCI\u00d3N: BOTELLO - Kuali<\/title>\n<meta name=\"robots\" content=\"index, follow, max-snippet:-1, max-image-preview:large, max-video-preview:-1\" \/>\n<link rel=\"canonical\" href=\"https:\/\/kuali.com.mx\/web\/2024\/02\/13\/ya-no-son-tema-procesos-por-presunta-corrupcion-botello\/\" \/>\n<meta property=\"og:locale\" content=\"es_MX\" \/>\n<meta property=\"og:type\" content=\"article\" \/>\n<meta property=\"og:title\" content=\"&quot;YA NO SON TEMA&quot; PROCESOS POR PRESUNTA CORRUPCI\u00d3N: BOTELLO - Kuali\" \/>\n<meta property=\"og:description\" content=\"Carlos Garc\u00eda\/Le\u00f3n, Gto.- &nbsp;Los procesos penales, civiles y administrativos por presuntos actos de corrupci\u00f3n en su contra \u201cya no son tema\u201d, sostuvo la ex presidenta municipal de Le\u00f3n (2012-2015) y candidata de Morena a la alcald\u00eda, B\u00e1rbara Botello Santib\u00e1\u00f1ez, al presentar al equipo de trabajo para la campa\u00f1a. \u201cLos ciudadanos quieren propuestas, esto ya no [&hellip;]\" \/>\n<meta property=\"og:url\" content=\"https:\/\/kuali.com.mx\/web\/2024\/02\/13\/ya-no-son-tema-procesos-por-presunta-corrupcion-botello\/\" \/>\n<meta property=\"og:site_name\" content=\"Kuali\" \/>\n<meta property=\"article:publisher\" content=\"https:\/\/kuali.com.mx\/web\/wp-content\/uploads\/2018\/04\/cropped-kuali_logo-1-1.png\" \/>\n<meta property=\"article:published_time\" content=\"2024-02-14T00:06:41+00:00\" \/>\n<meta property=\"article:modified_time\" content=\"2024-02-14T14:00:24+00:00\" \/>\n<meta property=\"og:image\" content=\"https:\/\/kuali.com.mx\/web\/wp-content\/uploads\/2024\/02\/Barbara-equipo-campana.jpeg\" \/>\n\t<meta property=\"og:image:width\" content=\"1744\" \/>\n\t<meta property=\"og:image:height\" content=\"750\" \/>\n\t<meta property=\"og:image:type\" content=\"image\/jpeg\" \/>\n<meta name=\"author\" content=\"Kuali Staff\" \/>\n<meta name=\"twitter:card\" content=\"summary_large_image\" \/>\n<meta name=\"twitter:creator\" content=\"@kuali_noticias\" \/>\n<meta name=\"twitter:site\" content=\"@kuali_noticias\" \/>\n<meta name=\"twitter:label1\" content=\"Escrito por\" \/>\n\t<meta name=\"twitter:data1\" content=\"Kuali Staff\" \/>\n\t<meta name=\"twitter:label2\" content=\"Tiempo de lectura\" \/>\n\t<meta name=\"twitter:data2\" content=\"3 minutos\" \/>\n<script type=\"application\/ld+json\" class=\"yoast-schema-graph\">{\"@context\":\"https:\\\/\\\/schema.org\",\"@graph\":[{\"@type\":\"Article\",\"@id\":\"https:\\\/\\\/kuali.com.mx\\\/web\\\/2024\\\/02\\\/13\\\/ya-no-son-tema-procesos-por-presunta-corrupcion-botello\\\/#article\",\"isPartOf\":{\"@id\":\"https:\\\/\\\/kuali.com.mx\\\/web\\\/2024\\\/02\\\/13\\\/ya-no-son-tema-procesos-por-presunta-corrupcion-botello\\\/\"},\"author\":{\"name\":\"Kuali Staff\",\"@id\":\"https:\\\/\\\/kuali.com.mx\\\/web\\\/#\\\/schema\\\/person\\\/6f89ffa8ecba9dae50662357923c5289\"},\"headline\":\"&#8220;YA NO SON TEMA&#8221; PROCESOS POR PRESUNTA CORRUPCI\u00d3N: BOTELLO\",\"datePublished\":\"2024-02-14T00:06:41+00:00\",\"dateModified\":\"2024-02-14T14:00:24+00:00\",\"mainEntityOfPage\":{\"@id\":\"https:\\\/\\\/kuali.com.mx\\\/web\\\/2024\\\/02\\\/13\\\/ya-no-son-tema-procesos-por-presunta-corrupcion-botello\\\/\"},\"wordCount\":581,\"commentCount\":0,\"image\":{\"@id\":\"https:\\\/\\\/kuali.com.mx\\\/web\\\/2024\\\/02\\\/13\\\/ya-no-son-tema-procesos-por-presunta-corrupcion-botello\\\/#primaryimage\"},\"thumbnailUrl\":\"https:\\\/\\\/kuali.com.mx\\\/web\\\/wp-content\\\/uploads\\\/2024\\\/02\\\/Barbara-equipo-campana.jpeg\",\"articleSection\":[\"Pol\u00edtica\",\"slider\"],\"inLanguage\":\"es\",\"potentialAction\":[{\"@type\":\"CommentAction\",\"name\":\"Comment\",\"target\":[\"https:\\\/\\\/kuali.com.mx\\\/web\\\/2024\\\/02\\\/13\\\/ya-no-son-tema-procesos-por-presunta-corrupcion-botello\\\/#respond\"]}]},{\"@type\":\"WebPage\",\"@id\":\"https:\\\/\\\/kuali.com.mx\\\/web\\\/2024\\\/02\\\/13\\\/ya-no-son-tema-procesos-por-presunta-corrupcion-botello\\\/\",\"url\":\"https:\\\/\\\/kuali.com.mx\\\/web\\\/2024\\\/02\\\/13\\\/ya-no-son-tema-procesos-por-presunta-corrupcion-botello\\\/\",\"name\":\"\\\"YA NO SON TEMA\\\" PROCESOS POR PRESUNTA CORRUPCI\u00d3N: BOTELLO - Kuali\",\"isPartOf\":{\"@id\":\"https:\\\/\\\/kuali.com.mx\\\/web\\\/#website\"},\"primaryImageOfPage\":{\"@id\":\"https:\\\/\\\/kuali.com.mx\\\/web\\\/2024\\\/02\\\/13\\\/ya-no-son-tema-procesos-por-presunta-corrupcion-botello\\\/#primaryimage\"},\"image\":{\"@id\":\"https:\\\/\\\/kuali.com.mx\\\/web\\\/2024\\\/02\\\/13\\\/ya-no-son-tema-procesos-por-presunta-corrupcion-botello\\\/#primaryimage\"},\"thumbnailUrl\":\"https:\\\/\\\/kuali.com.mx\\\/web\\\/wp-content\\\/uploads\\\/2024\\\/02\\\/Barbara-equipo-campana.jpeg\",\"datePublished\":\"2024-02-14T00:06:41+00:00\",\"dateModified\":\"2024-02-14T14:00:24+00:00\",\"author\":{\"@id\":\"https:\\\/\\\/kuali.com.mx\\\/web\\\/#\\\/schema\\\/person\\\/6f89ffa8ecba9dae50662357923c5289\"},\"breadcrumb\":{\"@id\":\"https:\\\/\\\/kuali.com.mx\\\/web\\\/2024\\\/02\\\/13\\\/ya-no-son-tema-procesos-por-presunta-corrupcion-botello\\\/#breadcrumb\"},\"inLanguage\":\"es\",\"potentialAction\":[{\"@type\":\"ReadAction\",\"target\":[\"https:\\\/\\\/kuali.com.mx\\\/web\\\/2024\\\/02\\\/13\\\/ya-no-son-tema-procesos-por-presunta-corrupcion-botello\\\/\"]}]},{\"@type\":\"ImageObject\",\"inLanguage\":\"es\",\"@id\":\"https:\\\/\\\/kuali.com.mx\\\/web\\\/2024\\\/02\\\/13\\\/ya-no-son-tema-procesos-por-presunta-corrupcion-botello\\\/#primaryimage\",\"url\":\"https:\\\/\\\/kuali.com.mx\\\/web\\\/wp-content\\\/uploads\\\/2024\\\/02\\\/Barbara-equipo-campana.jpeg\",\"contentUrl\":\"https:\\\/\\\/kuali.com.mx\\\/web\\\/wp-content\\\/uploads\\\/2024\\\/02\\\/Barbara-equipo-campana.jpeg\",\"width\":1744,\"height\":750},{\"@type\":\"BreadcrumbList\",\"@id\":\"https:\\\/\\\/kuali.com.mx\\\/web\\\/2024\\\/02\\\/13\\\/ya-no-son-tema-procesos-por-presunta-corrupcion-botello\\\/#breadcrumb\",\"itemListElement\":[{\"@type\":\"ListItem\",\"position\":1,\"name\":\"Inicio\",\"item\":\"https:\\\/\\\/kuali.com.mx\\\/web\\\/\"},{\"@type\":\"ListItem\",\"position\":2,\"name\":\"&#8220;YA NO SON TEMA&#8221; PROCESOS POR PRESUNTA CORRUPCI\u00d3N: BOTELLO\"}]},{\"@type\":\"WebSite\",\"@id\":\"https:\\\/\\\/kuali.com.mx\\\/web\\\/#website\",\"url\":\"https:\\\/\\\/kuali.com.mx\\\/web\\\/\",\"name\":\"Kuali\",\"description\":\"\",\"potentialAction\":[{\"@type\":\"SearchAction\",\"target\":{\"@type\":\"EntryPoint\",\"urlTemplate\":\"https:\\\/\\\/kuali.com.mx\\\/web\\\/?s={search_term_string}\"},\"query-input\":{\"@type\":\"PropertyValueSpecification\",\"valueRequired\":true,\"valueName\":\"search_term_string\"}}],\"inLanguage\":\"es\"},{\"@type\":\"Person\",\"@id\":\"https:\\\/\\\/kuali.com.mx\\\/web\\\/#\\\/schema\\\/person\\\/6f89ffa8ecba9dae50662357923c5289\",\"name\":\"Kuali Staff\",\"image\":{\"@type\":\"ImageObject\",\"inLanguage\":\"es\",\"@id\":\"https:\\\/\\\/secure.gravatar.com\\\/avatar\\\/f917ad82e5ab71227a733c78b6e60715476f69ee6be59feee4eb5d9920c89e0f?s=96&d=mm&r=g\",\"url\":\"https:\\\/\\\/secure.gravatar.com\\\/avatar\\\/f917ad82e5ab71227a733c78b6e60715476f69ee6be59feee4eb5d9920c89e0f?s=96&d=mm&r=g\",\"contentUrl\":\"https:\\\/\\\/secure.gravatar.com\\\/avatar\\\/f917ad82e5ab71227a733c78b6e60715476f69ee6be59feee4eb5d9920c89e0f?s=96&d=mm&r=g\",\"caption\":\"Kuali Staff\"},\"url\":\"https:\\\/\\\/kuali.com.mx\\\/web\\\/author\\\/lagarto\\\/\"}]}<\/script>\n<!-- \/ Yoast SEO plugin. -->","yoast_head_json":{"title":"\"YA NO SON TEMA\" PROCESOS POR PRESUNTA CORRUPCI\u00d3N: BOTELLO - Kuali","robots":{"index":"index","follow":"follow","max-snippet":"max-snippet:-1","max-image-preview":"max-image-preview:large","max-video-preview":"max-video-preview:-1"},"canonical":"https:\/\/kuali.com.mx\/web\/2024\/02\/13\/ya-no-son-tema-procesos-por-presunta-corrupcion-botello\/","og_locale":"es_MX","og_type":"article","og_title":"\"YA NO SON TEMA\" PROCESOS POR PRESUNTA CORRUPCI\u00d3N: BOTELLO - Kuali","og_description":"Carlos Garc\u00eda\/Le\u00f3n, Gto.- &nbsp;Los procesos penales, civiles y administrativos por presuntos actos de corrupci\u00f3n en su contra \u201cya no son tema\u201d, sostuvo la ex presidenta municipal de Le\u00f3n (2012-2015) y candidata de Morena a la alcald\u00eda, B\u00e1rbara Botello Santib\u00e1\u00f1ez, al presentar al equipo de trabajo para la campa\u00f1a. \u201cLos ciudadanos quieren propuestas, esto ya no [&hellip;]","og_url":"https:\/\/kuali.com.mx\/web\/2024\/02\/13\/ya-no-son-tema-procesos-por-presunta-corrupcion-botello\/","og_site_name":"Kuali","article_publisher":"https:\/\/kuali.com.mx\/web\/wp-content\/uploads\/2018\/04\/cropped-kuali_logo-1-1.png","article_published_time":"2024-02-14T00:06:41+00:00","article_modified_time":"2024-02-14T14:00:24+00:00","og_image":[{"width":1744,"height":750,"url":"https:\/\/kuali.com.mx\/web\/wp-content\/uploads\/2024\/02\/Barbara-equipo-campana.jpeg","type":"image\/jpeg"}],"author":"Kuali Staff","twitter_card":"summary_large_image","twitter_creator":"@kuali_noticias","twitter_site":"@kuali_noticias","twitter_misc":{"Escrito por":"Kuali Staff","Tiempo de lectura":"3 minutos"},"schema":{"@context":"https:\/\/schema.org","@graph":[{"@type":"Article","@id":"https:\/\/kuali.com.mx\/web\/2024\/02\/13\/ya-no-son-tema-procesos-por-presunta-corrupcion-botello\/#article","isPartOf":{"@id":"https:\/\/kuali.com.mx\/web\/2024\/02\/13\/ya-no-son-tema-procesos-por-presunta-corrupcion-botello\/"},"author":{"name":"Kuali Staff","@id":"https:\/\/kuali.com.mx\/web\/#\/schema\/person\/6f89ffa8ecba9dae50662357923c5289"},"headline":"&#8220;YA NO SON TEMA&#8221; PROCESOS POR PRESUNTA CORRUPCI\u00d3N: BOTELLO","datePublished":"2024-02-14T00:06:41+00:00","dateModified":"2024-02-14T14:00:24+00:00","mainEntityOfPage":{"@id":"https:\/\/kuali.com.mx\/web\/2024\/02\/13\/ya-no-son-tema-procesos-por-presunta-corrupcion-botello\/"},"wordCount":581,"commentCount":0,"image":{"@id":"https:\/\/kuali.com.mx\/web\/2024\/02\/13\/ya-no-son-tema-procesos-por-presunta-corrupcion-botello\/#primaryimage"},"thumbnailUrl":"https:\/\/kuali.com.mx\/web\/wp-content\/uploads\/2024\/02\/Barbara-equipo-campana.jpeg","articleSection":["Pol\u00edtica","slider"],"inLanguage":"es","potentialAction":[{"@type":"CommentAction","name":"Comment","target":["https:\/\/kuali.com.mx\/web\/2024\/02\/13\/ya-no-son-tema-procesos-por-presunta-corrupcion-botello\/#respond"]}]},{"@type":"WebPage","@id":"https:\/\/kuali.com.mx\/web\/2024\/02\/13\/ya-no-son-tema-procesos-por-presunta-corrupcion-botello\/","url":"https:\/\/kuali.com.mx\/web\/2024\/02\/13\/ya-no-son-tema-procesos-por-presunta-corrupcion-botello\/","name":"\"YA NO SON TEMA\" PROCESOS POR PRESUNTA CORRUPCI\u00d3N: BOTELLO - Kuali","isPartOf":{"@id":"https:\/\/kuali.com.mx\/web\/#website"},"primaryImageOfPage":{"@id":"https:\/\/kuali.com.mx\/web\/2024\/02\/13\/ya-no-son-tema-procesos-por-presunta-corrupcion-botello\/#primaryimage"},"image":{"@id":"https:\/\/kuali.com.mx\/web\/2024\/02\/13\/ya-no-son-tema-procesos-por-presunta-corrupcion-botello\/#primaryimage"},"thumbnailUrl":"https:\/\/kuali.com.mx\/web\/wp-content\/uploads\/2024\/02\/Barbara-equipo-campana.jpeg","datePublished":"2024-02-14T00:06:41+00:00","dateModified":"2024-02-14T14:00:24+00:00","author":{"@id":"https:\/\/kuali.com.mx\/web\/#\/schema\/person\/6f89ffa8ecba9dae50662357923c5289"},"breadcrumb":{"@id":"https:\/\/kuali.com.mx\/web\/2024\/02\/13\/ya-no-son-tema-procesos-por-presunta-corrupcion-botello\/#breadcrumb"},"inLanguage":"es","potentialAction":[{"@type":"ReadAction","target":["https:\/\/kuali.com.mx\/web\/2024\/02\/13\/ya-no-son-tema-procesos-por-presunta-corrupcion-botello\/"]}]},{"@type":"ImageObject","inLanguage":"es","@id":"https:\/\/kuali.com.mx\/web\/2024\/02\/13\/ya-no-son-tema-procesos-por-presunta-corrupcion-botello\/#primaryimage","url":"https:\/\/kuali.com.mx\/web\/wp-content\/uploads\/2024\/02\/Barbara-equipo-campana.jpeg","contentUrl":"https:\/\/kuali.com.mx\/web\/wp-content\/uploads\/2024\/02\/Barbara-equipo-campana.jpeg","width":1744,"height":750},{"@type":"BreadcrumbList","@id":"https:\/\/kuali.com.mx\/web\/2024\/02\/13\/ya-no-son-tema-procesos-por-presunta-corrupcion-botello\/#breadcrumb","itemListElement":[{"@type":"ListItem","position":1,"name":"Inicio","item":"https:\/\/kuali.com.mx\/web\/"},{"@type":"ListItem","position":2,"name":"&#8220;YA NO SON TEMA&#8221; PROCESOS POR PRESUNTA CORRUPCI\u00d3N: BOTELLO"}]},{"@type":"WebSite","@id":"https:\/\/kuali.com.mx\/web\/#website","url":"https:\/\/kuali.com.mx\/web\/","name":"Kuali","description":"","potentialAction":[{"@type":"SearchAction","target":{"@type":"EntryPoint","urlTemplate":"https:\/\/kuali.com.mx\/web\/?s={search_term_string}"},"query-input":{"@type":"PropertyValueSpecification","valueRequired":true,"valueName":"search_term_string"}}],"inLanguage":"es"},{"@type":"Person","@id":"https:\/\/kuali.com.mx\/web\/#\/schema\/person\/6f89ffa8ecba9dae50662357923c5289","name":"Kuali Staff","image":{"@type":"ImageObject","inLanguage":"es","@id":"https:\/\/secure.gravatar.com\/avatar\/f917ad82e5ab71227a733c78b6e60715476f69ee6be59feee4eb5d9920c89e0f?s=96&d=mm&r=g","url":"https:\/\/secure.gravatar.com\/avatar\/f917ad82e5ab71227a733c78b6e60715476f69ee6be59feee4eb5d9920c89e0f?s=96&d=mm&r=g","contentUrl":"https:\/\/secure.gravatar.com\/avatar\/f917ad82e5ab71227a733c78b6e60715476f69ee6be59feee4eb5d9920c89e0f?s=96&d=mm&r=g","caption":"Kuali Staff"},"url":"https:\/\/kuali.com.mx\/web\/author\/lagarto\/"}]}},"_links":{"self":[{"href":"https:\/\/kuali.com.mx\/web\/wp-json\/wp\/v2\/posts\/136158","targetHints":{"allow":["GET"]}}],"collection":[{"href":"https:\/\/kuali.com.mx\/web\/wp-json\/wp\/v2\/posts"}],"about":[{"href":"https:\/\/kuali.com.mx\/web\/wp-json\/wp\/v2\/types\/post"}],"author":[{"embeddable":true,"href":"https:\/\/kuali.com.mx\/web\/wp-json\/wp\/v2\/users\/2"}],"replies":[{"embeddable":true,"href":"https:\/\/kuali.com.mx\/web\/wp-json\/wp\/v2\/comments?post=136158"}],"version-history":[{"count":2,"href":"https:\/\/kuali.com.mx\/web\/wp-json\/wp\/v2\/posts\/136158\/revisions"}],"predecessor-version":[{"id":136249,"href":"https:\/\/kuali.com.mx\/web\/wp-json\/wp\/v2\/posts\/136158\/revisions\/136249"}],"wp:featuredmedia":[{"embeddable":true,"href":"https:\/\/kuali.com.mx\/web\/wp-json\/wp\/v2\/media\/136161"}],"wp:attachment":[{"href":"https:\/\/kuali.com.mx\/web\/wp-json\/wp\/v2\/media?parent=136158"}],"wp:term":[{"taxonomy":"category","embeddable":true,"href":"https:\/\/kuali.com.mx\/web\/wp-json\/wp\/v2\/categories?post=136158"},{"taxonomy":"post_tag","embeddable":true,"href":"https:\/\/kuali.com.mx\/web\/wp-json\/wp\/v2\/tags?post=136158"}],"curies":[{"name":"wp","href":"https:\/\/api.w.org\/{rel}","templated":true}]}}