{"id":136126,"date":"2024-02-12T13:06:00","date_gmt":"2024-02-12T19:06:00","guid":{"rendered":"https:\/\/kuali.com.mx\/web\/?p=136126"},"modified":"2024-02-12T18:10:16","modified_gmt":"2024-02-13T00:10:16","slug":"hace-vibrar-santa-fe-klan-a-san-jose-iturbide","status":"publish","type":"post","link":"https:\/\/kuali.com.mx\/web\/2024\/02\/12\/hace-vibrar-santa-fe-klan-a-san-jose-iturbide\/","title":{"rendered":"HACE VIBRAR SANTA FE KLAN A SAN JOS\u00c9 ITURBIDE"},"content":{"rendered":"\n<p><strong><em>Jeshael Rivera Villal\u00f3n\/San Jos\u00e9 Iturbide, Gto.-<\/em><\/strong> Con la asistencia de miles de personas cantando y ni\u00f1os bailando en el escenario al son del acorde\u00f3n, el rapero guanajuatense Santa Fe Klan, cerr\u00f3 las presentaciones art\u00edsticas de la feria San Jos\u00e9 Iturbide 2024.<\/p>\n\n\n\n<p>\u00c1ngel Quezada lleg\u00f3 al escenario y desde el primer minuto se mostr\u00f3 atento con la gente, misma que se gan\u00f3 con su carisma, sencillez y su talento musical.<\/p>\n\n\n\n<p>Con sus \u00e9xitos plagados de diferentes estilos, rap, cumbia y m\u00e1s, durante una presentaci\u00f3n de casi 2 horas, recogi\u00f3 el aplauso de grandes y chicos quienes corearon varias de sus canciones.<\/p>\n\n\n\n<p>Dj\u00b4s, Grafiteros y un elenco de bailarinas y bailarines estuvieron en el escenario acompa\u00f1\u00e1ndolo en una velada muy din\u00e1mica cargada energ\u00eda.<\/p>\n\n\n\n<p>Un momento emotivo de la noche fue cuando invit\u00f3 a bailar a ni\u00f1os y ni\u00f1as quienes bajo el acorde del acorde\u00f3n que tocaba se pusieron a bailar.<\/p>\n\n\n\n<p>En ese punto, se dio tiempo de firmar banderas de M\u00e9xico, gorras, playeras y m\u00e1s; tambi\u00e9n varios se tomaron la fotograf\u00eda con el cantante.<\/p>\n\n\n\n<p>Los miles de asistentes de San Jos\u00e9, otros municipios del estado, e incluso otras entidades del pa\u00eds, le reconocieron en todo momento el talento y la sencilles al guanajuatense.<\/p>\n\n\n\n<p>D\u00edas previos, el teatro del pueblo en la feria, fue testigo de las presentaciones de grupo Laberinto, Exterminador, Gerardo Ortiz, La Fiera de Ojinaga, La Kumbre con K, Los Rugar, El Trono de M\u00e9xico, Yuri y m\u00e1s.<\/p>\n\n\n\n<p>Otras actividades que se dieron en la segunda semana de feria, fueron la presentaci\u00f3n de Cuisillos, una funci\u00f3n del Consejo Mundial de Lucha Libre CMLL y el show del comediante Cosos Ca\u00f1on.<\/p>\n\n\n\n<p>El saldo preliminar dado a conocer por las autoridades fue \u201cblanco\u201d pues, aunque hubo algunos detenidos por distintas faltas administrativas, no se reportaron incidencias mayores.<\/p>\n\n\n\n<p>Fue as\u00ed que concluy\u00f3 la feria por el 270 aniversario de la fundaci\u00f3n de San Jos\u00e9 Iturbide.<\/p>\n","protected":false},"excerpt":{"rendered":"Jeshael Rivera Villal\u00f3n\/San Jos\u00e9 Iturbide, Gto.- Con la asistencia de miles de personas cantando y ni\u00f1os bailando en el escenario al son del acorde\u00f3n, el rapero guanajuatense Santa Fe Klan, cerr\u00f3 las presentaciones art\u00edsticas de la feria San Jos\u00e9 Iturbide 2024. \u00c1ngel Quezada lleg\u00f3 al escenario y desde el primer minuto se mostr\u00f3 atento con [&hellip;]","protected":false},"author":2,"featured_media":136129,"comment_status":"open","ping_status":"open","sticky":false,"template":"","format":"standard","meta":{"_seopress_robots_primary_cat":"none","_seopress_titles_title":"","_seopress_titles_desc":"","_seopress_robots_index":"","_monsterinsights_skip_tracking":false,"_monsterinsights_sitenote_active":false,"_monsterinsights_sitenote_note":"","_monsterinsights_sitenote_category":0,"footnotes":""},"categories":[18],"tags":[],"class_list":["post-136126","post","type-post","status-publish","format-standard","has-post-thumbnail","hentry","category-espectaculos-2"],"yoast_head":"<!-- This site is optimized with the Yoast SEO plugin v27.4 - https:\/\/yoast.com\/product\/yoast-seo-wordpress\/ -->\n<title>HACE VIBRAR SANTA FE KLAN A SAN JOS\u00c9 ITURBIDE - Kuali<\/title>\n<meta name=\"robots\" content=\"index, follow, max-snippet:-1, max-image-preview:large, max-video-preview:-1\" \/>\n<link rel=\"canonical\" href=\"https:\/\/kuali.com.mx\/web\/2024\/02\/12\/hace-vibrar-santa-fe-klan-a-san-jose-iturbide\/\" \/>\n<meta property=\"og:locale\" content=\"es_MX\" \/>\n<meta property=\"og:type\" content=\"article\" \/>\n<meta property=\"og:title\" content=\"HACE VIBRAR SANTA FE KLAN A SAN JOS\u00c9 ITURBIDE - Kuali\" \/>\n<meta property=\"og:description\" content=\"Jeshael Rivera Villal\u00f3n\/San Jos\u00e9 Iturbide, Gto.- Con la asistencia de miles de personas cantando y ni\u00f1os bailando en el escenario al son del acorde\u00f3n, el rapero guanajuatense Santa Fe Klan, cerr\u00f3 las presentaciones art\u00edsticas de la feria San Jos\u00e9 Iturbide 2024. \u00c1ngel Quezada lleg\u00f3 al escenario y desde el primer minuto se mostr\u00f3 atento con [&hellip;]\" \/>\n<meta property=\"og:url\" content=\"https:\/\/kuali.com.mx\/web\/2024\/02\/12\/hace-vibrar-santa-fe-klan-a-san-jose-iturbide\/\" \/>\n<meta property=\"og:site_name\" content=\"Kuali\" \/>\n<meta property=\"article:publisher\" content=\"https:\/\/kuali.com.mx\/web\/wp-content\/uploads\/2018\/04\/cropped-kuali_logo-1-1.png\" \/>\n<meta property=\"article:published_time\" content=\"2024-02-12T19:06:00+00:00\" \/>\n<meta property=\"article:modified_time\" content=\"2024-02-13T00:10:16+00:00\" \/>\n<meta property=\"og:image\" content=\"https:\/\/kuali.com.mx\/web\/wp-content\/uploads\/2024\/02\/Santa-Fe-Klan.jpeg\" \/>\n\t<meta property=\"og:image:width\" content=\"1280\" \/>\n\t<meta property=\"og:image:height\" content=\"853\" \/>\n\t<meta property=\"og:image:type\" content=\"image\/jpeg\" \/>\n<meta name=\"author\" content=\"Kuali Staff\" \/>\n<meta name=\"twitter:card\" content=\"summary_large_image\" \/>\n<meta name=\"twitter:creator\" content=\"@kuali_noticias\" \/>\n<meta name=\"twitter:site\" content=\"@kuali_noticias\" \/>\n<meta name=\"twitter:label1\" content=\"Escrito por\" \/>\n\t<meta name=\"twitter:data1\" content=\"Kuali Staff\" \/>\n\t<meta name=\"twitter:label2\" content=\"Tiempo de lectura\" \/>\n\t<meta name=\"twitter:data2\" content=\"2 minutos\" \/>\n<script type=\"application\/ld+json\" class=\"yoast-schema-graph\">{\"@context\":\"https:\\\/\\\/schema.org\",\"@graph\":[{\"@type\":\"Article\",\"@id\":\"https:\\\/\\\/kuali.com.mx\\\/web\\\/2024\\\/02\\\/12\\\/hace-vibrar-santa-fe-klan-a-san-jose-iturbide\\\/#article\",\"isPartOf\":{\"@id\":\"https:\\\/\\\/kuali.com.mx\\\/web\\\/2024\\\/02\\\/12\\\/hace-vibrar-santa-fe-klan-a-san-jose-iturbide\\\/\"},\"author\":{\"name\":\"Kuali Staff\",\"@id\":\"https:\\\/\\\/kuali.com.mx\\\/web\\\/#\\\/schema\\\/person\\\/6f89ffa8ecba9dae50662357923c5289\"},\"headline\":\"HACE VIBRAR SANTA FE KLAN A SAN JOS\u00c9 ITURBIDE\",\"datePublished\":\"2024-02-12T19:06:00+00:00\",\"dateModified\":\"2024-02-13T00:10:16+00:00\",\"mainEntityOfPage\":{\"@id\":\"https:\\\/\\\/kuali.com.mx\\\/web\\\/2024\\\/02\\\/12\\\/hace-vibrar-santa-fe-klan-a-san-jose-iturbide\\\/\"},\"wordCount\":345,\"commentCount\":0,\"image\":{\"@id\":\"https:\\\/\\\/kuali.com.mx\\\/web\\\/2024\\\/02\\\/12\\\/hace-vibrar-santa-fe-klan-a-san-jose-iturbide\\\/#primaryimage\"},\"thumbnailUrl\":\"https:\\\/\\\/kuali.com.mx\\\/web\\\/wp-content\\\/uploads\\\/2024\\\/02\\\/Santa-Fe-Klan.jpeg\",\"articleSection\":[\"Espect\u00e1culos\"],\"inLanguage\":\"es\",\"potentialAction\":[{\"@type\":\"CommentAction\",\"name\":\"Comment\",\"target\":[\"https:\\\/\\\/kuali.com.mx\\\/web\\\/2024\\\/02\\\/12\\\/hace-vibrar-santa-fe-klan-a-san-jose-iturbide\\\/#respond\"]}]},{\"@type\":\"WebPage\",\"@id\":\"https:\\\/\\\/kuali.com.mx\\\/web\\\/2024\\\/02\\\/12\\\/hace-vibrar-santa-fe-klan-a-san-jose-iturbide\\\/\",\"url\":\"https:\\\/\\\/kuali.com.mx\\\/web\\\/2024\\\/02\\\/12\\\/hace-vibrar-santa-fe-klan-a-san-jose-iturbide\\\/\",\"name\":\"HACE VIBRAR SANTA FE KLAN A SAN JOS\u00c9 ITURBIDE - Kuali\",\"isPartOf\":{\"@id\":\"https:\\\/\\\/kuali.com.mx\\\/web\\\/#website\"},\"primaryImageOfPage\":{\"@id\":\"https:\\\/\\\/kuali.com.mx\\\/web\\\/2024\\\/02\\\/12\\\/hace-vibrar-santa-fe-klan-a-san-jose-iturbide\\\/#primaryimage\"},\"image\":{\"@id\":\"https:\\\/\\\/kuali.com.mx\\\/web\\\/2024\\\/02\\\/12\\\/hace-vibrar-santa-fe-klan-a-san-jose-iturbide\\\/#primaryimage\"},\"thumbnailUrl\":\"https:\\\/\\\/kuali.com.mx\\\/web\\\/wp-content\\\/uploads\\\/2024\\\/02\\\/Santa-Fe-Klan.jpeg\",\"datePublished\":\"2024-02-12T19:06:00+00:00\",\"dateModified\":\"2024-02-13T00:10:16+00:00\",\"author\":{\"@id\":\"https:\\\/\\\/kuali.com.mx\\\/web\\\/#\\\/schema\\\/person\\\/6f89ffa8ecba9dae50662357923c5289\"},\"breadcrumb\":{\"@id\":\"https:\\\/\\\/kuali.com.mx\\\/web\\\/2024\\\/02\\\/12\\\/hace-vibrar-santa-fe-klan-a-san-jose-iturbide\\\/#breadcrumb\"},\"inLanguage\":\"es\",\"potentialAction\":[{\"@type\":\"ReadAction\",\"target\":[\"https:\\\/\\\/kuali.com.mx\\\/web\\\/2024\\\/02\\\/12\\\/hace-vibrar-santa-fe-klan-a-san-jose-iturbide\\\/\"]}]},{\"@type\":\"ImageObject\",\"inLanguage\":\"es\",\"@id\":\"https:\\\/\\\/kuali.com.mx\\\/web\\\/2024\\\/02\\\/12\\\/hace-vibrar-santa-fe-klan-a-san-jose-iturbide\\\/#primaryimage\",\"url\":\"https:\\\/\\\/kuali.com.mx\\\/web\\\/wp-content\\\/uploads\\\/2024\\\/02\\\/Santa-Fe-Klan.jpeg\",\"contentUrl\":\"https:\\\/\\\/kuali.com.mx\\\/web\\\/wp-content\\\/uploads\\\/2024\\\/02\\\/Santa-Fe-Klan.jpeg\",\"width\":1280,\"height\":853},{\"@type\":\"BreadcrumbList\",\"@id\":\"https:\\\/\\\/kuali.com.mx\\\/web\\\/2024\\\/02\\\/12\\\/hace-vibrar-santa-fe-klan-a-san-jose-iturbide\\\/#breadcrumb\",\"itemListElement\":[{\"@type\":\"ListItem\",\"position\":1,\"name\":\"Inicio\",\"item\":\"https:\\\/\\\/kuali.com.mx\\\/web\\\/\"},{\"@type\":\"ListItem\",\"position\":2,\"name\":\"HACE VIBRAR SANTA FE KLAN A SAN JOS\u00c9 ITURBIDE\"}]},{\"@type\":\"WebSite\",\"@id\":\"https:\\\/\\\/kuali.com.mx\\\/web\\\/#website\",\"url\":\"https:\\\/\\\/kuali.com.mx\\\/web\\\/\",\"name\":\"Kuali\",\"description\":\"\",\"potentialAction\":[{\"@type\":\"SearchAction\",\"target\":{\"@type\":\"EntryPoint\",\"urlTemplate\":\"https:\\\/\\\/kuali.com.mx\\\/web\\\/?s={search_term_string}\"},\"query-input\":{\"@type\":\"PropertyValueSpecification\",\"valueRequired\":true,\"valueName\":\"search_term_string\"}}],\"inLanguage\":\"es\"},{\"@type\":\"Person\",\"@id\":\"https:\\\/\\\/kuali.com.mx\\\/web\\\/#\\\/schema\\\/person\\\/6f89ffa8ecba9dae50662357923c5289\",\"name\":\"Kuali Staff\",\"image\":{\"@type\":\"ImageObject\",\"inLanguage\":\"es\",\"@id\":\"https:\\\/\\\/secure.gravatar.com\\\/avatar\\\/f917ad82e5ab71227a733c78b6e60715476f69ee6be59feee4eb5d9920c89e0f?s=96&d=mm&r=g\",\"url\":\"https:\\\/\\\/secure.gravatar.com\\\/avatar\\\/f917ad82e5ab71227a733c78b6e60715476f69ee6be59feee4eb5d9920c89e0f?s=96&d=mm&r=g\",\"contentUrl\":\"https:\\\/\\\/secure.gravatar.com\\\/avatar\\\/f917ad82e5ab71227a733c78b6e60715476f69ee6be59feee4eb5d9920c89e0f?s=96&d=mm&r=g\",\"caption\":\"Kuali Staff\"},\"url\":\"https:\\\/\\\/kuali.com.mx\\\/web\\\/author\\\/lagarto\\\/\"}]}<\/script>\n<!-- \/ Yoast SEO plugin. -->","yoast_head_json":{"title":"HACE VIBRAR SANTA FE KLAN A SAN JOS\u00c9 ITURBIDE - Kuali","robots":{"index":"index","follow":"follow","max-snippet":"max-snippet:-1","max-image-preview":"max-image-preview:large","max-video-preview":"max-video-preview:-1"},"canonical":"https:\/\/kuali.com.mx\/web\/2024\/02\/12\/hace-vibrar-santa-fe-klan-a-san-jose-iturbide\/","og_locale":"es_MX","og_type":"article","og_title":"HACE VIBRAR SANTA FE KLAN A SAN JOS\u00c9 ITURBIDE - Kuali","og_description":"Jeshael Rivera Villal\u00f3n\/San Jos\u00e9 Iturbide, Gto.- Con la asistencia de miles de personas cantando y ni\u00f1os bailando en el escenario al son del acorde\u00f3n, el rapero guanajuatense Santa Fe Klan, cerr\u00f3 las presentaciones art\u00edsticas de la feria San Jos\u00e9 Iturbide 2024. \u00c1ngel Quezada lleg\u00f3 al escenario y desde el primer minuto se mostr\u00f3 atento con [&hellip;]","og_url":"https:\/\/kuali.com.mx\/web\/2024\/02\/12\/hace-vibrar-santa-fe-klan-a-san-jose-iturbide\/","og_site_name":"Kuali","article_publisher":"https:\/\/kuali.com.mx\/web\/wp-content\/uploads\/2018\/04\/cropped-kuali_logo-1-1.png","article_published_time":"2024-02-12T19:06:00+00:00","article_modified_time":"2024-02-13T00:10:16+00:00","og_image":[{"width":1280,"height":853,"url":"https:\/\/kuali.com.mx\/web\/wp-content\/uploads\/2024\/02\/Santa-Fe-Klan.jpeg","type":"image\/jpeg"}],"author":"Kuali Staff","twitter_card":"summary_large_image","twitter_creator":"@kuali_noticias","twitter_site":"@kuali_noticias","twitter_misc":{"Escrito por":"Kuali Staff","Tiempo de lectura":"2 minutos"},"schema":{"@context":"https:\/\/schema.org","@graph":[{"@type":"Article","@id":"https:\/\/kuali.com.mx\/web\/2024\/02\/12\/hace-vibrar-santa-fe-klan-a-san-jose-iturbide\/#article","isPartOf":{"@id":"https:\/\/kuali.com.mx\/web\/2024\/02\/12\/hace-vibrar-santa-fe-klan-a-san-jose-iturbide\/"},"author":{"name":"Kuali Staff","@id":"https:\/\/kuali.com.mx\/web\/#\/schema\/person\/6f89ffa8ecba9dae50662357923c5289"},"headline":"HACE VIBRAR SANTA FE KLAN A SAN JOS\u00c9 ITURBIDE","datePublished":"2024-02-12T19:06:00+00:00","dateModified":"2024-02-13T00:10:16+00:00","mainEntityOfPage":{"@id":"https:\/\/kuali.com.mx\/web\/2024\/02\/12\/hace-vibrar-santa-fe-klan-a-san-jose-iturbide\/"},"wordCount":345,"commentCount":0,"image":{"@id":"https:\/\/kuali.com.mx\/web\/2024\/02\/12\/hace-vibrar-santa-fe-klan-a-san-jose-iturbide\/#primaryimage"},"thumbnailUrl":"https:\/\/kuali.com.mx\/web\/wp-content\/uploads\/2024\/02\/Santa-Fe-Klan.jpeg","articleSection":["Espect\u00e1culos"],"inLanguage":"es","potentialAction":[{"@type":"CommentAction","name":"Comment","target":["https:\/\/kuali.com.mx\/web\/2024\/02\/12\/hace-vibrar-santa-fe-klan-a-san-jose-iturbide\/#respond"]}]},{"@type":"WebPage","@id":"https:\/\/kuali.com.mx\/web\/2024\/02\/12\/hace-vibrar-santa-fe-klan-a-san-jose-iturbide\/","url":"https:\/\/kuali.com.mx\/web\/2024\/02\/12\/hace-vibrar-santa-fe-klan-a-san-jose-iturbide\/","name":"HACE VIBRAR SANTA FE KLAN A SAN JOS\u00c9 ITURBIDE - Kuali","isPartOf":{"@id":"https:\/\/kuali.com.mx\/web\/#website"},"primaryImageOfPage":{"@id":"https:\/\/kuali.com.mx\/web\/2024\/02\/12\/hace-vibrar-santa-fe-klan-a-san-jose-iturbide\/#primaryimage"},"image":{"@id":"https:\/\/kuali.com.mx\/web\/2024\/02\/12\/hace-vibrar-santa-fe-klan-a-san-jose-iturbide\/#primaryimage"},"thumbnailUrl":"https:\/\/kuali.com.mx\/web\/wp-content\/uploads\/2024\/02\/Santa-Fe-Klan.jpeg","datePublished":"2024-02-12T19:06:00+00:00","dateModified":"2024-02-13T00:10:16+00:00","author":{"@id":"https:\/\/kuali.com.mx\/web\/#\/schema\/person\/6f89ffa8ecba9dae50662357923c5289"},"breadcrumb":{"@id":"https:\/\/kuali.com.mx\/web\/2024\/02\/12\/hace-vibrar-santa-fe-klan-a-san-jose-iturbide\/#breadcrumb"},"inLanguage":"es","potentialAction":[{"@type":"ReadAction","target":["https:\/\/kuali.com.mx\/web\/2024\/02\/12\/hace-vibrar-santa-fe-klan-a-san-jose-iturbide\/"]}]},{"@type":"ImageObject","inLanguage":"es","@id":"https:\/\/kuali.com.mx\/web\/2024\/02\/12\/hace-vibrar-santa-fe-klan-a-san-jose-iturbide\/#primaryimage","url":"https:\/\/kuali.com.mx\/web\/wp-content\/uploads\/2024\/02\/Santa-Fe-Klan.jpeg","contentUrl":"https:\/\/kuali.com.mx\/web\/wp-content\/uploads\/2024\/02\/Santa-Fe-Klan.jpeg","width":1280,"height":853},{"@type":"BreadcrumbList","@id":"https:\/\/kuali.com.mx\/web\/2024\/02\/12\/hace-vibrar-santa-fe-klan-a-san-jose-iturbide\/#breadcrumb","itemListElement":[{"@type":"ListItem","position":1,"name":"Inicio","item":"https:\/\/kuali.com.mx\/web\/"},{"@type":"ListItem","position":2,"name":"HACE VIBRAR SANTA FE KLAN A SAN JOS\u00c9 ITURBIDE"}]},{"@type":"WebSite","@id":"https:\/\/kuali.com.mx\/web\/#website","url":"https:\/\/kuali.com.mx\/web\/","name":"Kuali","description":"","potentialAction":[{"@type":"SearchAction","target":{"@type":"EntryPoint","urlTemplate":"https:\/\/kuali.com.mx\/web\/?s={search_term_string}"},"query-input":{"@type":"PropertyValueSpecification","valueRequired":true,"valueName":"search_term_string"}}],"inLanguage":"es"},{"@type":"Person","@id":"https:\/\/kuali.com.mx\/web\/#\/schema\/person\/6f89ffa8ecba9dae50662357923c5289","name":"Kuali Staff","image":{"@type":"ImageObject","inLanguage":"es","@id":"https:\/\/secure.gravatar.com\/avatar\/f917ad82e5ab71227a733c78b6e60715476f69ee6be59feee4eb5d9920c89e0f?s=96&d=mm&r=g","url":"https:\/\/secure.gravatar.com\/avatar\/f917ad82e5ab71227a733c78b6e60715476f69ee6be59feee4eb5d9920c89e0f?s=96&d=mm&r=g","contentUrl":"https:\/\/secure.gravatar.com\/avatar\/f917ad82e5ab71227a733c78b6e60715476f69ee6be59feee4eb5d9920c89e0f?s=96&d=mm&r=g","caption":"Kuali Staff"},"url":"https:\/\/kuali.com.mx\/web\/author\/lagarto\/"}]}},"_links":{"self":[{"href":"https:\/\/kuali.com.mx\/web\/wp-json\/wp\/v2\/posts\/136126","targetHints":{"allow":["GET"]}}],"collection":[{"href":"https:\/\/kuali.com.mx\/web\/wp-json\/wp\/v2\/posts"}],"about":[{"href":"https:\/\/kuali.com.mx\/web\/wp-json\/wp\/v2\/types\/post"}],"author":[{"embeddable":true,"href":"https:\/\/kuali.com.mx\/web\/wp-json\/wp\/v2\/users\/2"}],"replies":[{"embeddable":true,"href":"https:\/\/kuali.com.mx\/web\/wp-json\/wp\/v2\/comments?post=136126"}],"version-history":[{"count":1,"href":"https:\/\/kuali.com.mx\/web\/wp-json\/wp\/v2\/posts\/136126\/revisions"}],"predecessor-version":[{"id":136130,"href":"https:\/\/kuali.com.mx\/web\/wp-json\/wp\/v2\/posts\/136126\/revisions\/136130"}],"wp:featuredmedia":[{"embeddable":true,"href":"https:\/\/kuali.com.mx\/web\/wp-json\/wp\/v2\/media\/136129"}],"wp:attachment":[{"href":"https:\/\/kuali.com.mx\/web\/wp-json\/wp\/v2\/media?parent=136126"}],"wp:term":[{"taxonomy":"category","embeddable":true,"href":"https:\/\/kuali.com.mx\/web\/wp-json\/wp\/v2\/categories?post=136126"},{"taxonomy":"post_tag","embeddable":true,"href":"https:\/\/kuali.com.mx\/web\/wp-json\/wp\/v2\/tags?post=136126"}],"curies":[{"name":"wp","href":"https:\/\/api.w.org\/{rel}","templated":true}]}}