{"id":135993,"date":"2024-02-10T12:18:27","date_gmt":"2024-02-10T18:18:27","guid":{"rendered":"https:\/\/kuali.com.mx\/web\/?p=135993"},"modified":"2024-02-10T16:29:31","modified_gmt":"2024-02-10T22:29:31","slug":"inauguran-jardin-botanico-en-jalpa","status":"publish","type":"post","link":"https:\/\/kuali.com.mx\/web\/2024\/02\/10\/inauguran-jardin-botanico-en-jalpa\/","title":{"rendered":"INAUGURAN JARD\u00cdN BOT\u00c1NICO EN JALPA"},"content":{"rendered":"\n<p><strong>Kuali\/Le\u00f3n, Gto.- <\/strong>El Pueblo M\u00e1gico de Jalpa de C\u00e1novas cuenta con un Jard\u00edn Bot\u00e1nico de dos kil\u00f3metros que abri\u00f3 sus puertas al p\u00fablico este viernes 09 de febrero.<\/p>\n\n\n\n<p>El presidente municipal, Roberto Garc\u00eda Urbano, acompa\u00f1ado de autoridades Estatales, inaugur\u00f3 el Sendero Bot\u00e1nico de Jalpa de C\u00e1novas Pueblo M\u00e1gico y Mejor Villa Tur\u00edstica Mundial, que conecta con la comunidad de Guadalupe de Jalpa.<\/p>\n\n\n\n<p>El alcalde explic\u00f3 que el espacio consta de 2 kil\u00f3metros, en los cuales se plantaron 500 \u00e1rboles y 6 mil 500 arbustos. La zona fue rescatada en su totalidad con un ancho de dos metros, pues no hab\u00eda camino definido; incluso, estaba invadida en su zona federal cercana del r\u00edo.<\/p>\n\n\n\n<iframe loading=\"lazy\" src=\"https:\/\/www.facebook.com\/plugins\/video.php?height=308&href=https%3A%2F%2Fwww.facebook.com%2FKualiNoticias%2Fvideos%2F896384868896102%2F&show_text=false&width=560&t=0\" width=\"560\" height=\"308\" style=\"border:none;overflow:hidden\" scrolling=\"no\" frameborder=\"0\" allowfullscreen=\"true\" allow=\"autoplay; clipboard-write; encrypted-media; picture-in-picture; web-share\" allowFullScreen=\"true\"><\/iframe>\n\n\n\n<p>Pur\u00edsima est\u00e1 atendiendo los espacios ambientales, est\u00e1 invitando y sumando a la poblaci\u00f3n a ser consciente del cuidado a los espacios naturales, entendiendo que preservar, conservar y generar son parte de un compromiso de vida para todos, dijo.<\/p>\n\n\n\n<p>Con el respaldo del Gobierno del Estado de Guanajuato, a trav\u00e9s de Comisi\u00f3n Estatal del Agua de Guanajuato (CEAG), y la Secretar\u00eda de Medio Ambiente y Ordenamiento Territorial (SMAOT), se realizaron los tr\u00e1mites ante el gobierno federal &nbsp;para poder acceder al espacio y trabajar en la plantaci\u00f3n de los \u00e1rboles, como \u00e1rea de atenci\u00f3n a la flora y fauna del lugar.<\/p>\n\n\n\n<p>Javier Z\u00e1rate, subdirector de Infraestructura Hidr\u00e1ulica de la CEAG, detall\u00f3 que al inicio se coloc\u00f3 polvillo en el camino; sin embargo, decidieron cambiarlo por cascajo de piedra triturada para evitar atascos y cuidar mucho m\u00e1s el espacio con atenci\u00f3n y cumplimiento directo a preservar la paleta vegetal de la zona.<\/p>\n\n\n\n<p>Especial \u00e9nfasis se otorga al cuidado de \u00e1rboles identificados, como parte del paisaje de Jalpa de C\u00e1novas, donde trabajaron expertos ambientalistas y paisajistas, pr\u00e1cticamente sin el uso de maquinaria.<\/p>\n\n\n\n<p>En el proyecto se invirtieron 4 millones de pesos durante los \u00faltimos dos a\u00f1os para dar colorido, promover la responsabilidad social y ambiental, promover la convivencia con la naturaleza, adem\u00e1s de aprender a valorar y ampliar las \u00e1reas verdes.<\/p>\n\n\n\n<p>Frida Ximena Huett Salazar, directora de Productos Tur\u00edsticos de la Secretar\u00eda de Turismo de Guanajuato (Sectur), felicit\u00f3 a Jalpa de C\u00e1novas por contar con una sociedad colaborativa y comprometida, pero sobre todo, por seguir adelante con el proyecto en el Estado y proyectar trascendentemente a Pur\u00edsima del Rinc\u00f3n.<\/p>\n\n\n\n<p>Por su parte Karina Padilla \u00c1vila, subsecretaria de la SMAOT, destac\u00f3 la colaboraci\u00f3n de diferentes sectores, siendo lo que se ocupa en la recarga de los mantos acu\u00edferos, del cuidado del entorno, del cuidado de la tierra de los espacios de flora y fauna.<\/p>\n","protected":false},"excerpt":{"rendered":"Kuali\/Le\u00f3n, Gto.- El Pueblo M\u00e1gico de Jalpa de C\u00e1novas cuenta con un Jard\u00edn Bot\u00e1nico de dos kil\u00f3metros que abri\u00f3 sus puertas al p\u00fablico este viernes 09 de febrero. El presidente municipal, Roberto Garc\u00eda Urbano, acompa\u00f1ado de autoridades Estatales, inaugur\u00f3 el Sendero Bot\u00e1nico de Jalpa de C\u00e1novas Pueblo M\u00e1gico y Mejor Villa Tur\u00edstica Mundial, que conecta [&hellip;]","protected":false},"author":2,"featured_media":135990,"comment_status":"open","ping_status":"open","sticky":false,"template":"","format":"standard","meta":{"_seopress_robots_primary_cat":"none","_seopress_titles_title":"","_seopress_titles_desc":"","_seopress_robots_index":"","_monsterinsights_skip_tracking":false,"_monsterinsights_sitenote_active":false,"_monsterinsights_sitenote_note":"","_monsterinsights_sitenote_category":0,"footnotes":""},"categories":[17],"tags":[305,2725,187,1115,2336,3447],"class_list":["post-135993","post","type-post","status-publish","format-standard","has-post-thumbnail","hentry","category-ecologia","tag-ecologia","tag-jalpa-de-canovas","tag-medio-ambiente","tag-purisima-del-rincon","tag-roberto-garcia-urbano","tag-senderos"],"yoast_head":"<!-- This site is optimized with the Yoast SEO plugin v27.5 - https:\/\/yoast.com\/product\/yoast-seo-wordpress\/ -->\n<title>INAUGURAN JARD\u00cdN BOT\u00c1NICO EN JALPA - Kuali<\/title>\n<meta name=\"robots\" content=\"index, follow, max-snippet:-1, max-image-preview:large, max-video-preview:-1\" \/>\n<link rel=\"canonical\" href=\"https:\/\/kuali.com.mx\/web\/2024\/02\/10\/inauguran-jardin-botanico-en-jalpa\/\" \/>\n<meta property=\"og:locale\" content=\"es_MX\" \/>\n<meta property=\"og:type\" content=\"article\" \/>\n<meta property=\"og:title\" content=\"INAUGURAN JARD\u00cdN BOT\u00c1NICO EN JALPA - Kuali\" \/>\n<meta property=\"og:description\" content=\"Kuali\/Le\u00f3n, Gto.- El Pueblo M\u00e1gico de Jalpa de C\u00e1novas cuenta con un Jard\u00edn Bot\u00e1nico de dos kil\u00f3metros que abri\u00f3 sus puertas al p\u00fablico este viernes 09 de febrero. El presidente municipal, Roberto Garc\u00eda Urbano, acompa\u00f1ado de autoridades Estatales, inaugur\u00f3 el Sendero Bot\u00e1nico de Jalpa de C\u00e1novas Pueblo M\u00e1gico y Mejor Villa Tur\u00edstica Mundial, que conecta [&hellip;]\" \/>\n<meta property=\"og:url\" content=\"https:\/\/kuali.com.mx\/web\/2024\/02\/10\/inauguran-jardin-botanico-en-jalpa\/\" \/>\n<meta property=\"og:site_name\" content=\"Kuali\" \/>\n<meta property=\"article:publisher\" content=\"https:\/\/kuali.com.mx\/web\/wp-content\/uploads\/2018\/04\/cropped-kuali_logo-1-1.png\" \/>\n<meta property=\"article:published_time\" content=\"2024-02-10T18:18:27+00:00\" \/>\n<meta property=\"article:modified_time\" content=\"2024-02-10T22:29:31+00:00\" \/>\n<meta property=\"og:image\" content=\"https:\/\/kuali.com.mx\/web\/wp-content\/uploads\/2024\/02\/Sendero-Jalpa-de-Canovas.gif\" \/>\n\t<meta property=\"og:image:width\" content=\"1700\" \/>\n\t<meta property=\"og:image:height\" content=\"750\" \/>\n\t<meta property=\"og:image:type\" content=\"image\/gif\" \/>\n<meta name=\"author\" content=\"Kuali Staff\" \/>\n<meta name=\"twitter:card\" content=\"summary_large_image\" \/>\n<meta name=\"twitter:creator\" content=\"@kuali_noticias\" \/>\n<meta name=\"twitter:site\" content=\"@kuali_noticias\" \/>\n<meta name=\"twitter:label1\" content=\"Escrito por\" \/>\n\t<meta name=\"twitter:data1\" content=\"Kuali Staff\" \/>\n\t<meta name=\"twitter:label2\" content=\"Tiempo de lectura\" \/>\n\t<meta name=\"twitter:data2\" content=\"2 minutos\" \/>\n<script type=\"application\/ld+json\" class=\"yoast-schema-graph\">{\"@context\":\"https:\\\/\\\/schema.org\",\"@graph\":[{\"@type\":\"Article\",\"@id\":\"https:\\\/\\\/kuali.com.mx\\\/web\\\/2024\\\/02\\\/10\\\/inauguran-jardin-botanico-en-jalpa\\\/#article\",\"isPartOf\":{\"@id\":\"https:\\\/\\\/kuali.com.mx\\\/web\\\/2024\\\/02\\\/10\\\/inauguran-jardin-botanico-en-jalpa\\\/\"},\"author\":{\"name\":\"Kuali Staff\",\"@id\":\"https:\\\/\\\/kuali.com.mx\\\/web\\\/#\\\/schema\\\/person\\\/6f89ffa8ecba9dae50662357923c5289\"},\"headline\":\"INAUGURAN JARD\u00cdN BOT\u00c1NICO EN JALPA\",\"datePublished\":\"2024-02-10T18:18:27+00:00\",\"dateModified\":\"2024-02-10T22:29:31+00:00\",\"mainEntityOfPage\":{\"@id\":\"https:\\\/\\\/kuali.com.mx\\\/web\\\/2024\\\/02\\\/10\\\/inauguran-jardin-botanico-en-jalpa\\\/\"},\"wordCount\":464,\"commentCount\":0,\"image\":{\"@id\":\"https:\\\/\\\/kuali.com.mx\\\/web\\\/2024\\\/02\\\/10\\\/inauguran-jardin-botanico-en-jalpa\\\/#primaryimage\"},\"thumbnailUrl\":\"https:\\\/\\\/kuali.com.mx\\\/web\\\/wp-content\\\/uploads\\\/2024\\\/02\\\/Sendero-Jalpa-de-Canovas.gif\",\"keywords\":[\"Ecolog\u00eda\",\"Jalpa de c\u00e1novas\",\"Medio ambiente\",\"Pur\u00edsima del Rinc\u00f3n\",\"Roberto Garc\u00eda Urbano\",\"Senderos\"],\"articleSection\":[\"Ecolog\u00eda\"],\"inLanguage\":\"es\",\"potentialAction\":[{\"@type\":\"CommentAction\",\"name\":\"Comment\",\"target\":[\"https:\\\/\\\/kuali.com.mx\\\/web\\\/2024\\\/02\\\/10\\\/inauguran-jardin-botanico-en-jalpa\\\/#respond\"]}]},{\"@type\":\"WebPage\",\"@id\":\"https:\\\/\\\/kuali.com.mx\\\/web\\\/2024\\\/02\\\/10\\\/inauguran-jardin-botanico-en-jalpa\\\/\",\"url\":\"https:\\\/\\\/kuali.com.mx\\\/web\\\/2024\\\/02\\\/10\\\/inauguran-jardin-botanico-en-jalpa\\\/\",\"name\":\"INAUGURAN JARD\u00cdN BOT\u00c1NICO EN JALPA - Kuali\",\"isPartOf\":{\"@id\":\"https:\\\/\\\/kuali.com.mx\\\/web\\\/#website\"},\"primaryImageOfPage\":{\"@id\":\"https:\\\/\\\/kuali.com.mx\\\/web\\\/2024\\\/02\\\/10\\\/inauguran-jardin-botanico-en-jalpa\\\/#primaryimage\"},\"image\":{\"@id\":\"https:\\\/\\\/kuali.com.mx\\\/web\\\/2024\\\/02\\\/10\\\/inauguran-jardin-botanico-en-jalpa\\\/#primaryimage\"},\"thumbnailUrl\":\"https:\\\/\\\/kuali.com.mx\\\/web\\\/wp-content\\\/uploads\\\/2024\\\/02\\\/Sendero-Jalpa-de-Canovas.gif\",\"datePublished\":\"2024-02-10T18:18:27+00:00\",\"dateModified\":\"2024-02-10T22:29:31+00:00\",\"author\":{\"@id\":\"https:\\\/\\\/kuali.com.mx\\\/web\\\/#\\\/schema\\\/person\\\/6f89ffa8ecba9dae50662357923c5289\"},\"breadcrumb\":{\"@id\":\"https:\\\/\\\/kuali.com.mx\\\/web\\\/2024\\\/02\\\/10\\\/inauguran-jardin-botanico-en-jalpa\\\/#breadcrumb\"},\"inLanguage\":\"es\",\"potentialAction\":[{\"@type\":\"ReadAction\",\"target\":[\"https:\\\/\\\/kuali.com.mx\\\/web\\\/2024\\\/02\\\/10\\\/inauguran-jardin-botanico-en-jalpa\\\/\"]}]},{\"@type\":\"ImageObject\",\"inLanguage\":\"es\",\"@id\":\"https:\\\/\\\/kuali.com.mx\\\/web\\\/2024\\\/02\\\/10\\\/inauguran-jardin-botanico-en-jalpa\\\/#primaryimage\",\"url\":\"https:\\\/\\\/kuali.com.mx\\\/web\\\/wp-content\\\/uploads\\\/2024\\\/02\\\/Sendero-Jalpa-de-Canovas.gif\",\"contentUrl\":\"https:\\\/\\\/kuali.com.mx\\\/web\\\/wp-content\\\/uploads\\\/2024\\\/02\\\/Sendero-Jalpa-de-Canovas.gif\",\"width\":1700,\"height\":750},{\"@type\":\"BreadcrumbList\",\"@id\":\"https:\\\/\\\/kuali.com.mx\\\/web\\\/2024\\\/02\\\/10\\\/inauguran-jardin-botanico-en-jalpa\\\/#breadcrumb\",\"itemListElement\":[{\"@type\":\"ListItem\",\"position\":1,\"name\":\"Inicio\",\"item\":\"https:\\\/\\\/kuali.com.mx\\\/web\\\/\"},{\"@type\":\"ListItem\",\"position\":2,\"name\":\"INAUGURAN JARD\u00cdN BOT\u00c1NICO EN JALPA\"}]},{\"@type\":\"WebSite\",\"@id\":\"https:\\\/\\\/kuali.com.mx\\\/web\\\/#website\",\"url\":\"https:\\\/\\\/kuali.com.mx\\\/web\\\/\",\"name\":\"Kuali\",\"description\":\"\",\"potentialAction\":[{\"@type\":\"SearchAction\",\"target\":{\"@type\":\"EntryPoint\",\"urlTemplate\":\"https:\\\/\\\/kuali.com.mx\\\/web\\\/?s={search_term_string}\"},\"query-input\":{\"@type\":\"PropertyValueSpecification\",\"valueRequired\":true,\"valueName\":\"search_term_string\"}}],\"inLanguage\":\"es\"},{\"@type\":\"Person\",\"@id\":\"https:\\\/\\\/kuali.com.mx\\\/web\\\/#\\\/schema\\\/person\\\/6f89ffa8ecba9dae50662357923c5289\",\"name\":\"Kuali Staff\",\"image\":{\"@type\":\"ImageObject\",\"inLanguage\":\"es\",\"@id\":\"https:\\\/\\\/secure.gravatar.com\\\/avatar\\\/f917ad82e5ab71227a733c78b6e60715476f69ee6be59feee4eb5d9920c89e0f?s=96&d=mm&r=g\",\"url\":\"https:\\\/\\\/secure.gravatar.com\\\/avatar\\\/f917ad82e5ab71227a733c78b6e60715476f69ee6be59feee4eb5d9920c89e0f?s=96&d=mm&r=g\",\"contentUrl\":\"https:\\\/\\\/secure.gravatar.com\\\/avatar\\\/f917ad82e5ab71227a733c78b6e60715476f69ee6be59feee4eb5d9920c89e0f?s=96&d=mm&r=g\",\"caption\":\"Kuali Staff\"},\"url\":\"https:\\\/\\\/kuali.com.mx\\\/web\\\/author\\\/lagarto\\\/\"}]}<\/script>\n<!-- \/ Yoast SEO plugin. -->","yoast_head_json":{"title":"INAUGURAN JARD\u00cdN BOT\u00c1NICO EN JALPA - Kuali","robots":{"index":"index","follow":"follow","max-snippet":"max-snippet:-1","max-image-preview":"max-image-preview:large","max-video-preview":"max-video-preview:-1"},"canonical":"https:\/\/kuali.com.mx\/web\/2024\/02\/10\/inauguran-jardin-botanico-en-jalpa\/","og_locale":"es_MX","og_type":"article","og_title":"INAUGURAN JARD\u00cdN BOT\u00c1NICO EN JALPA - Kuali","og_description":"Kuali\/Le\u00f3n, Gto.- El Pueblo M\u00e1gico de Jalpa de C\u00e1novas cuenta con un Jard\u00edn Bot\u00e1nico de dos kil\u00f3metros que abri\u00f3 sus puertas al p\u00fablico este viernes 09 de febrero. El presidente municipal, Roberto Garc\u00eda Urbano, acompa\u00f1ado de autoridades Estatales, inaugur\u00f3 el Sendero Bot\u00e1nico de Jalpa de C\u00e1novas Pueblo M\u00e1gico y Mejor Villa Tur\u00edstica Mundial, que conecta [&hellip;]","og_url":"https:\/\/kuali.com.mx\/web\/2024\/02\/10\/inauguran-jardin-botanico-en-jalpa\/","og_site_name":"Kuali","article_publisher":"https:\/\/kuali.com.mx\/web\/wp-content\/uploads\/2018\/04\/cropped-kuali_logo-1-1.png","article_published_time":"2024-02-10T18:18:27+00:00","article_modified_time":"2024-02-10T22:29:31+00:00","og_image":[{"width":1700,"height":750,"url":"https:\/\/kuali.com.mx\/web\/wp-content\/uploads\/2024\/02\/Sendero-Jalpa-de-Canovas.gif","type":"image\/gif"}],"author":"Kuali Staff","twitter_card":"summary_large_image","twitter_creator":"@kuali_noticias","twitter_site":"@kuali_noticias","twitter_misc":{"Escrito por":"Kuali Staff","Tiempo de lectura":"2 minutos"},"schema":{"@context":"https:\/\/schema.org","@graph":[{"@type":"Article","@id":"https:\/\/kuali.com.mx\/web\/2024\/02\/10\/inauguran-jardin-botanico-en-jalpa\/#article","isPartOf":{"@id":"https:\/\/kuali.com.mx\/web\/2024\/02\/10\/inauguran-jardin-botanico-en-jalpa\/"},"author":{"name":"Kuali Staff","@id":"https:\/\/kuali.com.mx\/web\/#\/schema\/person\/6f89ffa8ecba9dae50662357923c5289"},"headline":"INAUGURAN JARD\u00cdN BOT\u00c1NICO EN JALPA","datePublished":"2024-02-10T18:18:27+00:00","dateModified":"2024-02-10T22:29:31+00:00","mainEntityOfPage":{"@id":"https:\/\/kuali.com.mx\/web\/2024\/02\/10\/inauguran-jardin-botanico-en-jalpa\/"},"wordCount":464,"commentCount":0,"image":{"@id":"https:\/\/kuali.com.mx\/web\/2024\/02\/10\/inauguran-jardin-botanico-en-jalpa\/#primaryimage"},"thumbnailUrl":"https:\/\/kuali.com.mx\/web\/wp-content\/uploads\/2024\/02\/Sendero-Jalpa-de-Canovas.gif","keywords":["Ecolog\u00eda","Jalpa de c\u00e1novas","Medio ambiente","Pur\u00edsima del Rinc\u00f3n","Roberto Garc\u00eda Urbano","Senderos"],"articleSection":["Ecolog\u00eda"],"inLanguage":"es","potentialAction":[{"@type":"CommentAction","name":"Comment","target":["https:\/\/kuali.com.mx\/web\/2024\/02\/10\/inauguran-jardin-botanico-en-jalpa\/#respond"]}]},{"@type":"WebPage","@id":"https:\/\/kuali.com.mx\/web\/2024\/02\/10\/inauguran-jardin-botanico-en-jalpa\/","url":"https:\/\/kuali.com.mx\/web\/2024\/02\/10\/inauguran-jardin-botanico-en-jalpa\/","name":"INAUGURAN JARD\u00cdN BOT\u00c1NICO EN JALPA - Kuali","isPartOf":{"@id":"https:\/\/kuali.com.mx\/web\/#website"},"primaryImageOfPage":{"@id":"https:\/\/kuali.com.mx\/web\/2024\/02\/10\/inauguran-jardin-botanico-en-jalpa\/#primaryimage"},"image":{"@id":"https:\/\/kuali.com.mx\/web\/2024\/02\/10\/inauguran-jardin-botanico-en-jalpa\/#primaryimage"},"thumbnailUrl":"https:\/\/kuali.com.mx\/web\/wp-content\/uploads\/2024\/02\/Sendero-Jalpa-de-Canovas.gif","datePublished":"2024-02-10T18:18:27+00:00","dateModified":"2024-02-10T22:29:31+00:00","author":{"@id":"https:\/\/kuali.com.mx\/web\/#\/schema\/person\/6f89ffa8ecba9dae50662357923c5289"},"breadcrumb":{"@id":"https:\/\/kuali.com.mx\/web\/2024\/02\/10\/inauguran-jardin-botanico-en-jalpa\/#breadcrumb"},"inLanguage":"es","potentialAction":[{"@type":"ReadAction","target":["https:\/\/kuali.com.mx\/web\/2024\/02\/10\/inauguran-jardin-botanico-en-jalpa\/"]}]},{"@type":"ImageObject","inLanguage":"es","@id":"https:\/\/kuali.com.mx\/web\/2024\/02\/10\/inauguran-jardin-botanico-en-jalpa\/#primaryimage","url":"https:\/\/kuali.com.mx\/web\/wp-content\/uploads\/2024\/02\/Sendero-Jalpa-de-Canovas.gif","contentUrl":"https:\/\/kuali.com.mx\/web\/wp-content\/uploads\/2024\/02\/Sendero-Jalpa-de-Canovas.gif","width":1700,"height":750},{"@type":"BreadcrumbList","@id":"https:\/\/kuali.com.mx\/web\/2024\/02\/10\/inauguran-jardin-botanico-en-jalpa\/#breadcrumb","itemListElement":[{"@type":"ListItem","position":1,"name":"Inicio","item":"https:\/\/kuali.com.mx\/web\/"},{"@type":"ListItem","position":2,"name":"INAUGURAN JARD\u00cdN BOT\u00c1NICO EN JALPA"}]},{"@type":"WebSite","@id":"https:\/\/kuali.com.mx\/web\/#website","url":"https:\/\/kuali.com.mx\/web\/","name":"Kuali","description":"","potentialAction":[{"@type":"SearchAction","target":{"@type":"EntryPoint","urlTemplate":"https:\/\/kuali.com.mx\/web\/?s={search_term_string}"},"query-input":{"@type":"PropertyValueSpecification","valueRequired":true,"valueName":"search_term_string"}}],"inLanguage":"es"},{"@type":"Person","@id":"https:\/\/kuali.com.mx\/web\/#\/schema\/person\/6f89ffa8ecba9dae50662357923c5289","name":"Kuali Staff","image":{"@type":"ImageObject","inLanguage":"es","@id":"https:\/\/secure.gravatar.com\/avatar\/f917ad82e5ab71227a733c78b6e60715476f69ee6be59feee4eb5d9920c89e0f?s=96&d=mm&r=g","url":"https:\/\/secure.gravatar.com\/avatar\/f917ad82e5ab71227a733c78b6e60715476f69ee6be59feee4eb5d9920c89e0f?s=96&d=mm&r=g","contentUrl":"https:\/\/secure.gravatar.com\/avatar\/f917ad82e5ab71227a733c78b6e60715476f69ee6be59feee4eb5d9920c89e0f?s=96&d=mm&r=g","caption":"Kuali Staff"},"url":"https:\/\/kuali.com.mx\/web\/author\/lagarto\/"}]}},"_links":{"self":[{"href":"https:\/\/kuali.com.mx\/web\/wp-json\/wp\/v2\/posts\/135993","targetHints":{"allow":["GET"]}}],"collection":[{"href":"https:\/\/kuali.com.mx\/web\/wp-json\/wp\/v2\/posts"}],"about":[{"href":"https:\/\/kuali.com.mx\/web\/wp-json\/wp\/v2\/types\/post"}],"author":[{"embeddable":true,"href":"https:\/\/kuali.com.mx\/web\/wp-json\/wp\/v2\/users\/2"}],"replies":[{"embeddable":true,"href":"https:\/\/kuali.com.mx\/web\/wp-json\/wp\/v2\/comments?post=135993"}],"version-history":[{"count":1,"href":"https:\/\/kuali.com.mx\/web\/wp-json\/wp\/v2\/posts\/135993\/revisions"}],"predecessor-version":[{"id":135996,"href":"https:\/\/kuali.com.mx\/web\/wp-json\/wp\/v2\/posts\/135993\/revisions\/135996"}],"wp:featuredmedia":[{"embeddable":true,"href":"https:\/\/kuali.com.mx\/web\/wp-json\/wp\/v2\/media\/135990"}],"wp:attachment":[{"href":"https:\/\/kuali.com.mx\/web\/wp-json\/wp\/v2\/media?parent=135993"}],"wp:term":[{"taxonomy":"category","embeddable":true,"href":"https:\/\/kuali.com.mx\/web\/wp-json\/wp\/v2\/categories?post=135993"},{"taxonomy":"post_tag","embeddable":true,"href":"https:\/\/kuali.com.mx\/web\/wp-json\/wp\/v2\/tags?post=135993"}],"curies":[{"name":"wp","href":"https:\/\/api.w.org\/{rel}","templated":true}]}}