{"id":135622,"date":"2024-02-05T13:19:04","date_gmt":"2024-02-05T19:19:04","guid":{"rendered":"https:\/\/kuali.com.mx\/web\/?p=135622"},"modified":"2024-02-05T18:20:38","modified_gmt":"2024-02-06T00:20:38","slug":"celebra-san-jose-iturbide-270-anos-de-su-fundacion","status":"publish","type":"post","link":"https:\/\/kuali.com.mx\/web\/2024\/02\/05\/celebra-san-jose-iturbide-270-anos-de-su-fundacion\/","title":{"rendered":"CELEBRA SAN JOS\u00c9 ITURBIDE 270 A\u00d1OS DE SU FUNDACI\u00d3N"},"content":{"rendered":"\n<p><strong><em>Kuali\/San Jos\u00e9 Iturbide, Gto.-<\/em><\/strong>El 5 de febrero de 1754 se fund\u00f3 San Jos\u00e9 Iturbide. De acuerdo a documentos que obran en el archivo hist\u00f3rico del municipio, en esa fecha se erigi\u00f3 sobre una colina conocida como \u201cLoma del P\u00e1jaro\u201d un templo para fortalecer la espiritualidad de la poblaci\u00f3n la Congregaci\u00f3n Casas Viejas.<\/p>\n\n\n\n<p>Por tal motivo, este 5 de febrero del 2024 el Ayuntamiento 2021-2024 particip\u00f3 en la Sesi\u00f3n Solemne para conmemorar el 270 Aniversario de la Fundaci\u00f3n de San Jos\u00e9 Iturbide, ante decenas de familias iturbidenses, que se dieron cita al auditorio de Presidencia Municipal.<\/p>\n\n\n\n<p>En dicha sesi\u00f3n se hizo una remembranza de los or\u00edgenes de la conformaci\u00f3n de nuestro municipio, con el objetivo de fortalecer la identidad y pertenencia de la poblaci\u00f3n a esta tierra.<\/p>\n\n\n\n<p>Desde ese entonces, el municipio ha tenido constante desarrollo en la poblaci\u00f3n, siendo un importante motor econ\u00f3mico para la regi\u00f3n noreste y para el estado, gracias a su ubicaci\u00f3n privilegiada que ha atra\u00eddo industrias nacionales e internacionales, generando empleos para muchas familias.&nbsp;<\/p>\n\n\n\n<p>Dicha narraci\u00f3n estuvo a cargo del cronista del municipio, Miguel Ferro Herrera, en el que brind\u00f3 a los asistentes un contexto hist\u00f3rico y social del municipio, as\u00ed como el lugar que ocupa en la historia del estado de Guanajuato y del pa\u00eds, en el marco de la celebraci\u00f3n de los 270 a\u00f1os de la fundaci\u00f3n.<\/p>\n\n\n\n<p>Adem\u00e1s, se llev\u00f3 a cabo la entrega de la Medalla al M\u00e9rito: Agust\u00edn de Iturbide, para reconocer el trabajo de ciudadanos destacados en alg\u00fan \u00e1mbito en el que se han desarrollado, realizando acciones importantes en beneficio del municipio y de la poblaci\u00f3n.<\/p>\n\n\n\n<p>Posteriormente, Arturo Chaire, comparti\u00f3 a los asistentes una semblanza de Agust\u00edn de Iturbide y el papel que jug\u00f3 en la historia del pa\u00eds. Adem\u00e1s, de una justificaci\u00f3n por la cual se instaur\u00f3 la Medalla al M\u00e9rito: Agust\u00edn de Iturbide, la cual a partir de este momento, se entregar\u00e1 una vez al a\u00f1o en el d\u00eda del aniversario del municipio.<\/p>\n\n\n\n<p>Los galardonados fueron el Grupo de Migrantes Unidos, ya que San Jos\u00e9 Iturbide cuenta con una gran poblaci\u00f3n de migrantes, los cuales han contribuido de manera significativa al desarrollo y crecimiento econ\u00f3mico del municipio. Tambi\u00e9n, se reconoci\u00f3 al comandante Manuel Mart\u00ednez Guti\u00e9rrez, del Honorable Cuerpo de Bomberos Voluntarios de San Jos\u00e9 Iturbide, por su trabajo en favor de los cuerpos de emergencia del municipio, y finalmente, post mortem al Presb\u00edtero Constantino P\u00e9rez, por ser pionero de las cooperativas de ahorro en el municipio y en la regi\u00f3n.<\/p>\n\n\n\n<p>Previo a finalizar la Sesi\u00f3n Solemne, se realiz\u00f3 la develaci\u00f3n de una placa conmemorativa por el 270 Aniversario de la Fundaci\u00f3n de San Jos\u00e9 Iturbide, por parte de la Presidenta Municipal Cindy Abril Arvizu Hern\u00e1ndez y Maura M\u00f3nica Rangel Aguilar, Sub Secretar\u00eda de Infraestructura Vial de la Secretar\u00eda de Infraestructura, Conectividad y Movilidad, quien asisti\u00f3 en representaci\u00f3n del Gobernador del Estado, Diego Sinhue Rodr\u00edguez Vallejo.<\/p>\n\n\n\n<p>En su mensaje, la mun\u00edcipe destac\u00f3 la importancia que San Jos\u00e9 Iturbide tiene a nivel estatal, incluso nacional en la historia, en el desarrollo social y econ\u00f3mico. Destacando tambi\u00e9n que las mujeres han tomado presencia en distintos espacios, logrando dejar una huella indeleble en el municipio. En otro orden de ideas, conmin\u00f3 a las y los asistentes, a sentirse orgullosos de ser iturbidenses.<\/p>\n\n\n\n<p>Durante su participaci\u00f3n, Maura M\u00f3nica Rangel Aguilar, destac\u00f3 el papel hist\u00f3rico que San Jos\u00e9 Iturbide tiene con el estado, en el marco en los 200 a\u00f1os de Grandeza de Guanajuato. Felicit\u00f3 a las y los iturbidenses por cumplir 270 a\u00f1os de su fundaci\u00f3n.<\/p>\n\n\n\n<p>A esta Sesi\u00f3n Solemne asistieron, ex presidentes municipales, funcionarios p\u00fablicos, delegadas y delegados de colonias y comunidades del municipio, tambi\u00e9n representantes de la sociedad civil.<\/p>\n","protected":false},"excerpt":{"rendered":"Kuali\/San Jos\u00e9 Iturbide, Gto.-El 5 de febrero de 1754 se fund\u00f3 San Jos\u00e9 Iturbide. De acuerdo a documentos que obran en el archivo hist\u00f3rico del municipio, en esa fecha se erigi\u00f3 sobre una colina conocida como \u201cLoma del P\u00e1jaro\u201d un templo para fortalecer la espiritualidad de la poblaci\u00f3n la Congregaci\u00f3n Casas Viejas. Por tal motivo, [&hellip;]","protected":false},"author":2,"featured_media":135625,"comment_status":"open","ping_status":"open","sticky":false,"template":"","format":"standard","meta":{"_seopress_robots_primary_cat":"none","_seopress_titles_title":"","_seopress_titles_desc":"","_seopress_robots_index":"","_monsterinsights_skip_tracking":false,"_monsterinsights_sitenote_active":false,"_monsterinsights_sitenote_note":"","_monsterinsights_sitenote_category":0,"footnotes":""},"categories":[3],"tags":[],"class_list":["post-135622","post","type-post","status-publish","format-standard","has-post-thumbnail","hentry","category-politica"],"yoast_head":"<!-- This site is optimized with the Yoast SEO plugin v27.4 - https:\/\/yoast.com\/product\/yoast-seo-wordpress\/ -->\n<title>CELEBRA SAN JOS\u00c9 ITURBIDE 270 A\u00d1OS DE SU FUNDACI\u00d3N - Kuali<\/title>\n<meta name=\"robots\" content=\"index, follow, max-snippet:-1, max-image-preview:large, max-video-preview:-1\" \/>\n<link rel=\"canonical\" href=\"https:\/\/kuali.com.mx\/web\/2024\/02\/05\/celebra-san-jose-iturbide-270-anos-de-su-fundacion\/\" \/>\n<meta property=\"og:locale\" content=\"es_MX\" \/>\n<meta property=\"og:type\" content=\"article\" \/>\n<meta property=\"og:title\" content=\"CELEBRA SAN JOS\u00c9 ITURBIDE 270 A\u00d1OS DE SU FUNDACI\u00d3N - Kuali\" \/>\n<meta property=\"og:description\" content=\"Kuali\/San Jos\u00e9 Iturbide, Gto.-El 5 de febrero de 1754 se fund\u00f3 San Jos\u00e9 Iturbide. De acuerdo a documentos que obran en el archivo hist\u00f3rico del municipio, en esa fecha se erigi\u00f3 sobre una colina conocida como \u201cLoma del P\u00e1jaro\u201d un templo para fortalecer la espiritualidad de la poblaci\u00f3n la Congregaci\u00f3n Casas Viejas. Por tal motivo, [&hellip;]\" \/>\n<meta property=\"og:url\" content=\"https:\/\/kuali.com.mx\/web\/2024\/02\/05\/celebra-san-jose-iturbide-270-anos-de-su-fundacion\/\" \/>\n<meta property=\"og:site_name\" content=\"Kuali\" \/>\n<meta property=\"article:publisher\" content=\"https:\/\/kuali.com.mx\/web\/wp-content\/uploads\/2018\/04\/cropped-kuali_logo-1-1.png\" \/>\n<meta property=\"article:published_time\" content=\"2024-02-05T19:19:04+00:00\" \/>\n<meta property=\"article:modified_time\" content=\"2024-02-06T00:20:38+00:00\" \/>\n<meta property=\"og:image\" content=\"https:\/\/kuali.com.mx\/web\/wp-content\/uploads\/2024\/02\/270-anos-San-Jose-Iturbide.jpeg\" \/>\n\t<meta property=\"og:image:width\" content=\"1540\" \/>\n\t<meta property=\"og:image:height\" content=\"1160\" \/>\n\t<meta property=\"og:image:type\" content=\"image\/jpeg\" \/>\n<meta name=\"author\" content=\"Kuali Staff\" \/>\n<meta name=\"twitter:card\" content=\"summary_large_image\" \/>\n<meta name=\"twitter:creator\" content=\"@kuali_noticias\" \/>\n<meta name=\"twitter:site\" content=\"@kuali_noticias\" \/>\n<meta name=\"twitter:label1\" content=\"Escrito por\" \/>\n\t<meta name=\"twitter:data1\" content=\"Kuali Staff\" \/>\n\t<meta name=\"twitter:label2\" content=\"Tiempo de lectura\" \/>\n\t<meta name=\"twitter:data2\" content=\"3 minutos\" \/>\n<script type=\"application\/ld+json\" class=\"yoast-schema-graph\">{\"@context\":\"https:\\\/\\\/schema.org\",\"@graph\":[{\"@type\":\"Article\",\"@id\":\"https:\\\/\\\/kuali.com.mx\\\/web\\\/2024\\\/02\\\/05\\\/celebra-san-jose-iturbide-270-anos-de-su-fundacion\\\/#article\",\"isPartOf\":{\"@id\":\"https:\\\/\\\/kuali.com.mx\\\/web\\\/2024\\\/02\\\/05\\\/celebra-san-jose-iturbide-270-anos-de-su-fundacion\\\/\"},\"author\":{\"name\":\"Kuali Staff\",\"@id\":\"https:\\\/\\\/kuali.com.mx\\\/web\\\/#\\\/schema\\\/person\\\/6f89ffa8ecba9dae50662357923c5289\"},\"headline\":\"CELEBRA SAN JOS\u00c9 ITURBIDE 270 A\u00d1OS DE SU FUNDACI\u00d3N\",\"datePublished\":\"2024-02-05T19:19:04+00:00\",\"dateModified\":\"2024-02-06T00:20:38+00:00\",\"mainEntityOfPage\":{\"@id\":\"https:\\\/\\\/kuali.com.mx\\\/web\\\/2024\\\/02\\\/05\\\/celebra-san-jose-iturbide-270-anos-de-su-fundacion\\\/\"},\"wordCount\":675,\"commentCount\":0,\"image\":{\"@id\":\"https:\\\/\\\/kuali.com.mx\\\/web\\\/2024\\\/02\\\/05\\\/celebra-san-jose-iturbide-270-anos-de-su-fundacion\\\/#primaryimage\"},\"thumbnailUrl\":\"https:\\\/\\\/kuali.com.mx\\\/web\\\/wp-content\\\/uploads\\\/2024\\\/02\\\/270-anos-San-Jose-Iturbide.jpeg\",\"articleSection\":[\"Pol\u00edtica\"],\"inLanguage\":\"es\",\"potentialAction\":[{\"@type\":\"CommentAction\",\"name\":\"Comment\",\"target\":[\"https:\\\/\\\/kuali.com.mx\\\/web\\\/2024\\\/02\\\/05\\\/celebra-san-jose-iturbide-270-anos-de-su-fundacion\\\/#respond\"]}]},{\"@type\":\"WebPage\",\"@id\":\"https:\\\/\\\/kuali.com.mx\\\/web\\\/2024\\\/02\\\/05\\\/celebra-san-jose-iturbide-270-anos-de-su-fundacion\\\/\",\"url\":\"https:\\\/\\\/kuali.com.mx\\\/web\\\/2024\\\/02\\\/05\\\/celebra-san-jose-iturbide-270-anos-de-su-fundacion\\\/\",\"name\":\"CELEBRA SAN JOS\u00c9 ITURBIDE 270 A\u00d1OS DE SU FUNDACI\u00d3N - Kuali\",\"isPartOf\":{\"@id\":\"https:\\\/\\\/kuali.com.mx\\\/web\\\/#website\"},\"primaryImageOfPage\":{\"@id\":\"https:\\\/\\\/kuali.com.mx\\\/web\\\/2024\\\/02\\\/05\\\/celebra-san-jose-iturbide-270-anos-de-su-fundacion\\\/#primaryimage\"},\"image\":{\"@id\":\"https:\\\/\\\/kuali.com.mx\\\/web\\\/2024\\\/02\\\/05\\\/celebra-san-jose-iturbide-270-anos-de-su-fundacion\\\/#primaryimage\"},\"thumbnailUrl\":\"https:\\\/\\\/kuali.com.mx\\\/web\\\/wp-content\\\/uploads\\\/2024\\\/02\\\/270-anos-San-Jose-Iturbide.jpeg\",\"datePublished\":\"2024-02-05T19:19:04+00:00\",\"dateModified\":\"2024-02-06T00:20:38+00:00\",\"author\":{\"@id\":\"https:\\\/\\\/kuali.com.mx\\\/web\\\/#\\\/schema\\\/person\\\/6f89ffa8ecba9dae50662357923c5289\"},\"breadcrumb\":{\"@id\":\"https:\\\/\\\/kuali.com.mx\\\/web\\\/2024\\\/02\\\/05\\\/celebra-san-jose-iturbide-270-anos-de-su-fundacion\\\/#breadcrumb\"},\"inLanguage\":\"es\",\"potentialAction\":[{\"@type\":\"ReadAction\",\"target\":[\"https:\\\/\\\/kuali.com.mx\\\/web\\\/2024\\\/02\\\/05\\\/celebra-san-jose-iturbide-270-anos-de-su-fundacion\\\/\"]}]},{\"@type\":\"ImageObject\",\"inLanguage\":\"es\",\"@id\":\"https:\\\/\\\/kuali.com.mx\\\/web\\\/2024\\\/02\\\/05\\\/celebra-san-jose-iturbide-270-anos-de-su-fundacion\\\/#primaryimage\",\"url\":\"https:\\\/\\\/kuali.com.mx\\\/web\\\/wp-content\\\/uploads\\\/2024\\\/02\\\/270-anos-San-Jose-Iturbide.jpeg\",\"contentUrl\":\"https:\\\/\\\/kuali.com.mx\\\/web\\\/wp-content\\\/uploads\\\/2024\\\/02\\\/270-anos-San-Jose-Iturbide.jpeg\",\"width\":1540,\"height\":1160},{\"@type\":\"BreadcrumbList\",\"@id\":\"https:\\\/\\\/kuali.com.mx\\\/web\\\/2024\\\/02\\\/05\\\/celebra-san-jose-iturbide-270-anos-de-su-fundacion\\\/#breadcrumb\",\"itemListElement\":[{\"@type\":\"ListItem\",\"position\":1,\"name\":\"Inicio\",\"item\":\"https:\\\/\\\/kuali.com.mx\\\/web\\\/\"},{\"@type\":\"ListItem\",\"position\":2,\"name\":\"CELEBRA SAN JOS\u00c9 ITURBIDE 270 A\u00d1OS DE SU FUNDACI\u00d3N\"}]},{\"@type\":\"WebSite\",\"@id\":\"https:\\\/\\\/kuali.com.mx\\\/web\\\/#website\",\"url\":\"https:\\\/\\\/kuali.com.mx\\\/web\\\/\",\"name\":\"Kuali\",\"description\":\"\",\"potentialAction\":[{\"@type\":\"SearchAction\",\"target\":{\"@type\":\"EntryPoint\",\"urlTemplate\":\"https:\\\/\\\/kuali.com.mx\\\/web\\\/?s={search_term_string}\"},\"query-input\":{\"@type\":\"PropertyValueSpecification\",\"valueRequired\":true,\"valueName\":\"search_term_string\"}}],\"inLanguage\":\"es\"},{\"@type\":\"Person\",\"@id\":\"https:\\\/\\\/kuali.com.mx\\\/web\\\/#\\\/schema\\\/person\\\/6f89ffa8ecba9dae50662357923c5289\",\"name\":\"Kuali Staff\",\"image\":{\"@type\":\"ImageObject\",\"inLanguage\":\"es\",\"@id\":\"https:\\\/\\\/secure.gravatar.com\\\/avatar\\\/f917ad82e5ab71227a733c78b6e60715476f69ee6be59feee4eb5d9920c89e0f?s=96&d=mm&r=g\",\"url\":\"https:\\\/\\\/secure.gravatar.com\\\/avatar\\\/f917ad82e5ab71227a733c78b6e60715476f69ee6be59feee4eb5d9920c89e0f?s=96&d=mm&r=g\",\"contentUrl\":\"https:\\\/\\\/secure.gravatar.com\\\/avatar\\\/f917ad82e5ab71227a733c78b6e60715476f69ee6be59feee4eb5d9920c89e0f?s=96&d=mm&r=g\",\"caption\":\"Kuali Staff\"},\"url\":\"https:\\\/\\\/kuali.com.mx\\\/web\\\/author\\\/lagarto\\\/\"}]}<\/script>\n<!-- \/ Yoast SEO plugin. -->","yoast_head_json":{"title":"CELEBRA SAN JOS\u00c9 ITURBIDE 270 A\u00d1OS DE SU FUNDACI\u00d3N - Kuali","robots":{"index":"index","follow":"follow","max-snippet":"max-snippet:-1","max-image-preview":"max-image-preview:large","max-video-preview":"max-video-preview:-1"},"canonical":"https:\/\/kuali.com.mx\/web\/2024\/02\/05\/celebra-san-jose-iturbide-270-anos-de-su-fundacion\/","og_locale":"es_MX","og_type":"article","og_title":"CELEBRA SAN JOS\u00c9 ITURBIDE 270 A\u00d1OS DE SU FUNDACI\u00d3N - Kuali","og_description":"Kuali\/San Jos\u00e9 Iturbide, Gto.-El 5 de febrero de 1754 se fund\u00f3 San Jos\u00e9 Iturbide. De acuerdo a documentos que obran en el archivo hist\u00f3rico del municipio, en esa fecha se erigi\u00f3 sobre una colina conocida como \u201cLoma del P\u00e1jaro\u201d un templo para fortalecer la espiritualidad de la poblaci\u00f3n la Congregaci\u00f3n Casas Viejas. Por tal motivo, [&hellip;]","og_url":"https:\/\/kuali.com.mx\/web\/2024\/02\/05\/celebra-san-jose-iturbide-270-anos-de-su-fundacion\/","og_site_name":"Kuali","article_publisher":"https:\/\/kuali.com.mx\/web\/wp-content\/uploads\/2018\/04\/cropped-kuali_logo-1-1.png","article_published_time":"2024-02-05T19:19:04+00:00","article_modified_time":"2024-02-06T00:20:38+00:00","og_image":[{"width":1540,"height":1160,"url":"https:\/\/kuali.com.mx\/web\/wp-content\/uploads\/2024\/02\/270-anos-San-Jose-Iturbide.jpeg","type":"image\/jpeg"}],"author":"Kuali Staff","twitter_card":"summary_large_image","twitter_creator":"@kuali_noticias","twitter_site":"@kuali_noticias","twitter_misc":{"Escrito por":"Kuali Staff","Tiempo de lectura":"3 minutos"},"schema":{"@context":"https:\/\/schema.org","@graph":[{"@type":"Article","@id":"https:\/\/kuali.com.mx\/web\/2024\/02\/05\/celebra-san-jose-iturbide-270-anos-de-su-fundacion\/#article","isPartOf":{"@id":"https:\/\/kuali.com.mx\/web\/2024\/02\/05\/celebra-san-jose-iturbide-270-anos-de-su-fundacion\/"},"author":{"name":"Kuali Staff","@id":"https:\/\/kuali.com.mx\/web\/#\/schema\/person\/6f89ffa8ecba9dae50662357923c5289"},"headline":"CELEBRA SAN JOS\u00c9 ITURBIDE 270 A\u00d1OS DE SU FUNDACI\u00d3N","datePublished":"2024-02-05T19:19:04+00:00","dateModified":"2024-02-06T00:20:38+00:00","mainEntityOfPage":{"@id":"https:\/\/kuali.com.mx\/web\/2024\/02\/05\/celebra-san-jose-iturbide-270-anos-de-su-fundacion\/"},"wordCount":675,"commentCount":0,"image":{"@id":"https:\/\/kuali.com.mx\/web\/2024\/02\/05\/celebra-san-jose-iturbide-270-anos-de-su-fundacion\/#primaryimage"},"thumbnailUrl":"https:\/\/kuali.com.mx\/web\/wp-content\/uploads\/2024\/02\/270-anos-San-Jose-Iturbide.jpeg","articleSection":["Pol\u00edtica"],"inLanguage":"es","potentialAction":[{"@type":"CommentAction","name":"Comment","target":["https:\/\/kuali.com.mx\/web\/2024\/02\/05\/celebra-san-jose-iturbide-270-anos-de-su-fundacion\/#respond"]}]},{"@type":"WebPage","@id":"https:\/\/kuali.com.mx\/web\/2024\/02\/05\/celebra-san-jose-iturbide-270-anos-de-su-fundacion\/","url":"https:\/\/kuali.com.mx\/web\/2024\/02\/05\/celebra-san-jose-iturbide-270-anos-de-su-fundacion\/","name":"CELEBRA SAN JOS\u00c9 ITURBIDE 270 A\u00d1OS DE SU FUNDACI\u00d3N - Kuali","isPartOf":{"@id":"https:\/\/kuali.com.mx\/web\/#website"},"primaryImageOfPage":{"@id":"https:\/\/kuali.com.mx\/web\/2024\/02\/05\/celebra-san-jose-iturbide-270-anos-de-su-fundacion\/#primaryimage"},"image":{"@id":"https:\/\/kuali.com.mx\/web\/2024\/02\/05\/celebra-san-jose-iturbide-270-anos-de-su-fundacion\/#primaryimage"},"thumbnailUrl":"https:\/\/kuali.com.mx\/web\/wp-content\/uploads\/2024\/02\/270-anos-San-Jose-Iturbide.jpeg","datePublished":"2024-02-05T19:19:04+00:00","dateModified":"2024-02-06T00:20:38+00:00","author":{"@id":"https:\/\/kuali.com.mx\/web\/#\/schema\/person\/6f89ffa8ecba9dae50662357923c5289"},"breadcrumb":{"@id":"https:\/\/kuali.com.mx\/web\/2024\/02\/05\/celebra-san-jose-iturbide-270-anos-de-su-fundacion\/#breadcrumb"},"inLanguage":"es","potentialAction":[{"@type":"ReadAction","target":["https:\/\/kuali.com.mx\/web\/2024\/02\/05\/celebra-san-jose-iturbide-270-anos-de-su-fundacion\/"]}]},{"@type":"ImageObject","inLanguage":"es","@id":"https:\/\/kuali.com.mx\/web\/2024\/02\/05\/celebra-san-jose-iturbide-270-anos-de-su-fundacion\/#primaryimage","url":"https:\/\/kuali.com.mx\/web\/wp-content\/uploads\/2024\/02\/270-anos-San-Jose-Iturbide.jpeg","contentUrl":"https:\/\/kuali.com.mx\/web\/wp-content\/uploads\/2024\/02\/270-anos-San-Jose-Iturbide.jpeg","width":1540,"height":1160},{"@type":"BreadcrumbList","@id":"https:\/\/kuali.com.mx\/web\/2024\/02\/05\/celebra-san-jose-iturbide-270-anos-de-su-fundacion\/#breadcrumb","itemListElement":[{"@type":"ListItem","position":1,"name":"Inicio","item":"https:\/\/kuali.com.mx\/web\/"},{"@type":"ListItem","position":2,"name":"CELEBRA SAN JOS\u00c9 ITURBIDE 270 A\u00d1OS DE SU FUNDACI\u00d3N"}]},{"@type":"WebSite","@id":"https:\/\/kuali.com.mx\/web\/#website","url":"https:\/\/kuali.com.mx\/web\/","name":"Kuali","description":"","potentialAction":[{"@type":"SearchAction","target":{"@type":"EntryPoint","urlTemplate":"https:\/\/kuali.com.mx\/web\/?s={search_term_string}"},"query-input":{"@type":"PropertyValueSpecification","valueRequired":true,"valueName":"search_term_string"}}],"inLanguage":"es"},{"@type":"Person","@id":"https:\/\/kuali.com.mx\/web\/#\/schema\/person\/6f89ffa8ecba9dae50662357923c5289","name":"Kuali Staff","image":{"@type":"ImageObject","inLanguage":"es","@id":"https:\/\/secure.gravatar.com\/avatar\/f917ad82e5ab71227a733c78b6e60715476f69ee6be59feee4eb5d9920c89e0f?s=96&d=mm&r=g","url":"https:\/\/secure.gravatar.com\/avatar\/f917ad82e5ab71227a733c78b6e60715476f69ee6be59feee4eb5d9920c89e0f?s=96&d=mm&r=g","contentUrl":"https:\/\/secure.gravatar.com\/avatar\/f917ad82e5ab71227a733c78b6e60715476f69ee6be59feee4eb5d9920c89e0f?s=96&d=mm&r=g","caption":"Kuali Staff"},"url":"https:\/\/kuali.com.mx\/web\/author\/lagarto\/"}]}},"_links":{"self":[{"href":"https:\/\/kuali.com.mx\/web\/wp-json\/wp\/v2\/posts\/135622","targetHints":{"allow":["GET"]}}],"collection":[{"href":"https:\/\/kuali.com.mx\/web\/wp-json\/wp\/v2\/posts"}],"about":[{"href":"https:\/\/kuali.com.mx\/web\/wp-json\/wp\/v2\/types\/post"}],"author":[{"embeddable":true,"href":"https:\/\/kuali.com.mx\/web\/wp-json\/wp\/v2\/users\/2"}],"replies":[{"embeddable":true,"href":"https:\/\/kuali.com.mx\/web\/wp-json\/wp\/v2\/comments?post=135622"}],"version-history":[{"count":1,"href":"https:\/\/kuali.com.mx\/web\/wp-json\/wp\/v2\/posts\/135622\/revisions"}],"predecessor-version":[{"id":135626,"href":"https:\/\/kuali.com.mx\/web\/wp-json\/wp\/v2\/posts\/135622\/revisions\/135626"}],"wp:featuredmedia":[{"embeddable":true,"href":"https:\/\/kuali.com.mx\/web\/wp-json\/wp\/v2\/media\/135625"}],"wp:attachment":[{"href":"https:\/\/kuali.com.mx\/web\/wp-json\/wp\/v2\/media?parent=135622"}],"wp:term":[{"taxonomy":"category","embeddable":true,"href":"https:\/\/kuali.com.mx\/web\/wp-json\/wp\/v2\/categories?post=135622"},{"taxonomy":"post_tag","embeddable":true,"href":"https:\/\/kuali.com.mx\/web\/wp-json\/wp\/v2\/tags?post=135622"}],"curies":[{"name":"wp","href":"https:\/\/api.w.org\/{rel}","templated":true}]}}