{"id":135618,"date":"2024-02-05T13:36:22","date_gmt":"2024-02-05T19:36:22","guid":{"rendered":"https:\/\/kuali.com.mx\/web\/?p=135618"},"modified":"2024-02-05T17:28:52","modified_gmt":"2024-02-05T23:28:52","slug":"reportan-jornada-violenta-en-salamanca-y-villagran","status":"publish","type":"post","link":"https:\/\/kuali.com.mx\/web\/2024\/02\/05\/reportan-jornada-violenta-en-salamanca-y-villagran\/","title":{"rendered":"REPORTAN JORNADA VIOLENTA EN SALAMANCA Y VILLAGR\u00c1N"},"content":{"rendered":"\n<p><strong><em>Sandra Flores\/Salamanca, Gto.-<\/em><\/strong>Los municipios de Salamanca y Villagr\u00e1n vivieron un domingo violento con la ejecuci\u00f3n de nueve personas.<\/p>\n\n\n\n<p>La Fiscal\u00eda General del Estado report\u00f3 que en la comunidad San Jos\u00e9 de los Duros, de Salamanca, fueron ejecutados tres hombres y dos mujeres.<\/p>\n\n\n\n<p>Los cuerpos ten\u00edan huellas de violencia y heridas de las producidas por proyectiles disparados con arma de fuego.<\/p>\n\n\n\n<p>Mientras tanto, en la comunidad de Sarabia en Villagr\u00e1n fueron asesinado cuatro hombres.<\/p>\n\n\n\n<p>En San Francisco del Rinc\u00f3n, en el fraccionamiento Guzm\u00e1n de Pur\u00edsima del Rinc\u00f3n, fue asesinado un hombre.<\/p>\n","protected":false},"excerpt":{"rendered":"Sandra Flores\/Salamanca, Gto.-Los municipios de Salamanca y Villagr\u00e1n vivieron un domingo violento con la ejecuci\u00f3n de nueve personas. La Fiscal\u00eda General del Estado report\u00f3 que en la comunidad San Jos\u00e9 de los Duros, de Salamanca, fueron ejecutados tres hombres y dos mujeres. Los cuerpos ten\u00edan huellas de violencia y heridas de las producidas por proyectiles [&hellip;]","protected":false},"author":2,"featured_media":123812,"comment_status":"open","ping_status":"open","sticky":false,"template":"","format":"standard","meta":{"_seopress_robots_primary_cat":"none","_seopress_titles_title":"","_seopress_titles_desc":"","_seopress_robots_index":"","_monsterinsights_skip_tracking":false,"_monsterinsights_sitenote_active":false,"_monsterinsights_sitenote_note":"","_monsterinsights_sitenote_category":0,"footnotes":""},"categories":[3,69],"tags":[],"class_list":["post-135618","post","type-post","status-publish","format-standard","has-post-thumbnail","hentry","category-politica","category-slider"],"yoast_head":"<!-- This site is optimized with the Yoast SEO plugin v27.4 - https:\/\/yoast.com\/product\/yoast-seo-wordpress\/ -->\n<title>REPORTAN JORNADA VIOLENTA EN SALAMANCA Y VILLAGR\u00c1N - Kuali<\/title>\n<meta name=\"robots\" content=\"index, follow, max-snippet:-1, max-image-preview:large, max-video-preview:-1\" \/>\n<link rel=\"canonical\" href=\"https:\/\/kuali.com.mx\/web\/2024\/02\/05\/reportan-jornada-violenta-en-salamanca-y-villagran\/\" \/>\n<meta property=\"og:locale\" content=\"es_MX\" \/>\n<meta property=\"og:type\" content=\"article\" \/>\n<meta property=\"og:title\" content=\"REPORTAN JORNADA VIOLENTA EN SALAMANCA Y VILLAGR\u00c1N - Kuali\" \/>\n<meta property=\"og:description\" content=\"Sandra Flores\/Salamanca, Gto.-Los municipios de Salamanca y Villagr\u00e1n vivieron un domingo violento con la ejecuci\u00f3n de nueve personas. La Fiscal\u00eda General del Estado report\u00f3 que en la comunidad San Jos\u00e9 de los Duros, de Salamanca, fueron ejecutados tres hombres y dos mujeres. Los cuerpos ten\u00edan huellas de violencia y heridas de las producidas por proyectiles [&hellip;]\" \/>\n<meta property=\"og:url\" content=\"https:\/\/kuali.com.mx\/web\/2024\/02\/05\/reportan-jornada-violenta-en-salamanca-y-villagran\/\" \/>\n<meta property=\"og:site_name\" content=\"Kuali\" \/>\n<meta property=\"article:publisher\" content=\"https:\/\/kuali.com.mx\/web\/wp-content\/uploads\/2018\/04\/cropped-kuali_logo-1-1.png\" \/>\n<meta property=\"article:published_time\" content=\"2024-02-05T19:36:22+00:00\" \/>\n<meta property=\"article:modified_time\" content=\"2024-02-05T23:28:52+00:00\" \/>\n<meta property=\"og:image\" content=\"https:\/\/kuali.com.mx\/web\/wp-content\/uploads\/2023\/08\/Villagran-Celaya-SEGURIDAD.jpg\" \/>\n\t<meta property=\"og:image:width\" content=\"1625\" \/>\n\t<meta property=\"og:image:height\" content=\"750\" \/>\n\t<meta property=\"og:image:type\" content=\"image\/jpeg\" \/>\n<meta name=\"author\" content=\"Kuali Staff\" \/>\n<meta name=\"twitter:card\" content=\"summary_large_image\" \/>\n<meta name=\"twitter:creator\" content=\"@kuali_noticias\" \/>\n<meta name=\"twitter:site\" content=\"@kuali_noticias\" \/>\n<meta name=\"twitter:label1\" content=\"Escrito por\" \/>\n\t<meta name=\"twitter:data1\" content=\"Kuali Staff\" \/>\n\t<meta name=\"twitter:label2\" content=\"Tiempo de lectura\" \/>\n\t<meta name=\"twitter:data2\" content=\"1 minuto\" \/>\n<script type=\"application\/ld+json\" class=\"yoast-schema-graph\">{\"@context\":\"https:\\\/\\\/schema.org\",\"@graph\":[{\"@type\":\"Article\",\"@id\":\"https:\\\/\\\/kuali.com.mx\\\/web\\\/2024\\\/02\\\/05\\\/reportan-jornada-violenta-en-salamanca-y-villagran\\\/#article\",\"isPartOf\":{\"@id\":\"https:\\\/\\\/kuali.com.mx\\\/web\\\/2024\\\/02\\\/05\\\/reportan-jornada-violenta-en-salamanca-y-villagran\\\/\"},\"author\":{\"name\":\"Kuali Staff\",\"@id\":\"https:\\\/\\\/kuali.com.mx\\\/web\\\/#\\\/schema\\\/person\\\/6f89ffa8ecba9dae50662357923c5289\"},\"headline\":\"REPORTAN JORNADA VIOLENTA EN SALAMANCA Y VILLAGR\u00c1N\",\"datePublished\":\"2024-02-05T19:36:22+00:00\",\"dateModified\":\"2024-02-05T23:28:52+00:00\",\"mainEntityOfPage\":{\"@id\":\"https:\\\/\\\/kuali.com.mx\\\/web\\\/2024\\\/02\\\/05\\\/reportan-jornada-violenta-en-salamanca-y-villagran\\\/\"},\"wordCount\":110,\"commentCount\":0,\"image\":{\"@id\":\"https:\\\/\\\/kuali.com.mx\\\/web\\\/2024\\\/02\\\/05\\\/reportan-jornada-violenta-en-salamanca-y-villagran\\\/#primaryimage\"},\"thumbnailUrl\":\"https:\\\/\\\/kuali.com.mx\\\/web\\\/wp-content\\\/uploads\\\/2023\\\/08\\\/Villagran-Celaya-SEGURIDAD.jpg\",\"articleSection\":[\"Pol\u00edtica\",\"slider\"],\"inLanguage\":\"es\",\"potentialAction\":[{\"@type\":\"CommentAction\",\"name\":\"Comment\",\"target\":[\"https:\\\/\\\/kuali.com.mx\\\/web\\\/2024\\\/02\\\/05\\\/reportan-jornada-violenta-en-salamanca-y-villagran\\\/#respond\"]}]},{\"@type\":\"WebPage\",\"@id\":\"https:\\\/\\\/kuali.com.mx\\\/web\\\/2024\\\/02\\\/05\\\/reportan-jornada-violenta-en-salamanca-y-villagran\\\/\",\"url\":\"https:\\\/\\\/kuali.com.mx\\\/web\\\/2024\\\/02\\\/05\\\/reportan-jornada-violenta-en-salamanca-y-villagran\\\/\",\"name\":\"REPORTAN JORNADA VIOLENTA EN SALAMANCA Y VILLAGR\u00c1N - Kuali\",\"isPartOf\":{\"@id\":\"https:\\\/\\\/kuali.com.mx\\\/web\\\/#website\"},\"primaryImageOfPage\":{\"@id\":\"https:\\\/\\\/kuali.com.mx\\\/web\\\/2024\\\/02\\\/05\\\/reportan-jornada-violenta-en-salamanca-y-villagran\\\/#primaryimage\"},\"image\":{\"@id\":\"https:\\\/\\\/kuali.com.mx\\\/web\\\/2024\\\/02\\\/05\\\/reportan-jornada-violenta-en-salamanca-y-villagran\\\/#primaryimage\"},\"thumbnailUrl\":\"https:\\\/\\\/kuali.com.mx\\\/web\\\/wp-content\\\/uploads\\\/2023\\\/08\\\/Villagran-Celaya-SEGURIDAD.jpg\",\"datePublished\":\"2024-02-05T19:36:22+00:00\",\"dateModified\":\"2024-02-05T23:28:52+00:00\",\"author\":{\"@id\":\"https:\\\/\\\/kuali.com.mx\\\/web\\\/#\\\/schema\\\/person\\\/6f89ffa8ecba9dae50662357923c5289\"},\"breadcrumb\":{\"@id\":\"https:\\\/\\\/kuali.com.mx\\\/web\\\/2024\\\/02\\\/05\\\/reportan-jornada-violenta-en-salamanca-y-villagran\\\/#breadcrumb\"},\"inLanguage\":\"es\",\"potentialAction\":[{\"@type\":\"ReadAction\",\"target\":[\"https:\\\/\\\/kuali.com.mx\\\/web\\\/2024\\\/02\\\/05\\\/reportan-jornada-violenta-en-salamanca-y-villagran\\\/\"]}]},{\"@type\":\"ImageObject\",\"inLanguage\":\"es\",\"@id\":\"https:\\\/\\\/kuali.com.mx\\\/web\\\/2024\\\/02\\\/05\\\/reportan-jornada-violenta-en-salamanca-y-villagran\\\/#primaryimage\",\"url\":\"https:\\\/\\\/kuali.com.mx\\\/web\\\/wp-content\\\/uploads\\\/2023\\\/08\\\/Villagran-Celaya-SEGURIDAD.jpg\",\"contentUrl\":\"https:\\\/\\\/kuali.com.mx\\\/web\\\/wp-content\\\/uploads\\\/2023\\\/08\\\/Villagran-Celaya-SEGURIDAD.jpg\",\"width\":1625,\"height\":750},{\"@type\":\"BreadcrumbList\",\"@id\":\"https:\\\/\\\/kuali.com.mx\\\/web\\\/2024\\\/02\\\/05\\\/reportan-jornada-violenta-en-salamanca-y-villagran\\\/#breadcrumb\",\"itemListElement\":[{\"@type\":\"ListItem\",\"position\":1,\"name\":\"Inicio\",\"item\":\"https:\\\/\\\/kuali.com.mx\\\/web\\\/\"},{\"@type\":\"ListItem\",\"position\":2,\"name\":\"REPORTAN JORNADA VIOLENTA EN SALAMANCA Y VILLAGR\u00c1N\"}]},{\"@type\":\"WebSite\",\"@id\":\"https:\\\/\\\/kuali.com.mx\\\/web\\\/#website\",\"url\":\"https:\\\/\\\/kuali.com.mx\\\/web\\\/\",\"name\":\"Kuali\",\"description\":\"\",\"potentialAction\":[{\"@type\":\"SearchAction\",\"target\":{\"@type\":\"EntryPoint\",\"urlTemplate\":\"https:\\\/\\\/kuali.com.mx\\\/web\\\/?s={search_term_string}\"},\"query-input\":{\"@type\":\"PropertyValueSpecification\",\"valueRequired\":true,\"valueName\":\"search_term_string\"}}],\"inLanguage\":\"es\"},{\"@type\":\"Person\",\"@id\":\"https:\\\/\\\/kuali.com.mx\\\/web\\\/#\\\/schema\\\/person\\\/6f89ffa8ecba9dae50662357923c5289\",\"name\":\"Kuali Staff\",\"image\":{\"@type\":\"ImageObject\",\"inLanguage\":\"es\",\"@id\":\"https:\\\/\\\/secure.gravatar.com\\\/avatar\\\/f917ad82e5ab71227a733c78b6e60715476f69ee6be59feee4eb5d9920c89e0f?s=96&d=mm&r=g\",\"url\":\"https:\\\/\\\/secure.gravatar.com\\\/avatar\\\/f917ad82e5ab71227a733c78b6e60715476f69ee6be59feee4eb5d9920c89e0f?s=96&d=mm&r=g\",\"contentUrl\":\"https:\\\/\\\/secure.gravatar.com\\\/avatar\\\/f917ad82e5ab71227a733c78b6e60715476f69ee6be59feee4eb5d9920c89e0f?s=96&d=mm&r=g\",\"caption\":\"Kuali Staff\"},\"url\":\"https:\\\/\\\/kuali.com.mx\\\/web\\\/author\\\/lagarto\\\/\"}]}<\/script>\n<!-- \/ Yoast SEO plugin. -->","yoast_head_json":{"title":"REPORTAN JORNADA VIOLENTA EN SALAMANCA Y VILLAGR\u00c1N - Kuali","robots":{"index":"index","follow":"follow","max-snippet":"max-snippet:-1","max-image-preview":"max-image-preview:large","max-video-preview":"max-video-preview:-1"},"canonical":"https:\/\/kuali.com.mx\/web\/2024\/02\/05\/reportan-jornada-violenta-en-salamanca-y-villagran\/","og_locale":"es_MX","og_type":"article","og_title":"REPORTAN JORNADA VIOLENTA EN SALAMANCA Y VILLAGR\u00c1N - Kuali","og_description":"Sandra Flores\/Salamanca, Gto.-Los municipios de Salamanca y Villagr\u00e1n vivieron un domingo violento con la ejecuci\u00f3n de nueve personas. La Fiscal\u00eda General del Estado report\u00f3 que en la comunidad San Jos\u00e9 de los Duros, de Salamanca, fueron ejecutados tres hombres y dos mujeres. Los cuerpos ten\u00edan huellas de violencia y heridas de las producidas por proyectiles [&hellip;]","og_url":"https:\/\/kuali.com.mx\/web\/2024\/02\/05\/reportan-jornada-violenta-en-salamanca-y-villagran\/","og_site_name":"Kuali","article_publisher":"https:\/\/kuali.com.mx\/web\/wp-content\/uploads\/2018\/04\/cropped-kuali_logo-1-1.png","article_published_time":"2024-02-05T19:36:22+00:00","article_modified_time":"2024-02-05T23:28:52+00:00","og_image":[{"width":1625,"height":750,"url":"https:\/\/kuali.com.mx\/web\/wp-content\/uploads\/2023\/08\/Villagran-Celaya-SEGURIDAD.jpg","type":"image\/jpeg"}],"author":"Kuali Staff","twitter_card":"summary_large_image","twitter_creator":"@kuali_noticias","twitter_site":"@kuali_noticias","twitter_misc":{"Escrito por":"Kuali Staff","Tiempo de lectura":"1 minuto"},"schema":{"@context":"https:\/\/schema.org","@graph":[{"@type":"Article","@id":"https:\/\/kuali.com.mx\/web\/2024\/02\/05\/reportan-jornada-violenta-en-salamanca-y-villagran\/#article","isPartOf":{"@id":"https:\/\/kuali.com.mx\/web\/2024\/02\/05\/reportan-jornada-violenta-en-salamanca-y-villagran\/"},"author":{"name":"Kuali Staff","@id":"https:\/\/kuali.com.mx\/web\/#\/schema\/person\/6f89ffa8ecba9dae50662357923c5289"},"headline":"REPORTAN JORNADA VIOLENTA EN SALAMANCA Y VILLAGR\u00c1N","datePublished":"2024-02-05T19:36:22+00:00","dateModified":"2024-02-05T23:28:52+00:00","mainEntityOfPage":{"@id":"https:\/\/kuali.com.mx\/web\/2024\/02\/05\/reportan-jornada-violenta-en-salamanca-y-villagran\/"},"wordCount":110,"commentCount":0,"image":{"@id":"https:\/\/kuali.com.mx\/web\/2024\/02\/05\/reportan-jornada-violenta-en-salamanca-y-villagran\/#primaryimage"},"thumbnailUrl":"https:\/\/kuali.com.mx\/web\/wp-content\/uploads\/2023\/08\/Villagran-Celaya-SEGURIDAD.jpg","articleSection":["Pol\u00edtica","slider"],"inLanguage":"es","potentialAction":[{"@type":"CommentAction","name":"Comment","target":["https:\/\/kuali.com.mx\/web\/2024\/02\/05\/reportan-jornada-violenta-en-salamanca-y-villagran\/#respond"]}]},{"@type":"WebPage","@id":"https:\/\/kuali.com.mx\/web\/2024\/02\/05\/reportan-jornada-violenta-en-salamanca-y-villagran\/","url":"https:\/\/kuali.com.mx\/web\/2024\/02\/05\/reportan-jornada-violenta-en-salamanca-y-villagran\/","name":"REPORTAN JORNADA VIOLENTA EN SALAMANCA Y VILLAGR\u00c1N - Kuali","isPartOf":{"@id":"https:\/\/kuali.com.mx\/web\/#website"},"primaryImageOfPage":{"@id":"https:\/\/kuali.com.mx\/web\/2024\/02\/05\/reportan-jornada-violenta-en-salamanca-y-villagran\/#primaryimage"},"image":{"@id":"https:\/\/kuali.com.mx\/web\/2024\/02\/05\/reportan-jornada-violenta-en-salamanca-y-villagran\/#primaryimage"},"thumbnailUrl":"https:\/\/kuali.com.mx\/web\/wp-content\/uploads\/2023\/08\/Villagran-Celaya-SEGURIDAD.jpg","datePublished":"2024-02-05T19:36:22+00:00","dateModified":"2024-02-05T23:28:52+00:00","author":{"@id":"https:\/\/kuali.com.mx\/web\/#\/schema\/person\/6f89ffa8ecba9dae50662357923c5289"},"breadcrumb":{"@id":"https:\/\/kuali.com.mx\/web\/2024\/02\/05\/reportan-jornada-violenta-en-salamanca-y-villagran\/#breadcrumb"},"inLanguage":"es","potentialAction":[{"@type":"ReadAction","target":["https:\/\/kuali.com.mx\/web\/2024\/02\/05\/reportan-jornada-violenta-en-salamanca-y-villagran\/"]}]},{"@type":"ImageObject","inLanguage":"es","@id":"https:\/\/kuali.com.mx\/web\/2024\/02\/05\/reportan-jornada-violenta-en-salamanca-y-villagran\/#primaryimage","url":"https:\/\/kuali.com.mx\/web\/wp-content\/uploads\/2023\/08\/Villagran-Celaya-SEGURIDAD.jpg","contentUrl":"https:\/\/kuali.com.mx\/web\/wp-content\/uploads\/2023\/08\/Villagran-Celaya-SEGURIDAD.jpg","width":1625,"height":750},{"@type":"BreadcrumbList","@id":"https:\/\/kuali.com.mx\/web\/2024\/02\/05\/reportan-jornada-violenta-en-salamanca-y-villagran\/#breadcrumb","itemListElement":[{"@type":"ListItem","position":1,"name":"Inicio","item":"https:\/\/kuali.com.mx\/web\/"},{"@type":"ListItem","position":2,"name":"REPORTAN JORNADA VIOLENTA EN SALAMANCA Y VILLAGR\u00c1N"}]},{"@type":"WebSite","@id":"https:\/\/kuali.com.mx\/web\/#website","url":"https:\/\/kuali.com.mx\/web\/","name":"Kuali","description":"","potentialAction":[{"@type":"SearchAction","target":{"@type":"EntryPoint","urlTemplate":"https:\/\/kuali.com.mx\/web\/?s={search_term_string}"},"query-input":{"@type":"PropertyValueSpecification","valueRequired":true,"valueName":"search_term_string"}}],"inLanguage":"es"},{"@type":"Person","@id":"https:\/\/kuali.com.mx\/web\/#\/schema\/person\/6f89ffa8ecba9dae50662357923c5289","name":"Kuali Staff","image":{"@type":"ImageObject","inLanguage":"es","@id":"https:\/\/secure.gravatar.com\/avatar\/f917ad82e5ab71227a733c78b6e60715476f69ee6be59feee4eb5d9920c89e0f?s=96&d=mm&r=g","url":"https:\/\/secure.gravatar.com\/avatar\/f917ad82e5ab71227a733c78b6e60715476f69ee6be59feee4eb5d9920c89e0f?s=96&d=mm&r=g","contentUrl":"https:\/\/secure.gravatar.com\/avatar\/f917ad82e5ab71227a733c78b6e60715476f69ee6be59feee4eb5d9920c89e0f?s=96&d=mm&r=g","caption":"Kuali Staff"},"url":"https:\/\/kuali.com.mx\/web\/author\/lagarto\/"}]}},"_links":{"self":[{"href":"https:\/\/kuali.com.mx\/web\/wp-json\/wp\/v2\/posts\/135618","targetHints":{"allow":["GET"]}}],"collection":[{"href":"https:\/\/kuali.com.mx\/web\/wp-json\/wp\/v2\/posts"}],"about":[{"href":"https:\/\/kuali.com.mx\/web\/wp-json\/wp\/v2\/types\/post"}],"author":[{"embeddable":true,"href":"https:\/\/kuali.com.mx\/web\/wp-json\/wp\/v2\/users\/2"}],"replies":[{"embeddable":true,"href":"https:\/\/kuali.com.mx\/web\/wp-json\/wp\/v2\/comments?post=135618"}],"version-history":[{"count":1,"href":"https:\/\/kuali.com.mx\/web\/wp-json\/wp\/v2\/posts\/135618\/revisions"}],"predecessor-version":[{"id":135621,"href":"https:\/\/kuali.com.mx\/web\/wp-json\/wp\/v2\/posts\/135618\/revisions\/135621"}],"wp:featuredmedia":[{"embeddable":true,"href":"https:\/\/kuali.com.mx\/web\/wp-json\/wp\/v2\/media\/123812"}],"wp:attachment":[{"href":"https:\/\/kuali.com.mx\/web\/wp-json\/wp\/v2\/media?parent=135618"}],"wp:term":[{"taxonomy":"category","embeddable":true,"href":"https:\/\/kuali.com.mx\/web\/wp-json\/wp\/v2\/categories?post=135618"},{"taxonomy":"post_tag","embeddable":true,"href":"https:\/\/kuali.com.mx\/web\/wp-json\/wp\/v2\/tags?post=135618"}],"curies":[{"name":"wp","href":"https:\/\/api.w.org\/{rel}","templated":true}]}}