{"id":135593,"date":"2024-02-05T13:20:00","date_gmt":"2024-02-05T19:20:00","guid":{"rendered":"https:\/\/kuali.com.mx\/web\/?p=135593"},"modified":"2024-02-05T13:50:51","modified_gmt":"2024-02-05T19:50:51","slug":"sera-santuario-parroquia-de-san-jose-iturbide","status":"publish","type":"post","link":"https:\/\/kuali.com.mx\/web\/2024\/02\/05\/sera-santuario-parroquia-de-san-jose-iturbide\/","title":{"rendered":"SER\u00c1 SANTUARIO PARROQU\u00cdA DE SAN JOS\u00c9 ITURBIDE"},"content":{"rendered":"\n<p><strong><em>Jeshael Rivera Villal\u00f3n\/San Jos\u00e9 Iturbide, Gto. - <\/em><\/strong>A partir del 19 de marzo de este a\u00f1o se har\u00e1 el anuncio oficial de que la parroquia de este municipio se convertir\u00e1 en un santuario para el Se\u00f1or San Jos\u00e9 y el Se\u00f1or del Santo Entierro que ser\u00e1 visitado por miles de peregrinos a partir del pr\u00f3ximo a\u00f1o, informaron autoridades eclesi\u00e1sticas.<\/p>\n\n\n\n<p>Fue durante la misa dominical donde el p\u00e1rroco de la ciudad, Rogelo Cano L\u00f3pez, inform\u00f3 que el 5 de febrero el obispo de la di\u00f3cesis de Quer\u00e9taro, Monse\u00f1or Fidensio L\u00f3pez Plaza, har\u00e1 el anuncio oficial, en el marco de las festividades al Se\u00f1or del Santo Entierro y de forma paralela el 270 aniversario de fundaci\u00f3n de San Jos\u00e9 Iturbide.<\/p>\n\n\n\n<p>&nbsp;\u201cEl se\u00f1or obispo ma\u00f1ana ha tenido a bien anunciar que el pr\u00f3ximo 19 de marzo, este templo parroquial ser\u00e1 un santuario diocesano dedicado al Se\u00f1or San Jos\u00e9 y al Se\u00f1or del Santo Entierro\u201d, indic\u00f3.<\/p>\n\n\n\n<p>El hecho propici\u00f3 el aplauso de los feligreses.<\/p>\n\n\n\n<p>Con la elevaci\u00f3n de parroquia a Santuario- adelant\u00f3- se tiene previsto que el templo sea visitado por miles de peregrinos de todo el pa\u00eds.<\/p>\n\n\n\n<p>Por lo anterior, ya no ser\u00e1 solo un punto de reuni\u00f3n pastoral para la diocesis de Quer\u00e9taro, sino que el estado de Guanajuato tendr\u00e1 un nuevo santuario.<\/p>\n\n\n\n<p>Subray\u00f3 que \u201cno es f\u00e1cil\u201d lograr la elevaci\u00f3n, pero ya se ha dado cumplimiento a todos los requerimientos que marcan las autoridades religiosas; \u201ces para el bien de los fieles\u201d, sostuvo.<\/p>\n\n\n\n<p>Para la celebraci\u00f3n ya se ha invitado a autoridades religiosas en toda la diocesis y del pa\u00eds-<\/p>\n\n\n\n<p>Cabe se\u00f1alar que, el propio obispo hab\u00eda informado meses atr\u00e1s que se estaba en el proceso de buscar dicha denominaci\u00f3n para el templo de San Jos\u00e9 Iturbide y ahora se convertir\u00e1 en santuario de dos de las im\u00e1genes religiosas m\u00e1s veneradas por los feligreses en dicha demarcaci\u00f3n.<\/p>\n","protected":false},"excerpt":{"rendered":"Jeshael Rivera Villal\u00f3n\/San Jos\u00e9 Iturbide, Gto. - A partir del 19 de marzo de este a\u00f1o se har\u00e1 el anuncio oficial de que la parroquia de este municipio se convertir\u00e1 en un santuario para el Se\u00f1or San Jos\u00e9 y el Se\u00f1or del Santo Entierro que ser\u00e1 visitado por miles de peregrinos a partir del pr\u00f3ximo [&hellip;]","protected":false},"author":2,"featured_media":135596,"comment_status":"open","ping_status":"open","sticky":false,"template":"","format":"standard","meta":{"_seopress_robots_primary_cat":"none","_seopress_titles_title":"","_seopress_titles_desc":"","_seopress_robots_index":"","_monsterinsights_skip_tracking":false,"_monsterinsights_sitenote_active":false,"_monsterinsights_sitenote_note":"","_monsterinsights_sitenote_category":0,"footnotes":""},"categories":[3,69],"tags":[],"class_list":["post-135593","post","type-post","status-publish","format-standard","has-post-thumbnail","hentry","category-politica","category-slider"],"yoast_head":"<!-- This site is optimized with the Yoast SEO plugin v27.4 - https:\/\/yoast.com\/product\/yoast-seo-wordpress\/ -->\n<title>SER\u00c1 SANTUARIO PARROQU\u00cdA DE SAN JOS\u00c9 ITURBIDE - Kuali<\/title>\n<meta name=\"robots\" content=\"index, follow, max-snippet:-1, max-image-preview:large, max-video-preview:-1\" \/>\n<link rel=\"canonical\" href=\"https:\/\/kuali.com.mx\/web\/2024\/02\/05\/sera-santuario-parroquia-de-san-jose-iturbide\/\" \/>\n<meta property=\"og:locale\" content=\"es_MX\" \/>\n<meta property=\"og:type\" content=\"article\" \/>\n<meta property=\"og:title\" content=\"SER\u00c1 SANTUARIO PARROQU\u00cdA DE SAN JOS\u00c9 ITURBIDE - Kuali\" \/>\n<meta property=\"og:description\" content=\"Jeshael Rivera Villal\u00f3n\/San Jos\u00e9 Iturbide, Gto. - A partir del 19 de marzo de este a\u00f1o se har\u00e1 el anuncio oficial de que la parroquia de este municipio se convertir\u00e1 en un santuario para el Se\u00f1or San Jos\u00e9 y el Se\u00f1or del Santo Entierro que ser\u00e1 visitado por miles de peregrinos a partir del pr\u00f3ximo [&hellip;]\" \/>\n<meta property=\"og:url\" content=\"https:\/\/kuali.com.mx\/web\/2024\/02\/05\/sera-santuario-parroquia-de-san-jose-iturbide\/\" \/>\n<meta property=\"og:site_name\" content=\"Kuali\" \/>\n<meta property=\"article:publisher\" content=\"https:\/\/kuali.com.mx\/web\/wp-content\/uploads\/2018\/04\/cropped-kuali_logo-1-1.png\" \/>\n<meta property=\"article:published_time\" content=\"2024-02-05T19:20:00+00:00\" \/>\n<meta property=\"article:modified_time\" content=\"2024-02-05T19:50:51+00:00\" \/>\n<meta property=\"og:image\" content=\"https:\/\/kuali.com.mx\/web\/wp-content\/uploads\/2024\/02\/Parroquia-San-Jose-Iturbide.jpg\" \/>\n\t<meta property=\"og:image:width\" content=\"1717\" \/>\n\t<meta property=\"og:image:height\" content=\"750\" \/>\n\t<meta property=\"og:image:type\" content=\"image\/jpeg\" \/>\n<meta name=\"author\" content=\"Kuali Staff\" \/>\n<meta name=\"twitter:card\" content=\"summary_large_image\" \/>\n<meta name=\"twitter:creator\" content=\"@kuali_noticias\" \/>\n<meta name=\"twitter:site\" content=\"@kuali_noticias\" \/>\n<meta name=\"twitter:label1\" content=\"Escrito por\" \/>\n\t<meta name=\"twitter:data1\" content=\"Kuali Staff\" \/>\n\t<meta name=\"twitter:label2\" content=\"Tiempo de lectura\" \/>\n\t<meta name=\"twitter:data2\" content=\"2 minutos\" \/>\n<script type=\"application\/ld+json\" class=\"yoast-schema-graph\">{\"@context\":\"https:\\\/\\\/schema.org\",\"@graph\":[{\"@type\":\"Article\",\"@id\":\"https:\\\/\\\/kuali.com.mx\\\/web\\\/2024\\\/02\\\/05\\\/sera-santuario-parroquia-de-san-jose-iturbide\\\/#article\",\"isPartOf\":{\"@id\":\"https:\\\/\\\/kuali.com.mx\\\/web\\\/2024\\\/02\\\/05\\\/sera-santuario-parroquia-de-san-jose-iturbide\\\/\"},\"author\":{\"name\":\"Kuali Staff\",\"@id\":\"https:\\\/\\\/kuali.com.mx\\\/web\\\/#\\\/schema\\\/person\\\/6f89ffa8ecba9dae50662357923c5289\"},\"headline\":\"SER\u00c1 SANTUARIO PARROQU\u00cdA DE SAN JOS\u00c9 ITURBIDE\",\"datePublished\":\"2024-02-05T19:20:00+00:00\",\"dateModified\":\"2024-02-05T19:50:51+00:00\",\"mainEntityOfPage\":{\"@id\":\"https:\\\/\\\/kuali.com.mx\\\/web\\\/2024\\\/02\\\/05\\\/sera-santuario-parroquia-de-san-jose-iturbide\\\/\"},\"wordCount\":348,\"commentCount\":1,\"image\":{\"@id\":\"https:\\\/\\\/kuali.com.mx\\\/web\\\/2024\\\/02\\\/05\\\/sera-santuario-parroquia-de-san-jose-iturbide\\\/#primaryimage\"},\"thumbnailUrl\":\"https:\\\/\\\/kuali.com.mx\\\/web\\\/wp-content\\\/uploads\\\/2024\\\/02\\\/Parroquia-San-Jose-Iturbide.jpg\",\"articleSection\":[\"Pol\u00edtica\",\"slider\"],\"inLanguage\":\"es\",\"potentialAction\":[{\"@type\":\"CommentAction\",\"name\":\"Comment\",\"target\":[\"https:\\\/\\\/kuali.com.mx\\\/web\\\/2024\\\/02\\\/05\\\/sera-santuario-parroquia-de-san-jose-iturbide\\\/#respond\"]}]},{\"@type\":\"WebPage\",\"@id\":\"https:\\\/\\\/kuali.com.mx\\\/web\\\/2024\\\/02\\\/05\\\/sera-santuario-parroquia-de-san-jose-iturbide\\\/\",\"url\":\"https:\\\/\\\/kuali.com.mx\\\/web\\\/2024\\\/02\\\/05\\\/sera-santuario-parroquia-de-san-jose-iturbide\\\/\",\"name\":\"SER\u00c1 SANTUARIO PARROQU\u00cdA DE SAN JOS\u00c9 ITURBIDE - Kuali\",\"isPartOf\":{\"@id\":\"https:\\\/\\\/kuali.com.mx\\\/web\\\/#website\"},\"primaryImageOfPage\":{\"@id\":\"https:\\\/\\\/kuali.com.mx\\\/web\\\/2024\\\/02\\\/05\\\/sera-santuario-parroquia-de-san-jose-iturbide\\\/#primaryimage\"},\"image\":{\"@id\":\"https:\\\/\\\/kuali.com.mx\\\/web\\\/2024\\\/02\\\/05\\\/sera-santuario-parroquia-de-san-jose-iturbide\\\/#primaryimage\"},\"thumbnailUrl\":\"https:\\\/\\\/kuali.com.mx\\\/web\\\/wp-content\\\/uploads\\\/2024\\\/02\\\/Parroquia-San-Jose-Iturbide.jpg\",\"datePublished\":\"2024-02-05T19:20:00+00:00\",\"dateModified\":\"2024-02-05T19:50:51+00:00\",\"author\":{\"@id\":\"https:\\\/\\\/kuali.com.mx\\\/web\\\/#\\\/schema\\\/person\\\/6f89ffa8ecba9dae50662357923c5289\"},\"breadcrumb\":{\"@id\":\"https:\\\/\\\/kuali.com.mx\\\/web\\\/2024\\\/02\\\/05\\\/sera-santuario-parroquia-de-san-jose-iturbide\\\/#breadcrumb\"},\"inLanguage\":\"es\",\"potentialAction\":[{\"@type\":\"ReadAction\",\"target\":[\"https:\\\/\\\/kuali.com.mx\\\/web\\\/2024\\\/02\\\/05\\\/sera-santuario-parroquia-de-san-jose-iturbide\\\/\"]}]},{\"@type\":\"ImageObject\",\"inLanguage\":\"es\",\"@id\":\"https:\\\/\\\/kuali.com.mx\\\/web\\\/2024\\\/02\\\/05\\\/sera-santuario-parroquia-de-san-jose-iturbide\\\/#primaryimage\",\"url\":\"https:\\\/\\\/kuali.com.mx\\\/web\\\/wp-content\\\/uploads\\\/2024\\\/02\\\/Parroquia-San-Jose-Iturbide.jpg\",\"contentUrl\":\"https:\\\/\\\/kuali.com.mx\\\/web\\\/wp-content\\\/uploads\\\/2024\\\/02\\\/Parroquia-San-Jose-Iturbide.jpg\",\"width\":1717,\"height\":750},{\"@type\":\"BreadcrumbList\",\"@id\":\"https:\\\/\\\/kuali.com.mx\\\/web\\\/2024\\\/02\\\/05\\\/sera-santuario-parroquia-de-san-jose-iturbide\\\/#breadcrumb\",\"itemListElement\":[{\"@type\":\"ListItem\",\"position\":1,\"name\":\"Inicio\",\"item\":\"https:\\\/\\\/kuali.com.mx\\\/web\\\/\"},{\"@type\":\"ListItem\",\"position\":2,\"name\":\"SER\u00c1 SANTUARIO PARROQU\u00cdA DE SAN JOS\u00c9 ITURBIDE\"}]},{\"@type\":\"WebSite\",\"@id\":\"https:\\\/\\\/kuali.com.mx\\\/web\\\/#website\",\"url\":\"https:\\\/\\\/kuali.com.mx\\\/web\\\/\",\"name\":\"Kuali\",\"description\":\"\",\"potentialAction\":[{\"@type\":\"SearchAction\",\"target\":{\"@type\":\"EntryPoint\",\"urlTemplate\":\"https:\\\/\\\/kuali.com.mx\\\/web\\\/?s={search_term_string}\"},\"query-input\":{\"@type\":\"PropertyValueSpecification\",\"valueRequired\":true,\"valueName\":\"search_term_string\"}}],\"inLanguage\":\"es\"},{\"@type\":\"Person\",\"@id\":\"https:\\\/\\\/kuali.com.mx\\\/web\\\/#\\\/schema\\\/person\\\/6f89ffa8ecba9dae50662357923c5289\",\"name\":\"Kuali Staff\",\"image\":{\"@type\":\"ImageObject\",\"inLanguage\":\"es\",\"@id\":\"https:\\\/\\\/secure.gravatar.com\\\/avatar\\\/f917ad82e5ab71227a733c78b6e60715476f69ee6be59feee4eb5d9920c89e0f?s=96&d=mm&r=g\",\"url\":\"https:\\\/\\\/secure.gravatar.com\\\/avatar\\\/f917ad82e5ab71227a733c78b6e60715476f69ee6be59feee4eb5d9920c89e0f?s=96&d=mm&r=g\",\"contentUrl\":\"https:\\\/\\\/secure.gravatar.com\\\/avatar\\\/f917ad82e5ab71227a733c78b6e60715476f69ee6be59feee4eb5d9920c89e0f?s=96&d=mm&r=g\",\"caption\":\"Kuali Staff\"},\"url\":\"https:\\\/\\\/kuali.com.mx\\\/web\\\/author\\\/lagarto\\\/\"}]}<\/script>\n<!-- \/ Yoast SEO plugin. -->","yoast_head_json":{"title":"SER\u00c1 SANTUARIO PARROQU\u00cdA DE SAN JOS\u00c9 ITURBIDE - Kuali","robots":{"index":"index","follow":"follow","max-snippet":"max-snippet:-1","max-image-preview":"max-image-preview:large","max-video-preview":"max-video-preview:-1"},"canonical":"https:\/\/kuali.com.mx\/web\/2024\/02\/05\/sera-santuario-parroquia-de-san-jose-iturbide\/","og_locale":"es_MX","og_type":"article","og_title":"SER\u00c1 SANTUARIO PARROQU\u00cdA DE SAN JOS\u00c9 ITURBIDE - Kuali","og_description":"Jeshael Rivera Villal\u00f3n\/San Jos\u00e9 Iturbide, Gto. - A partir del 19 de marzo de este a\u00f1o se har\u00e1 el anuncio oficial de que la parroquia de este municipio se convertir\u00e1 en un santuario para el Se\u00f1or San Jos\u00e9 y el Se\u00f1or del Santo Entierro que ser\u00e1 visitado por miles de peregrinos a partir del pr\u00f3ximo [&hellip;]","og_url":"https:\/\/kuali.com.mx\/web\/2024\/02\/05\/sera-santuario-parroquia-de-san-jose-iturbide\/","og_site_name":"Kuali","article_publisher":"https:\/\/kuali.com.mx\/web\/wp-content\/uploads\/2018\/04\/cropped-kuali_logo-1-1.png","article_published_time":"2024-02-05T19:20:00+00:00","article_modified_time":"2024-02-05T19:50:51+00:00","og_image":[{"width":1717,"height":750,"url":"https:\/\/kuali.com.mx\/web\/wp-content\/uploads\/2024\/02\/Parroquia-San-Jose-Iturbide.jpg","type":"image\/jpeg"}],"author":"Kuali Staff","twitter_card":"summary_large_image","twitter_creator":"@kuali_noticias","twitter_site":"@kuali_noticias","twitter_misc":{"Escrito por":"Kuali Staff","Tiempo de lectura":"2 minutos"},"schema":{"@context":"https:\/\/schema.org","@graph":[{"@type":"Article","@id":"https:\/\/kuali.com.mx\/web\/2024\/02\/05\/sera-santuario-parroquia-de-san-jose-iturbide\/#article","isPartOf":{"@id":"https:\/\/kuali.com.mx\/web\/2024\/02\/05\/sera-santuario-parroquia-de-san-jose-iturbide\/"},"author":{"name":"Kuali Staff","@id":"https:\/\/kuali.com.mx\/web\/#\/schema\/person\/6f89ffa8ecba9dae50662357923c5289"},"headline":"SER\u00c1 SANTUARIO PARROQU\u00cdA DE SAN JOS\u00c9 ITURBIDE","datePublished":"2024-02-05T19:20:00+00:00","dateModified":"2024-02-05T19:50:51+00:00","mainEntityOfPage":{"@id":"https:\/\/kuali.com.mx\/web\/2024\/02\/05\/sera-santuario-parroquia-de-san-jose-iturbide\/"},"wordCount":348,"commentCount":1,"image":{"@id":"https:\/\/kuali.com.mx\/web\/2024\/02\/05\/sera-santuario-parroquia-de-san-jose-iturbide\/#primaryimage"},"thumbnailUrl":"https:\/\/kuali.com.mx\/web\/wp-content\/uploads\/2024\/02\/Parroquia-San-Jose-Iturbide.jpg","articleSection":["Pol\u00edtica","slider"],"inLanguage":"es","potentialAction":[{"@type":"CommentAction","name":"Comment","target":["https:\/\/kuali.com.mx\/web\/2024\/02\/05\/sera-santuario-parroquia-de-san-jose-iturbide\/#respond"]}]},{"@type":"WebPage","@id":"https:\/\/kuali.com.mx\/web\/2024\/02\/05\/sera-santuario-parroquia-de-san-jose-iturbide\/","url":"https:\/\/kuali.com.mx\/web\/2024\/02\/05\/sera-santuario-parroquia-de-san-jose-iturbide\/","name":"SER\u00c1 SANTUARIO PARROQU\u00cdA DE SAN JOS\u00c9 ITURBIDE - Kuali","isPartOf":{"@id":"https:\/\/kuali.com.mx\/web\/#website"},"primaryImageOfPage":{"@id":"https:\/\/kuali.com.mx\/web\/2024\/02\/05\/sera-santuario-parroquia-de-san-jose-iturbide\/#primaryimage"},"image":{"@id":"https:\/\/kuali.com.mx\/web\/2024\/02\/05\/sera-santuario-parroquia-de-san-jose-iturbide\/#primaryimage"},"thumbnailUrl":"https:\/\/kuali.com.mx\/web\/wp-content\/uploads\/2024\/02\/Parroquia-San-Jose-Iturbide.jpg","datePublished":"2024-02-05T19:20:00+00:00","dateModified":"2024-02-05T19:50:51+00:00","author":{"@id":"https:\/\/kuali.com.mx\/web\/#\/schema\/person\/6f89ffa8ecba9dae50662357923c5289"},"breadcrumb":{"@id":"https:\/\/kuali.com.mx\/web\/2024\/02\/05\/sera-santuario-parroquia-de-san-jose-iturbide\/#breadcrumb"},"inLanguage":"es","potentialAction":[{"@type":"ReadAction","target":["https:\/\/kuali.com.mx\/web\/2024\/02\/05\/sera-santuario-parroquia-de-san-jose-iturbide\/"]}]},{"@type":"ImageObject","inLanguage":"es","@id":"https:\/\/kuali.com.mx\/web\/2024\/02\/05\/sera-santuario-parroquia-de-san-jose-iturbide\/#primaryimage","url":"https:\/\/kuali.com.mx\/web\/wp-content\/uploads\/2024\/02\/Parroquia-San-Jose-Iturbide.jpg","contentUrl":"https:\/\/kuali.com.mx\/web\/wp-content\/uploads\/2024\/02\/Parroquia-San-Jose-Iturbide.jpg","width":1717,"height":750},{"@type":"BreadcrumbList","@id":"https:\/\/kuali.com.mx\/web\/2024\/02\/05\/sera-santuario-parroquia-de-san-jose-iturbide\/#breadcrumb","itemListElement":[{"@type":"ListItem","position":1,"name":"Inicio","item":"https:\/\/kuali.com.mx\/web\/"},{"@type":"ListItem","position":2,"name":"SER\u00c1 SANTUARIO PARROQU\u00cdA DE SAN JOS\u00c9 ITURBIDE"}]},{"@type":"WebSite","@id":"https:\/\/kuali.com.mx\/web\/#website","url":"https:\/\/kuali.com.mx\/web\/","name":"Kuali","description":"","potentialAction":[{"@type":"SearchAction","target":{"@type":"EntryPoint","urlTemplate":"https:\/\/kuali.com.mx\/web\/?s={search_term_string}"},"query-input":{"@type":"PropertyValueSpecification","valueRequired":true,"valueName":"search_term_string"}}],"inLanguage":"es"},{"@type":"Person","@id":"https:\/\/kuali.com.mx\/web\/#\/schema\/person\/6f89ffa8ecba9dae50662357923c5289","name":"Kuali Staff","image":{"@type":"ImageObject","inLanguage":"es","@id":"https:\/\/secure.gravatar.com\/avatar\/f917ad82e5ab71227a733c78b6e60715476f69ee6be59feee4eb5d9920c89e0f?s=96&d=mm&r=g","url":"https:\/\/secure.gravatar.com\/avatar\/f917ad82e5ab71227a733c78b6e60715476f69ee6be59feee4eb5d9920c89e0f?s=96&d=mm&r=g","contentUrl":"https:\/\/secure.gravatar.com\/avatar\/f917ad82e5ab71227a733c78b6e60715476f69ee6be59feee4eb5d9920c89e0f?s=96&d=mm&r=g","caption":"Kuali Staff"},"url":"https:\/\/kuali.com.mx\/web\/author\/lagarto\/"}]}},"_links":{"self":[{"href":"https:\/\/kuali.com.mx\/web\/wp-json\/wp\/v2\/posts\/135593","targetHints":{"allow":["GET"]}}],"collection":[{"href":"https:\/\/kuali.com.mx\/web\/wp-json\/wp\/v2\/posts"}],"about":[{"href":"https:\/\/kuali.com.mx\/web\/wp-json\/wp\/v2\/types\/post"}],"author":[{"embeddable":true,"href":"https:\/\/kuali.com.mx\/web\/wp-json\/wp\/v2\/users\/2"}],"replies":[{"embeddable":true,"href":"https:\/\/kuali.com.mx\/web\/wp-json\/wp\/v2\/comments?post=135593"}],"version-history":[{"count":1,"href":"https:\/\/kuali.com.mx\/web\/wp-json\/wp\/v2\/posts\/135593\/revisions"}],"predecessor-version":[{"id":135597,"href":"https:\/\/kuali.com.mx\/web\/wp-json\/wp\/v2\/posts\/135593\/revisions\/135597"}],"wp:featuredmedia":[{"embeddable":true,"href":"https:\/\/kuali.com.mx\/web\/wp-json\/wp\/v2\/media\/135596"}],"wp:attachment":[{"href":"https:\/\/kuali.com.mx\/web\/wp-json\/wp\/v2\/media?parent=135593"}],"wp:term":[{"taxonomy":"category","embeddable":true,"href":"https:\/\/kuali.com.mx\/web\/wp-json\/wp\/v2\/categories?post=135593"},{"taxonomy":"post_tag","embeddable":true,"href":"https:\/\/kuali.com.mx\/web\/wp-json\/wp\/v2\/tags?post=135593"}],"curies":[{"name":"wp","href":"https:\/\/api.w.org\/{rel}","templated":true}]}}