{"id":135160,"date":"2024-01-29T15:16:40","date_gmt":"2024-01-29T21:16:40","guid":{"rendered":"https:\/\/kuali.com.mx\/web\/?p=135160"},"modified":"2024-01-29T23:59:59","modified_gmt":"2024-01-30T05:59:59","slug":"celebrara-natzin-visions-14-anos-con-festival-internacional","status":"publish","type":"post","link":"https:\/\/kuali.com.mx\/web\/2024\/01\/29\/celebrara-natzin-visions-14-anos-con-festival-internacional\/","title":{"rendered":"CELEBRAR\u00c1 \u201cNATZIN VISIONS\u201d 14 A\u00d1OS CON FESTIVAL INTERNACIONAL"},"content":{"rendered":"\n<p><strong>Alicia Arias\/Le\u00f3n, Gto.- <\/strong>Este a\u00f1o el colectivo de m\u00fasica Natzin Visions regresa a la escena con un festival  internacional para celebrar sus 14 a\u00f1os de actividad. Los artistas vienen a M\u00e9xico con fecha exclusiva para el evento que ser\u00e1 el pr\u00f3ximo fin de semana.<\/p>\n\n\n\n<p>Hablar de Natzin Visions es hablar de los primeros festivales, en su tipo, nacionales e internacionales que se realizaron en el estado de Guanajuato.<\/p>\n\n\n\n<p>Formado por mel\u00f3manos leoneses amantes de la m\u00fasica electr\u00f3nica Nantzin Visions se cre\u00f3 en el a\u00f1o 2009 y su primero evento vio la luz en el mes de noviembre del mismo a\u00f1o. Son fuertes promotores de la m\u00fasica electr\u00f3nica, principalmente de los g\u00e9neros psytrance y techno y sus variantes.<\/p>\n\n\n\n<p>Han transcurrido 14 a\u00f1os en los cuales su nombre se ha posicionado fuertemente con festivales como \u201cUnus Festival\u201d y \u201cThe Othrer Side\u201d, y un sinn\u00famero de conciertos por los que han desfilado DJs como Mad Maxx, Ostil, Originz y Attik, solo por mencionar algunos; ya que cuentan con una lista de m\u00e1s de 40 artistas y proyectos internacionales.<\/p>\n\n\n\n<p>El colectivo, comenz\u00f3 como un proyecto local y poco a poco fue creciendo hasta alcanzar la meta de realizar un evento nacional con m\u00e1s de 3 mil personas provenientes de todo M\u00e9xico. Han realizado m\u00e1s de 12 festivales y desde el 2015 sus eventos son motivo de encuentro para miles de ravers de todo M\u00e9xico.<\/p>\n\n\n\n<p>Con esa experiencia, Natizin Visions pondr\u00e1 a bailar al baj\u00edo los d\u00edas 3 y 4 de febrero con un talento internacional que viene a M\u00e9xico exclusivamente para el aniversario del colectivo, entre ellos, Faders (Israel), quien regresa a M\u00e9xico despu\u00e9s de cuatro a\u00f1os; Relativ (Serbia), quien har\u00e1 su segunda visita a este pa\u00eds, igual que Sideform (Serbia).<\/p>\n\n\n\n<p>Tambi\u00e9n estar\u00e1n al frente de las tornas los franceses Ikon y Ephemdetis, quienes tocar\u00e1n por primera vez en M\u00e9xico; y, entre los nacionales, destacan Interactive Noise, Intelligence, Zigoor, Polygrams, Altervu y kiiknsaj.<\/p>\n\n\n\n<p>\u201cNatzin 14 A\u00f1os\u201d comenzar\u00e1 a las 10 de la noche del s\u00e1bado tres de febrero y terminar\u00e1 a las 6:00 del d\u00eda siguiente. El spot ser\u00e1 dado a conocer esta semana en las <a href=\"https:\/\/www.facebook.com\/profile.php?id=100064865133610\">redes sociales del colectivo.<\/a><\/p>\n\n\n\n<p>Vendr\u00e1n tours de diferentes partes del pa\u00eds, como Guadalajara, San Luis Potos\u00ed, Aguascalientes, Puebla, Toluca, Pachuca, Ciudad de M\u00e9xico, Michoac\u00e1n, Quer\u00e9taro, y del interior del estado de Guanajuato.<\/p>\n\n\n\n<p>El festival contar\u00e1 con talleres multiculturales, zona de camping, performances, \u00e1reas verdes, zonas de descanso, barra de bebidas con costos accesibles, zona de alimentos, sistema de audio line array, estacionamiento, param\u00e9dicos y seguridad p\u00fablica y privada.<\/p>\n\n\n<div class=\"wp-block-image\">\n<figure class=\"aligncenter size-large\"><img loading=\"lazy\" decoding=\"async\" width=\"819\" height=\"1024\" src=\"https:\/\/kuali.com.mx\/web\/wp-content\/uploads\/2024\/01\/Venta-de-boletos-819x1024.jpg\" alt=\"\" class=\"wp-image-135164\" srcset=\"https:\/\/kuali.com.mx\/web\/wp-content\/uploads\/2024\/01\/Venta-de-boletos-819x1024.jpg 819w, https:\/\/kuali.com.mx\/web\/wp-content\/uploads\/2024\/01\/Venta-de-boletos-240x300.jpg 240w, https:\/\/kuali.com.mx\/web\/wp-content\/uploads\/2024\/01\/Venta-de-boletos-768x960.jpg 768w, https:\/\/kuali.com.mx\/web\/wp-content\/uploads\/2024\/01\/Venta-de-boletos-93x116.jpg 93w, https:\/\/kuali.com.mx\/web\/wp-content\/uploads\/2024\/01\/Venta-de-boletos.jpg 1080w\" sizes=\"auto, (max-width: 819px) 100vw, 819px\" \/><\/figure>\n<\/div>","protected":false},"excerpt":{"rendered":"Alicia Arias\/Le\u00f3n, Gto.- Este a\u00f1o el colectivo de m\u00fasica Natzin Visions regresa a la escena con un festival internacional para celebrar sus 14 a\u00f1os de actividad. Los artistas vienen a M\u00e9xico con fecha exclusiva para el evento que ser\u00e1 el pr\u00f3ximo fin de semana. Hablar de Natzin Visions es hablar de los primeros festivales, en [&hellip;]","protected":false},"author":2,"featured_media":135163,"comment_status":"open","ping_status":"open","sticky":false,"template":"","format":"standard","meta":{"_seopress_robots_primary_cat":"none","_seopress_titles_title":"","_seopress_titles_desc":"","_seopress_robots_index":"","_monsterinsights_skip_tracking":false,"_monsterinsights_sitenote_active":false,"_monsterinsights_sitenote_note":"","_monsterinsights_sitenote_category":0,"footnotes":""},"categories":[18],"tags":[581,343,459,9,10,1801,3412,3414,3413],"class_list":["post-135160","post","type-post","status-publish","format-standard","has-post-thumbnail","hentry","category-espectaculos-2","tag-conciertos","tag-espectaculos","tag-festivales","tag-guanajuato","tag-leon","tag-musica-electronica","tag-natzin-visions","tag-psytrance","tag-techno"],"yoast_head":"<!-- This site is optimized with the Yoast SEO plugin v27.4 - https:\/\/yoast.com\/product\/yoast-seo-wordpress\/ -->\n<title>CELEBRAR\u00c1 \u201cNATZIN VISIONS\u201d 14 A\u00d1OS CON FESTIVAL INTERNACIONAL - Kuali<\/title>\n<meta name=\"robots\" content=\"index, follow, max-snippet:-1, max-image-preview:large, max-video-preview:-1\" \/>\n<link rel=\"canonical\" href=\"https:\/\/kuali.com.mx\/web\/2024\/01\/29\/celebrara-natzin-visions-14-anos-con-festival-internacional\/\" \/>\n<meta property=\"og:locale\" content=\"es_MX\" \/>\n<meta property=\"og:type\" content=\"article\" \/>\n<meta property=\"og:title\" content=\"CELEBRAR\u00c1 \u201cNATZIN VISIONS\u201d 14 A\u00d1OS CON FESTIVAL INTERNACIONAL - Kuali\" \/>\n<meta property=\"og:description\" content=\"Alicia Arias\/Le\u00f3n, Gto.- Este a\u00f1o el colectivo de m\u00fasica Natzin Visions regresa a la escena con un festival internacional para celebrar sus 14 a\u00f1os de actividad. Los artistas vienen a M\u00e9xico con fecha exclusiva para el evento que ser\u00e1 el pr\u00f3ximo fin de semana. Hablar de Natzin Visions es hablar de los primeros festivales, en [&hellip;]\" \/>\n<meta property=\"og:url\" content=\"https:\/\/kuali.com.mx\/web\/2024\/01\/29\/celebrara-natzin-visions-14-anos-con-festival-internacional\/\" \/>\n<meta property=\"og:site_name\" content=\"Kuali\" \/>\n<meta property=\"article:publisher\" content=\"https:\/\/kuali.com.mx\/web\/wp-content\/uploads\/2018\/04\/cropped-kuali_logo-1-1.png\" \/>\n<meta property=\"article:published_time\" content=\"2024-01-29T21:16:40+00:00\" \/>\n<meta property=\"article:modified_time\" content=\"2024-01-30T05:59:59+00:00\" \/>\n<meta property=\"og:image\" content=\"https:\/\/kuali.com.mx\/web\/wp-content\/uploads\/2024\/01\/Festival-Electronica.gif\" \/>\n\t<meta property=\"og:image:width\" content=\"1700\" \/>\n\t<meta property=\"og:image:height\" content=\"750\" \/>\n\t<meta property=\"og:image:type\" content=\"image\/gif\" \/>\n<meta name=\"author\" content=\"Kuali Staff\" \/>\n<meta name=\"twitter:card\" content=\"summary_large_image\" \/>\n<meta name=\"twitter:creator\" content=\"@kuali_noticias\" \/>\n<meta name=\"twitter:site\" content=\"@kuali_noticias\" \/>\n<meta name=\"twitter:label1\" content=\"Escrito por\" \/>\n\t<meta name=\"twitter:data1\" content=\"Kuali Staff\" \/>\n\t<meta name=\"twitter:label2\" content=\"Tiempo de lectura\" \/>\n\t<meta name=\"twitter:data2\" content=\"2 minutos\" \/>\n<script type=\"application\/ld+json\" class=\"yoast-schema-graph\">{\"@context\":\"https:\\\/\\\/schema.org\",\"@graph\":[{\"@type\":\"Article\",\"@id\":\"https:\\\/\\\/kuali.com.mx\\\/web\\\/2024\\\/01\\\/29\\\/celebrara-natzin-visions-14-anos-con-festival-internacional\\\/#article\",\"isPartOf\":{\"@id\":\"https:\\\/\\\/kuali.com.mx\\\/web\\\/2024\\\/01\\\/29\\\/celebrara-natzin-visions-14-anos-con-festival-internacional\\\/\"},\"author\":{\"name\":\"Kuali Staff\",\"@id\":\"https:\\\/\\\/kuali.com.mx\\\/web\\\/#\\\/schema\\\/person\\\/6f89ffa8ecba9dae50662357923c5289\"},\"headline\":\"CELEBRAR\u00c1 \u201cNATZIN VISIONS\u201d 14 A\u00d1OS CON FESTIVAL INTERNACIONAL\",\"datePublished\":\"2024-01-29T21:16:40+00:00\",\"dateModified\":\"2024-01-30T05:59:59+00:00\",\"mainEntityOfPage\":{\"@id\":\"https:\\\/\\\/kuali.com.mx\\\/web\\\/2024\\\/01\\\/29\\\/celebrara-natzin-visions-14-anos-con-festival-internacional\\\/\"},\"wordCount\":460,\"commentCount\":0,\"image\":{\"@id\":\"https:\\\/\\\/kuali.com.mx\\\/web\\\/2024\\\/01\\\/29\\\/celebrara-natzin-visions-14-anos-con-festival-internacional\\\/#primaryimage\"},\"thumbnailUrl\":\"https:\\\/\\\/kuali.com.mx\\\/web\\\/wp-content\\\/uploads\\\/2024\\\/01\\\/Festival-Electronica.gif\",\"keywords\":[\"Conciertos\",\"Espect\u00e1culos\",\"Festivales\",\"Guanajuato\",\"Le\u00f3n\",\"M\u00fasica electr\u00f3nica\",\"Natzin Visions\",\"Psytrance\",\"Techno\"],\"articleSection\":[\"Espect\u00e1culos\"],\"inLanguage\":\"es\",\"potentialAction\":[{\"@type\":\"CommentAction\",\"name\":\"Comment\",\"target\":[\"https:\\\/\\\/kuali.com.mx\\\/web\\\/2024\\\/01\\\/29\\\/celebrara-natzin-visions-14-anos-con-festival-internacional\\\/#respond\"]}]},{\"@type\":\"WebPage\",\"@id\":\"https:\\\/\\\/kuali.com.mx\\\/web\\\/2024\\\/01\\\/29\\\/celebrara-natzin-visions-14-anos-con-festival-internacional\\\/\",\"url\":\"https:\\\/\\\/kuali.com.mx\\\/web\\\/2024\\\/01\\\/29\\\/celebrara-natzin-visions-14-anos-con-festival-internacional\\\/\",\"name\":\"CELEBRAR\u00c1 \u201cNATZIN VISIONS\u201d 14 A\u00d1OS CON FESTIVAL INTERNACIONAL - Kuali\",\"isPartOf\":{\"@id\":\"https:\\\/\\\/kuali.com.mx\\\/web\\\/#website\"},\"primaryImageOfPage\":{\"@id\":\"https:\\\/\\\/kuali.com.mx\\\/web\\\/2024\\\/01\\\/29\\\/celebrara-natzin-visions-14-anos-con-festival-internacional\\\/#primaryimage\"},\"image\":{\"@id\":\"https:\\\/\\\/kuali.com.mx\\\/web\\\/2024\\\/01\\\/29\\\/celebrara-natzin-visions-14-anos-con-festival-internacional\\\/#primaryimage\"},\"thumbnailUrl\":\"https:\\\/\\\/kuali.com.mx\\\/web\\\/wp-content\\\/uploads\\\/2024\\\/01\\\/Festival-Electronica.gif\",\"datePublished\":\"2024-01-29T21:16:40+00:00\",\"dateModified\":\"2024-01-30T05:59:59+00:00\",\"author\":{\"@id\":\"https:\\\/\\\/kuali.com.mx\\\/web\\\/#\\\/schema\\\/person\\\/6f89ffa8ecba9dae50662357923c5289\"},\"breadcrumb\":{\"@id\":\"https:\\\/\\\/kuali.com.mx\\\/web\\\/2024\\\/01\\\/29\\\/celebrara-natzin-visions-14-anos-con-festival-internacional\\\/#breadcrumb\"},\"inLanguage\":\"es\",\"potentialAction\":[{\"@type\":\"ReadAction\",\"target\":[\"https:\\\/\\\/kuali.com.mx\\\/web\\\/2024\\\/01\\\/29\\\/celebrara-natzin-visions-14-anos-con-festival-internacional\\\/\"]}]},{\"@type\":\"ImageObject\",\"inLanguage\":\"es\",\"@id\":\"https:\\\/\\\/kuali.com.mx\\\/web\\\/2024\\\/01\\\/29\\\/celebrara-natzin-visions-14-anos-con-festival-internacional\\\/#primaryimage\",\"url\":\"https:\\\/\\\/kuali.com.mx\\\/web\\\/wp-content\\\/uploads\\\/2024\\\/01\\\/Festival-Electronica.gif\",\"contentUrl\":\"https:\\\/\\\/kuali.com.mx\\\/web\\\/wp-content\\\/uploads\\\/2024\\\/01\\\/Festival-Electronica.gif\",\"width\":1700,\"height\":750},{\"@type\":\"BreadcrumbList\",\"@id\":\"https:\\\/\\\/kuali.com.mx\\\/web\\\/2024\\\/01\\\/29\\\/celebrara-natzin-visions-14-anos-con-festival-internacional\\\/#breadcrumb\",\"itemListElement\":[{\"@type\":\"ListItem\",\"position\":1,\"name\":\"Inicio\",\"item\":\"https:\\\/\\\/kuali.com.mx\\\/web\\\/\"},{\"@type\":\"ListItem\",\"position\":2,\"name\":\"CELEBRAR\u00c1 \u201cNATZIN VISIONS\u201d 14 A\u00d1OS CON FESTIVAL INTERNACIONAL\"}]},{\"@type\":\"WebSite\",\"@id\":\"https:\\\/\\\/kuali.com.mx\\\/web\\\/#website\",\"url\":\"https:\\\/\\\/kuali.com.mx\\\/web\\\/\",\"name\":\"Kuali\",\"description\":\"\",\"potentialAction\":[{\"@type\":\"SearchAction\",\"target\":{\"@type\":\"EntryPoint\",\"urlTemplate\":\"https:\\\/\\\/kuali.com.mx\\\/web\\\/?s={search_term_string}\"},\"query-input\":{\"@type\":\"PropertyValueSpecification\",\"valueRequired\":true,\"valueName\":\"search_term_string\"}}],\"inLanguage\":\"es\"},{\"@type\":\"Person\",\"@id\":\"https:\\\/\\\/kuali.com.mx\\\/web\\\/#\\\/schema\\\/person\\\/6f89ffa8ecba9dae50662357923c5289\",\"name\":\"Kuali Staff\",\"image\":{\"@type\":\"ImageObject\",\"inLanguage\":\"es\",\"@id\":\"https:\\\/\\\/secure.gravatar.com\\\/avatar\\\/f917ad82e5ab71227a733c78b6e60715476f69ee6be59feee4eb5d9920c89e0f?s=96&d=mm&r=g\",\"url\":\"https:\\\/\\\/secure.gravatar.com\\\/avatar\\\/f917ad82e5ab71227a733c78b6e60715476f69ee6be59feee4eb5d9920c89e0f?s=96&d=mm&r=g\",\"contentUrl\":\"https:\\\/\\\/secure.gravatar.com\\\/avatar\\\/f917ad82e5ab71227a733c78b6e60715476f69ee6be59feee4eb5d9920c89e0f?s=96&d=mm&r=g\",\"caption\":\"Kuali Staff\"},\"url\":\"https:\\\/\\\/kuali.com.mx\\\/web\\\/author\\\/lagarto\\\/\"}]}<\/script>\n<!-- \/ Yoast SEO plugin. -->","yoast_head_json":{"title":"CELEBRAR\u00c1 \u201cNATZIN VISIONS\u201d 14 A\u00d1OS CON FESTIVAL INTERNACIONAL - Kuali","robots":{"index":"index","follow":"follow","max-snippet":"max-snippet:-1","max-image-preview":"max-image-preview:large","max-video-preview":"max-video-preview:-1"},"canonical":"https:\/\/kuali.com.mx\/web\/2024\/01\/29\/celebrara-natzin-visions-14-anos-con-festival-internacional\/","og_locale":"es_MX","og_type":"article","og_title":"CELEBRAR\u00c1 \u201cNATZIN VISIONS\u201d 14 A\u00d1OS CON FESTIVAL INTERNACIONAL - Kuali","og_description":"Alicia Arias\/Le\u00f3n, Gto.- Este a\u00f1o el colectivo de m\u00fasica Natzin Visions regresa a la escena con un festival internacional para celebrar sus 14 a\u00f1os de actividad. Los artistas vienen a M\u00e9xico con fecha exclusiva para el evento que ser\u00e1 el pr\u00f3ximo fin de semana. Hablar de Natzin Visions es hablar de los primeros festivales, en [&hellip;]","og_url":"https:\/\/kuali.com.mx\/web\/2024\/01\/29\/celebrara-natzin-visions-14-anos-con-festival-internacional\/","og_site_name":"Kuali","article_publisher":"https:\/\/kuali.com.mx\/web\/wp-content\/uploads\/2018\/04\/cropped-kuali_logo-1-1.png","article_published_time":"2024-01-29T21:16:40+00:00","article_modified_time":"2024-01-30T05:59:59+00:00","og_image":[{"width":1700,"height":750,"url":"https:\/\/kuali.com.mx\/web\/wp-content\/uploads\/2024\/01\/Festival-Electronica.gif","type":"image\/gif"}],"author":"Kuali Staff","twitter_card":"summary_large_image","twitter_creator":"@kuali_noticias","twitter_site":"@kuali_noticias","twitter_misc":{"Escrito por":"Kuali Staff","Tiempo de lectura":"2 minutos"},"schema":{"@context":"https:\/\/schema.org","@graph":[{"@type":"Article","@id":"https:\/\/kuali.com.mx\/web\/2024\/01\/29\/celebrara-natzin-visions-14-anos-con-festival-internacional\/#article","isPartOf":{"@id":"https:\/\/kuali.com.mx\/web\/2024\/01\/29\/celebrara-natzin-visions-14-anos-con-festival-internacional\/"},"author":{"name":"Kuali Staff","@id":"https:\/\/kuali.com.mx\/web\/#\/schema\/person\/6f89ffa8ecba9dae50662357923c5289"},"headline":"CELEBRAR\u00c1 \u201cNATZIN VISIONS\u201d 14 A\u00d1OS CON FESTIVAL INTERNACIONAL","datePublished":"2024-01-29T21:16:40+00:00","dateModified":"2024-01-30T05:59:59+00:00","mainEntityOfPage":{"@id":"https:\/\/kuali.com.mx\/web\/2024\/01\/29\/celebrara-natzin-visions-14-anos-con-festival-internacional\/"},"wordCount":460,"commentCount":0,"image":{"@id":"https:\/\/kuali.com.mx\/web\/2024\/01\/29\/celebrara-natzin-visions-14-anos-con-festival-internacional\/#primaryimage"},"thumbnailUrl":"https:\/\/kuali.com.mx\/web\/wp-content\/uploads\/2024\/01\/Festival-Electronica.gif","keywords":["Conciertos","Espect\u00e1culos","Festivales","Guanajuato","Le\u00f3n","M\u00fasica electr\u00f3nica","Natzin Visions","Psytrance","Techno"],"articleSection":["Espect\u00e1culos"],"inLanguage":"es","potentialAction":[{"@type":"CommentAction","name":"Comment","target":["https:\/\/kuali.com.mx\/web\/2024\/01\/29\/celebrara-natzin-visions-14-anos-con-festival-internacional\/#respond"]}]},{"@type":"WebPage","@id":"https:\/\/kuali.com.mx\/web\/2024\/01\/29\/celebrara-natzin-visions-14-anos-con-festival-internacional\/","url":"https:\/\/kuali.com.mx\/web\/2024\/01\/29\/celebrara-natzin-visions-14-anos-con-festival-internacional\/","name":"CELEBRAR\u00c1 \u201cNATZIN VISIONS\u201d 14 A\u00d1OS CON FESTIVAL INTERNACIONAL - Kuali","isPartOf":{"@id":"https:\/\/kuali.com.mx\/web\/#website"},"primaryImageOfPage":{"@id":"https:\/\/kuali.com.mx\/web\/2024\/01\/29\/celebrara-natzin-visions-14-anos-con-festival-internacional\/#primaryimage"},"image":{"@id":"https:\/\/kuali.com.mx\/web\/2024\/01\/29\/celebrara-natzin-visions-14-anos-con-festival-internacional\/#primaryimage"},"thumbnailUrl":"https:\/\/kuali.com.mx\/web\/wp-content\/uploads\/2024\/01\/Festival-Electronica.gif","datePublished":"2024-01-29T21:16:40+00:00","dateModified":"2024-01-30T05:59:59+00:00","author":{"@id":"https:\/\/kuali.com.mx\/web\/#\/schema\/person\/6f89ffa8ecba9dae50662357923c5289"},"breadcrumb":{"@id":"https:\/\/kuali.com.mx\/web\/2024\/01\/29\/celebrara-natzin-visions-14-anos-con-festival-internacional\/#breadcrumb"},"inLanguage":"es","potentialAction":[{"@type":"ReadAction","target":["https:\/\/kuali.com.mx\/web\/2024\/01\/29\/celebrara-natzin-visions-14-anos-con-festival-internacional\/"]}]},{"@type":"ImageObject","inLanguage":"es","@id":"https:\/\/kuali.com.mx\/web\/2024\/01\/29\/celebrara-natzin-visions-14-anos-con-festival-internacional\/#primaryimage","url":"https:\/\/kuali.com.mx\/web\/wp-content\/uploads\/2024\/01\/Festival-Electronica.gif","contentUrl":"https:\/\/kuali.com.mx\/web\/wp-content\/uploads\/2024\/01\/Festival-Electronica.gif","width":1700,"height":750},{"@type":"BreadcrumbList","@id":"https:\/\/kuali.com.mx\/web\/2024\/01\/29\/celebrara-natzin-visions-14-anos-con-festival-internacional\/#breadcrumb","itemListElement":[{"@type":"ListItem","position":1,"name":"Inicio","item":"https:\/\/kuali.com.mx\/web\/"},{"@type":"ListItem","position":2,"name":"CELEBRAR\u00c1 \u201cNATZIN VISIONS\u201d 14 A\u00d1OS CON FESTIVAL INTERNACIONAL"}]},{"@type":"WebSite","@id":"https:\/\/kuali.com.mx\/web\/#website","url":"https:\/\/kuali.com.mx\/web\/","name":"Kuali","description":"","potentialAction":[{"@type":"SearchAction","target":{"@type":"EntryPoint","urlTemplate":"https:\/\/kuali.com.mx\/web\/?s={search_term_string}"},"query-input":{"@type":"PropertyValueSpecification","valueRequired":true,"valueName":"search_term_string"}}],"inLanguage":"es"},{"@type":"Person","@id":"https:\/\/kuali.com.mx\/web\/#\/schema\/person\/6f89ffa8ecba9dae50662357923c5289","name":"Kuali Staff","image":{"@type":"ImageObject","inLanguage":"es","@id":"https:\/\/secure.gravatar.com\/avatar\/f917ad82e5ab71227a733c78b6e60715476f69ee6be59feee4eb5d9920c89e0f?s=96&d=mm&r=g","url":"https:\/\/secure.gravatar.com\/avatar\/f917ad82e5ab71227a733c78b6e60715476f69ee6be59feee4eb5d9920c89e0f?s=96&d=mm&r=g","contentUrl":"https:\/\/secure.gravatar.com\/avatar\/f917ad82e5ab71227a733c78b6e60715476f69ee6be59feee4eb5d9920c89e0f?s=96&d=mm&r=g","caption":"Kuali Staff"},"url":"https:\/\/kuali.com.mx\/web\/author\/lagarto\/"}]}},"_links":{"self":[{"href":"https:\/\/kuali.com.mx\/web\/wp-json\/wp\/v2\/posts\/135160","targetHints":{"allow":["GET"]}}],"collection":[{"href":"https:\/\/kuali.com.mx\/web\/wp-json\/wp\/v2\/posts"}],"about":[{"href":"https:\/\/kuali.com.mx\/web\/wp-json\/wp\/v2\/types\/post"}],"author":[{"embeddable":true,"href":"https:\/\/kuali.com.mx\/web\/wp-json\/wp\/v2\/users\/2"}],"replies":[{"embeddable":true,"href":"https:\/\/kuali.com.mx\/web\/wp-json\/wp\/v2\/comments?post=135160"}],"version-history":[{"count":3,"href":"https:\/\/kuali.com.mx\/web\/wp-json\/wp\/v2\/posts\/135160\/revisions"}],"predecessor-version":[{"id":135169,"href":"https:\/\/kuali.com.mx\/web\/wp-json\/wp\/v2\/posts\/135160\/revisions\/135169"}],"wp:featuredmedia":[{"embeddable":true,"href":"https:\/\/kuali.com.mx\/web\/wp-json\/wp\/v2\/media\/135163"}],"wp:attachment":[{"href":"https:\/\/kuali.com.mx\/web\/wp-json\/wp\/v2\/media?parent=135160"}],"wp:term":[{"taxonomy":"category","embeddable":true,"href":"https:\/\/kuali.com.mx\/web\/wp-json\/wp\/v2\/categories?post=135160"},{"taxonomy":"post_tag","embeddable":true,"href":"https:\/\/kuali.com.mx\/web\/wp-json\/wp\/v2\/tags?post=135160"}],"curies":[{"name":"wp","href":"https:\/\/api.w.org\/{rel}","templated":true}]}}