{"id":135154,"date":"2024-01-29T19:44:31","date_gmt":"2024-01-30T01:44:31","guid":{"rendered":"https:\/\/kuali.com.mx\/web\/?p=135154"},"modified":"2024-01-29T21:05:25","modified_gmt":"2024-01-30T03:05:25","slug":"perdio-5300-empleos-en-2023-la-industria-del-calzado","status":"publish","type":"post","link":"https:\/\/kuali.com.mx\/web\/2024\/01\/29\/perdio-5300-empleos-en-2023-la-industria-del-calzado\/","title":{"rendered":"PERDI\u00d3 5,300 EMPLEOS INDUSTRIA DEL CALZADO EN 2023"},"content":{"rendered":"\n<p><strong>Alicia Arias\/Le\u00f3n, Gto.- <\/strong>Despu\u00e9s de que se hab\u00edan comenzado a recuperar los empleos perdidos a consecuencia de la pandemia de COVID-19, la industria nacional del calzado volvi\u00f3 a perder empleos. En 2023 hubo una baja de 5 mil 300 puestos de trabajo.<\/p>\n\n\n\n<p>Despu\u00e9s de la ca\u00edda de empleos en marzo del 2020, el sector comenz\u00f3 a recuperarse de forma consistente hasta febrero del a\u00f1o 2023.<\/p>\n\n\n\n<p>\u201cEst\u00e1bamos\u00a0 punto de alcanzar los niveles prepandemia, pero perdimos 5 mil 300 empleos\u201d, declar\u00f3 Mauricio Blas Battaglia Vel\u00e1zquez, presidente de la C\u00e1mara de la Industria del Calzado del Estado de Guanajuato (CICEG) y de la C\u00e1mara Nacional de la Industria del Calzado (Canaical).<\/p>\n\n\n\n<figure class=\"wp-block-embed is-type-wp-embed is-provider-kuali wp-block-embed-kuali\"><div class=\"wp-block-embed__wrapper\">\n<blockquote class=\"wp-embedded-content\" data-secret=\"7TcXtUw0sK\"><a href=\"https:\/\/kuali.com.mx\/web\/2023\/06\/25\/industria-del-calzado-tiene-15-meses-de-crecimiento-continuo\/\">INDUSTRIA DEL CALZADO TIENE 15 MESES DE CRECIMIENTO CONTINUO<\/a><\/blockquote><iframe loading=\"lazy\" class=\"wp-embedded-content\" sandbox=\"allow-scripts\" security=\"restricted\" style=\"position: absolute; clip: rect(1px, 1px, 1px, 1px);\" title=\"&#8220;INDUSTRIA DEL CALZADO TIENE 15 MESES DE CRECIMIENTO CONTINUO&#8221; &#8212; Kuali\" src=\"https:\/\/kuali.com.mx\/web\/2023\/06\/25\/industria-del-calzado-tiene-15-meses-de-crecimiento-continuo\/embed\/#?secret=uSf6vB9X8Z#?secret=7TcXtUw0sK\" data-secret=\"7TcXtUw0sK\" width=\"600\" height=\"338\" frameborder=\"0\" marginwidth=\"0\" marginheight=\"0\" scrolling=\"no\"><\/iframe>\n<\/div><\/figure>\n\n\n\n<p>El l\u00edder de los industriales del calzado adjudic\u00f3 la bajo de empleos a dos causas, principalmente: las \u201cdesbordadas importaciones\u201d que hay en M\u00e9xico en todas sus variedades, como la importaci\u00f3n normal y el &nbsp;contrabando \u201cbronco\u201d que no paga impuestos; as\u00ed como el ingreso de calzado por paqueter\u00eda que realizan cadenas internacionales de comercio electr\u00f3nico.<\/p>\n\n\n\n<p>\u201cS\u00ed hay un problema de demanda, estamos luchando con el gobierno federal para que esto se regularice. No queremos protecci\u00f3n pero s\u00ed queremos condiciones legales\u201d, se\u00f1al\u00f3 Mauricio Battaglia al comentar que la subvaluaci\u00f3n, el contrabando, las importaciones v\u00eda empresas de mensajer\u00eda que no pagan impuestos \u201cnos hicieron da\u00f1o el a\u00f1o pasado y eso lo sinti\u00f3 en el empleo la industria\u201d.<\/p>\n\n\n\n<iframe loading=\"lazy\" src=\"https:\/\/www.facebook.com\/plugins\/video.php?height=314&href=https%3A%2F%2Fwww.facebook.com%2FKualiNoticias%2Fvideos%2F1084568439532302%2F&show_text=false&width=560&t=0\" width=\"560\" height=\"314\" style=\"border:none;overflow:hidden\" scrolling=\"no\" frameborder=\"0\" allowfullscreen=\"true\" allow=\"autoplay; clipboard-write; encrypted-media; picture-in-picture; web-share\" allowFullScreen=\"true\"><\/iframe>\n\n\n\n<p>Adem\u00e1s, la competencia de otras industrias, como las de autopartes automotrices, tambi\u00e9n se han llevado obreros del sector calzado; por eso, la CICEG realizar una serie de esfuerzos para hacer atractivos en el mercado laboral, explic\u00f3 el dirigente empresarial.<\/p>\n\n\n\n<p>Entre esos esfuerzos se encuentra el Acuerdo de Colaboraci\u00f3n que firmaron el pasado 25 de enero &nbsp;la Secretar\u00eda Educaci\u00f3n de Guanajuato (SEG) y la CICEG, para trabajar a trav\u00e9s del programa Territorios de Aprendizaje, para impulsar la recuperaci\u00f3n de aprendizajes, el vocacionamiento y el fortalecimiento de&nbsp; diversas competencias que ayudar\u00e1n a la industria a seguir siendo productiva y competitiva.<\/p>\n\n\n\n<p>Mauricio Battaglia dijo que la firma del acuerdo tiene un beneficio enorme \u201cporque los retos son enormes\u201d, toda vez que la industria opera con algunos paradignas de cuando era una industria \u00fanica en la ciudad; pero en los \u00faltimos 30 a\u00f1os la econom\u00eda de Le\u00f3n se diversific\u00f3 dando un lugar importante al sector servicios y, con la cercan\u00eda del Puerto Interior, con alta presencia de la industria automotriz, representan una seria competencia laboral para los fabricantes de calzado.<\/p>\n\n\n\n<p>Uno de los retos que ha provocado la competencia es el de contar con personal calificado y profesional.<\/p>\n\n\n\n<p>\u201cLos mismos empresarios se deben mover hacia una industria con m\u00e1s valor. Los mercados no permiten que no lo planteemos\u201d y, para lograrlo, es necesario tecnificar a la industria y generar empresas y marcas con un eje central de m\u00e1s valor y, para ello, se necesitan profesionales.<\/p>\n\n\n\n<p>Adem\u00e1s, es necesario considerar que para miles de familias de Le\u00f3n la industria del calzad ha sido una oportunidad para desarrollarse, por lo que acordaron impulsar entre el estudiantado a la industria como fuente de empleo atractiva para las familias.<\/p>\n\n\n\n<p>\u201cEs por esta raz\u00f3n que no sumamos al Pacto Social por la Educaci\u00f3n con el objetivo de generar alianzas con&nbsp; la Secretar\u00eda de Educaci\u00f3n de Guanajuato y contribuir a la disminuci\u00f3n del abandono escolar y el rezago educativo. Las cifras son alarmantes, pues como consecuencia de la pandemia de COVID-19, m\u00e1s de 84 mil estudiantes dejaron sus estudios, de los cuales 37 mil 55 pertenecen a educaci\u00f3n b\u00e1sica, 36 mil 489 a media y 10 mil 554 a superior\u201d, dijo el l\u00edder de los zapateros en M\u00e9xico.<\/p>\n\n\n\n<p>Un estudio realizado de julio a septiembre de 2022, y considerando un universo de 276 encuestados, arroj\u00f3 que el 61 por ciento cuenta con estudios de nivel b\u00e1sico, 27 por ciento con estudios de nivel medio superior y solo el 12 por ciento ha cursado el nivel superior.<\/p>\n\n\n\n<p>\u201cEl reto que buscamos es que estos resultados se eleven y nuestro sector se profesionalice cada d\u00eda m\u00e1s. En CICEG estamos comprometidos con impulsar el desarrollo de la industria de la piel y del calzado y ello lo lograremos, desarrollando y fortaleciendo el talento de nuestra gente\u201d, destac\u00f3 Mauricio Battaglia.<\/p>\n","protected":false},"excerpt":{"rendered":"Alicia Arias\/Le\u00f3n, Gto.- Despu\u00e9s de que se hab\u00edan comenzado a recuperar los empleos perdidos a consecuencia de la pandemia de COVID-19, la industria nacional del calzado volvi\u00f3 a perder empleos. En 2023 hubo una baja de 5 mil 300 puestos de trabajo. Despu\u00e9s de la ca\u00edda de empleos en marzo del 2020, el sector comenz\u00f3 [&hellip;]","protected":false},"author":2,"featured_media":135157,"comment_status":"open","ping_status":"open","sticky":false,"template":"","format":"standard","meta":{"_seopress_robots_primary_cat":"none","_seopress_titles_title":"","_seopress_titles_desc":"","_seopress_robots_index":"","_monsterinsights_skip_tracking":false,"_monsterinsights_sitenote_active":false,"_monsterinsights_sitenote_note":"","_monsterinsights_sitenote_category":0,"footnotes":""},"categories":[701,700],"tags":[361,466,207,125,362,10,385],"class_list":["post-135154","post","type-post","status-publish","format-standard","has-post-thumbnail","hentry","category-economia","category-industria-del-calzado","tag-calzado","tag-ciceg","tag-economia","tag-empleo","tag-industria","tag-leon","tag-zapatos"],"yoast_head":"<!-- This site is optimized with the Yoast SEO plugin v27.5 - https:\/\/yoast.com\/product\/yoast-seo-wordpress\/ -->\n<title>PERDI\u00d3 5,300 EMPLEOS INDUSTRIA DEL CALZADO EN 2023 - Kuali<\/title>\n<meta name=\"robots\" content=\"index, follow, max-snippet:-1, max-image-preview:large, max-video-preview:-1\" \/>\n<link rel=\"canonical\" href=\"https:\/\/kuali.com.mx\/web\/2024\/01\/29\/perdio-5300-empleos-en-2023-la-industria-del-calzado\/\" \/>\n<meta property=\"og:locale\" content=\"es_MX\" \/>\n<meta property=\"og:type\" content=\"article\" \/>\n<meta property=\"og:title\" content=\"PERDI\u00d3 5,300 EMPLEOS INDUSTRIA DEL CALZADO EN 2023 - Kuali\" \/>\n<meta property=\"og:description\" content=\"Alicia Arias\/Le\u00f3n, Gto.- Despu\u00e9s de que se hab\u00edan comenzado a recuperar los empleos perdidos a consecuencia de la pandemia de COVID-19, la industria nacional del calzado volvi\u00f3 a perder empleos. En 2023 hubo una baja de 5 mil 300 puestos de trabajo. Despu\u00e9s de la ca\u00edda de empleos en marzo del 2020, el sector comenz\u00f3 [&hellip;]\" \/>\n<meta property=\"og:url\" content=\"https:\/\/kuali.com.mx\/web\/2024\/01\/29\/perdio-5300-empleos-en-2023-la-industria-del-calzado\/\" \/>\n<meta property=\"og:site_name\" content=\"Kuali\" \/>\n<meta property=\"article:publisher\" content=\"https:\/\/kuali.com.mx\/web\/wp-content\/uploads\/2018\/04\/cropped-kuali_logo-1-1.png\" \/>\n<meta property=\"article:published_time\" content=\"2024-01-30T01:44:31+00:00\" \/>\n<meta property=\"article:modified_time\" content=\"2024-01-30T03:05:25+00:00\" \/>\n<meta property=\"og:image\" content=\"https:\/\/kuali.com.mx\/web\/wp-content\/uploads\/2024\/01\/Zapatos-Bota-textil.gif\" \/>\n\t<meta property=\"og:image:width\" content=\"1842\" \/>\n\t<meta property=\"og:image:height\" content=\"750\" \/>\n\t<meta property=\"og:image:type\" content=\"image\/gif\" \/>\n<meta name=\"author\" content=\"Kuali Staff\" \/>\n<meta name=\"twitter:card\" content=\"summary_large_image\" \/>\n<meta name=\"twitter:creator\" content=\"@kuali_noticias\" \/>\n<meta name=\"twitter:site\" content=\"@kuali_noticias\" \/>\n<meta name=\"twitter:label1\" content=\"Escrito por\" \/>\n\t<meta name=\"twitter:data1\" content=\"Kuali Staff\" \/>\n\t<meta name=\"twitter:label2\" content=\"Tiempo de lectura\" \/>\n\t<meta name=\"twitter:data2\" content=\"4 minutos\" \/>\n<script type=\"application\/ld+json\" class=\"yoast-schema-graph\">{\"@context\":\"https:\\\/\\\/schema.org\",\"@graph\":[{\"@type\":\"Article\",\"@id\":\"https:\\\/\\\/kuali.com.mx\\\/web\\\/2024\\\/01\\\/29\\\/perdio-5300-empleos-en-2023-la-industria-del-calzado\\\/#article\",\"isPartOf\":{\"@id\":\"https:\\\/\\\/kuali.com.mx\\\/web\\\/2024\\\/01\\\/29\\\/perdio-5300-empleos-en-2023-la-industria-del-calzado\\\/\"},\"author\":{\"name\":\"Kuali Staff\",\"@id\":\"https:\\\/\\\/kuali.com.mx\\\/web\\\/#\\\/schema\\\/person\\\/6f89ffa8ecba9dae50662357923c5289\"},\"headline\":\"PERDI\u00d3 5,300 EMPLEOS INDUSTRIA DEL CALZADO EN 2023\",\"datePublished\":\"2024-01-30T01:44:31+00:00\",\"dateModified\":\"2024-01-30T03:05:25+00:00\",\"mainEntityOfPage\":{\"@id\":\"https:\\\/\\\/kuali.com.mx\\\/web\\\/2024\\\/01\\\/29\\\/perdio-5300-empleos-en-2023-la-industria-del-calzado\\\/\"},\"wordCount\":737,\"commentCount\":0,\"image\":{\"@id\":\"https:\\\/\\\/kuali.com.mx\\\/web\\\/2024\\\/01\\\/29\\\/perdio-5300-empleos-en-2023-la-industria-del-calzado\\\/#primaryimage\"},\"thumbnailUrl\":\"https:\\\/\\\/kuali.com.mx\\\/web\\\/wp-content\\\/uploads\\\/2024\\\/01\\\/Zapatos-Bota-textil.gif\",\"keywords\":[\"Calzado\",\"CICEG\",\"Econom\u00eda\",\"Empleo\",\"Industria\",\"Le\u00f3n\",\"Zapatos\"],\"articleSection\":[\"Econom\u00eda\",\"Industria del calzado\"],\"inLanguage\":\"es\",\"potentialAction\":[{\"@type\":\"CommentAction\",\"name\":\"Comment\",\"target\":[\"https:\\\/\\\/kuali.com.mx\\\/web\\\/2024\\\/01\\\/29\\\/perdio-5300-empleos-en-2023-la-industria-del-calzado\\\/#respond\"]}]},{\"@type\":\"WebPage\",\"@id\":\"https:\\\/\\\/kuali.com.mx\\\/web\\\/2024\\\/01\\\/29\\\/perdio-5300-empleos-en-2023-la-industria-del-calzado\\\/\",\"url\":\"https:\\\/\\\/kuali.com.mx\\\/web\\\/2024\\\/01\\\/29\\\/perdio-5300-empleos-en-2023-la-industria-del-calzado\\\/\",\"name\":\"PERDI\u00d3 5,300 EMPLEOS INDUSTRIA DEL CALZADO EN 2023 - Kuali\",\"isPartOf\":{\"@id\":\"https:\\\/\\\/kuali.com.mx\\\/web\\\/#website\"},\"primaryImageOfPage\":{\"@id\":\"https:\\\/\\\/kuali.com.mx\\\/web\\\/2024\\\/01\\\/29\\\/perdio-5300-empleos-en-2023-la-industria-del-calzado\\\/#primaryimage\"},\"image\":{\"@id\":\"https:\\\/\\\/kuali.com.mx\\\/web\\\/2024\\\/01\\\/29\\\/perdio-5300-empleos-en-2023-la-industria-del-calzado\\\/#primaryimage\"},\"thumbnailUrl\":\"https:\\\/\\\/kuali.com.mx\\\/web\\\/wp-content\\\/uploads\\\/2024\\\/01\\\/Zapatos-Bota-textil.gif\",\"datePublished\":\"2024-01-30T01:44:31+00:00\",\"dateModified\":\"2024-01-30T03:05:25+00:00\",\"author\":{\"@id\":\"https:\\\/\\\/kuali.com.mx\\\/web\\\/#\\\/schema\\\/person\\\/6f89ffa8ecba9dae50662357923c5289\"},\"breadcrumb\":{\"@id\":\"https:\\\/\\\/kuali.com.mx\\\/web\\\/2024\\\/01\\\/29\\\/perdio-5300-empleos-en-2023-la-industria-del-calzado\\\/#breadcrumb\"},\"inLanguage\":\"es\",\"potentialAction\":[{\"@type\":\"ReadAction\",\"target\":[\"https:\\\/\\\/kuali.com.mx\\\/web\\\/2024\\\/01\\\/29\\\/perdio-5300-empleos-en-2023-la-industria-del-calzado\\\/\"]}]},{\"@type\":\"ImageObject\",\"inLanguage\":\"es\",\"@id\":\"https:\\\/\\\/kuali.com.mx\\\/web\\\/2024\\\/01\\\/29\\\/perdio-5300-empleos-en-2023-la-industria-del-calzado\\\/#primaryimage\",\"url\":\"https:\\\/\\\/kuali.com.mx\\\/web\\\/wp-content\\\/uploads\\\/2024\\\/01\\\/Zapatos-Bota-textil.gif\",\"contentUrl\":\"https:\\\/\\\/kuali.com.mx\\\/web\\\/wp-content\\\/uploads\\\/2024\\\/01\\\/Zapatos-Bota-textil.gif\",\"width\":1842,\"height\":750},{\"@type\":\"BreadcrumbList\",\"@id\":\"https:\\\/\\\/kuali.com.mx\\\/web\\\/2024\\\/01\\\/29\\\/perdio-5300-empleos-en-2023-la-industria-del-calzado\\\/#breadcrumb\",\"itemListElement\":[{\"@type\":\"ListItem\",\"position\":1,\"name\":\"Inicio\",\"item\":\"https:\\\/\\\/kuali.com.mx\\\/web\\\/\"},{\"@type\":\"ListItem\",\"position\":2,\"name\":\"PERDI\u00d3 5,300 EMPLEOS INDUSTRIA DEL CALZADO EN 2023\"}]},{\"@type\":\"WebSite\",\"@id\":\"https:\\\/\\\/kuali.com.mx\\\/web\\\/#website\",\"url\":\"https:\\\/\\\/kuali.com.mx\\\/web\\\/\",\"name\":\"Kuali\",\"description\":\"\",\"potentialAction\":[{\"@type\":\"SearchAction\",\"target\":{\"@type\":\"EntryPoint\",\"urlTemplate\":\"https:\\\/\\\/kuali.com.mx\\\/web\\\/?s={search_term_string}\"},\"query-input\":{\"@type\":\"PropertyValueSpecification\",\"valueRequired\":true,\"valueName\":\"search_term_string\"}}],\"inLanguage\":\"es\"},{\"@type\":\"Person\",\"@id\":\"https:\\\/\\\/kuali.com.mx\\\/web\\\/#\\\/schema\\\/person\\\/6f89ffa8ecba9dae50662357923c5289\",\"name\":\"Kuali Staff\",\"image\":{\"@type\":\"ImageObject\",\"inLanguage\":\"es\",\"@id\":\"https:\\\/\\\/secure.gravatar.com\\\/avatar\\\/f917ad82e5ab71227a733c78b6e60715476f69ee6be59feee4eb5d9920c89e0f?s=96&d=mm&r=g\",\"url\":\"https:\\\/\\\/secure.gravatar.com\\\/avatar\\\/f917ad82e5ab71227a733c78b6e60715476f69ee6be59feee4eb5d9920c89e0f?s=96&d=mm&r=g\",\"contentUrl\":\"https:\\\/\\\/secure.gravatar.com\\\/avatar\\\/f917ad82e5ab71227a733c78b6e60715476f69ee6be59feee4eb5d9920c89e0f?s=96&d=mm&r=g\",\"caption\":\"Kuali Staff\"},\"url\":\"https:\\\/\\\/kuali.com.mx\\\/web\\\/author\\\/lagarto\\\/\"}]}<\/script>\n<!-- \/ Yoast SEO plugin. -->","yoast_head_json":{"title":"PERDI\u00d3 5,300 EMPLEOS INDUSTRIA DEL CALZADO EN 2023 - Kuali","robots":{"index":"index","follow":"follow","max-snippet":"max-snippet:-1","max-image-preview":"max-image-preview:large","max-video-preview":"max-video-preview:-1"},"canonical":"https:\/\/kuali.com.mx\/web\/2024\/01\/29\/perdio-5300-empleos-en-2023-la-industria-del-calzado\/","og_locale":"es_MX","og_type":"article","og_title":"PERDI\u00d3 5,300 EMPLEOS INDUSTRIA DEL CALZADO EN 2023 - Kuali","og_description":"Alicia Arias\/Le\u00f3n, Gto.- Despu\u00e9s de que se hab\u00edan comenzado a recuperar los empleos perdidos a consecuencia de la pandemia de COVID-19, la industria nacional del calzado volvi\u00f3 a perder empleos. En 2023 hubo una baja de 5 mil 300 puestos de trabajo. Despu\u00e9s de la ca\u00edda de empleos en marzo del 2020, el sector comenz\u00f3 [&hellip;]","og_url":"https:\/\/kuali.com.mx\/web\/2024\/01\/29\/perdio-5300-empleos-en-2023-la-industria-del-calzado\/","og_site_name":"Kuali","article_publisher":"https:\/\/kuali.com.mx\/web\/wp-content\/uploads\/2018\/04\/cropped-kuali_logo-1-1.png","article_published_time":"2024-01-30T01:44:31+00:00","article_modified_time":"2024-01-30T03:05:25+00:00","og_image":[{"width":1842,"height":750,"url":"https:\/\/kuali.com.mx\/web\/wp-content\/uploads\/2024\/01\/Zapatos-Bota-textil.gif","type":"image\/gif"}],"author":"Kuali Staff","twitter_card":"summary_large_image","twitter_creator":"@kuali_noticias","twitter_site":"@kuali_noticias","twitter_misc":{"Escrito por":"Kuali Staff","Tiempo de lectura":"4 minutos"},"schema":{"@context":"https:\/\/schema.org","@graph":[{"@type":"Article","@id":"https:\/\/kuali.com.mx\/web\/2024\/01\/29\/perdio-5300-empleos-en-2023-la-industria-del-calzado\/#article","isPartOf":{"@id":"https:\/\/kuali.com.mx\/web\/2024\/01\/29\/perdio-5300-empleos-en-2023-la-industria-del-calzado\/"},"author":{"name":"Kuali Staff","@id":"https:\/\/kuali.com.mx\/web\/#\/schema\/person\/6f89ffa8ecba9dae50662357923c5289"},"headline":"PERDI\u00d3 5,300 EMPLEOS INDUSTRIA DEL CALZADO EN 2023","datePublished":"2024-01-30T01:44:31+00:00","dateModified":"2024-01-30T03:05:25+00:00","mainEntityOfPage":{"@id":"https:\/\/kuali.com.mx\/web\/2024\/01\/29\/perdio-5300-empleos-en-2023-la-industria-del-calzado\/"},"wordCount":737,"commentCount":0,"image":{"@id":"https:\/\/kuali.com.mx\/web\/2024\/01\/29\/perdio-5300-empleos-en-2023-la-industria-del-calzado\/#primaryimage"},"thumbnailUrl":"https:\/\/kuali.com.mx\/web\/wp-content\/uploads\/2024\/01\/Zapatos-Bota-textil.gif","keywords":["Calzado","CICEG","Econom\u00eda","Empleo","Industria","Le\u00f3n","Zapatos"],"articleSection":["Econom\u00eda","Industria del calzado"],"inLanguage":"es","potentialAction":[{"@type":"CommentAction","name":"Comment","target":["https:\/\/kuali.com.mx\/web\/2024\/01\/29\/perdio-5300-empleos-en-2023-la-industria-del-calzado\/#respond"]}]},{"@type":"WebPage","@id":"https:\/\/kuali.com.mx\/web\/2024\/01\/29\/perdio-5300-empleos-en-2023-la-industria-del-calzado\/","url":"https:\/\/kuali.com.mx\/web\/2024\/01\/29\/perdio-5300-empleos-en-2023-la-industria-del-calzado\/","name":"PERDI\u00d3 5,300 EMPLEOS INDUSTRIA DEL CALZADO EN 2023 - Kuali","isPartOf":{"@id":"https:\/\/kuali.com.mx\/web\/#website"},"primaryImageOfPage":{"@id":"https:\/\/kuali.com.mx\/web\/2024\/01\/29\/perdio-5300-empleos-en-2023-la-industria-del-calzado\/#primaryimage"},"image":{"@id":"https:\/\/kuali.com.mx\/web\/2024\/01\/29\/perdio-5300-empleos-en-2023-la-industria-del-calzado\/#primaryimage"},"thumbnailUrl":"https:\/\/kuali.com.mx\/web\/wp-content\/uploads\/2024\/01\/Zapatos-Bota-textil.gif","datePublished":"2024-01-30T01:44:31+00:00","dateModified":"2024-01-30T03:05:25+00:00","author":{"@id":"https:\/\/kuali.com.mx\/web\/#\/schema\/person\/6f89ffa8ecba9dae50662357923c5289"},"breadcrumb":{"@id":"https:\/\/kuali.com.mx\/web\/2024\/01\/29\/perdio-5300-empleos-en-2023-la-industria-del-calzado\/#breadcrumb"},"inLanguage":"es","potentialAction":[{"@type":"ReadAction","target":["https:\/\/kuali.com.mx\/web\/2024\/01\/29\/perdio-5300-empleos-en-2023-la-industria-del-calzado\/"]}]},{"@type":"ImageObject","inLanguage":"es","@id":"https:\/\/kuali.com.mx\/web\/2024\/01\/29\/perdio-5300-empleos-en-2023-la-industria-del-calzado\/#primaryimage","url":"https:\/\/kuali.com.mx\/web\/wp-content\/uploads\/2024\/01\/Zapatos-Bota-textil.gif","contentUrl":"https:\/\/kuali.com.mx\/web\/wp-content\/uploads\/2024\/01\/Zapatos-Bota-textil.gif","width":1842,"height":750},{"@type":"BreadcrumbList","@id":"https:\/\/kuali.com.mx\/web\/2024\/01\/29\/perdio-5300-empleos-en-2023-la-industria-del-calzado\/#breadcrumb","itemListElement":[{"@type":"ListItem","position":1,"name":"Inicio","item":"https:\/\/kuali.com.mx\/web\/"},{"@type":"ListItem","position":2,"name":"PERDI\u00d3 5,300 EMPLEOS INDUSTRIA DEL CALZADO EN 2023"}]},{"@type":"WebSite","@id":"https:\/\/kuali.com.mx\/web\/#website","url":"https:\/\/kuali.com.mx\/web\/","name":"Kuali","description":"","potentialAction":[{"@type":"SearchAction","target":{"@type":"EntryPoint","urlTemplate":"https:\/\/kuali.com.mx\/web\/?s={search_term_string}"},"query-input":{"@type":"PropertyValueSpecification","valueRequired":true,"valueName":"search_term_string"}}],"inLanguage":"es"},{"@type":"Person","@id":"https:\/\/kuali.com.mx\/web\/#\/schema\/person\/6f89ffa8ecba9dae50662357923c5289","name":"Kuali Staff","image":{"@type":"ImageObject","inLanguage":"es","@id":"https:\/\/secure.gravatar.com\/avatar\/f917ad82e5ab71227a733c78b6e60715476f69ee6be59feee4eb5d9920c89e0f?s=96&d=mm&r=g","url":"https:\/\/secure.gravatar.com\/avatar\/f917ad82e5ab71227a733c78b6e60715476f69ee6be59feee4eb5d9920c89e0f?s=96&d=mm&r=g","contentUrl":"https:\/\/secure.gravatar.com\/avatar\/f917ad82e5ab71227a733c78b6e60715476f69ee6be59feee4eb5d9920c89e0f?s=96&d=mm&r=g","caption":"Kuali Staff"},"url":"https:\/\/kuali.com.mx\/web\/author\/lagarto\/"}]}},"_links":{"self":[{"href":"https:\/\/kuali.com.mx\/web\/wp-json\/wp\/v2\/posts\/135154","targetHints":{"allow":["GET"]}}],"collection":[{"href":"https:\/\/kuali.com.mx\/web\/wp-json\/wp\/v2\/posts"}],"about":[{"href":"https:\/\/kuali.com.mx\/web\/wp-json\/wp\/v2\/types\/post"}],"author":[{"embeddable":true,"href":"https:\/\/kuali.com.mx\/web\/wp-json\/wp\/v2\/users\/2"}],"replies":[{"embeddable":true,"href":"https:\/\/kuali.com.mx\/web\/wp-json\/wp\/v2\/comments?post=135154"}],"version-history":[{"count":2,"href":"https:\/\/kuali.com.mx\/web\/wp-json\/wp\/v2\/posts\/135154\/revisions"}],"predecessor-version":[{"id":135159,"href":"https:\/\/kuali.com.mx\/web\/wp-json\/wp\/v2\/posts\/135154\/revisions\/135159"}],"wp:featuredmedia":[{"embeddable":true,"href":"https:\/\/kuali.com.mx\/web\/wp-json\/wp\/v2\/media\/135157"}],"wp:attachment":[{"href":"https:\/\/kuali.com.mx\/web\/wp-json\/wp\/v2\/media?parent=135154"}],"wp:term":[{"taxonomy":"category","embeddable":true,"href":"https:\/\/kuali.com.mx\/web\/wp-json\/wp\/v2\/categories?post=135154"},{"taxonomy":"post_tag","embeddable":true,"href":"https:\/\/kuali.com.mx\/web\/wp-json\/wp\/v2\/tags?post=135154"}],"curies":[{"name":"wp","href":"https:\/\/api.w.org\/{rel}","templated":true}]}}