{"id":134886,"date":"2024-01-25T12:00:22","date_gmt":"2024-01-25T18:00:22","guid":{"rendered":"https:\/\/kuali.com.mx\/web\/?p=134886"},"modified":"2024-01-27T16:53:08","modified_gmt":"2024-01-27T22:53:08","slug":"carlos-vela-sigue-en-la-mira-de-lafc-thorrington","status":"publish","type":"post","link":"https:\/\/kuali.com.mx\/web\/2024\/01\/25\/carlos-vela-sigue-en-la-mira-de-lafc-thorrington\/","title":{"rendered":"\u201cCARLOS VELA SIGUE EN LA MIRA DE LAFC\u201d: THORRINGTON"},"content":{"rendered":"\n<p><em><strong>MariLuz Medina\/Los Angeles,CA,<\/strong><\/em>- El gerente general de Los Angeles Football Club, John Thorrington, compareci\u00f3 ante la prensa por primera vez en este 2024, dejando en claro que la renovaci\u00f3n de Carlos Vela, sigue en proceso, pues ahora el jugador es agente libre y las negociaciones continuan.<\/p>\n\n\n\n<p>Si bien, el contrato de Carlos Vela, se venci\u00f3 el 31 de diciembre, LAFC no logr\u00f3 renovar a su jugador insignia y capit\u00e1n, antes y al parecer hubo mas desacuerdos que acuerdos, lo cual dej\u00f3 vislumbrar el jugador justo ante de que se jugar\u00e1 la final de la MLS, que perdi\u00f3 el equipo angelino ante Columbus Crew.<\/p>\n\n\n\n<p>Ahora, Thorrignton fiel a su estilo de aparentar ser un directivo flexible y amigable ha dejado todo el peso de la decisi\u00f3n de continuar con LAFC a Carlos Vela y su representante.<\/p>\n\n\n\n<p>\u201cObviamente Carlos Vela es la cara de nuestra franquicia desde el inicio. Hemos tenido una relaci\u00f3n muy positiva fuera de la cancha y no necesito hablar del \u00e9xito que hemos tenido con \u00e9l como nuestro l\u00edder y capit\u00e1n\u201d, coment\u00f3 Thorrington.<br>Entonces... Cual es el motivo por el que no hay un acuerdo.<br>Pero el directivo no titubeo en decir lo siguiente:<br>\u201cLa situaci\u00f3n ahora es que estamos en conversaciones con Carlos y su representante y no tenemos toda la claridad porque estamos creando espacio en el plantel para darle lo que podamos. Al final ser\u00e1 decisi\u00f3n de Carlos, pero haremos todo lo posible para que contin\u00fae con LAFC. Espero que se concrete porque hay m\u00e1s historia entre LAFC y Carlos Vela\u201d.&nbsp;<br>LAFC que ya se encuentra en pretemporada y en unos d\u00edas se trasladara al valle de Coachella para participar en el anual torneo invitacional, pero tambi\u00e9n se espera que pronto haya novedades de contrataciones y despedidas de otros futbolistas.<\/p>\n","protected":false},"excerpt":{"rendered":"MariLuz Medina\/Los Angeles,CA,- El gerente general de Los Angeles Football Club, John Thorrington, compareci\u00f3 ante la prensa por primera vez en este 2024, dejando en claro que la renovaci\u00f3n de Carlos Vela, sigue en proceso, pues ahora el jugador es agente libre y las negociaciones continuan. Si bien, el contrato de Carlos Vela, se venci\u00f3 [&hellip;]","protected":false},"author":2,"featured_media":134888,"comment_status":"open","ping_status":"open","sticky":false,"template":"","format":"standard","meta":{"_seopress_robots_primary_cat":"none","_seopress_titles_title":"","_seopress_titles_desc":"","_seopress_robots_index":"","_monsterinsights_skip_tracking":false,"_monsterinsights_sitenote_active":false,"_monsterinsights_sitenote_note":"","_monsterinsights_sitenote_category":0,"footnotes":""},"categories":[16],"tags":[],"class_list":["post-134886","post","type-post","status-publish","format-standard","has-post-thumbnail","hentry","category-deportes"],"yoast_head":"<!-- This site is optimized with the Yoast SEO plugin v27.5 - https:\/\/yoast.com\/product\/yoast-seo-wordpress\/ -->\n<title>\u201cCARLOS VELA SIGUE EN LA MIRA DE LAFC\u201d: THORRINGTON - Kuali<\/title>\n<meta name=\"robots\" content=\"index, follow, max-snippet:-1, max-image-preview:large, max-video-preview:-1\" \/>\n<link rel=\"canonical\" href=\"https:\/\/kuali.com.mx\/web\/2024\/01\/25\/carlos-vela-sigue-en-la-mira-de-lafc-thorrington\/\" \/>\n<meta property=\"og:locale\" content=\"es_MX\" \/>\n<meta property=\"og:type\" content=\"article\" \/>\n<meta property=\"og:title\" content=\"\u201cCARLOS VELA SIGUE EN LA MIRA DE LAFC\u201d: THORRINGTON - Kuali\" \/>\n<meta property=\"og:description\" content=\"MariLuz Medina\/Los Angeles,CA,- El gerente general de Los Angeles Football Club, John Thorrington, compareci\u00f3 ante la prensa por primera vez en este 2024, dejando en claro que la renovaci\u00f3n de Carlos Vela, sigue en proceso, pues ahora el jugador es agente libre y las negociaciones continuan. Si bien, el contrato de Carlos Vela, se venci\u00f3 [&hellip;]\" \/>\n<meta property=\"og:url\" content=\"https:\/\/kuali.com.mx\/web\/2024\/01\/25\/carlos-vela-sigue-en-la-mira-de-lafc-thorrington\/\" \/>\n<meta property=\"og:site_name\" content=\"Kuali\" \/>\n<meta property=\"article:publisher\" content=\"https:\/\/kuali.com.mx\/web\/wp-content\/uploads\/2018\/04\/cropped-kuali_logo-1-1.png\" \/>\n<meta property=\"article:published_time\" content=\"2024-01-25T18:00:22+00:00\" \/>\n<meta property=\"article:modified_time\" content=\"2024-01-27T22:53:08+00:00\" \/>\n<meta property=\"og:image\" content=\"https:\/\/kuali.com.mx\/web\/wp-content\/uploads\/2024\/01\/carlos-vela.jpg\" \/>\n\t<meta property=\"og:image:width\" content=\"1755\" \/>\n\t<meta property=\"og:image:height\" content=\"750\" \/>\n\t<meta property=\"og:image:type\" content=\"image\/jpeg\" \/>\n<meta name=\"author\" content=\"Kuali Staff\" \/>\n<meta name=\"twitter:card\" content=\"summary_large_image\" \/>\n<meta name=\"twitter:creator\" content=\"@kuali_noticias\" \/>\n<meta name=\"twitter:site\" content=\"@kuali_noticias\" \/>\n<meta name=\"twitter:label1\" content=\"Escrito por\" \/>\n\t<meta name=\"twitter:data1\" content=\"Kuali Staff\" \/>\n\t<meta name=\"twitter:label2\" content=\"Tiempo de lectura\" \/>\n\t<meta name=\"twitter:data2\" content=\"2 minutos\" \/>\n<script type=\"application\/ld+json\" class=\"yoast-schema-graph\">{\"@context\":\"https:\\\/\\\/schema.org\",\"@graph\":[{\"@type\":\"Article\",\"@id\":\"https:\\\/\\\/kuali.com.mx\\\/web\\\/2024\\\/01\\\/25\\\/carlos-vela-sigue-en-la-mira-de-lafc-thorrington\\\/#article\",\"isPartOf\":{\"@id\":\"https:\\\/\\\/kuali.com.mx\\\/web\\\/2024\\\/01\\\/25\\\/carlos-vela-sigue-en-la-mira-de-lafc-thorrington\\\/\"},\"author\":{\"name\":\"Kuali Staff\",\"@id\":\"https:\\\/\\\/kuali.com.mx\\\/web\\\/#\\\/schema\\\/person\\\/6f89ffa8ecba9dae50662357923c5289\"},\"headline\":\"\u201cCARLOS VELA SIGUE EN LA MIRA DE LAFC\u201d: THORRINGTON\",\"datePublished\":\"2024-01-25T18:00:22+00:00\",\"dateModified\":\"2024-01-27T22:53:08+00:00\",\"mainEntityOfPage\":{\"@id\":\"https:\\\/\\\/kuali.com.mx\\\/web\\\/2024\\\/01\\\/25\\\/carlos-vela-sigue-en-la-mira-de-lafc-thorrington\\\/\"},\"wordCount\":318,\"commentCount\":0,\"image\":{\"@id\":\"https:\\\/\\\/kuali.com.mx\\\/web\\\/2024\\\/01\\\/25\\\/carlos-vela-sigue-en-la-mira-de-lafc-thorrington\\\/#primaryimage\"},\"thumbnailUrl\":\"https:\\\/\\\/kuali.com.mx\\\/web\\\/wp-content\\\/uploads\\\/2024\\\/01\\\/carlos-vela.jpg\",\"articleSection\":[\"Deportes\"],\"inLanguage\":\"es\",\"potentialAction\":[{\"@type\":\"CommentAction\",\"name\":\"Comment\",\"target\":[\"https:\\\/\\\/kuali.com.mx\\\/web\\\/2024\\\/01\\\/25\\\/carlos-vela-sigue-en-la-mira-de-lafc-thorrington\\\/#respond\"]}]},{\"@type\":\"WebPage\",\"@id\":\"https:\\\/\\\/kuali.com.mx\\\/web\\\/2024\\\/01\\\/25\\\/carlos-vela-sigue-en-la-mira-de-lafc-thorrington\\\/\",\"url\":\"https:\\\/\\\/kuali.com.mx\\\/web\\\/2024\\\/01\\\/25\\\/carlos-vela-sigue-en-la-mira-de-lafc-thorrington\\\/\",\"name\":\"\u201cCARLOS VELA SIGUE EN LA MIRA DE LAFC\u201d: THORRINGTON - Kuali\",\"isPartOf\":{\"@id\":\"https:\\\/\\\/kuali.com.mx\\\/web\\\/#website\"},\"primaryImageOfPage\":{\"@id\":\"https:\\\/\\\/kuali.com.mx\\\/web\\\/2024\\\/01\\\/25\\\/carlos-vela-sigue-en-la-mira-de-lafc-thorrington\\\/#primaryimage\"},\"image\":{\"@id\":\"https:\\\/\\\/kuali.com.mx\\\/web\\\/2024\\\/01\\\/25\\\/carlos-vela-sigue-en-la-mira-de-lafc-thorrington\\\/#primaryimage\"},\"thumbnailUrl\":\"https:\\\/\\\/kuali.com.mx\\\/web\\\/wp-content\\\/uploads\\\/2024\\\/01\\\/carlos-vela.jpg\",\"datePublished\":\"2024-01-25T18:00:22+00:00\",\"dateModified\":\"2024-01-27T22:53:08+00:00\",\"author\":{\"@id\":\"https:\\\/\\\/kuali.com.mx\\\/web\\\/#\\\/schema\\\/person\\\/6f89ffa8ecba9dae50662357923c5289\"},\"breadcrumb\":{\"@id\":\"https:\\\/\\\/kuali.com.mx\\\/web\\\/2024\\\/01\\\/25\\\/carlos-vela-sigue-en-la-mira-de-lafc-thorrington\\\/#breadcrumb\"},\"inLanguage\":\"es\",\"potentialAction\":[{\"@type\":\"ReadAction\",\"target\":[\"https:\\\/\\\/kuali.com.mx\\\/web\\\/2024\\\/01\\\/25\\\/carlos-vela-sigue-en-la-mira-de-lafc-thorrington\\\/\"]}]},{\"@type\":\"ImageObject\",\"inLanguage\":\"es\",\"@id\":\"https:\\\/\\\/kuali.com.mx\\\/web\\\/2024\\\/01\\\/25\\\/carlos-vela-sigue-en-la-mira-de-lafc-thorrington\\\/#primaryimage\",\"url\":\"https:\\\/\\\/kuali.com.mx\\\/web\\\/wp-content\\\/uploads\\\/2024\\\/01\\\/carlos-vela.jpg\",\"contentUrl\":\"https:\\\/\\\/kuali.com.mx\\\/web\\\/wp-content\\\/uploads\\\/2024\\\/01\\\/carlos-vela.jpg\",\"width\":1755,\"height\":750},{\"@type\":\"BreadcrumbList\",\"@id\":\"https:\\\/\\\/kuali.com.mx\\\/web\\\/2024\\\/01\\\/25\\\/carlos-vela-sigue-en-la-mira-de-lafc-thorrington\\\/#breadcrumb\",\"itemListElement\":[{\"@type\":\"ListItem\",\"position\":1,\"name\":\"Inicio\",\"item\":\"https:\\\/\\\/kuali.com.mx\\\/web\\\/\"},{\"@type\":\"ListItem\",\"position\":2,\"name\":\"\u201cCARLOS VELA SIGUE EN LA MIRA DE LAFC\u201d: THORRINGTON\"}]},{\"@type\":\"WebSite\",\"@id\":\"https:\\\/\\\/kuali.com.mx\\\/web\\\/#website\",\"url\":\"https:\\\/\\\/kuali.com.mx\\\/web\\\/\",\"name\":\"Kuali\",\"description\":\"\",\"potentialAction\":[{\"@type\":\"SearchAction\",\"target\":{\"@type\":\"EntryPoint\",\"urlTemplate\":\"https:\\\/\\\/kuali.com.mx\\\/web\\\/?s={search_term_string}\"},\"query-input\":{\"@type\":\"PropertyValueSpecification\",\"valueRequired\":true,\"valueName\":\"search_term_string\"}}],\"inLanguage\":\"es\"},{\"@type\":\"Person\",\"@id\":\"https:\\\/\\\/kuali.com.mx\\\/web\\\/#\\\/schema\\\/person\\\/6f89ffa8ecba9dae50662357923c5289\",\"name\":\"Kuali Staff\",\"image\":{\"@type\":\"ImageObject\",\"inLanguage\":\"es\",\"@id\":\"https:\\\/\\\/secure.gravatar.com\\\/avatar\\\/f917ad82e5ab71227a733c78b6e60715476f69ee6be59feee4eb5d9920c89e0f?s=96&d=mm&r=g\",\"url\":\"https:\\\/\\\/secure.gravatar.com\\\/avatar\\\/f917ad82e5ab71227a733c78b6e60715476f69ee6be59feee4eb5d9920c89e0f?s=96&d=mm&r=g\",\"contentUrl\":\"https:\\\/\\\/secure.gravatar.com\\\/avatar\\\/f917ad82e5ab71227a733c78b6e60715476f69ee6be59feee4eb5d9920c89e0f?s=96&d=mm&r=g\",\"caption\":\"Kuali Staff\"},\"url\":\"https:\\\/\\\/kuali.com.mx\\\/web\\\/author\\\/lagarto\\\/\"}]}<\/script>\n<!-- \/ Yoast SEO plugin. -->","yoast_head_json":{"title":"\u201cCARLOS VELA SIGUE EN LA MIRA DE LAFC\u201d: THORRINGTON - Kuali","robots":{"index":"index","follow":"follow","max-snippet":"max-snippet:-1","max-image-preview":"max-image-preview:large","max-video-preview":"max-video-preview:-1"},"canonical":"https:\/\/kuali.com.mx\/web\/2024\/01\/25\/carlos-vela-sigue-en-la-mira-de-lafc-thorrington\/","og_locale":"es_MX","og_type":"article","og_title":"\u201cCARLOS VELA SIGUE EN LA MIRA DE LAFC\u201d: THORRINGTON - Kuali","og_description":"MariLuz Medina\/Los Angeles,CA,- El gerente general de Los Angeles Football Club, John Thorrington, compareci\u00f3 ante la prensa por primera vez en este 2024, dejando en claro que la renovaci\u00f3n de Carlos Vela, sigue en proceso, pues ahora el jugador es agente libre y las negociaciones continuan. Si bien, el contrato de Carlos Vela, se venci\u00f3 [&hellip;]","og_url":"https:\/\/kuali.com.mx\/web\/2024\/01\/25\/carlos-vela-sigue-en-la-mira-de-lafc-thorrington\/","og_site_name":"Kuali","article_publisher":"https:\/\/kuali.com.mx\/web\/wp-content\/uploads\/2018\/04\/cropped-kuali_logo-1-1.png","article_published_time":"2024-01-25T18:00:22+00:00","article_modified_time":"2024-01-27T22:53:08+00:00","og_image":[{"width":1755,"height":750,"url":"https:\/\/kuali.com.mx\/web\/wp-content\/uploads\/2024\/01\/carlos-vela.jpg","type":"image\/jpeg"}],"author":"Kuali Staff","twitter_card":"summary_large_image","twitter_creator":"@kuali_noticias","twitter_site":"@kuali_noticias","twitter_misc":{"Escrito por":"Kuali Staff","Tiempo de lectura":"2 minutos"},"schema":{"@context":"https:\/\/schema.org","@graph":[{"@type":"Article","@id":"https:\/\/kuali.com.mx\/web\/2024\/01\/25\/carlos-vela-sigue-en-la-mira-de-lafc-thorrington\/#article","isPartOf":{"@id":"https:\/\/kuali.com.mx\/web\/2024\/01\/25\/carlos-vela-sigue-en-la-mira-de-lafc-thorrington\/"},"author":{"name":"Kuali Staff","@id":"https:\/\/kuali.com.mx\/web\/#\/schema\/person\/6f89ffa8ecba9dae50662357923c5289"},"headline":"\u201cCARLOS VELA SIGUE EN LA MIRA DE LAFC\u201d: THORRINGTON","datePublished":"2024-01-25T18:00:22+00:00","dateModified":"2024-01-27T22:53:08+00:00","mainEntityOfPage":{"@id":"https:\/\/kuali.com.mx\/web\/2024\/01\/25\/carlos-vela-sigue-en-la-mira-de-lafc-thorrington\/"},"wordCount":318,"commentCount":0,"image":{"@id":"https:\/\/kuali.com.mx\/web\/2024\/01\/25\/carlos-vela-sigue-en-la-mira-de-lafc-thorrington\/#primaryimage"},"thumbnailUrl":"https:\/\/kuali.com.mx\/web\/wp-content\/uploads\/2024\/01\/carlos-vela.jpg","articleSection":["Deportes"],"inLanguage":"es","potentialAction":[{"@type":"CommentAction","name":"Comment","target":["https:\/\/kuali.com.mx\/web\/2024\/01\/25\/carlos-vela-sigue-en-la-mira-de-lafc-thorrington\/#respond"]}]},{"@type":"WebPage","@id":"https:\/\/kuali.com.mx\/web\/2024\/01\/25\/carlos-vela-sigue-en-la-mira-de-lafc-thorrington\/","url":"https:\/\/kuali.com.mx\/web\/2024\/01\/25\/carlos-vela-sigue-en-la-mira-de-lafc-thorrington\/","name":"\u201cCARLOS VELA SIGUE EN LA MIRA DE LAFC\u201d: THORRINGTON - Kuali","isPartOf":{"@id":"https:\/\/kuali.com.mx\/web\/#website"},"primaryImageOfPage":{"@id":"https:\/\/kuali.com.mx\/web\/2024\/01\/25\/carlos-vela-sigue-en-la-mira-de-lafc-thorrington\/#primaryimage"},"image":{"@id":"https:\/\/kuali.com.mx\/web\/2024\/01\/25\/carlos-vela-sigue-en-la-mira-de-lafc-thorrington\/#primaryimage"},"thumbnailUrl":"https:\/\/kuali.com.mx\/web\/wp-content\/uploads\/2024\/01\/carlos-vela.jpg","datePublished":"2024-01-25T18:00:22+00:00","dateModified":"2024-01-27T22:53:08+00:00","author":{"@id":"https:\/\/kuali.com.mx\/web\/#\/schema\/person\/6f89ffa8ecba9dae50662357923c5289"},"breadcrumb":{"@id":"https:\/\/kuali.com.mx\/web\/2024\/01\/25\/carlos-vela-sigue-en-la-mira-de-lafc-thorrington\/#breadcrumb"},"inLanguage":"es","potentialAction":[{"@type":"ReadAction","target":["https:\/\/kuali.com.mx\/web\/2024\/01\/25\/carlos-vela-sigue-en-la-mira-de-lafc-thorrington\/"]}]},{"@type":"ImageObject","inLanguage":"es","@id":"https:\/\/kuali.com.mx\/web\/2024\/01\/25\/carlos-vela-sigue-en-la-mira-de-lafc-thorrington\/#primaryimage","url":"https:\/\/kuali.com.mx\/web\/wp-content\/uploads\/2024\/01\/carlos-vela.jpg","contentUrl":"https:\/\/kuali.com.mx\/web\/wp-content\/uploads\/2024\/01\/carlos-vela.jpg","width":1755,"height":750},{"@type":"BreadcrumbList","@id":"https:\/\/kuali.com.mx\/web\/2024\/01\/25\/carlos-vela-sigue-en-la-mira-de-lafc-thorrington\/#breadcrumb","itemListElement":[{"@type":"ListItem","position":1,"name":"Inicio","item":"https:\/\/kuali.com.mx\/web\/"},{"@type":"ListItem","position":2,"name":"\u201cCARLOS VELA SIGUE EN LA MIRA DE LAFC\u201d: THORRINGTON"}]},{"@type":"WebSite","@id":"https:\/\/kuali.com.mx\/web\/#website","url":"https:\/\/kuali.com.mx\/web\/","name":"Kuali","description":"","potentialAction":[{"@type":"SearchAction","target":{"@type":"EntryPoint","urlTemplate":"https:\/\/kuali.com.mx\/web\/?s={search_term_string}"},"query-input":{"@type":"PropertyValueSpecification","valueRequired":true,"valueName":"search_term_string"}}],"inLanguage":"es"},{"@type":"Person","@id":"https:\/\/kuali.com.mx\/web\/#\/schema\/person\/6f89ffa8ecba9dae50662357923c5289","name":"Kuali Staff","image":{"@type":"ImageObject","inLanguage":"es","@id":"https:\/\/secure.gravatar.com\/avatar\/f917ad82e5ab71227a733c78b6e60715476f69ee6be59feee4eb5d9920c89e0f?s=96&d=mm&r=g","url":"https:\/\/secure.gravatar.com\/avatar\/f917ad82e5ab71227a733c78b6e60715476f69ee6be59feee4eb5d9920c89e0f?s=96&d=mm&r=g","contentUrl":"https:\/\/secure.gravatar.com\/avatar\/f917ad82e5ab71227a733c78b6e60715476f69ee6be59feee4eb5d9920c89e0f?s=96&d=mm&r=g","caption":"Kuali Staff"},"url":"https:\/\/kuali.com.mx\/web\/author\/lagarto\/"}]}},"_links":{"self":[{"href":"https:\/\/kuali.com.mx\/web\/wp-json\/wp\/v2\/posts\/134886","targetHints":{"allow":["GET"]}}],"collection":[{"href":"https:\/\/kuali.com.mx\/web\/wp-json\/wp\/v2\/posts"}],"about":[{"href":"https:\/\/kuali.com.mx\/web\/wp-json\/wp\/v2\/types\/post"}],"author":[{"embeddable":true,"href":"https:\/\/kuali.com.mx\/web\/wp-json\/wp\/v2\/users\/2"}],"replies":[{"embeddable":true,"href":"https:\/\/kuali.com.mx\/web\/wp-json\/wp\/v2\/comments?post=134886"}],"version-history":[{"count":3,"href":"https:\/\/kuali.com.mx\/web\/wp-json\/wp\/v2\/posts\/134886\/revisions"}],"predecessor-version":[{"id":134995,"href":"https:\/\/kuali.com.mx\/web\/wp-json\/wp\/v2\/posts\/134886\/revisions\/134995"}],"wp:featuredmedia":[{"embeddable":true,"href":"https:\/\/kuali.com.mx\/web\/wp-json\/wp\/v2\/media\/134888"}],"wp:attachment":[{"href":"https:\/\/kuali.com.mx\/web\/wp-json\/wp\/v2\/media?parent=134886"}],"wp:term":[{"taxonomy":"category","embeddable":true,"href":"https:\/\/kuali.com.mx\/web\/wp-json\/wp\/v2\/categories?post=134886"},{"taxonomy":"post_tag","embeddable":true,"href":"https:\/\/kuali.com.mx\/web\/wp-json\/wp\/v2\/tags?post=134886"}],"curies":[{"name":"wp","href":"https:\/\/api.w.org\/{rel}","templated":true}]}}