{"id":134662,"date":"2024-01-22T12:48:59","date_gmt":"2024-01-22T18:48:59","guid":{"rendered":"https:\/\/kuali.com.mx\/web\/?p=134662"},"modified":"2024-01-22T22:31:44","modified_gmt":"2024-01-23T04:31:44","slug":"fenal-abre-convocatoria-para-artistas-leoneses","status":"publish","type":"post","link":"https:\/\/kuali.com.mx\/web\/2024\/01\/22\/fenal-abre-convocatoria-para-artistas-leoneses\/","title":{"rendered":"FENAL ABRE CONVOCATORIA PARA ARTISTAS LEONESES"},"content":{"rendered":"\n<p><strong>Kuali\/Le\u00f3n, Gto.- <\/strong>Ya est\u00e1 abierta la convocatoria para que la comunidad art\u00edstica se postule para presentar su trabajo en la edici\u00f3n 35 de la Feria Nacional del Libro de Le\u00f3n (Fenal), que se realizar\u00e1 del 17 al 26 de mayo.<\/p>\n\n\n\n<p>El Instituto Cultural de Le\u00f3n (ICL) invita a artistas, colectivos, compa\u00f1\u00edas o grupos esc\u00e9nicos profesionales leoneses a enviar propuestas de montajes esc\u00e9nicos estrenados previo al cierre de la convocatoria, considerando aquellos que promuevan la cultura de la paz y la no violencia, cuidado del medio ambiente y cambio clim\u00e1tico, derecho a la igualdad y no discriminaci\u00f3n.<\/p>\n\n\n\n<p>Cada proyecto deber\u00e1 registrarse en el siguiente enlace: bit.ly\/FormatoArtisticoFenal35, donde se deber\u00e1 compartir informaci\u00f3n del montaje, compa\u00f1\u00eda o artistas, ficha t\u00e9cnica y documentaci\u00f3n legal; teniendo como fecha l\u00edmite el lunes 12 de febrero a las 15:00 horas.<\/p>\n\n\n\n<p>La selecci\u00f3n se llevar\u00e1 a cabo a trav\u00e9s de dos etapas. La t\u00e9cnica, a cargo del comit\u00e9 organizador, en la que se descartar\u00e1n los proyectos que no cumplan con las bases y\/o que no sean viables, t\u00e9cnica, log\u00edstica o financieramente; y la art\u00edstica, a cargo de un comit\u00e9 de selecci\u00f3n, que integrar\u00e1 una presentaci\u00f3n virtual de las propuestas por parte de representantes o directores de las compa\u00f1\u00edas postuladas. Los resultados ser\u00e1n publicados el primero de marzo en las redes sociales del ICL y la Fenal.<\/p>\n\n\n\n<p>Se realizar\u00e1 un pago \u00fanico a los proyectos seleccionados que se ajustar\u00e1 al presupuesto asignado por la Fenal para dicho fin; el comit\u00e9 organizador agendar\u00e1 fecha, horario y espacio de presentaci\u00f3n, con la posibilidad de programar m\u00e1s de una presentaci\u00f3n en caso de considerarse pertinente.<\/p>\n\n\n\n<p>Las bases de participaci\u00f3n pueden consultarse en bit.ly\/ConvoArtisticaFenal35 y, para mayor informaci\u00f3n, se pueden contactar con Gisela Rojas Ponce al correo gisela.rojas@culturaleon.com.<\/p>\n","protected":false},"excerpt":{"rendered":"Kuali\/Le\u00f3n, Gto.- Ya est\u00e1 abierta la convocatoria para que la comunidad art\u00edstica se postule para presentar su trabajo en la edici\u00f3n 35 de la Feria Nacional del Libro de Le\u00f3n (Fenal), que se realizar\u00e1 del 17 al 26 de mayo. El Instituto Cultural de Le\u00f3n (ICL) invita a artistas, colectivos, compa\u00f1\u00edas o grupos esc\u00e9nicos profesionales [&hellip;]","protected":false},"author":2,"featured_media":134665,"comment_status":"open","ping_status":"open","sticky":false,"template":"","format":"standard","meta":{"_seopress_robots_primary_cat":"none","_seopress_titles_title":"","_seopress_titles_desc":"","_seopress_robots_index":"","_monsterinsights_skip_tracking":false,"_monsterinsights_sitenote_active":false,"_monsterinsights_sitenote_note":"","_monsterinsights_sitenote_category":0,"footnotes":""},"categories":[8],"tags":[127,741,162,164,689,10],"class_list":["post-134662","post","type-post","status-publish","format-standard","has-post-thumbnail","hentry","category-espectaculos","tag-arte-y-cultura","tag-artistas","tag-convocatorias","tag-fenal","tag-feria-de-libro","tag-leon"],"yoast_head":"<!-- This site is optimized with the Yoast SEO plugin v27.4 - https:\/\/yoast.com\/product\/yoast-seo-wordpress\/ -->\n<title>FENAL ABRE CONVOCATORIA PARA ARTISTAS LEONESES - Kuali<\/title>\n<meta name=\"robots\" content=\"index, follow, max-snippet:-1, max-image-preview:large, max-video-preview:-1\" \/>\n<link rel=\"canonical\" href=\"https:\/\/kuali.com.mx\/web\/2024\/01\/22\/fenal-abre-convocatoria-para-artistas-leoneses\/\" \/>\n<meta property=\"og:locale\" content=\"es_MX\" \/>\n<meta property=\"og:type\" content=\"article\" \/>\n<meta property=\"og:title\" content=\"FENAL ABRE CONVOCATORIA PARA ARTISTAS LEONESES - Kuali\" \/>\n<meta property=\"og:description\" content=\"Kuali\/Le\u00f3n, Gto.- Ya est\u00e1 abierta la convocatoria para que la comunidad art\u00edstica se postule para presentar su trabajo en la edici\u00f3n 35 de la Feria Nacional del Libro de Le\u00f3n (Fenal), que se realizar\u00e1 del 17 al 26 de mayo. El Instituto Cultural de Le\u00f3n (ICL) invita a artistas, colectivos, compa\u00f1\u00edas o grupos esc\u00e9nicos profesionales [&hellip;]\" \/>\n<meta property=\"og:url\" content=\"https:\/\/kuali.com.mx\/web\/2024\/01\/22\/fenal-abre-convocatoria-para-artistas-leoneses\/\" \/>\n<meta property=\"og:site_name\" content=\"Kuali\" \/>\n<meta property=\"article:publisher\" content=\"https:\/\/kuali.com.mx\/web\/wp-content\/uploads\/2018\/04\/cropped-kuali_logo-1-1.png\" \/>\n<meta property=\"article:published_time\" content=\"2024-01-22T18:48:59+00:00\" \/>\n<meta property=\"article:modified_time\" content=\"2024-01-23T04:31:44+00:00\" \/>\n<meta property=\"og:image\" content=\"https:\/\/kuali.com.mx\/web\/wp-content\/uploads\/2024\/01\/Fenal-35-convocatoria.gif\" \/>\n\t<meta property=\"og:image:width\" content=\"1700\" \/>\n\t<meta property=\"og:image:height\" content=\"750\" \/>\n\t<meta property=\"og:image:type\" content=\"image\/gif\" \/>\n<meta name=\"author\" content=\"Kuali Staff\" \/>\n<meta name=\"twitter:card\" content=\"summary_large_image\" \/>\n<meta name=\"twitter:creator\" content=\"@kuali_noticias\" \/>\n<meta name=\"twitter:site\" content=\"@kuali_noticias\" \/>\n<meta name=\"twitter:label1\" content=\"Escrito por\" \/>\n\t<meta name=\"twitter:data1\" content=\"Kuali Staff\" \/>\n\t<meta name=\"twitter:label2\" content=\"Tiempo de lectura\" \/>\n\t<meta name=\"twitter:data2\" content=\"2 minutos\" \/>\n<script type=\"application\/ld+json\" class=\"yoast-schema-graph\">{\"@context\":\"https:\\\/\\\/schema.org\",\"@graph\":[{\"@type\":\"Article\",\"@id\":\"https:\\\/\\\/kuali.com.mx\\\/web\\\/2024\\\/01\\\/22\\\/fenal-abre-convocatoria-para-artistas-leoneses\\\/#article\",\"isPartOf\":{\"@id\":\"https:\\\/\\\/kuali.com.mx\\\/web\\\/2024\\\/01\\\/22\\\/fenal-abre-convocatoria-para-artistas-leoneses\\\/\"},\"author\":{\"name\":\"Kuali Staff\",\"@id\":\"https:\\\/\\\/kuali.com.mx\\\/web\\\/#\\\/schema\\\/person\\\/6f89ffa8ecba9dae50662357923c5289\"},\"headline\":\"FENAL ABRE CONVOCATORIA PARA ARTISTAS LEONESES\",\"datePublished\":\"2024-01-22T18:48:59+00:00\",\"dateModified\":\"2024-01-23T04:31:44+00:00\",\"mainEntityOfPage\":{\"@id\":\"https:\\\/\\\/kuali.com.mx\\\/web\\\/2024\\\/01\\\/22\\\/fenal-abre-convocatoria-para-artistas-leoneses\\\/\"},\"wordCount\":327,\"commentCount\":0,\"image\":{\"@id\":\"https:\\\/\\\/kuali.com.mx\\\/web\\\/2024\\\/01\\\/22\\\/fenal-abre-convocatoria-para-artistas-leoneses\\\/#primaryimage\"},\"thumbnailUrl\":\"https:\\\/\\\/kuali.com.mx\\\/web\\\/wp-content\\\/uploads\\\/2024\\\/01\\\/Fenal-35-convocatoria.gif\",\"keywords\":[\"Arte y cultura\",\"Artistas\",\"Convocatorias\",\"Fenal\",\"Feria de libro\",\"Le\u00f3n\"],\"articleSection\":[\"Cultura\"],\"inLanguage\":\"es\",\"potentialAction\":[{\"@type\":\"CommentAction\",\"name\":\"Comment\",\"target\":[\"https:\\\/\\\/kuali.com.mx\\\/web\\\/2024\\\/01\\\/22\\\/fenal-abre-convocatoria-para-artistas-leoneses\\\/#respond\"]}]},{\"@type\":\"WebPage\",\"@id\":\"https:\\\/\\\/kuali.com.mx\\\/web\\\/2024\\\/01\\\/22\\\/fenal-abre-convocatoria-para-artistas-leoneses\\\/\",\"url\":\"https:\\\/\\\/kuali.com.mx\\\/web\\\/2024\\\/01\\\/22\\\/fenal-abre-convocatoria-para-artistas-leoneses\\\/\",\"name\":\"FENAL ABRE CONVOCATORIA PARA ARTISTAS LEONESES - Kuali\",\"isPartOf\":{\"@id\":\"https:\\\/\\\/kuali.com.mx\\\/web\\\/#website\"},\"primaryImageOfPage\":{\"@id\":\"https:\\\/\\\/kuali.com.mx\\\/web\\\/2024\\\/01\\\/22\\\/fenal-abre-convocatoria-para-artistas-leoneses\\\/#primaryimage\"},\"image\":{\"@id\":\"https:\\\/\\\/kuali.com.mx\\\/web\\\/2024\\\/01\\\/22\\\/fenal-abre-convocatoria-para-artistas-leoneses\\\/#primaryimage\"},\"thumbnailUrl\":\"https:\\\/\\\/kuali.com.mx\\\/web\\\/wp-content\\\/uploads\\\/2024\\\/01\\\/Fenal-35-convocatoria.gif\",\"datePublished\":\"2024-01-22T18:48:59+00:00\",\"dateModified\":\"2024-01-23T04:31:44+00:00\",\"author\":{\"@id\":\"https:\\\/\\\/kuali.com.mx\\\/web\\\/#\\\/schema\\\/person\\\/6f89ffa8ecba9dae50662357923c5289\"},\"breadcrumb\":{\"@id\":\"https:\\\/\\\/kuali.com.mx\\\/web\\\/2024\\\/01\\\/22\\\/fenal-abre-convocatoria-para-artistas-leoneses\\\/#breadcrumb\"},\"inLanguage\":\"es\",\"potentialAction\":[{\"@type\":\"ReadAction\",\"target\":[\"https:\\\/\\\/kuali.com.mx\\\/web\\\/2024\\\/01\\\/22\\\/fenal-abre-convocatoria-para-artistas-leoneses\\\/\"]}]},{\"@type\":\"ImageObject\",\"inLanguage\":\"es\",\"@id\":\"https:\\\/\\\/kuali.com.mx\\\/web\\\/2024\\\/01\\\/22\\\/fenal-abre-convocatoria-para-artistas-leoneses\\\/#primaryimage\",\"url\":\"https:\\\/\\\/kuali.com.mx\\\/web\\\/wp-content\\\/uploads\\\/2024\\\/01\\\/Fenal-35-convocatoria.gif\",\"contentUrl\":\"https:\\\/\\\/kuali.com.mx\\\/web\\\/wp-content\\\/uploads\\\/2024\\\/01\\\/Fenal-35-convocatoria.gif\",\"width\":1700,\"height\":750},{\"@type\":\"BreadcrumbList\",\"@id\":\"https:\\\/\\\/kuali.com.mx\\\/web\\\/2024\\\/01\\\/22\\\/fenal-abre-convocatoria-para-artistas-leoneses\\\/#breadcrumb\",\"itemListElement\":[{\"@type\":\"ListItem\",\"position\":1,\"name\":\"Inicio\",\"item\":\"https:\\\/\\\/kuali.com.mx\\\/web\\\/\"},{\"@type\":\"ListItem\",\"position\":2,\"name\":\"FENAL ABRE CONVOCATORIA PARA ARTISTAS LEONESES\"}]},{\"@type\":\"WebSite\",\"@id\":\"https:\\\/\\\/kuali.com.mx\\\/web\\\/#website\",\"url\":\"https:\\\/\\\/kuali.com.mx\\\/web\\\/\",\"name\":\"Kuali\",\"description\":\"\",\"potentialAction\":[{\"@type\":\"SearchAction\",\"target\":{\"@type\":\"EntryPoint\",\"urlTemplate\":\"https:\\\/\\\/kuali.com.mx\\\/web\\\/?s={search_term_string}\"},\"query-input\":{\"@type\":\"PropertyValueSpecification\",\"valueRequired\":true,\"valueName\":\"search_term_string\"}}],\"inLanguage\":\"es\"},{\"@type\":\"Person\",\"@id\":\"https:\\\/\\\/kuali.com.mx\\\/web\\\/#\\\/schema\\\/person\\\/6f89ffa8ecba9dae50662357923c5289\",\"name\":\"Kuali Staff\",\"image\":{\"@type\":\"ImageObject\",\"inLanguage\":\"es\",\"@id\":\"https:\\\/\\\/secure.gravatar.com\\\/avatar\\\/f917ad82e5ab71227a733c78b6e60715476f69ee6be59feee4eb5d9920c89e0f?s=96&d=mm&r=g\",\"url\":\"https:\\\/\\\/secure.gravatar.com\\\/avatar\\\/f917ad82e5ab71227a733c78b6e60715476f69ee6be59feee4eb5d9920c89e0f?s=96&d=mm&r=g\",\"contentUrl\":\"https:\\\/\\\/secure.gravatar.com\\\/avatar\\\/f917ad82e5ab71227a733c78b6e60715476f69ee6be59feee4eb5d9920c89e0f?s=96&d=mm&r=g\",\"caption\":\"Kuali Staff\"},\"url\":\"https:\\\/\\\/kuali.com.mx\\\/web\\\/author\\\/lagarto\\\/\"}]}<\/script>\n<!-- \/ Yoast SEO plugin. -->","yoast_head_json":{"title":"FENAL ABRE CONVOCATORIA PARA ARTISTAS LEONESES - Kuali","robots":{"index":"index","follow":"follow","max-snippet":"max-snippet:-1","max-image-preview":"max-image-preview:large","max-video-preview":"max-video-preview:-1"},"canonical":"https:\/\/kuali.com.mx\/web\/2024\/01\/22\/fenal-abre-convocatoria-para-artistas-leoneses\/","og_locale":"es_MX","og_type":"article","og_title":"FENAL ABRE CONVOCATORIA PARA ARTISTAS LEONESES - Kuali","og_description":"Kuali\/Le\u00f3n, Gto.- Ya est\u00e1 abierta la convocatoria para que la comunidad art\u00edstica se postule para presentar su trabajo en la edici\u00f3n 35 de la Feria Nacional del Libro de Le\u00f3n (Fenal), que se realizar\u00e1 del 17 al 26 de mayo. El Instituto Cultural de Le\u00f3n (ICL) invita a artistas, colectivos, compa\u00f1\u00edas o grupos esc\u00e9nicos profesionales [&hellip;]","og_url":"https:\/\/kuali.com.mx\/web\/2024\/01\/22\/fenal-abre-convocatoria-para-artistas-leoneses\/","og_site_name":"Kuali","article_publisher":"https:\/\/kuali.com.mx\/web\/wp-content\/uploads\/2018\/04\/cropped-kuali_logo-1-1.png","article_published_time":"2024-01-22T18:48:59+00:00","article_modified_time":"2024-01-23T04:31:44+00:00","og_image":[{"width":1700,"height":750,"url":"https:\/\/kuali.com.mx\/web\/wp-content\/uploads\/2024\/01\/Fenal-35-convocatoria.gif","type":"image\/gif"}],"author":"Kuali Staff","twitter_card":"summary_large_image","twitter_creator":"@kuali_noticias","twitter_site":"@kuali_noticias","twitter_misc":{"Escrito por":"Kuali Staff","Tiempo de lectura":"2 minutos"},"schema":{"@context":"https:\/\/schema.org","@graph":[{"@type":"Article","@id":"https:\/\/kuali.com.mx\/web\/2024\/01\/22\/fenal-abre-convocatoria-para-artistas-leoneses\/#article","isPartOf":{"@id":"https:\/\/kuali.com.mx\/web\/2024\/01\/22\/fenal-abre-convocatoria-para-artistas-leoneses\/"},"author":{"name":"Kuali Staff","@id":"https:\/\/kuali.com.mx\/web\/#\/schema\/person\/6f89ffa8ecba9dae50662357923c5289"},"headline":"FENAL ABRE CONVOCATORIA PARA ARTISTAS LEONESES","datePublished":"2024-01-22T18:48:59+00:00","dateModified":"2024-01-23T04:31:44+00:00","mainEntityOfPage":{"@id":"https:\/\/kuali.com.mx\/web\/2024\/01\/22\/fenal-abre-convocatoria-para-artistas-leoneses\/"},"wordCount":327,"commentCount":0,"image":{"@id":"https:\/\/kuali.com.mx\/web\/2024\/01\/22\/fenal-abre-convocatoria-para-artistas-leoneses\/#primaryimage"},"thumbnailUrl":"https:\/\/kuali.com.mx\/web\/wp-content\/uploads\/2024\/01\/Fenal-35-convocatoria.gif","keywords":["Arte y cultura","Artistas","Convocatorias","Fenal","Feria de libro","Le\u00f3n"],"articleSection":["Cultura"],"inLanguage":"es","potentialAction":[{"@type":"CommentAction","name":"Comment","target":["https:\/\/kuali.com.mx\/web\/2024\/01\/22\/fenal-abre-convocatoria-para-artistas-leoneses\/#respond"]}]},{"@type":"WebPage","@id":"https:\/\/kuali.com.mx\/web\/2024\/01\/22\/fenal-abre-convocatoria-para-artistas-leoneses\/","url":"https:\/\/kuali.com.mx\/web\/2024\/01\/22\/fenal-abre-convocatoria-para-artistas-leoneses\/","name":"FENAL ABRE CONVOCATORIA PARA ARTISTAS LEONESES - Kuali","isPartOf":{"@id":"https:\/\/kuali.com.mx\/web\/#website"},"primaryImageOfPage":{"@id":"https:\/\/kuali.com.mx\/web\/2024\/01\/22\/fenal-abre-convocatoria-para-artistas-leoneses\/#primaryimage"},"image":{"@id":"https:\/\/kuali.com.mx\/web\/2024\/01\/22\/fenal-abre-convocatoria-para-artistas-leoneses\/#primaryimage"},"thumbnailUrl":"https:\/\/kuali.com.mx\/web\/wp-content\/uploads\/2024\/01\/Fenal-35-convocatoria.gif","datePublished":"2024-01-22T18:48:59+00:00","dateModified":"2024-01-23T04:31:44+00:00","author":{"@id":"https:\/\/kuali.com.mx\/web\/#\/schema\/person\/6f89ffa8ecba9dae50662357923c5289"},"breadcrumb":{"@id":"https:\/\/kuali.com.mx\/web\/2024\/01\/22\/fenal-abre-convocatoria-para-artistas-leoneses\/#breadcrumb"},"inLanguage":"es","potentialAction":[{"@type":"ReadAction","target":["https:\/\/kuali.com.mx\/web\/2024\/01\/22\/fenal-abre-convocatoria-para-artistas-leoneses\/"]}]},{"@type":"ImageObject","inLanguage":"es","@id":"https:\/\/kuali.com.mx\/web\/2024\/01\/22\/fenal-abre-convocatoria-para-artistas-leoneses\/#primaryimage","url":"https:\/\/kuali.com.mx\/web\/wp-content\/uploads\/2024\/01\/Fenal-35-convocatoria.gif","contentUrl":"https:\/\/kuali.com.mx\/web\/wp-content\/uploads\/2024\/01\/Fenal-35-convocatoria.gif","width":1700,"height":750},{"@type":"BreadcrumbList","@id":"https:\/\/kuali.com.mx\/web\/2024\/01\/22\/fenal-abre-convocatoria-para-artistas-leoneses\/#breadcrumb","itemListElement":[{"@type":"ListItem","position":1,"name":"Inicio","item":"https:\/\/kuali.com.mx\/web\/"},{"@type":"ListItem","position":2,"name":"FENAL ABRE CONVOCATORIA PARA ARTISTAS LEONESES"}]},{"@type":"WebSite","@id":"https:\/\/kuali.com.mx\/web\/#website","url":"https:\/\/kuali.com.mx\/web\/","name":"Kuali","description":"","potentialAction":[{"@type":"SearchAction","target":{"@type":"EntryPoint","urlTemplate":"https:\/\/kuali.com.mx\/web\/?s={search_term_string}"},"query-input":{"@type":"PropertyValueSpecification","valueRequired":true,"valueName":"search_term_string"}}],"inLanguage":"es"},{"@type":"Person","@id":"https:\/\/kuali.com.mx\/web\/#\/schema\/person\/6f89ffa8ecba9dae50662357923c5289","name":"Kuali Staff","image":{"@type":"ImageObject","inLanguage":"es","@id":"https:\/\/secure.gravatar.com\/avatar\/f917ad82e5ab71227a733c78b6e60715476f69ee6be59feee4eb5d9920c89e0f?s=96&d=mm&r=g","url":"https:\/\/secure.gravatar.com\/avatar\/f917ad82e5ab71227a733c78b6e60715476f69ee6be59feee4eb5d9920c89e0f?s=96&d=mm&r=g","contentUrl":"https:\/\/secure.gravatar.com\/avatar\/f917ad82e5ab71227a733c78b6e60715476f69ee6be59feee4eb5d9920c89e0f?s=96&d=mm&r=g","caption":"Kuali Staff"},"url":"https:\/\/kuali.com.mx\/web\/author\/lagarto\/"}]}},"_links":{"self":[{"href":"https:\/\/kuali.com.mx\/web\/wp-json\/wp\/v2\/posts\/134662","targetHints":{"allow":["GET"]}}],"collection":[{"href":"https:\/\/kuali.com.mx\/web\/wp-json\/wp\/v2\/posts"}],"about":[{"href":"https:\/\/kuali.com.mx\/web\/wp-json\/wp\/v2\/types\/post"}],"author":[{"embeddable":true,"href":"https:\/\/kuali.com.mx\/web\/wp-json\/wp\/v2\/users\/2"}],"replies":[{"embeddable":true,"href":"https:\/\/kuali.com.mx\/web\/wp-json\/wp\/v2\/comments?post=134662"}],"version-history":[{"count":1,"href":"https:\/\/kuali.com.mx\/web\/wp-json\/wp\/v2\/posts\/134662\/revisions"}],"predecessor-version":[{"id":134666,"href":"https:\/\/kuali.com.mx\/web\/wp-json\/wp\/v2\/posts\/134662\/revisions\/134666"}],"wp:featuredmedia":[{"embeddable":true,"href":"https:\/\/kuali.com.mx\/web\/wp-json\/wp\/v2\/media\/134665"}],"wp:attachment":[{"href":"https:\/\/kuali.com.mx\/web\/wp-json\/wp\/v2\/media?parent=134662"}],"wp:term":[{"taxonomy":"category","embeddable":true,"href":"https:\/\/kuali.com.mx\/web\/wp-json\/wp\/v2\/categories?post=134662"},{"taxonomy":"post_tag","embeddable":true,"href":"https:\/\/kuali.com.mx\/web\/wp-json\/wp\/v2\/tags?post=134662"}],"curies":[{"name":"wp","href":"https:\/\/api.w.org\/{rel}","templated":true}]}}