{"id":134442,"date":"2024-01-18T13:31:53","date_gmt":"2024-01-18T19:31:53","guid":{"rendered":"https:\/\/kuali.com.mx\/web\/?p=134442"},"modified":"2024-01-19T08:35:41","modified_gmt":"2024-01-19T14:35:41","slug":"javier-milei-en-davos-occidente-esta-en-peligro","status":"publish","type":"post","link":"https:\/\/kuali.com.mx\/web\/2024\/01\/18\/javier-milei-en-davos-occidente-esta-en-peligro\/","title":{"rendered":"JAVIER MILEI EN DAVOS: \u201cOCCIDENTE EST\u00c1 EN PELIGRO\u201d"},"content":{"rendered":"\n<p><em><strong>ENCUENTRO CON GOROSITO\u2026<\/strong><\/em><\/p>\n\n\n\n<p>Javier Milei, era uno de los oradores m\u00e1s esperados en el Foro Econ\u00f3mico Mundial&nbsp;&nbsp;que se realiza en la ciudad de Davos- Suiza. En su pieza de oratoria&nbsp;&nbsp;defendi\u00f3 el libre mercado y asegur\u00f3: \u201cOccidente est\u00e1 en peligro porque sus l\u00edderes fueron cooptados por una visi\u00f3n que conduce al socialismo y la pobreza\u201d.<\/p>\n\n\n\n<p>En una de las frases m\u00e1s fuertes de su discurso extern\u00f3: \u201cEl capitalismo de libre empresa es la \u00fanica herramienta que tenemos para terminar con el hambre, la pobreza y la indigencia a lo largo y a lo ancho de todo el planeta\u201d.<\/p>\n\n\n\n<p>D\u00edas antes de su viaje a Suiza, el mandatario argentino que enfrenta una oposici\u00f3n importante en los primeros d\u00edas de su administraci\u00f3n, ante cambios radicales presentados en la denominada&nbsp;&nbsp;\u201cLey \u00f3mnibus\u201d; hab\u00eda dicho que iba a Suiza&nbsp;&nbsp;a \u201cplantar las ideas de la libertad en un foro contaminado por el socialismo\u201d.<\/p>\n\n\n\n<p>Y en efecto, por ah\u00ed dirigi\u00f3 su discurso: \u201cHoy estoy aqu\u00ed para decirles que occidente est\u00e1 en peligro. Est\u00e1 en peligro porque aquellos que deben defender los valores de occidente se encuentran cooptados por una visi\u00f3n del mundo que&nbsp;&nbsp;inexorablemente conduce al socialismo, y en consecuencia, a la pobreza\u201d.<\/p>\n\n\n\n<p>Extern\u00f3 la experiencia de su pa\u00eds: \u201cEstamos ac\u00e1 para decirles que los experimentos colectivistas nunca solucionan los problemas que aquejan a los ciudadanos del mundo sino que, por el contrario, son sus causas. Nadie mejor que nosotros los argentinos para dar testimonio de estas dos cuestiones\u201d, afirm\u00f3.<\/p>\n\n\n\n<p>Est\u00e1 convencido que el capitalismo de libre empresa \u201cno es un sistema pol\u00edtico para terminar con la pobreza del mundo, sino que es el \u00fanico sistema moralmente deseable para lograrlo\u201d. Asegur\u00f3 que desde el a\u00f1o&nbsp;&nbsp;0 al 1800, \u201cel PBI del mundo se mantuvo pr\u00e1cticamente constante\u201d. Fue&nbsp;&nbsp;a partir de la Revoluci\u00f3n Industrial que seg\u00fan Milei, la econom\u00eda mundial comenz\u00f3 a crecer y permiti\u00f3 \u201csacar de la pobreza extrema al 95% de la humanidad\u201d.<\/p>\n\n\n\n<p>Reafirm\u00f3 el presidente argentino: \u201cLa conclusi\u00f3n es obvia: lejos de ser la causa de nuestros problemas, el capitalismo de libre empresa como sistema econ\u00f3mico es la \u00fanica herramienta que tenemos para terminar con el hambre y la indigencia a lo largo y ancho de todo el planeta. La evidencia emp\u00edrica es incuestionable\u201d.<\/p>\n\n\n\n<p>\u201cGracias al capitalismo de libre empresa, hoy el mundo se encuentra en su mejor momento. El mundo de hoy es m\u00e1s libre, m\u00e1s rico, m\u00e1s pac\u00edfico y m\u00e1s pr\u00f3spero que en ning\u00fan momento de nuestra historia. Aquellos pa\u00edses que son libres, son 12 veces m\u00e1s ricos que los reprimidos\u201d, sentenci\u00f3 Milei.<\/p>\n\n\n\n<p>\u201cEl mercado es un mecanismo de cooperaci\u00f3n social donde se intercambian voluntariamente derechos de propiedad. Hablar de fallos de mercado es un ox\u00edmoron.&nbsp;&nbsp;Si las transacciones son voluntarias, el \u00fanico contexto en el que puede haber un fallo es si hay coacci\u00f3n. Y el \u00fanico que puede coaccionar es el Estado, que tiene el monopolio de la violencia. Los fallos de mercado no existen\u201d, afirm\u00f3 el presidente argentino.<\/p>\n\n\n\n<p>A\u00f1adi\u00f3 que \u201ceste es el modelo que nosotros estamos proponiendo para la Argentina del futuro. Un modelo basado en los principios fundamentales del libertarismo: la defensa de la vida, de la libertad y de la propiedad\u201d.<\/p>\n\n\n\n<p>Una vez m\u00e1s se refiri\u00f3 a su pa\u00eds: \u201cEn Argentina solemos decir que nuestro pa\u00eds siempre va a contramano del mundo. Hoy nosotros estamos volviendo a abrazar, luego de cien a\u00f1os de penumbras, el modelo de la libertad. Espero que esta vez, Argentina y el mundo recorramos juntos el camino de la prosperidad\u201d.<\/p>\n\n\n\n<p>\u201cQue nadie les diga que su ambici\u00f3n es inmoral. El Estado no es la soluci\u00f3n, el Estado es el problema mismo, ustedes son los verdaderos protagonistas de esta historia y sepan que a partir de hoy cuentan con Argentina como un aliado incondicional\u201d.&nbsp;<\/p>\n\n\n\n<p>Termin\u00f3 su discurso que una frase que utilizaba en la campa\u00f1a y con la que culmin\u00f3 su discurso al asumir la presidencia de la Rep\u00fablica Argentina el 10 de diciembre del a\u00f1o pasado: \u201c\u00a1Viva la libertad, carajo!\u201d.<\/p>\n\n\n\n<p>&nbsp;&nbsp;&nbsp;&nbsp;&nbsp;&nbsp;&nbsp;&nbsp;&nbsp;\u00a1Hasta el pr\u00f3ximo encuentro\u2026!<\/p>\n\n\n\n<p>\u00a0\u00a0\u00a0\u00a0\u00a0\u00a0\u00a0\u00a0\u00a0\u00a0\u00a0\u00a0\u00a0\u00a0\u00a0\u00a0\u00a0\u00a0\u00a0\u00a0\u00a0\u00a0\u00a0\u00a0\u00a0\u00a0\u00a0\u00a0\u00a0\u00a0\u00a0\u00a0\u00a0\u00a0\u00a0\u00a0\u00a0\u00a0\u00a0\u00a0\u00a0\u00a0\u00a0\u00a0\u00a0\u00a0\u00a0\u00a0\u00a0\u00a0\u00a0\u00a0\u00a0\u00a0\u00a0\u00a0\u00a0<em><strong>\u00a0\u00a0Dr.(c).Washington Daniel Gorosito P\u00e9rez<\/strong><\/em><\/p>\n","protected":false},"excerpt":{"rendered":"ENCUENTRO CON GOROSITO\u2026 Javier Milei, era uno de los oradores m\u00e1s esperados en el Foro Econ\u00f3mico Mundial&nbsp;&nbsp;que se realiza en la ciudad de Davos- Suiza. En su pieza de oratoria&nbsp;&nbsp;defendi\u00f3 el libre mercado y asegur\u00f3: \u201cOccidente est\u00e1 en peligro porque sus l\u00edderes fueron cooptados por una visi\u00f3n que conduce al socialismo y la pobreza\u201d. En [&hellip;]","protected":false},"author":2,"featured_media":134444,"comment_status":"open","ping_status":"open","sticky":false,"template":"","format":"standard","meta":{"_seopress_robots_primary_cat":"none","_seopress_titles_title":"","_seopress_titles_desc":"","_seopress_robots_index":"","_monsterinsights_skip_tracking":false,"_monsterinsights_sitenote_active":false,"_monsterinsights_sitenote_note":"","_monsterinsights_sitenote_category":0,"footnotes":""},"categories":[3],"tags":[],"class_list":["post-134442","post","type-post","status-publish","format-standard","has-post-thumbnail","hentry","category-politica"],"yoast_head":"<!-- This site is optimized with the Yoast SEO plugin v27.5 - https:\/\/yoast.com\/product\/yoast-seo-wordpress\/ -->\n<title>JAVIER MILEI EN DAVOS: \u201cOCCIDENTE EST\u00c1 EN PELIGRO\u201d - Kuali<\/title>\n<meta name=\"robots\" content=\"index, follow, max-snippet:-1, max-image-preview:large, max-video-preview:-1\" \/>\n<link rel=\"canonical\" href=\"https:\/\/kuali.com.mx\/web\/2024\/01\/18\/javier-milei-en-davos-occidente-esta-en-peligro\/\" \/>\n<meta property=\"og:locale\" content=\"es_MX\" \/>\n<meta property=\"og:type\" content=\"article\" \/>\n<meta property=\"og:title\" content=\"JAVIER MILEI EN DAVOS: \u201cOCCIDENTE EST\u00c1 EN PELIGRO\u201d - Kuali\" \/>\n<meta property=\"og:description\" content=\"ENCUENTRO CON GOROSITO\u2026 Javier Milei, era uno de los oradores m\u00e1s esperados en el Foro Econ\u00f3mico Mundial&nbsp;&nbsp;que se realiza en la ciudad de Davos- Suiza. En su pieza de oratoria&nbsp;&nbsp;defendi\u00f3 el libre mercado y asegur\u00f3: \u201cOccidente est\u00e1 en peligro porque sus l\u00edderes fueron cooptados por una visi\u00f3n que conduce al socialismo y la pobreza\u201d. En [&hellip;]\" \/>\n<meta property=\"og:url\" content=\"https:\/\/kuali.com.mx\/web\/2024\/01\/18\/javier-milei-en-davos-occidente-esta-en-peligro\/\" \/>\n<meta property=\"og:site_name\" content=\"Kuali\" \/>\n<meta property=\"article:publisher\" content=\"https:\/\/kuali.com.mx\/web\/wp-content\/uploads\/2018\/04\/cropped-kuali_logo-1-1.png\" \/>\n<meta property=\"article:published_time\" content=\"2024-01-18T19:31:53+00:00\" \/>\n<meta property=\"article:modified_time\" content=\"2024-01-19T14:35:41+00:00\" \/>\n<meta property=\"og:image\" content=\"https:\/\/kuali.com.mx\/web\/wp-content\/uploads\/2024\/01\/milei-1.jpg\" \/>\n\t<meta property=\"og:image:width\" content=\"1910\" \/>\n\t<meta property=\"og:image:height\" content=\"750\" \/>\n\t<meta property=\"og:image:type\" content=\"image\/jpeg\" \/>\n<meta name=\"author\" content=\"Kuali Staff\" \/>\n<meta name=\"twitter:card\" content=\"summary_large_image\" \/>\n<meta name=\"twitter:creator\" content=\"@kuali_noticias\" \/>\n<meta name=\"twitter:site\" content=\"@kuali_noticias\" \/>\n<meta name=\"twitter:label1\" content=\"Escrito por\" \/>\n\t<meta name=\"twitter:data1\" content=\"Kuali Staff\" \/>\n\t<meta name=\"twitter:label2\" content=\"Tiempo de lectura\" \/>\n\t<meta name=\"twitter:data2\" content=\"4 minutos\" \/>\n<script type=\"application\/ld+json\" class=\"yoast-schema-graph\">{\"@context\":\"https:\\\/\\\/schema.org\",\"@graph\":[{\"@type\":\"Article\",\"@id\":\"https:\\\/\\\/kuali.com.mx\\\/web\\\/2024\\\/01\\\/18\\\/javier-milei-en-davos-occidente-esta-en-peligro\\\/#article\",\"isPartOf\":{\"@id\":\"https:\\\/\\\/kuali.com.mx\\\/web\\\/2024\\\/01\\\/18\\\/javier-milei-en-davos-occidente-esta-en-peligro\\\/\"},\"author\":{\"name\":\"Kuali Staff\",\"@id\":\"https:\\\/\\\/kuali.com.mx\\\/web\\\/#\\\/schema\\\/person\\\/6f89ffa8ecba9dae50662357923c5289\"},\"headline\":\"JAVIER MILEI EN DAVOS: \u201cOCCIDENTE EST\u00c1 EN PELIGRO\u201d\",\"datePublished\":\"2024-01-18T19:31:53+00:00\",\"dateModified\":\"2024-01-19T14:35:41+00:00\",\"mainEntityOfPage\":{\"@id\":\"https:\\\/\\\/kuali.com.mx\\\/web\\\/2024\\\/01\\\/18\\\/javier-milei-en-davos-occidente-esta-en-peligro\\\/\"},\"wordCount\":744,\"commentCount\":0,\"image\":{\"@id\":\"https:\\\/\\\/kuali.com.mx\\\/web\\\/2024\\\/01\\\/18\\\/javier-milei-en-davos-occidente-esta-en-peligro\\\/#primaryimage\"},\"thumbnailUrl\":\"https:\\\/\\\/kuali.com.mx\\\/web\\\/wp-content\\\/uploads\\\/2024\\\/01\\\/milei-1.jpg\",\"articleSection\":[\"Pol\u00edtica\"],\"inLanguage\":\"es\",\"potentialAction\":[{\"@type\":\"CommentAction\",\"name\":\"Comment\",\"target\":[\"https:\\\/\\\/kuali.com.mx\\\/web\\\/2024\\\/01\\\/18\\\/javier-milei-en-davos-occidente-esta-en-peligro\\\/#respond\"]}]},{\"@type\":\"WebPage\",\"@id\":\"https:\\\/\\\/kuali.com.mx\\\/web\\\/2024\\\/01\\\/18\\\/javier-milei-en-davos-occidente-esta-en-peligro\\\/\",\"url\":\"https:\\\/\\\/kuali.com.mx\\\/web\\\/2024\\\/01\\\/18\\\/javier-milei-en-davos-occidente-esta-en-peligro\\\/\",\"name\":\"JAVIER MILEI EN DAVOS: \u201cOCCIDENTE EST\u00c1 EN PELIGRO\u201d - Kuali\",\"isPartOf\":{\"@id\":\"https:\\\/\\\/kuali.com.mx\\\/web\\\/#website\"},\"primaryImageOfPage\":{\"@id\":\"https:\\\/\\\/kuali.com.mx\\\/web\\\/2024\\\/01\\\/18\\\/javier-milei-en-davos-occidente-esta-en-peligro\\\/#primaryimage\"},\"image\":{\"@id\":\"https:\\\/\\\/kuali.com.mx\\\/web\\\/2024\\\/01\\\/18\\\/javier-milei-en-davos-occidente-esta-en-peligro\\\/#primaryimage\"},\"thumbnailUrl\":\"https:\\\/\\\/kuali.com.mx\\\/web\\\/wp-content\\\/uploads\\\/2024\\\/01\\\/milei-1.jpg\",\"datePublished\":\"2024-01-18T19:31:53+00:00\",\"dateModified\":\"2024-01-19T14:35:41+00:00\",\"author\":{\"@id\":\"https:\\\/\\\/kuali.com.mx\\\/web\\\/#\\\/schema\\\/person\\\/6f89ffa8ecba9dae50662357923c5289\"},\"breadcrumb\":{\"@id\":\"https:\\\/\\\/kuali.com.mx\\\/web\\\/2024\\\/01\\\/18\\\/javier-milei-en-davos-occidente-esta-en-peligro\\\/#breadcrumb\"},\"inLanguage\":\"es\",\"potentialAction\":[{\"@type\":\"ReadAction\",\"target\":[\"https:\\\/\\\/kuali.com.mx\\\/web\\\/2024\\\/01\\\/18\\\/javier-milei-en-davos-occidente-esta-en-peligro\\\/\"]}]},{\"@type\":\"ImageObject\",\"inLanguage\":\"es\",\"@id\":\"https:\\\/\\\/kuali.com.mx\\\/web\\\/2024\\\/01\\\/18\\\/javier-milei-en-davos-occidente-esta-en-peligro\\\/#primaryimage\",\"url\":\"https:\\\/\\\/kuali.com.mx\\\/web\\\/wp-content\\\/uploads\\\/2024\\\/01\\\/milei-1.jpg\",\"contentUrl\":\"https:\\\/\\\/kuali.com.mx\\\/web\\\/wp-content\\\/uploads\\\/2024\\\/01\\\/milei-1.jpg\",\"width\":1910,\"height\":750},{\"@type\":\"BreadcrumbList\",\"@id\":\"https:\\\/\\\/kuali.com.mx\\\/web\\\/2024\\\/01\\\/18\\\/javier-milei-en-davos-occidente-esta-en-peligro\\\/#breadcrumb\",\"itemListElement\":[{\"@type\":\"ListItem\",\"position\":1,\"name\":\"Inicio\",\"item\":\"https:\\\/\\\/kuali.com.mx\\\/web\\\/\"},{\"@type\":\"ListItem\",\"position\":2,\"name\":\"JAVIER MILEI EN DAVOS: \u201cOCCIDENTE EST\u00c1 EN PELIGRO\u201d\"}]},{\"@type\":\"WebSite\",\"@id\":\"https:\\\/\\\/kuali.com.mx\\\/web\\\/#website\",\"url\":\"https:\\\/\\\/kuali.com.mx\\\/web\\\/\",\"name\":\"Kuali\",\"description\":\"\",\"potentialAction\":[{\"@type\":\"SearchAction\",\"target\":{\"@type\":\"EntryPoint\",\"urlTemplate\":\"https:\\\/\\\/kuali.com.mx\\\/web\\\/?s={search_term_string}\"},\"query-input\":{\"@type\":\"PropertyValueSpecification\",\"valueRequired\":true,\"valueName\":\"search_term_string\"}}],\"inLanguage\":\"es\"},{\"@type\":\"Person\",\"@id\":\"https:\\\/\\\/kuali.com.mx\\\/web\\\/#\\\/schema\\\/person\\\/6f89ffa8ecba9dae50662357923c5289\",\"name\":\"Kuali Staff\",\"image\":{\"@type\":\"ImageObject\",\"inLanguage\":\"es\",\"@id\":\"https:\\\/\\\/secure.gravatar.com\\\/avatar\\\/f917ad82e5ab71227a733c78b6e60715476f69ee6be59feee4eb5d9920c89e0f?s=96&d=mm&r=g\",\"url\":\"https:\\\/\\\/secure.gravatar.com\\\/avatar\\\/f917ad82e5ab71227a733c78b6e60715476f69ee6be59feee4eb5d9920c89e0f?s=96&d=mm&r=g\",\"contentUrl\":\"https:\\\/\\\/secure.gravatar.com\\\/avatar\\\/f917ad82e5ab71227a733c78b6e60715476f69ee6be59feee4eb5d9920c89e0f?s=96&d=mm&r=g\",\"caption\":\"Kuali Staff\"},\"url\":\"https:\\\/\\\/kuali.com.mx\\\/web\\\/author\\\/lagarto\\\/\"}]}<\/script>\n<!-- \/ Yoast SEO plugin. -->","yoast_head_json":{"title":"JAVIER MILEI EN DAVOS: \u201cOCCIDENTE EST\u00c1 EN PELIGRO\u201d - Kuali","robots":{"index":"index","follow":"follow","max-snippet":"max-snippet:-1","max-image-preview":"max-image-preview:large","max-video-preview":"max-video-preview:-1"},"canonical":"https:\/\/kuali.com.mx\/web\/2024\/01\/18\/javier-milei-en-davos-occidente-esta-en-peligro\/","og_locale":"es_MX","og_type":"article","og_title":"JAVIER MILEI EN DAVOS: \u201cOCCIDENTE EST\u00c1 EN PELIGRO\u201d - Kuali","og_description":"ENCUENTRO CON GOROSITO\u2026 Javier Milei, era uno de los oradores m\u00e1s esperados en el Foro Econ\u00f3mico Mundial&nbsp;&nbsp;que se realiza en la ciudad de Davos- Suiza. En su pieza de oratoria&nbsp;&nbsp;defendi\u00f3 el libre mercado y asegur\u00f3: \u201cOccidente est\u00e1 en peligro porque sus l\u00edderes fueron cooptados por una visi\u00f3n que conduce al socialismo y la pobreza\u201d. En [&hellip;]","og_url":"https:\/\/kuali.com.mx\/web\/2024\/01\/18\/javier-milei-en-davos-occidente-esta-en-peligro\/","og_site_name":"Kuali","article_publisher":"https:\/\/kuali.com.mx\/web\/wp-content\/uploads\/2018\/04\/cropped-kuali_logo-1-1.png","article_published_time":"2024-01-18T19:31:53+00:00","article_modified_time":"2024-01-19T14:35:41+00:00","og_image":[{"width":1910,"height":750,"url":"https:\/\/kuali.com.mx\/web\/wp-content\/uploads\/2024\/01\/milei-1.jpg","type":"image\/jpeg"}],"author":"Kuali Staff","twitter_card":"summary_large_image","twitter_creator":"@kuali_noticias","twitter_site":"@kuali_noticias","twitter_misc":{"Escrito por":"Kuali Staff","Tiempo de lectura":"4 minutos"},"schema":{"@context":"https:\/\/schema.org","@graph":[{"@type":"Article","@id":"https:\/\/kuali.com.mx\/web\/2024\/01\/18\/javier-milei-en-davos-occidente-esta-en-peligro\/#article","isPartOf":{"@id":"https:\/\/kuali.com.mx\/web\/2024\/01\/18\/javier-milei-en-davos-occidente-esta-en-peligro\/"},"author":{"name":"Kuali Staff","@id":"https:\/\/kuali.com.mx\/web\/#\/schema\/person\/6f89ffa8ecba9dae50662357923c5289"},"headline":"JAVIER MILEI EN DAVOS: \u201cOCCIDENTE EST\u00c1 EN PELIGRO\u201d","datePublished":"2024-01-18T19:31:53+00:00","dateModified":"2024-01-19T14:35:41+00:00","mainEntityOfPage":{"@id":"https:\/\/kuali.com.mx\/web\/2024\/01\/18\/javier-milei-en-davos-occidente-esta-en-peligro\/"},"wordCount":744,"commentCount":0,"image":{"@id":"https:\/\/kuali.com.mx\/web\/2024\/01\/18\/javier-milei-en-davos-occidente-esta-en-peligro\/#primaryimage"},"thumbnailUrl":"https:\/\/kuali.com.mx\/web\/wp-content\/uploads\/2024\/01\/milei-1.jpg","articleSection":["Pol\u00edtica"],"inLanguage":"es","potentialAction":[{"@type":"CommentAction","name":"Comment","target":["https:\/\/kuali.com.mx\/web\/2024\/01\/18\/javier-milei-en-davos-occidente-esta-en-peligro\/#respond"]}]},{"@type":"WebPage","@id":"https:\/\/kuali.com.mx\/web\/2024\/01\/18\/javier-milei-en-davos-occidente-esta-en-peligro\/","url":"https:\/\/kuali.com.mx\/web\/2024\/01\/18\/javier-milei-en-davos-occidente-esta-en-peligro\/","name":"JAVIER MILEI EN DAVOS: \u201cOCCIDENTE EST\u00c1 EN PELIGRO\u201d - Kuali","isPartOf":{"@id":"https:\/\/kuali.com.mx\/web\/#website"},"primaryImageOfPage":{"@id":"https:\/\/kuali.com.mx\/web\/2024\/01\/18\/javier-milei-en-davos-occidente-esta-en-peligro\/#primaryimage"},"image":{"@id":"https:\/\/kuali.com.mx\/web\/2024\/01\/18\/javier-milei-en-davos-occidente-esta-en-peligro\/#primaryimage"},"thumbnailUrl":"https:\/\/kuali.com.mx\/web\/wp-content\/uploads\/2024\/01\/milei-1.jpg","datePublished":"2024-01-18T19:31:53+00:00","dateModified":"2024-01-19T14:35:41+00:00","author":{"@id":"https:\/\/kuali.com.mx\/web\/#\/schema\/person\/6f89ffa8ecba9dae50662357923c5289"},"breadcrumb":{"@id":"https:\/\/kuali.com.mx\/web\/2024\/01\/18\/javier-milei-en-davos-occidente-esta-en-peligro\/#breadcrumb"},"inLanguage":"es","potentialAction":[{"@type":"ReadAction","target":["https:\/\/kuali.com.mx\/web\/2024\/01\/18\/javier-milei-en-davos-occidente-esta-en-peligro\/"]}]},{"@type":"ImageObject","inLanguage":"es","@id":"https:\/\/kuali.com.mx\/web\/2024\/01\/18\/javier-milei-en-davos-occidente-esta-en-peligro\/#primaryimage","url":"https:\/\/kuali.com.mx\/web\/wp-content\/uploads\/2024\/01\/milei-1.jpg","contentUrl":"https:\/\/kuali.com.mx\/web\/wp-content\/uploads\/2024\/01\/milei-1.jpg","width":1910,"height":750},{"@type":"BreadcrumbList","@id":"https:\/\/kuali.com.mx\/web\/2024\/01\/18\/javier-milei-en-davos-occidente-esta-en-peligro\/#breadcrumb","itemListElement":[{"@type":"ListItem","position":1,"name":"Inicio","item":"https:\/\/kuali.com.mx\/web\/"},{"@type":"ListItem","position":2,"name":"JAVIER MILEI EN DAVOS: \u201cOCCIDENTE EST\u00c1 EN PELIGRO\u201d"}]},{"@type":"WebSite","@id":"https:\/\/kuali.com.mx\/web\/#website","url":"https:\/\/kuali.com.mx\/web\/","name":"Kuali","description":"","potentialAction":[{"@type":"SearchAction","target":{"@type":"EntryPoint","urlTemplate":"https:\/\/kuali.com.mx\/web\/?s={search_term_string}"},"query-input":{"@type":"PropertyValueSpecification","valueRequired":true,"valueName":"search_term_string"}}],"inLanguage":"es"},{"@type":"Person","@id":"https:\/\/kuali.com.mx\/web\/#\/schema\/person\/6f89ffa8ecba9dae50662357923c5289","name":"Kuali Staff","image":{"@type":"ImageObject","inLanguage":"es","@id":"https:\/\/secure.gravatar.com\/avatar\/f917ad82e5ab71227a733c78b6e60715476f69ee6be59feee4eb5d9920c89e0f?s=96&d=mm&r=g","url":"https:\/\/secure.gravatar.com\/avatar\/f917ad82e5ab71227a733c78b6e60715476f69ee6be59feee4eb5d9920c89e0f?s=96&d=mm&r=g","contentUrl":"https:\/\/secure.gravatar.com\/avatar\/f917ad82e5ab71227a733c78b6e60715476f69ee6be59feee4eb5d9920c89e0f?s=96&d=mm&r=g","caption":"Kuali Staff"},"url":"https:\/\/kuali.com.mx\/web\/author\/lagarto\/"}]}},"_links":{"self":[{"href":"https:\/\/kuali.com.mx\/web\/wp-json\/wp\/v2\/posts\/134442","targetHints":{"allow":["GET"]}}],"collection":[{"href":"https:\/\/kuali.com.mx\/web\/wp-json\/wp\/v2\/posts"}],"about":[{"href":"https:\/\/kuali.com.mx\/web\/wp-json\/wp\/v2\/types\/post"}],"author":[{"embeddable":true,"href":"https:\/\/kuali.com.mx\/web\/wp-json\/wp\/v2\/users\/2"}],"replies":[{"embeddable":true,"href":"https:\/\/kuali.com.mx\/web\/wp-json\/wp\/v2\/comments?post=134442"}],"version-history":[{"count":2,"href":"https:\/\/kuali.com.mx\/web\/wp-json\/wp\/v2\/posts\/134442\/revisions"}],"predecessor-version":[{"id":134448,"href":"https:\/\/kuali.com.mx\/web\/wp-json\/wp\/v2\/posts\/134442\/revisions\/134448"}],"wp:featuredmedia":[{"embeddable":true,"href":"https:\/\/kuali.com.mx\/web\/wp-json\/wp\/v2\/media\/134444"}],"wp:attachment":[{"href":"https:\/\/kuali.com.mx\/web\/wp-json\/wp\/v2\/media?parent=134442"}],"wp:term":[{"taxonomy":"category","embeddable":true,"href":"https:\/\/kuali.com.mx\/web\/wp-json\/wp\/v2\/categories?post=134442"},{"taxonomy":"post_tag","embeddable":true,"href":"https:\/\/kuali.com.mx\/web\/wp-json\/wp\/v2\/tags?post=134442"}],"curies":[{"name":"wp","href":"https:\/\/api.w.org\/{rel}","templated":true}]}}