{"id":134410,"date":"2024-01-18T15:11:05","date_gmt":"2024-01-18T21:11:05","guid":{"rendered":"https:\/\/kuali.com.mx\/web\/?p=134410"},"modified":"2024-01-19T08:41:12","modified_gmt":"2024-01-19T14:41:12","slug":"construiran-centro-acuatico-con-3-albercas","status":"publish","type":"post","link":"https:\/\/kuali.com.mx\/web\/2024\/01\/18\/construiran-centro-acuatico-con-3-albercas\/","title":{"rendered":"CONSTRUIR\u00c1N CENTRO ACU\u00c1TICO CON 3 ALBERCAS"},"content":{"rendered":"\n<p><strong><em>Kuali\/Le\u00f3n, Gto.-<\/em><\/strong>En la Deportiva Enrique Fern\u00e1ndez Mart\u00ednez ser\u00e1 construido un centro acu\u00e1tico con una alberca semi ol\u00edmpica y dos recreativas. El gobierno de Le\u00f3n invertir\u00e1 m\u00e1s de 115 millones de pesos.<\/p>\n\n\n\n<p>Con la alberca semi ol\u00edmpica se busca que la ciudad sea sede de competencias internacionales.<\/p>\n\n\n\n<p>Alejandra Guti\u00e9rrez Campos, presidenta municipal, dijo que la inversi\u00f3n hist\u00f3rica superior a los 115 millones de pesos tiene el objetivo de convertir las unidades en parques deportivos para fomentar la sana convivencia entre las familias y la pr\u00e1ctica del ejercicio f\u00edsico.<\/p>\n\n\n\n<p>\u201cVamos a remodelar todas las palapas porque nuestras deportivas se van a convertir en parques deportivos, porque no solamente van a ser las canchas y los espacios deportivos, porque queremos espacios de convivencia, juegos de calidad para los ni\u00f1os (\u2026) queremos que tengan mejores instalaciones\u201d, recalc\u00f3 Guti\u00e9rrez Campos.<\/p>\n\n\n\n<p>Por ello, inform\u00f3 que se construir\u00e1n palapas en diferentes zonas para que las familias tengan la oportunidad de celebrar sus convivios y, adem\u00e1s, har\u00e1n convenios como f\u00e1bricas aleda\u00f1as para permitir el acceso a los trabajadores durante sus horarios de comida.<\/p>\n\n\n\n<p>\u201cCr\u00e9anme que estas instalaciones como hoy las conocemos, no van a ser las mismas a final de a\u00f1o y vamos a seguir haciendo que cada d\u00eda sean mejores (\u2026) Todo se va a ir transformando, es seguir construyendo el futuro pero hay que construirlo todos juntos\u201d, dijo.<\/p>\n\n\n\n<p>Al respecto, el director de Obra P\u00fablica, Israel Mart\u00ednez detall\u00f3 el proyecto de remodelaci\u00f3n que mejorar\u00e1 sustancialmente la infraestructura y el equipamiento.<\/p>\n\n\n\n<p>Explic\u00f3 que adem\u00e1s del centro acu\u00e1tico se incorporar\u00e1n nuevas palapas en las instalaciones y se construir\u00e1 un nuevo acceso y estacionamiento en la zona norte, adem\u00e1s de remodelar el acceso del bulevar Adolfo L\u00f3pez Mateos.<\/p>\n\n\n\n<p>Tambi\u00e9n se equipar\u00e1 con aparatos ejercitadores, juegos infantiles, techado de canchas, as\u00ed como el mejoramiento de alumbrado p\u00fablico en andadores y canchas.<\/p>\n\n\n\n<p>Dentro del proyecto general se contempla la reconstrucci\u00f3n de la pista de atletismo, que fue una obra ganadora que eligieron los habitantes de la delegaci\u00f3n del Carmen en el ejercicio de Presupuesto Participativo 2023.<\/p>\n\n\n\n<p>La remodelaci\u00f3n total tendr\u00e1 un costo 115 millones 350 mil pesos y se llevar\u00e1 de 9 a 10 meses en su ejecuci\u00f3n.<\/p>\n","protected":false},"excerpt":{"rendered":"Kuali\/Le\u00f3n, Gto.-En la Deportiva Enrique Fern\u00e1ndez Mart\u00ednez ser\u00e1 construido un centro acu\u00e1tico con una alberca semi ol\u00edmpica y dos recreativas. El gobierno de Le\u00f3n invertir\u00e1 m\u00e1s de 115 millones de pesos. Con la alberca semi ol\u00edmpica se busca que la ciudad sea sede de competencias internacionales. Alejandra Guti\u00e9rrez Campos, presidenta municipal, dijo que la inversi\u00f3n [&hellip;]","protected":false},"author":2,"featured_media":134413,"comment_status":"open","ping_status":"open","sticky":false,"template":"","format":"standard","meta":{"_seopress_robots_primary_cat":"none","_seopress_titles_title":"","_seopress_titles_desc":"","_seopress_robots_index":"","_monsterinsights_skip_tracking":false,"_monsterinsights_sitenote_active":false,"_monsterinsights_sitenote_note":"","_monsterinsights_sitenote_category":0,"footnotes":""},"categories":[16],"tags":[],"class_list":["post-134410","post","type-post","status-publish","format-standard","has-post-thumbnail","hentry","category-deportes"],"yoast_head":"<!-- This site is optimized with the Yoast SEO plugin v27.5 - https:\/\/yoast.com\/product\/yoast-seo-wordpress\/ -->\n<title>CONSTRUIR\u00c1N CENTRO ACU\u00c1TICO CON 3 ALBERCAS - Kuali<\/title>\n<meta name=\"robots\" content=\"index, follow, max-snippet:-1, max-image-preview:large, max-video-preview:-1\" \/>\n<link rel=\"canonical\" href=\"https:\/\/kuali.com.mx\/web\/2024\/01\/18\/construiran-centro-acuatico-con-3-albercas\/\" \/>\n<meta property=\"og:locale\" content=\"es_MX\" \/>\n<meta property=\"og:type\" content=\"article\" \/>\n<meta property=\"og:title\" content=\"CONSTRUIR\u00c1N CENTRO ACU\u00c1TICO CON 3 ALBERCAS - Kuali\" \/>\n<meta property=\"og:description\" content=\"Kuali\/Le\u00f3n, Gto.-En la Deportiva Enrique Fern\u00e1ndez Mart\u00ednez ser\u00e1 construido un centro acu\u00e1tico con una alberca semi ol\u00edmpica y dos recreativas. El gobierno de Le\u00f3n invertir\u00e1 m\u00e1s de 115 millones de pesos. Con la alberca semi ol\u00edmpica se busca que la ciudad sea sede de competencias internacionales. Alejandra Guti\u00e9rrez Campos, presidenta municipal, dijo que la inversi\u00f3n [&hellip;]\" \/>\n<meta property=\"og:url\" content=\"https:\/\/kuali.com.mx\/web\/2024\/01\/18\/construiran-centro-acuatico-con-3-albercas\/\" \/>\n<meta property=\"og:site_name\" content=\"Kuali\" \/>\n<meta property=\"article:publisher\" content=\"https:\/\/kuali.com.mx\/web\/wp-content\/uploads\/2018\/04\/cropped-kuali_logo-1-1.png\" \/>\n<meta property=\"article:published_time\" content=\"2024-01-18T21:11:05+00:00\" \/>\n<meta property=\"article:modified_time\" content=\"2024-01-19T14:41:12+00:00\" \/>\n<meta property=\"og:image\" content=\"https:\/\/kuali.com.mx\/web\/wp-content\/uploads\/2024\/01\/alberca.jpg\" \/>\n\t<meta property=\"og:image:width\" content=\"600\" \/>\n\t<meta property=\"og:image:height\" content=\"337\" \/>\n\t<meta property=\"og:image:type\" content=\"image\/jpeg\" \/>\n<meta name=\"author\" content=\"Kuali Staff\" \/>\n<meta name=\"twitter:card\" content=\"summary_large_image\" \/>\n<meta name=\"twitter:creator\" content=\"@kuali_noticias\" \/>\n<meta name=\"twitter:site\" content=\"@kuali_noticias\" \/>\n<meta name=\"twitter:label1\" content=\"Escrito por\" \/>\n\t<meta name=\"twitter:data1\" content=\"Kuali Staff\" \/>\n\t<meta name=\"twitter:label2\" content=\"Tiempo de lectura\" \/>\n\t<meta name=\"twitter:data2\" content=\"2 minutos\" \/>\n<script type=\"application\/ld+json\" class=\"yoast-schema-graph\">{\"@context\":\"https:\\\/\\\/schema.org\",\"@graph\":[{\"@type\":\"Article\",\"@id\":\"https:\\\/\\\/kuali.com.mx\\\/web\\\/2024\\\/01\\\/18\\\/construiran-centro-acuatico-con-3-albercas\\\/#article\",\"isPartOf\":{\"@id\":\"https:\\\/\\\/kuali.com.mx\\\/web\\\/2024\\\/01\\\/18\\\/construiran-centro-acuatico-con-3-albercas\\\/\"},\"author\":{\"name\":\"Kuali Staff\",\"@id\":\"https:\\\/\\\/kuali.com.mx\\\/web\\\/#\\\/schema\\\/person\\\/6f89ffa8ecba9dae50662357923c5289\"},\"headline\":\"CONSTRUIR\u00c1N CENTRO ACU\u00c1TICO CON 3 ALBERCAS\",\"datePublished\":\"2024-01-18T21:11:05+00:00\",\"dateModified\":\"2024-01-19T14:41:12+00:00\",\"mainEntityOfPage\":{\"@id\":\"https:\\\/\\\/kuali.com.mx\\\/web\\\/2024\\\/01\\\/18\\\/construiran-centro-acuatico-con-3-albercas\\\/\"},\"wordCount\":395,\"commentCount\":0,\"image\":{\"@id\":\"https:\\\/\\\/kuali.com.mx\\\/web\\\/2024\\\/01\\\/18\\\/construiran-centro-acuatico-con-3-albercas\\\/#primaryimage\"},\"thumbnailUrl\":\"https:\\\/\\\/kuali.com.mx\\\/web\\\/wp-content\\\/uploads\\\/2024\\\/01\\\/alberca.jpg\",\"articleSection\":[\"Deportes\"],\"inLanguage\":\"es\",\"potentialAction\":[{\"@type\":\"CommentAction\",\"name\":\"Comment\",\"target\":[\"https:\\\/\\\/kuali.com.mx\\\/web\\\/2024\\\/01\\\/18\\\/construiran-centro-acuatico-con-3-albercas\\\/#respond\"]}]},{\"@type\":\"WebPage\",\"@id\":\"https:\\\/\\\/kuali.com.mx\\\/web\\\/2024\\\/01\\\/18\\\/construiran-centro-acuatico-con-3-albercas\\\/\",\"url\":\"https:\\\/\\\/kuali.com.mx\\\/web\\\/2024\\\/01\\\/18\\\/construiran-centro-acuatico-con-3-albercas\\\/\",\"name\":\"CONSTRUIR\u00c1N CENTRO ACU\u00c1TICO CON 3 ALBERCAS - Kuali\",\"isPartOf\":{\"@id\":\"https:\\\/\\\/kuali.com.mx\\\/web\\\/#website\"},\"primaryImageOfPage\":{\"@id\":\"https:\\\/\\\/kuali.com.mx\\\/web\\\/2024\\\/01\\\/18\\\/construiran-centro-acuatico-con-3-albercas\\\/#primaryimage\"},\"image\":{\"@id\":\"https:\\\/\\\/kuali.com.mx\\\/web\\\/2024\\\/01\\\/18\\\/construiran-centro-acuatico-con-3-albercas\\\/#primaryimage\"},\"thumbnailUrl\":\"https:\\\/\\\/kuali.com.mx\\\/web\\\/wp-content\\\/uploads\\\/2024\\\/01\\\/alberca.jpg\",\"datePublished\":\"2024-01-18T21:11:05+00:00\",\"dateModified\":\"2024-01-19T14:41:12+00:00\",\"author\":{\"@id\":\"https:\\\/\\\/kuali.com.mx\\\/web\\\/#\\\/schema\\\/person\\\/6f89ffa8ecba9dae50662357923c5289\"},\"breadcrumb\":{\"@id\":\"https:\\\/\\\/kuali.com.mx\\\/web\\\/2024\\\/01\\\/18\\\/construiran-centro-acuatico-con-3-albercas\\\/#breadcrumb\"},\"inLanguage\":\"es\",\"potentialAction\":[{\"@type\":\"ReadAction\",\"target\":[\"https:\\\/\\\/kuali.com.mx\\\/web\\\/2024\\\/01\\\/18\\\/construiran-centro-acuatico-con-3-albercas\\\/\"]}]},{\"@type\":\"ImageObject\",\"inLanguage\":\"es\",\"@id\":\"https:\\\/\\\/kuali.com.mx\\\/web\\\/2024\\\/01\\\/18\\\/construiran-centro-acuatico-con-3-albercas\\\/#primaryimage\",\"url\":\"https:\\\/\\\/kuali.com.mx\\\/web\\\/wp-content\\\/uploads\\\/2024\\\/01\\\/alberca.jpg\",\"contentUrl\":\"https:\\\/\\\/kuali.com.mx\\\/web\\\/wp-content\\\/uploads\\\/2024\\\/01\\\/alberca.jpg\",\"width\":600,\"height\":337},{\"@type\":\"BreadcrumbList\",\"@id\":\"https:\\\/\\\/kuali.com.mx\\\/web\\\/2024\\\/01\\\/18\\\/construiran-centro-acuatico-con-3-albercas\\\/#breadcrumb\",\"itemListElement\":[{\"@type\":\"ListItem\",\"position\":1,\"name\":\"Inicio\",\"item\":\"https:\\\/\\\/kuali.com.mx\\\/web\\\/\"},{\"@type\":\"ListItem\",\"position\":2,\"name\":\"CONSTRUIR\u00c1N CENTRO ACU\u00c1TICO CON 3 ALBERCAS\"}]},{\"@type\":\"WebSite\",\"@id\":\"https:\\\/\\\/kuali.com.mx\\\/web\\\/#website\",\"url\":\"https:\\\/\\\/kuali.com.mx\\\/web\\\/\",\"name\":\"Kuali\",\"description\":\"\",\"potentialAction\":[{\"@type\":\"SearchAction\",\"target\":{\"@type\":\"EntryPoint\",\"urlTemplate\":\"https:\\\/\\\/kuali.com.mx\\\/web\\\/?s={search_term_string}\"},\"query-input\":{\"@type\":\"PropertyValueSpecification\",\"valueRequired\":true,\"valueName\":\"search_term_string\"}}],\"inLanguage\":\"es\"},{\"@type\":\"Person\",\"@id\":\"https:\\\/\\\/kuali.com.mx\\\/web\\\/#\\\/schema\\\/person\\\/6f89ffa8ecba9dae50662357923c5289\",\"name\":\"Kuali Staff\",\"image\":{\"@type\":\"ImageObject\",\"inLanguage\":\"es\",\"@id\":\"https:\\\/\\\/secure.gravatar.com\\\/avatar\\\/f917ad82e5ab71227a733c78b6e60715476f69ee6be59feee4eb5d9920c89e0f?s=96&d=mm&r=g\",\"url\":\"https:\\\/\\\/secure.gravatar.com\\\/avatar\\\/f917ad82e5ab71227a733c78b6e60715476f69ee6be59feee4eb5d9920c89e0f?s=96&d=mm&r=g\",\"contentUrl\":\"https:\\\/\\\/secure.gravatar.com\\\/avatar\\\/f917ad82e5ab71227a733c78b6e60715476f69ee6be59feee4eb5d9920c89e0f?s=96&d=mm&r=g\",\"caption\":\"Kuali Staff\"},\"url\":\"https:\\\/\\\/kuali.com.mx\\\/web\\\/author\\\/lagarto\\\/\"}]}<\/script>\n<!-- \/ Yoast SEO plugin. -->","yoast_head_json":{"title":"CONSTRUIR\u00c1N CENTRO ACU\u00c1TICO CON 3 ALBERCAS - Kuali","robots":{"index":"index","follow":"follow","max-snippet":"max-snippet:-1","max-image-preview":"max-image-preview:large","max-video-preview":"max-video-preview:-1"},"canonical":"https:\/\/kuali.com.mx\/web\/2024\/01\/18\/construiran-centro-acuatico-con-3-albercas\/","og_locale":"es_MX","og_type":"article","og_title":"CONSTRUIR\u00c1N CENTRO ACU\u00c1TICO CON 3 ALBERCAS - Kuali","og_description":"Kuali\/Le\u00f3n, Gto.-En la Deportiva Enrique Fern\u00e1ndez Mart\u00ednez ser\u00e1 construido un centro acu\u00e1tico con una alberca semi ol\u00edmpica y dos recreativas. El gobierno de Le\u00f3n invertir\u00e1 m\u00e1s de 115 millones de pesos. Con la alberca semi ol\u00edmpica se busca que la ciudad sea sede de competencias internacionales. Alejandra Guti\u00e9rrez Campos, presidenta municipal, dijo que la inversi\u00f3n [&hellip;]","og_url":"https:\/\/kuali.com.mx\/web\/2024\/01\/18\/construiran-centro-acuatico-con-3-albercas\/","og_site_name":"Kuali","article_publisher":"https:\/\/kuali.com.mx\/web\/wp-content\/uploads\/2018\/04\/cropped-kuali_logo-1-1.png","article_published_time":"2024-01-18T21:11:05+00:00","article_modified_time":"2024-01-19T14:41:12+00:00","og_image":[{"width":600,"height":337,"url":"https:\/\/kuali.com.mx\/web\/wp-content\/uploads\/2024\/01\/alberca.jpg","type":"image\/jpeg"}],"author":"Kuali Staff","twitter_card":"summary_large_image","twitter_creator":"@kuali_noticias","twitter_site":"@kuali_noticias","twitter_misc":{"Escrito por":"Kuali Staff","Tiempo de lectura":"2 minutos"},"schema":{"@context":"https:\/\/schema.org","@graph":[{"@type":"Article","@id":"https:\/\/kuali.com.mx\/web\/2024\/01\/18\/construiran-centro-acuatico-con-3-albercas\/#article","isPartOf":{"@id":"https:\/\/kuali.com.mx\/web\/2024\/01\/18\/construiran-centro-acuatico-con-3-albercas\/"},"author":{"name":"Kuali Staff","@id":"https:\/\/kuali.com.mx\/web\/#\/schema\/person\/6f89ffa8ecba9dae50662357923c5289"},"headline":"CONSTRUIR\u00c1N CENTRO ACU\u00c1TICO CON 3 ALBERCAS","datePublished":"2024-01-18T21:11:05+00:00","dateModified":"2024-01-19T14:41:12+00:00","mainEntityOfPage":{"@id":"https:\/\/kuali.com.mx\/web\/2024\/01\/18\/construiran-centro-acuatico-con-3-albercas\/"},"wordCount":395,"commentCount":0,"image":{"@id":"https:\/\/kuali.com.mx\/web\/2024\/01\/18\/construiran-centro-acuatico-con-3-albercas\/#primaryimage"},"thumbnailUrl":"https:\/\/kuali.com.mx\/web\/wp-content\/uploads\/2024\/01\/alberca.jpg","articleSection":["Deportes"],"inLanguage":"es","potentialAction":[{"@type":"CommentAction","name":"Comment","target":["https:\/\/kuali.com.mx\/web\/2024\/01\/18\/construiran-centro-acuatico-con-3-albercas\/#respond"]}]},{"@type":"WebPage","@id":"https:\/\/kuali.com.mx\/web\/2024\/01\/18\/construiran-centro-acuatico-con-3-albercas\/","url":"https:\/\/kuali.com.mx\/web\/2024\/01\/18\/construiran-centro-acuatico-con-3-albercas\/","name":"CONSTRUIR\u00c1N CENTRO ACU\u00c1TICO CON 3 ALBERCAS - Kuali","isPartOf":{"@id":"https:\/\/kuali.com.mx\/web\/#website"},"primaryImageOfPage":{"@id":"https:\/\/kuali.com.mx\/web\/2024\/01\/18\/construiran-centro-acuatico-con-3-albercas\/#primaryimage"},"image":{"@id":"https:\/\/kuali.com.mx\/web\/2024\/01\/18\/construiran-centro-acuatico-con-3-albercas\/#primaryimage"},"thumbnailUrl":"https:\/\/kuali.com.mx\/web\/wp-content\/uploads\/2024\/01\/alberca.jpg","datePublished":"2024-01-18T21:11:05+00:00","dateModified":"2024-01-19T14:41:12+00:00","author":{"@id":"https:\/\/kuali.com.mx\/web\/#\/schema\/person\/6f89ffa8ecba9dae50662357923c5289"},"breadcrumb":{"@id":"https:\/\/kuali.com.mx\/web\/2024\/01\/18\/construiran-centro-acuatico-con-3-albercas\/#breadcrumb"},"inLanguage":"es","potentialAction":[{"@type":"ReadAction","target":["https:\/\/kuali.com.mx\/web\/2024\/01\/18\/construiran-centro-acuatico-con-3-albercas\/"]}]},{"@type":"ImageObject","inLanguage":"es","@id":"https:\/\/kuali.com.mx\/web\/2024\/01\/18\/construiran-centro-acuatico-con-3-albercas\/#primaryimage","url":"https:\/\/kuali.com.mx\/web\/wp-content\/uploads\/2024\/01\/alberca.jpg","contentUrl":"https:\/\/kuali.com.mx\/web\/wp-content\/uploads\/2024\/01\/alberca.jpg","width":600,"height":337},{"@type":"BreadcrumbList","@id":"https:\/\/kuali.com.mx\/web\/2024\/01\/18\/construiran-centro-acuatico-con-3-albercas\/#breadcrumb","itemListElement":[{"@type":"ListItem","position":1,"name":"Inicio","item":"https:\/\/kuali.com.mx\/web\/"},{"@type":"ListItem","position":2,"name":"CONSTRUIR\u00c1N CENTRO ACU\u00c1TICO CON 3 ALBERCAS"}]},{"@type":"WebSite","@id":"https:\/\/kuali.com.mx\/web\/#website","url":"https:\/\/kuali.com.mx\/web\/","name":"Kuali","description":"","potentialAction":[{"@type":"SearchAction","target":{"@type":"EntryPoint","urlTemplate":"https:\/\/kuali.com.mx\/web\/?s={search_term_string}"},"query-input":{"@type":"PropertyValueSpecification","valueRequired":true,"valueName":"search_term_string"}}],"inLanguage":"es"},{"@type":"Person","@id":"https:\/\/kuali.com.mx\/web\/#\/schema\/person\/6f89ffa8ecba9dae50662357923c5289","name":"Kuali Staff","image":{"@type":"ImageObject","inLanguage":"es","@id":"https:\/\/secure.gravatar.com\/avatar\/f917ad82e5ab71227a733c78b6e60715476f69ee6be59feee4eb5d9920c89e0f?s=96&d=mm&r=g","url":"https:\/\/secure.gravatar.com\/avatar\/f917ad82e5ab71227a733c78b6e60715476f69ee6be59feee4eb5d9920c89e0f?s=96&d=mm&r=g","contentUrl":"https:\/\/secure.gravatar.com\/avatar\/f917ad82e5ab71227a733c78b6e60715476f69ee6be59feee4eb5d9920c89e0f?s=96&d=mm&r=g","caption":"Kuali Staff"},"url":"https:\/\/kuali.com.mx\/web\/author\/lagarto\/"}]}},"_links":{"self":[{"href":"https:\/\/kuali.com.mx\/web\/wp-json\/wp\/v2\/posts\/134410","targetHints":{"allow":["GET"]}}],"collection":[{"href":"https:\/\/kuali.com.mx\/web\/wp-json\/wp\/v2\/posts"}],"about":[{"href":"https:\/\/kuali.com.mx\/web\/wp-json\/wp\/v2\/types\/post"}],"author":[{"embeddable":true,"href":"https:\/\/kuali.com.mx\/web\/wp-json\/wp\/v2\/users\/2"}],"replies":[{"embeddable":true,"href":"https:\/\/kuali.com.mx\/web\/wp-json\/wp\/v2\/comments?post=134410"}],"version-history":[{"count":2,"href":"https:\/\/kuali.com.mx\/web\/wp-json\/wp\/v2\/posts\/134410\/revisions"}],"predecessor-version":[{"id":134450,"href":"https:\/\/kuali.com.mx\/web\/wp-json\/wp\/v2\/posts\/134410\/revisions\/134450"}],"wp:featuredmedia":[{"embeddable":true,"href":"https:\/\/kuali.com.mx\/web\/wp-json\/wp\/v2\/media\/134413"}],"wp:attachment":[{"href":"https:\/\/kuali.com.mx\/web\/wp-json\/wp\/v2\/media?parent=134410"}],"wp:term":[{"taxonomy":"category","embeddable":true,"href":"https:\/\/kuali.com.mx\/web\/wp-json\/wp\/v2\/categories?post=134410"},{"taxonomy":"post_tag","embeddable":true,"href":"https:\/\/kuali.com.mx\/web\/wp-json\/wp\/v2\/tags?post=134410"}],"curies":[{"name":"wp","href":"https:\/\/api.w.org\/{rel}","templated":true}]}}