{"id":134402,"date":"2024-01-18T16:41:20","date_gmt":"2024-01-18T22:41:20","guid":{"rendered":"https:\/\/kuali.com.mx\/web\/?p=134402"},"modified":"2024-01-18T16:41:22","modified_gmt":"2024-01-18T22:41:22","slug":"revisara-pan-postulacion-de-juan-lara","status":"publish","type":"post","link":"https:\/\/kuali.com.mx\/web\/2024\/01\/18\/revisara-pan-postulacion-de-juan-lara\/","title":{"rendered":"REVISAR\u00c1 PAN POSTULACI\u00d3N DE JUAN LARA"},"content":{"rendered":"\n<p><strong>Milagros Tadeo\/Le\u00f3n, Gto.-\u00a0<\/strong>Ante la aparente postulaci\u00f3n del alcalde de Villagr\u00e1n, Juan Lara Mendoza, como aspirante a diputado local por el distrito 13 por el PRI, el dirigente estatal del PAN, Eduardo L\u00f3pez Mares, asegur\u00f3 que su aliado pol\u00edtico no le ha notificado sobre dicha postulaci\u00f3n.\u00a0<\/p>\n\n\n\n<p>Juan Lara Mendoza, actualmente es el alcalde de Villagr\u00e1n por Nueva Alianza (2021-2024), sin embargo, en 2012 retorn\u00f3 a las filas del PRI. A lo largo de su trayectoria ha sido se\u00f1alado por tener supuestos nexos con la delincuencia.<\/p>\n\n\n\n<p>Ante esto y tras haber generado una alianza con el Partido Revolucionario Institucional para contender por algunas diputaciones locales, Eduardo L\u00f3pez Mares dijo que est\u00e1n revisando el tema para emitir un posicionamiento pues a\u00fan no est\u00e1 definida la candidatura de Juan Lara.<\/p>\n\n\n\n<p>Asimismo, ante la petici\u00f3n del gobernador Diego Sinhue Rodr\u00edguez Vallejo para no postular a candidatos que tengan nexos con la delincuencia dijo que ning\u00fan partido puede permitir que eso suceda.<\/p>\n\n\n\n<p>\u201cEn el PAN Guanajuato, coincidimos con el punto de vista del gobernador: no podemos permitir que la delincuencia meta la mano en nuestra democracia que tanto nos ha costado a los mexicanos\u201d, dijo.<\/p>\n\n\n\n<p>Agreg\u00f3 que todos los actores p\u00fablicos est\u00e1n obligados a blindar a las instituciones de la delincuencia y presentar perfiles de candidatos honestos.<\/p>\n","protected":false},"excerpt":{"rendered":"Milagros Tadeo\/Le\u00f3n, Gto.-\u00a0Ante la aparente postulaci\u00f3n del alcalde de Villagr\u00e1n, Juan Lara Mendoza, como aspirante a diputado local por el distrito 13 por el PRI, el dirigente estatal del PAN, Eduardo L\u00f3pez Mares, asegur\u00f3 que su aliado pol\u00edtico no le ha notificado sobre dicha postulaci\u00f3n.\u00a0 Juan Lara Mendoza, actualmente es el alcalde de Villagr\u00e1n por [&hellip;]","protected":false},"author":2,"featured_media":132294,"comment_status":"open","ping_status":"open","sticky":false,"template":"","format":"standard","meta":{"_seopress_robots_primary_cat":"none","_seopress_titles_title":"","_seopress_titles_desc":"","_seopress_robots_index":"","_monsterinsights_skip_tracking":false,"_monsterinsights_sitenote_active":false,"_monsterinsights_sitenote_note":"","_monsterinsights_sitenote_category":0,"footnotes":""},"categories":[3,69],"tags":[],"class_list":["post-134402","post","type-post","status-publish","format-standard","has-post-thumbnail","hentry","category-politica","category-slider"],"yoast_head":"<!-- This site is optimized with the Yoast SEO plugin v27.5 - https:\/\/yoast.com\/product\/yoast-seo-wordpress\/ -->\n<title>REVISAR\u00c1 PAN POSTULACI\u00d3N DE JUAN LARA - Kuali<\/title>\n<meta name=\"robots\" content=\"index, follow, max-snippet:-1, max-image-preview:large, max-video-preview:-1\" \/>\n<link rel=\"canonical\" href=\"https:\/\/kuali.com.mx\/web\/2024\/01\/18\/revisara-pan-postulacion-de-juan-lara\/\" \/>\n<meta property=\"og:locale\" content=\"es_MX\" \/>\n<meta property=\"og:type\" content=\"article\" \/>\n<meta property=\"og:title\" content=\"REVISAR\u00c1 PAN POSTULACI\u00d3N DE JUAN LARA - Kuali\" \/>\n<meta property=\"og:description\" content=\"Milagros Tadeo\/Le\u00f3n, Gto.-\u00a0Ante la aparente postulaci\u00f3n del alcalde de Villagr\u00e1n, Juan Lara Mendoza, como aspirante a diputado local por el distrito 13 por el PRI, el dirigente estatal del PAN, Eduardo L\u00f3pez Mares, asegur\u00f3 que su aliado pol\u00edtico no le ha notificado sobre dicha postulaci\u00f3n.\u00a0 Juan Lara Mendoza, actualmente es el alcalde de Villagr\u00e1n por [&hellip;]\" \/>\n<meta property=\"og:url\" content=\"https:\/\/kuali.com.mx\/web\/2024\/01\/18\/revisara-pan-postulacion-de-juan-lara\/\" \/>\n<meta property=\"og:site_name\" content=\"Kuali\" \/>\n<meta property=\"article:publisher\" content=\"https:\/\/kuali.com.mx\/web\/wp-content\/uploads\/2018\/04\/cropped-kuali_logo-1-1.png\" \/>\n<meta property=\"article:published_time\" content=\"2024-01-18T22:41:20+00:00\" \/>\n<meta property=\"article:modified_time\" content=\"2024-01-18T22:41:22+00:00\" \/>\n<meta property=\"og:image\" content=\"https:\/\/kuali.com.mx\/web\/wp-content\/uploads\/2023\/12\/Eduardo-Lopez-Mares.gif\" \/>\n\t<meta property=\"og:image:width\" content=\"1700\" \/>\n\t<meta property=\"og:image:height\" content=\"750\" \/>\n\t<meta property=\"og:image:type\" content=\"image\/gif\" \/>\n<meta name=\"author\" content=\"Kuali Staff\" \/>\n<meta name=\"twitter:card\" content=\"summary_large_image\" \/>\n<meta name=\"twitter:creator\" content=\"@kuali_noticias\" \/>\n<meta name=\"twitter:site\" content=\"@kuali_noticias\" \/>\n<meta name=\"twitter:label1\" content=\"Escrito por\" \/>\n\t<meta name=\"twitter:data1\" content=\"Kuali Staff\" \/>\n\t<meta name=\"twitter:label2\" content=\"Tiempo de lectura\" \/>\n\t<meta name=\"twitter:data2\" content=\"1 minuto\" \/>\n<script type=\"application\/ld+json\" class=\"yoast-schema-graph\">{\"@context\":\"https:\\\/\\\/schema.org\",\"@graph\":[{\"@type\":\"Article\",\"@id\":\"https:\\\/\\\/kuali.com.mx\\\/web\\\/2024\\\/01\\\/18\\\/revisara-pan-postulacion-de-juan-lara\\\/#article\",\"isPartOf\":{\"@id\":\"https:\\\/\\\/kuali.com.mx\\\/web\\\/2024\\\/01\\\/18\\\/revisara-pan-postulacion-de-juan-lara\\\/\"},\"author\":{\"name\":\"Kuali Staff\",\"@id\":\"https:\\\/\\\/kuali.com.mx\\\/web\\\/#\\\/schema\\\/person\\\/6f89ffa8ecba9dae50662357923c5289\"},\"headline\":\"REVISAR\u00c1 PAN POSTULACI\u00d3N DE JUAN LARA\",\"datePublished\":\"2024-01-18T22:41:20+00:00\",\"dateModified\":\"2024-01-18T22:41:22+00:00\",\"mainEntityOfPage\":{\"@id\":\"https:\\\/\\\/kuali.com.mx\\\/web\\\/2024\\\/01\\\/18\\\/revisara-pan-postulacion-de-juan-lara\\\/\"},\"wordCount\":235,\"commentCount\":0,\"image\":{\"@id\":\"https:\\\/\\\/kuali.com.mx\\\/web\\\/2024\\\/01\\\/18\\\/revisara-pan-postulacion-de-juan-lara\\\/#primaryimage\"},\"thumbnailUrl\":\"https:\\\/\\\/kuali.com.mx\\\/web\\\/wp-content\\\/uploads\\\/2023\\\/12\\\/Eduardo-Lopez-Mares.gif\",\"articleSection\":[\"Pol\u00edtica\",\"slider\"],\"inLanguage\":\"es\",\"potentialAction\":[{\"@type\":\"CommentAction\",\"name\":\"Comment\",\"target\":[\"https:\\\/\\\/kuali.com.mx\\\/web\\\/2024\\\/01\\\/18\\\/revisara-pan-postulacion-de-juan-lara\\\/#respond\"]}]},{\"@type\":\"WebPage\",\"@id\":\"https:\\\/\\\/kuali.com.mx\\\/web\\\/2024\\\/01\\\/18\\\/revisara-pan-postulacion-de-juan-lara\\\/\",\"url\":\"https:\\\/\\\/kuali.com.mx\\\/web\\\/2024\\\/01\\\/18\\\/revisara-pan-postulacion-de-juan-lara\\\/\",\"name\":\"REVISAR\u00c1 PAN POSTULACI\u00d3N DE JUAN LARA - Kuali\",\"isPartOf\":{\"@id\":\"https:\\\/\\\/kuali.com.mx\\\/web\\\/#website\"},\"primaryImageOfPage\":{\"@id\":\"https:\\\/\\\/kuali.com.mx\\\/web\\\/2024\\\/01\\\/18\\\/revisara-pan-postulacion-de-juan-lara\\\/#primaryimage\"},\"image\":{\"@id\":\"https:\\\/\\\/kuali.com.mx\\\/web\\\/2024\\\/01\\\/18\\\/revisara-pan-postulacion-de-juan-lara\\\/#primaryimage\"},\"thumbnailUrl\":\"https:\\\/\\\/kuali.com.mx\\\/web\\\/wp-content\\\/uploads\\\/2023\\\/12\\\/Eduardo-Lopez-Mares.gif\",\"datePublished\":\"2024-01-18T22:41:20+00:00\",\"dateModified\":\"2024-01-18T22:41:22+00:00\",\"author\":{\"@id\":\"https:\\\/\\\/kuali.com.mx\\\/web\\\/#\\\/schema\\\/person\\\/6f89ffa8ecba9dae50662357923c5289\"},\"breadcrumb\":{\"@id\":\"https:\\\/\\\/kuali.com.mx\\\/web\\\/2024\\\/01\\\/18\\\/revisara-pan-postulacion-de-juan-lara\\\/#breadcrumb\"},\"inLanguage\":\"es\",\"potentialAction\":[{\"@type\":\"ReadAction\",\"target\":[\"https:\\\/\\\/kuali.com.mx\\\/web\\\/2024\\\/01\\\/18\\\/revisara-pan-postulacion-de-juan-lara\\\/\"]}]},{\"@type\":\"ImageObject\",\"inLanguage\":\"es\",\"@id\":\"https:\\\/\\\/kuali.com.mx\\\/web\\\/2024\\\/01\\\/18\\\/revisara-pan-postulacion-de-juan-lara\\\/#primaryimage\",\"url\":\"https:\\\/\\\/kuali.com.mx\\\/web\\\/wp-content\\\/uploads\\\/2023\\\/12\\\/Eduardo-Lopez-Mares.gif\",\"contentUrl\":\"https:\\\/\\\/kuali.com.mx\\\/web\\\/wp-content\\\/uploads\\\/2023\\\/12\\\/Eduardo-Lopez-Mares.gif\",\"width\":1700,\"height\":750},{\"@type\":\"BreadcrumbList\",\"@id\":\"https:\\\/\\\/kuali.com.mx\\\/web\\\/2024\\\/01\\\/18\\\/revisara-pan-postulacion-de-juan-lara\\\/#breadcrumb\",\"itemListElement\":[{\"@type\":\"ListItem\",\"position\":1,\"name\":\"Inicio\",\"item\":\"https:\\\/\\\/kuali.com.mx\\\/web\\\/\"},{\"@type\":\"ListItem\",\"position\":2,\"name\":\"REVISAR\u00c1 PAN POSTULACI\u00d3N DE JUAN LARA\"}]},{\"@type\":\"WebSite\",\"@id\":\"https:\\\/\\\/kuali.com.mx\\\/web\\\/#website\",\"url\":\"https:\\\/\\\/kuali.com.mx\\\/web\\\/\",\"name\":\"Kuali\",\"description\":\"\",\"potentialAction\":[{\"@type\":\"SearchAction\",\"target\":{\"@type\":\"EntryPoint\",\"urlTemplate\":\"https:\\\/\\\/kuali.com.mx\\\/web\\\/?s={search_term_string}\"},\"query-input\":{\"@type\":\"PropertyValueSpecification\",\"valueRequired\":true,\"valueName\":\"search_term_string\"}}],\"inLanguage\":\"es\"},{\"@type\":\"Person\",\"@id\":\"https:\\\/\\\/kuali.com.mx\\\/web\\\/#\\\/schema\\\/person\\\/6f89ffa8ecba9dae50662357923c5289\",\"name\":\"Kuali Staff\",\"image\":{\"@type\":\"ImageObject\",\"inLanguage\":\"es\",\"@id\":\"https:\\\/\\\/secure.gravatar.com\\\/avatar\\\/f917ad82e5ab71227a733c78b6e60715476f69ee6be59feee4eb5d9920c89e0f?s=96&d=mm&r=g\",\"url\":\"https:\\\/\\\/secure.gravatar.com\\\/avatar\\\/f917ad82e5ab71227a733c78b6e60715476f69ee6be59feee4eb5d9920c89e0f?s=96&d=mm&r=g\",\"contentUrl\":\"https:\\\/\\\/secure.gravatar.com\\\/avatar\\\/f917ad82e5ab71227a733c78b6e60715476f69ee6be59feee4eb5d9920c89e0f?s=96&d=mm&r=g\",\"caption\":\"Kuali Staff\"},\"url\":\"https:\\\/\\\/kuali.com.mx\\\/web\\\/author\\\/lagarto\\\/\"}]}<\/script>\n<!-- \/ Yoast SEO plugin. -->","yoast_head_json":{"title":"REVISAR\u00c1 PAN POSTULACI\u00d3N DE JUAN LARA - Kuali","robots":{"index":"index","follow":"follow","max-snippet":"max-snippet:-1","max-image-preview":"max-image-preview:large","max-video-preview":"max-video-preview:-1"},"canonical":"https:\/\/kuali.com.mx\/web\/2024\/01\/18\/revisara-pan-postulacion-de-juan-lara\/","og_locale":"es_MX","og_type":"article","og_title":"REVISAR\u00c1 PAN POSTULACI\u00d3N DE JUAN LARA - Kuali","og_description":"Milagros Tadeo\/Le\u00f3n, Gto.-\u00a0Ante la aparente postulaci\u00f3n del alcalde de Villagr\u00e1n, Juan Lara Mendoza, como aspirante a diputado local por el distrito 13 por el PRI, el dirigente estatal del PAN, Eduardo L\u00f3pez Mares, asegur\u00f3 que su aliado pol\u00edtico no le ha notificado sobre dicha postulaci\u00f3n.\u00a0 Juan Lara Mendoza, actualmente es el alcalde de Villagr\u00e1n por [&hellip;]","og_url":"https:\/\/kuali.com.mx\/web\/2024\/01\/18\/revisara-pan-postulacion-de-juan-lara\/","og_site_name":"Kuali","article_publisher":"https:\/\/kuali.com.mx\/web\/wp-content\/uploads\/2018\/04\/cropped-kuali_logo-1-1.png","article_published_time":"2024-01-18T22:41:20+00:00","article_modified_time":"2024-01-18T22:41:22+00:00","og_image":[{"width":1700,"height":750,"url":"https:\/\/kuali.com.mx\/web\/wp-content\/uploads\/2023\/12\/Eduardo-Lopez-Mares.gif","type":"image\/gif"}],"author":"Kuali Staff","twitter_card":"summary_large_image","twitter_creator":"@kuali_noticias","twitter_site":"@kuali_noticias","twitter_misc":{"Escrito por":"Kuali Staff","Tiempo de lectura":"1 minuto"},"schema":{"@context":"https:\/\/schema.org","@graph":[{"@type":"Article","@id":"https:\/\/kuali.com.mx\/web\/2024\/01\/18\/revisara-pan-postulacion-de-juan-lara\/#article","isPartOf":{"@id":"https:\/\/kuali.com.mx\/web\/2024\/01\/18\/revisara-pan-postulacion-de-juan-lara\/"},"author":{"name":"Kuali Staff","@id":"https:\/\/kuali.com.mx\/web\/#\/schema\/person\/6f89ffa8ecba9dae50662357923c5289"},"headline":"REVISAR\u00c1 PAN POSTULACI\u00d3N DE JUAN LARA","datePublished":"2024-01-18T22:41:20+00:00","dateModified":"2024-01-18T22:41:22+00:00","mainEntityOfPage":{"@id":"https:\/\/kuali.com.mx\/web\/2024\/01\/18\/revisara-pan-postulacion-de-juan-lara\/"},"wordCount":235,"commentCount":0,"image":{"@id":"https:\/\/kuali.com.mx\/web\/2024\/01\/18\/revisara-pan-postulacion-de-juan-lara\/#primaryimage"},"thumbnailUrl":"https:\/\/kuali.com.mx\/web\/wp-content\/uploads\/2023\/12\/Eduardo-Lopez-Mares.gif","articleSection":["Pol\u00edtica","slider"],"inLanguage":"es","potentialAction":[{"@type":"CommentAction","name":"Comment","target":["https:\/\/kuali.com.mx\/web\/2024\/01\/18\/revisara-pan-postulacion-de-juan-lara\/#respond"]}]},{"@type":"WebPage","@id":"https:\/\/kuali.com.mx\/web\/2024\/01\/18\/revisara-pan-postulacion-de-juan-lara\/","url":"https:\/\/kuali.com.mx\/web\/2024\/01\/18\/revisara-pan-postulacion-de-juan-lara\/","name":"REVISAR\u00c1 PAN POSTULACI\u00d3N DE JUAN LARA - Kuali","isPartOf":{"@id":"https:\/\/kuali.com.mx\/web\/#website"},"primaryImageOfPage":{"@id":"https:\/\/kuali.com.mx\/web\/2024\/01\/18\/revisara-pan-postulacion-de-juan-lara\/#primaryimage"},"image":{"@id":"https:\/\/kuali.com.mx\/web\/2024\/01\/18\/revisara-pan-postulacion-de-juan-lara\/#primaryimage"},"thumbnailUrl":"https:\/\/kuali.com.mx\/web\/wp-content\/uploads\/2023\/12\/Eduardo-Lopez-Mares.gif","datePublished":"2024-01-18T22:41:20+00:00","dateModified":"2024-01-18T22:41:22+00:00","author":{"@id":"https:\/\/kuali.com.mx\/web\/#\/schema\/person\/6f89ffa8ecba9dae50662357923c5289"},"breadcrumb":{"@id":"https:\/\/kuali.com.mx\/web\/2024\/01\/18\/revisara-pan-postulacion-de-juan-lara\/#breadcrumb"},"inLanguage":"es","potentialAction":[{"@type":"ReadAction","target":["https:\/\/kuali.com.mx\/web\/2024\/01\/18\/revisara-pan-postulacion-de-juan-lara\/"]}]},{"@type":"ImageObject","inLanguage":"es","@id":"https:\/\/kuali.com.mx\/web\/2024\/01\/18\/revisara-pan-postulacion-de-juan-lara\/#primaryimage","url":"https:\/\/kuali.com.mx\/web\/wp-content\/uploads\/2023\/12\/Eduardo-Lopez-Mares.gif","contentUrl":"https:\/\/kuali.com.mx\/web\/wp-content\/uploads\/2023\/12\/Eduardo-Lopez-Mares.gif","width":1700,"height":750},{"@type":"BreadcrumbList","@id":"https:\/\/kuali.com.mx\/web\/2024\/01\/18\/revisara-pan-postulacion-de-juan-lara\/#breadcrumb","itemListElement":[{"@type":"ListItem","position":1,"name":"Inicio","item":"https:\/\/kuali.com.mx\/web\/"},{"@type":"ListItem","position":2,"name":"REVISAR\u00c1 PAN POSTULACI\u00d3N DE JUAN LARA"}]},{"@type":"WebSite","@id":"https:\/\/kuali.com.mx\/web\/#website","url":"https:\/\/kuali.com.mx\/web\/","name":"Kuali","description":"","potentialAction":[{"@type":"SearchAction","target":{"@type":"EntryPoint","urlTemplate":"https:\/\/kuali.com.mx\/web\/?s={search_term_string}"},"query-input":{"@type":"PropertyValueSpecification","valueRequired":true,"valueName":"search_term_string"}}],"inLanguage":"es"},{"@type":"Person","@id":"https:\/\/kuali.com.mx\/web\/#\/schema\/person\/6f89ffa8ecba9dae50662357923c5289","name":"Kuali Staff","image":{"@type":"ImageObject","inLanguage":"es","@id":"https:\/\/secure.gravatar.com\/avatar\/f917ad82e5ab71227a733c78b6e60715476f69ee6be59feee4eb5d9920c89e0f?s=96&d=mm&r=g","url":"https:\/\/secure.gravatar.com\/avatar\/f917ad82e5ab71227a733c78b6e60715476f69ee6be59feee4eb5d9920c89e0f?s=96&d=mm&r=g","contentUrl":"https:\/\/secure.gravatar.com\/avatar\/f917ad82e5ab71227a733c78b6e60715476f69ee6be59feee4eb5d9920c89e0f?s=96&d=mm&r=g","caption":"Kuali Staff"},"url":"https:\/\/kuali.com.mx\/web\/author\/lagarto\/"}]}},"_links":{"self":[{"href":"https:\/\/kuali.com.mx\/web\/wp-json\/wp\/v2\/posts\/134402","targetHints":{"allow":["GET"]}}],"collection":[{"href":"https:\/\/kuali.com.mx\/web\/wp-json\/wp\/v2\/posts"}],"about":[{"href":"https:\/\/kuali.com.mx\/web\/wp-json\/wp\/v2\/types\/post"}],"author":[{"embeddable":true,"href":"https:\/\/kuali.com.mx\/web\/wp-json\/wp\/v2\/users\/2"}],"replies":[{"embeddable":true,"href":"https:\/\/kuali.com.mx\/web\/wp-json\/wp\/v2\/comments?post=134402"}],"version-history":[{"count":1,"href":"https:\/\/kuali.com.mx\/web\/wp-json\/wp\/v2\/posts\/134402\/revisions"}],"predecessor-version":[{"id":134405,"href":"https:\/\/kuali.com.mx\/web\/wp-json\/wp\/v2\/posts\/134402\/revisions\/134405"}],"wp:featuredmedia":[{"embeddable":true,"href":"https:\/\/kuali.com.mx\/web\/wp-json\/wp\/v2\/media\/132294"}],"wp:attachment":[{"href":"https:\/\/kuali.com.mx\/web\/wp-json\/wp\/v2\/media?parent=134402"}],"wp:term":[{"taxonomy":"category","embeddable":true,"href":"https:\/\/kuali.com.mx\/web\/wp-json\/wp\/v2\/categories?post=134402"},{"taxonomy":"post_tag","embeddable":true,"href":"https:\/\/kuali.com.mx\/web\/wp-json\/wp\/v2\/tags?post=134402"}],"curies":[{"name":"wp","href":"https:\/\/api.w.org\/{rel}","templated":true}]}}