{"id":134123,"date":"2024-01-14T14:10:01","date_gmt":"2024-01-14T20:10:01","guid":{"rendered":"https:\/\/kuali.com.mx\/web\/?p=134123"},"modified":"2024-01-14T14:48:08","modified_gmt":"2024-01-14T20:48:08","slug":"alcalde-de-purisima-llama-a-proteger-la-vida","status":"publish","type":"post","link":"https:\/\/kuali.com.mx\/web\/2024\/01\/14\/alcalde-de-purisima-llama-a-proteger-la-vida\/","title":{"rendered":"ALCALDE DE PUR\u00cdSIMA LLAMA A PROTEGER LA VIDA"},"content":{"rendered":"\n<p><strong>Kuali\/Pur\u00edsima del Rinc\u00f3n, Gto.- <\/strong>Al presidir los festejos por el 421 aniversario de la fundaci\u00f3n del municipio, el alcalde Roberto Garc\u00eda Urbano, hizo un llamado a cuidar la vida, respetar el agua y proteger el entorno de Pur\u00edsima del Rinc\u00f3n.<\/p>\n\n\n\n<p>Este s\u00e1bado, integrantes del H. Ayuntamiento y de la Administraci\u00f3n Municipal, festejaron al Municipio por los 421 a\u00f1os de su asentamiento por indios otom\u00edes. Los festejos comenzaron dando el recuento de la historia, con un desfile que provoc\u00f3 la admiraci\u00f3n entre la participaci\u00f3n de la Secretar\u00eda de la Defensa Nacional (Sedena) y elementos de las Fuerzas de Seguridad P\u00fablica del Estado (FSPE), entre otras corporaciones y organizaciones.<\/p>\n\n\n<div class=\"wp-block-image\">\n<figure class=\"aligncenter size-large\"><img loading=\"lazy\" decoding=\"async\" width=\"1024\" height=\"682\" src=\"https:\/\/kuali.com.mx\/web\/wp-content\/uploads\/2024\/01\/Aniversario-fundacion-Purisima-del-R-3-1024x682.gif\" alt=\"\" class=\"wp-image-134134\" srcset=\"https:\/\/kuali.com.mx\/web\/wp-content\/uploads\/2024\/01\/Aniversario-fundacion-Purisima-del-R-3-1024x682.gif 1024w, https:\/\/kuali.com.mx\/web\/wp-content\/uploads\/2024\/01\/Aniversario-fundacion-Purisima-del-R-3-300x200.gif 300w, https:\/\/kuali.com.mx\/web\/wp-content\/uploads\/2024\/01\/Aniversario-fundacion-Purisima-del-R-3-768x512.gif 768w, https:\/\/kuali.com.mx\/web\/wp-content\/uploads\/2024\/01\/Aniversario-fundacion-Purisima-del-R-3-1536x1023.gif 1536w, https:\/\/kuali.com.mx\/web\/wp-content\/uploads\/2024\/01\/Aniversario-fundacion-Purisima-del-R-3-174x116.gif 174w\" sizes=\"auto, (max-width: 1024px) 100vw, 1024px\" \/><figcaption>Roberto Garc\u00eda Urbano, alcalde de Pur\u00edsima (al centro). FOTO: CORTES\u00cdA<\/figcaption><\/figure>\n<\/div>\n\n\n<p>Aplausos, el reconocimiento y el saludo chocando las manos, aplaudiendo o lanzando el confeti, no se hicieron esperar; as\u00ed encabez\u00f3 el saludo el presidente municipal, acompa\u00f1ado de Elvira Paniagua Rodr\u00edguez, subsecretaria de Vinculaci\u00f3n y Desarrollo Pol\u00edtico de la Secretar\u00eda de Gobierno; as\u00ed como de su esposa y presidenta del DIF Municipal, Enriqueta Mart\u00ednez L\u00f3pez; &nbsp;integrantes del ayuntamiento; Diana Guti\u00e9rrez Valtierra, diputada federal; Miguel \u00c1ngel Salgado Peralta, Coronel de Infanter\u00eda de la Sedena; adem\u00e1s de estudiantes y universitarios.<\/p>\n\n\n\n<p>Roberto Garc\u00eda Urbano record\u00f3 que fue el primero de enero de 1603 cuando en un valle lleno de agua y \u00e1rboles frutales, a la sombra del Cerro del Palenque, por donde se cruzaban el Camino Real a Lagos a Guadalajara, y el camino de la Villa de Le\u00f3n a Valladolid, hoy Morelia; se asentaron los primeros pobladores de Pur\u00edsima, d\u00e1ndole el nombre de San Juan del Bosque, justo donde hoy se encuentra una cruz de cantera, a un costado del Museo Hermenegildo Bustos, en pleno centro de la ciudad.<\/p>\n\n\n<div class=\"wp-block-image\">\n<figure class=\"aligncenter size-large\"><img loading=\"lazy\" decoding=\"async\" width=\"1024\" height=\"682\" src=\"https:\/\/kuali.com.mx\/web\/wp-content\/uploads\/2024\/01\/Aniversario-fundacion-Purisima-del-R-1-1024x682.gif\" alt=\"\" class=\"wp-image-134131\" srcset=\"https:\/\/kuali.com.mx\/web\/wp-content\/uploads\/2024\/01\/Aniversario-fundacion-Purisima-del-R-1-1024x682.gif 1024w, https:\/\/kuali.com.mx\/web\/wp-content\/uploads\/2024\/01\/Aniversario-fundacion-Purisima-del-R-1-300x200.gif 300w, https:\/\/kuali.com.mx\/web\/wp-content\/uploads\/2024\/01\/Aniversario-fundacion-Purisima-del-R-1-768x512.gif 768w, https:\/\/kuali.com.mx\/web\/wp-content\/uploads\/2024\/01\/Aniversario-fundacion-Purisima-del-R-1-174x116.gif 174w\" sizes=\"auto, (max-width: 1024px) 100vw, 1024px\" \/><figcaption>Celebran 421 a\u00f1os de la fundaci\u00f3n de Pur\u00edsima del Rinc\u00f3n. FOTO: CORTES\u00cdA<\/figcaption><\/figure>\n<\/div>\n\n\n<p>Al transcurrir los primeros 185 a\u00f1os del cambio de su primer nombre, en 1834, el nuevo gobierno de Guanajuato denomin\u00f3 a esta tierra \u201cPur\u00edsima del Rinc\u00f3n\u201d, la cual cuanta al d\u00eda de hoy con 137 localidades.<\/p>\n\n\n\n<p>Roberto Garc\u00eda Urbano coment\u00f3 que cronistas de la ciudad, como don Rogelio Melchor, ayudaron a recobrar la historia, y que en los a\u00f1os 40 muchos purisimenses salieron de la ciudad como braceros en busca de mejores ingresos.<\/p>\n\n\n\n<p>Don Crist\u00f3bal M\u00e1rquez abastec\u00eda de ma\u00edz a los vecinos de las comunidades en \u00e9poca de fuerte de escasez, mientras que don Jos\u00e9 Mojica trajo la industria del calzado y en 1935 operaba el sistema de tranv\u00eda.<\/p>\n\n\n\n<p>La colonia del Carmen en sus or\u00edgenes, 1978, se llam\u00f3 Jos\u00e9 L\u00f3pez Portillo y hoy es de las m\u00e1s pobladas. La zona norte de Pur\u00edsima destac\u00f3 por las acequias y veneros que alimentaban las huertas de limas, limones, chirimoyas, granadas, guayabas, naranjas agrias y dulces que hab\u00eda en gran parte de las casas, por eso aprovech\u00f3 Garc\u00eda Urbano para llamar a retomar los h\u00e1bitos del cuidado en el uso y calidad del agua, para cuidar la vida.<\/p>\n\n\n\n<p>\u201cSomos herederos de una historia que se ha forjado en esta tierra, cuyo legado trasciende fronteras y nos llena de orgullo\u201d, destac\u00f3 el alcalde, al comentar que \u201caqu\u00ed sabemos darle vida a nuestra herencia\u201d.<\/p>\n\n\n\n<p>Tambi\u00e9n se refiri\u00f3 a las m\u00e1scaras que cobran vida en el cuerpo, cuando en el alma llevan grabado el nombre de La Judea que se proyecta al mundo como un tesoro cultural, y el ADN imborrable de lo que llam\u00f3 \u201cmilagro pict\u00f3rico del siglo XIX, Hermenegildo Bustos\u201d.<\/p>\n\n\n<div class=\"wp-block-image\">\n<figure class=\"aligncenter size-full\"><img loading=\"lazy\" decoding=\"async\" width=\"1024\" height=\"682\" src=\"https:\/\/kuali.com.mx\/web\/wp-content\/uploads\/2024\/01\/Aniversario-fundacion-Purisima-del-R-5.gif\" alt=\"\" class=\"wp-image-134138\"\/><figcaption>Los festejos terminaron con un concierto en el jard\u00edn principal de la ciudad. FOTO: CORTES\u00cdA<\/figcaption><\/figure>\n<\/div>\n\n\n<p>Este hogar llamado Pur\u00edsima del Rinc\u00f3n, agreg\u00f3 Elvira Paniagua, es un lugar pict\u00f3rico que merece reconocimiento por su trabajo coordinado al desarrollo, y porque el esfuerzo se demuestra.<\/p>\n\n\n\n<p>Al acto oficial y al desfile siguieron los conciertos que ofrecieron la Orquesta de P\u00e9rez Prado y la Sonora Santanera y Mar\u00eda Fernanda, en la plaza principal.<\/p>\n","protected":false},"excerpt":{"rendered":"Kuali\/Pur\u00edsima del Rinc\u00f3n, Gto.- Al presidir los festejos por el 421 aniversario de la fundaci\u00f3n del municipio, el alcalde Roberto Garc\u00eda Urbano, hizo un llamado a cuidar la vida, respetar el agua y proteger el entorno de Pur\u00edsima del Rinc\u00f3n. Este s\u00e1bado, integrantes del H. Ayuntamiento y de la Administraci\u00f3n Municipal, festejaron al Municipio por [&hellip;]","protected":false},"author":2,"featured_media":134132,"comment_status":"open","ping_status":"open","sticky":false,"template":"","format":"standard","meta":{"_seopress_robots_primary_cat":"none","_seopress_titles_title":"","_seopress_titles_desc":"","_seopress_robots_index":"","_monsterinsights_skip_tracking":false,"_monsterinsights_sitenote_active":false,"_monsterinsights_sitenote_note":"","_monsterinsights_sitenote_category":0,"footnotes":""},"categories":[3],"tags":[1766,2421,599,1115],"class_list":["post-134123","post","type-post","status-publish","format-standard","has-post-thumbnail","hentry","category-politica","tag-desfile","tag-fundacion","tag-guamares","tag-purisima-del-rincon"],"yoast_head":"<!-- This site is optimized with the Yoast SEO plugin v27.4 - https:\/\/yoast.com\/product\/yoast-seo-wordpress\/ -->\n<title>ALCALDE DE PUR\u00cdSIMA LLAMA A PROTEGER LA VIDA - Kuali<\/title>\n<meta name=\"robots\" content=\"index, follow, max-snippet:-1, max-image-preview:large, max-video-preview:-1\" \/>\n<link rel=\"canonical\" href=\"https:\/\/kuali.com.mx\/web\/2024\/01\/14\/alcalde-de-purisima-llama-a-proteger-la-vida\/\" \/>\n<meta property=\"og:locale\" content=\"es_MX\" \/>\n<meta property=\"og:type\" content=\"article\" \/>\n<meta property=\"og:title\" content=\"ALCALDE DE PUR\u00cdSIMA LLAMA A PROTEGER LA VIDA - Kuali\" \/>\n<meta property=\"og:description\" content=\"Kuali\/Pur\u00edsima del Rinc\u00f3n, Gto.- Al presidir los festejos por el 421 aniversario de la fundaci\u00f3n del municipio, el alcalde Roberto Garc\u00eda Urbano, hizo un llamado a cuidar la vida, respetar el agua y proteger el entorno de Pur\u00edsima del Rinc\u00f3n. Este s\u00e1bado, integrantes del H. Ayuntamiento y de la Administraci\u00f3n Municipal, festejaron al Municipio por [&hellip;]\" \/>\n<meta property=\"og:url\" content=\"https:\/\/kuali.com.mx\/web\/2024\/01\/14\/alcalde-de-purisima-llama-a-proteger-la-vida\/\" \/>\n<meta property=\"og:site_name\" content=\"Kuali\" \/>\n<meta property=\"article:publisher\" content=\"https:\/\/kuali.com.mx\/web\/wp-content\/uploads\/2018\/04\/cropped-kuali_logo-1-1.png\" \/>\n<meta property=\"article:published_time\" content=\"2024-01-14T20:10:01+00:00\" \/>\n<meta property=\"article:modified_time\" content=\"2024-01-14T20:48:08+00:00\" \/>\n<meta property=\"og:image\" content=\"https:\/\/kuali.com.mx\/web\/wp-content\/uploads\/2024\/01\/Aniversario-fundacion-Purisima-del-R-2.gif\" \/>\n\t<meta property=\"og:image:width\" content=\"1700\" \/>\n\t<meta property=\"og:image:height\" content=\"750\" \/>\n\t<meta property=\"og:image:type\" content=\"image\/gif\" \/>\n<meta name=\"author\" content=\"Kuali Staff\" \/>\n<meta name=\"twitter:card\" content=\"summary_large_image\" \/>\n<meta name=\"twitter:creator\" content=\"@kuali_noticias\" \/>\n<meta name=\"twitter:site\" content=\"@kuali_noticias\" \/>\n<meta name=\"twitter:label1\" content=\"Escrito por\" \/>\n\t<meta name=\"twitter:data1\" content=\"Kuali Staff\" \/>\n\t<meta name=\"twitter:label2\" content=\"Tiempo de lectura\" \/>\n\t<meta name=\"twitter:data2\" content=\"3 minutos\" \/>\n<script type=\"application\/ld+json\" class=\"yoast-schema-graph\">{\"@context\":\"https:\\\/\\\/schema.org\",\"@graph\":[{\"@type\":\"Article\",\"@id\":\"https:\\\/\\\/kuali.com.mx\\\/web\\\/2024\\\/01\\\/14\\\/alcalde-de-purisima-llama-a-proteger-la-vida\\\/#article\",\"isPartOf\":{\"@id\":\"https:\\\/\\\/kuali.com.mx\\\/web\\\/2024\\\/01\\\/14\\\/alcalde-de-purisima-llama-a-proteger-la-vida\\\/\"},\"author\":{\"name\":\"Kuali Staff\",\"@id\":\"https:\\\/\\\/kuali.com.mx\\\/web\\\/#\\\/schema\\\/person\\\/6f89ffa8ecba9dae50662357923c5289\"},\"headline\":\"ALCALDE DE PUR\u00cdSIMA LLAMA A PROTEGER LA VIDA\",\"datePublished\":\"2024-01-14T20:10:01+00:00\",\"dateModified\":\"2024-01-14T20:48:08+00:00\",\"mainEntityOfPage\":{\"@id\":\"https:\\\/\\\/kuali.com.mx\\\/web\\\/2024\\\/01\\\/14\\\/alcalde-de-purisima-llama-a-proteger-la-vida\\\/\"},\"wordCount\":698,\"commentCount\":0,\"image\":{\"@id\":\"https:\\\/\\\/kuali.com.mx\\\/web\\\/2024\\\/01\\\/14\\\/alcalde-de-purisima-llama-a-proteger-la-vida\\\/#primaryimage\"},\"thumbnailUrl\":\"https:\\\/\\\/kuali.com.mx\\\/web\\\/wp-content\\\/uploads\\\/2024\\\/01\\\/Aniversario-fundacion-Purisima-del-R-2.gif\",\"keywords\":[\"Desfile\",\"Fundaci\u00f3n\",\"Guamares\",\"Pur\u00edsima del Rinc\u00f3n\"],\"articleSection\":[\"Pol\u00edtica\"],\"inLanguage\":\"es\",\"potentialAction\":[{\"@type\":\"CommentAction\",\"name\":\"Comment\",\"target\":[\"https:\\\/\\\/kuali.com.mx\\\/web\\\/2024\\\/01\\\/14\\\/alcalde-de-purisima-llama-a-proteger-la-vida\\\/#respond\"]}]},{\"@type\":\"WebPage\",\"@id\":\"https:\\\/\\\/kuali.com.mx\\\/web\\\/2024\\\/01\\\/14\\\/alcalde-de-purisima-llama-a-proteger-la-vida\\\/\",\"url\":\"https:\\\/\\\/kuali.com.mx\\\/web\\\/2024\\\/01\\\/14\\\/alcalde-de-purisima-llama-a-proteger-la-vida\\\/\",\"name\":\"ALCALDE DE PUR\u00cdSIMA LLAMA A PROTEGER LA VIDA - Kuali\",\"isPartOf\":{\"@id\":\"https:\\\/\\\/kuali.com.mx\\\/web\\\/#website\"},\"primaryImageOfPage\":{\"@id\":\"https:\\\/\\\/kuali.com.mx\\\/web\\\/2024\\\/01\\\/14\\\/alcalde-de-purisima-llama-a-proteger-la-vida\\\/#primaryimage\"},\"image\":{\"@id\":\"https:\\\/\\\/kuali.com.mx\\\/web\\\/2024\\\/01\\\/14\\\/alcalde-de-purisima-llama-a-proteger-la-vida\\\/#primaryimage\"},\"thumbnailUrl\":\"https:\\\/\\\/kuali.com.mx\\\/web\\\/wp-content\\\/uploads\\\/2024\\\/01\\\/Aniversario-fundacion-Purisima-del-R-2.gif\",\"datePublished\":\"2024-01-14T20:10:01+00:00\",\"dateModified\":\"2024-01-14T20:48:08+00:00\",\"author\":{\"@id\":\"https:\\\/\\\/kuali.com.mx\\\/web\\\/#\\\/schema\\\/person\\\/6f89ffa8ecba9dae50662357923c5289\"},\"breadcrumb\":{\"@id\":\"https:\\\/\\\/kuali.com.mx\\\/web\\\/2024\\\/01\\\/14\\\/alcalde-de-purisima-llama-a-proteger-la-vida\\\/#breadcrumb\"},\"inLanguage\":\"es\",\"potentialAction\":[{\"@type\":\"ReadAction\",\"target\":[\"https:\\\/\\\/kuali.com.mx\\\/web\\\/2024\\\/01\\\/14\\\/alcalde-de-purisima-llama-a-proteger-la-vida\\\/\"]}]},{\"@type\":\"ImageObject\",\"inLanguage\":\"es\",\"@id\":\"https:\\\/\\\/kuali.com.mx\\\/web\\\/2024\\\/01\\\/14\\\/alcalde-de-purisima-llama-a-proteger-la-vida\\\/#primaryimage\",\"url\":\"https:\\\/\\\/kuali.com.mx\\\/web\\\/wp-content\\\/uploads\\\/2024\\\/01\\\/Aniversario-fundacion-Purisima-del-R-2.gif\",\"contentUrl\":\"https:\\\/\\\/kuali.com.mx\\\/web\\\/wp-content\\\/uploads\\\/2024\\\/01\\\/Aniversario-fundacion-Purisima-del-R-2.gif\",\"width\":1700,\"height\":750},{\"@type\":\"BreadcrumbList\",\"@id\":\"https:\\\/\\\/kuali.com.mx\\\/web\\\/2024\\\/01\\\/14\\\/alcalde-de-purisima-llama-a-proteger-la-vida\\\/#breadcrumb\",\"itemListElement\":[{\"@type\":\"ListItem\",\"position\":1,\"name\":\"Inicio\",\"item\":\"https:\\\/\\\/kuali.com.mx\\\/web\\\/\"},{\"@type\":\"ListItem\",\"position\":2,\"name\":\"ALCALDE DE PUR\u00cdSIMA LLAMA A PROTEGER LA VIDA\"}]},{\"@type\":\"WebSite\",\"@id\":\"https:\\\/\\\/kuali.com.mx\\\/web\\\/#website\",\"url\":\"https:\\\/\\\/kuali.com.mx\\\/web\\\/\",\"name\":\"Kuali\",\"description\":\"\",\"potentialAction\":[{\"@type\":\"SearchAction\",\"target\":{\"@type\":\"EntryPoint\",\"urlTemplate\":\"https:\\\/\\\/kuali.com.mx\\\/web\\\/?s={search_term_string}\"},\"query-input\":{\"@type\":\"PropertyValueSpecification\",\"valueRequired\":true,\"valueName\":\"search_term_string\"}}],\"inLanguage\":\"es\"},{\"@type\":\"Person\",\"@id\":\"https:\\\/\\\/kuali.com.mx\\\/web\\\/#\\\/schema\\\/person\\\/6f89ffa8ecba9dae50662357923c5289\",\"name\":\"Kuali Staff\",\"image\":{\"@type\":\"ImageObject\",\"inLanguage\":\"es\",\"@id\":\"https:\\\/\\\/secure.gravatar.com\\\/avatar\\\/f917ad82e5ab71227a733c78b6e60715476f69ee6be59feee4eb5d9920c89e0f?s=96&d=mm&r=g\",\"url\":\"https:\\\/\\\/secure.gravatar.com\\\/avatar\\\/f917ad82e5ab71227a733c78b6e60715476f69ee6be59feee4eb5d9920c89e0f?s=96&d=mm&r=g\",\"contentUrl\":\"https:\\\/\\\/secure.gravatar.com\\\/avatar\\\/f917ad82e5ab71227a733c78b6e60715476f69ee6be59feee4eb5d9920c89e0f?s=96&d=mm&r=g\",\"caption\":\"Kuali Staff\"},\"url\":\"https:\\\/\\\/kuali.com.mx\\\/web\\\/author\\\/lagarto\\\/\"}]}<\/script>\n<!-- \/ Yoast SEO plugin. -->","yoast_head_json":{"title":"ALCALDE DE PUR\u00cdSIMA LLAMA A PROTEGER LA VIDA - Kuali","robots":{"index":"index","follow":"follow","max-snippet":"max-snippet:-1","max-image-preview":"max-image-preview:large","max-video-preview":"max-video-preview:-1"},"canonical":"https:\/\/kuali.com.mx\/web\/2024\/01\/14\/alcalde-de-purisima-llama-a-proteger-la-vida\/","og_locale":"es_MX","og_type":"article","og_title":"ALCALDE DE PUR\u00cdSIMA LLAMA A PROTEGER LA VIDA - Kuali","og_description":"Kuali\/Pur\u00edsima del Rinc\u00f3n, Gto.- Al presidir los festejos por el 421 aniversario de la fundaci\u00f3n del municipio, el alcalde Roberto Garc\u00eda Urbano, hizo un llamado a cuidar la vida, respetar el agua y proteger el entorno de Pur\u00edsima del Rinc\u00f3n. Este s\u00e1bado, integrantes del H. Ayuntamiento y de la Administraci\u00f3n Municipal, festejaron al Municipio por [&hellip;]","og_url":"https:\/\/kuali.com.mx\/web\/2024\/01\/14\/alcalde-de-purisima-llama-a-proteger-la-vida\/","og_site_name":"Kuali","article_publisher":"https:\/\/kuali.com.mx\/web\/wp-content\/uploads\/2018\/04\/cropped-kuali_logo-1-1.png","article_published_time":"2024-01-14T20:10:01+00:00","article_modified_time":"2024-01-14T20:48:08+00:00","og_image":[{"width":1700,"height":750,"url":"https:\/\/kuali.com.mx\/web\/wp-content\/uploads\/2024\/01\/Aniversario-fundacion-Purisima-del-R-2.gif","type":"image\/gif"}],"author":"Kuali Staff","twitter_card":"summary_large_image","twitter_creator":"@kuali_noticias","twitter_site":"@kuali_noticias","twitter_misc":{"Escrito por":"Kuali Staff","Tiempo de lectura":"3 minutos"},"schema":{"@context":"https:\/\/schema.org","@graph":[{"@type":"Article","@id":"https:\/\/kuali.com.mx\/web\/2024\/01\/14\/alcalde-de-purisima-llama-a-proteger-la-vida\/#article","isPartOf":{"@id":"https:\/\/kuali.com.mx\/web\/2024\/01\/14\/alcalde-de-purisima-llama-a-proteger-la-vida\/"},"author":{"name":"Kuali Staff","@id":"https:\/\/kuali.com.mx\/web\/#\/schema\/person\/6f89ffa8ecba9dae50662357923c5289"},"headline":"ALCALDE DE PUR\u00cdSIMA LLAMA A PROTEGER LA VIDA","datePublished":"2024-01-14T20:10:01+00:00","dateModified":"2024-01-14T20:48:08+00:00","mainEntityOfPage":{"@id":"https:\/\/kuali.com.mx\/web\/2024\/01\/14\/alcalde-de-purisima-llama-a-proteger-la-vida\/"},"wordCount":698,"commentCount":0,"image":{"@id":"https:\/\/kuali.com.mx\/web\/2024\/01\/14\/alcalde-de-purisima-llama-a-proteger-la-vida\/#primaryimage"},"thumbnailUrl":"https:\/\/kuali.com.mx\/web\/wp-content\/uploads\/2024\/01\/Aniversario-fundacion-Purisima-del-R-2.gif","keywords":["Desfile","Fundaci\u00f3n","Guamares","Pur\u00edsima del Rinc\u00f3n"],"articleSection":["Pol\u00edtica"],"inLanguage":"es","potentialAction":[{"@type":"CommentAction","name":"Comment","target":["https:\/\/kuali.com.mx\/web\/2024\/01\/14\/alcalde-de-purisima-llama-a-proteger-la-vida\/#respond"]}]},{"@type":"WebPage","@id":"https:\/\/kuali.com.mx\/web\/2024\/01\/14\/alcalde-de-purisima-llama-a-proteger-la-vida\/","url":"https:\/\/kuali.com.mx\/web\/2024\/01\/14\/alcalde-de-purisima-llama-a-proteger-la-vida\/","name":"ALCALDE DE PUR\u00cdSIMA LLAMA A PROTEGER LA VIDA - Kuali","isPartOf":{"@id":"https:\/\/kuali.com.mx\/web\/#website"},"primaryImageOfPage":{"@id":"https:\/\/kuali.com.mx\/web\/2024\/01\/14\/alcalde-de-purisima-llama-a-proteger-la-vida\/#primaryimage"},"image":{"@id":"https:\/\/kuali.com.mx\/web\/2024\/01\/14\/alcalde-de-purisima-llama-a-proteger-la-vida\/#primaryimage"},"thumbnailUrl":"https:\/\/kuali.com.mx\/web\/wp-content\/uploads\/2024\/01\/Aniversario-fundacion-Purisima-del-R-2.gif","datePublished":"2024-01-14T20:10:01+00:00","dateModified":"2024-01-14T20:48:08+00:00","author":{"@id":"https:\/\/kuali.com.mx\/web\/#\/schema\/person\/6f89ffa8ecba9dae50662357923c5289"},"breadcrumb":{"@id":"https:\/\/kuali.com.mx\/web\/2024\/01\/14\/alcalde-de-purisima-llama-a-proteger-la-vida\/#breadcrumb"},"inLanguage":"es","potentialAction":[{"@type":"ReadAction","target":["https:\/\/kuali.com.mx\/web\/2024\/01\/14\/alcalde-de-purisima-llama-a-proteger-la-vida\/"]}]},{"@type":"ImageObject","inLanguage":"es","@id":"https:\/\/kuali.com.mx\/web\/2024\/01\/14\/alcalde-de-purisima-llama-a-proteger-la-vida\/#primaryimage","url":"https:\/\/kuali.com.mx\/web\/wp-content\/uploads\/2024\/01\/Aniversario-fundacion-Purisima-del-R-2.gif","contentUrl":"https:\/\/kuali.com.mx\/web\/wp-content\/uploads\/2024\/01\/Aniversario-fundacion-Purisima-del-R-2.gif","width":1700,"height":750},{"@type":"BreadcrumbList","@id":"https:\/\/kuali.com.mx\/web\/2024\/01\/14\/alcalde-de-purisima-llama-a-proteger-la-vida\/#breadcrumb","itemListElement":[{"@type":"ListItem","position":1,"name":"Inicio","item":"https:\/\/kuali.com.mx\/web\/"},{"@type":"ListItem","position":2,"name":"ALCALDE DE PUR\u00cdSIMA LLAMA A PROTEGER LA VIDA"}]},{"@type":"WebSite","@id":"https:\/\/kuali.com.mx\/web\/#website","url":"https:\/\/kuali.com.mx\/web\/","name":"Kuali","description":"","potentialAction":[{"@type":"SearchAction","target":{"@type":"EntryPoint","urlTemplate":"https:\/\/kuali.com.mx\/web\/?s={search_term_string}"},"query-input":{"@type":"PropertyValueSpecification","valueRequired":true,"valueName":"search_term_string"}}],"inLanguage":"es"},{"@type":"Person","@id":"https:\/\/kuali.com.mx\/web\/#\/schema\/person\/6f89ffa8ecba9dae50662357923c5289","name":"Kuali Staff","image":{"@type":"ImageObject","inLanguage":"es","@id":"https:\/\/secure.gravatar.com\/avatar\/f917ad82e5ab71227a733c78b6e60715476f69ee6be59feee4eb5d9920c89e0f?s=96&d=mm&r=g","url":"https:\/\/secure.gravatar.com\/avatar\/f917ad82e5ab71227a733c78b6e60715476f69ee6be59feee4eb5d9920c89e0f?s=96&d=mm&r=g","contentUrl":"https:\/\/secure.gravatar.com\/avatar\/f917ad82e5ab71227a733c78b6e60715476f69ee6be59feee4eb5d9920c89e0f?s=96&d=mm&r=g","caption":"Kuali Staff"},"url":"https:\/\/kuali.com.mx\/web\/author\/lagarto\/"}]}},"_links":{"self":[{"href":"https:\/\/kuali.com.mx\/web\/wp-json\/wp\/v2\/posts\/134123","targetHints":{"allow":["GET"]}}],"collection":[{"href":"https:\/\/kuali.com.mx\/web\/wp-json\/wp\/v2\/posts"}],"about":[{"href":"https:\/\/kuali.com.mx\/web\/wp-json\/wp\/v2\/types\/post"}],"author":[{"embeddable":true,"href":"https:\/\/kuali.com.mx\/web\/wp-json\/wp\/v2\/users\/2"}],"replies":[{"embeddable":true,"href":"https:\/\/kuali.com.mx\/web\/wp-json\/wp\/v2\/comments?post=134123"}],"version-history":[{"count":1,"href":"https:\/\/kuali.com.mx\/web\/wp-json\/wp\/v2\/posts\/134123\/revisions"}],"predecessor-version":[{"id":134140,"href":"https:\/\/kuali.com.mx\/web\/wp-json\/wp\/v2\/posts\/134123\/revisions\/134140"}],"wp:featuredmedia":[{"embeddable":true,"href":"https:\/\/kuali.com.mx\/web\/wp-json\/wp\/v2\/media\/134132"}],"wp:attachment":[{"href":"https:\/\/kuali.com.mx\/web\/wp-json\/wp\/v2\/media?parent=134123"}],"wp:term":[{"taxonomy":"category","embeddable":true,"href":"https:\/\/kuali.com.mx\/web\/wp-json\/wp\/v2\/categories?post=134123"},{"taxonomy":"post_tag","embeddable":true,"href":"https:\/\/kuali.com.mx\/web\/wp-json\/wp\/v2\/tags?post=134123"}],"curies":[{"name":"wp","href":"https:\/\/api.w.org\/{rel}","templated":true}]}}