{"id":133949,"date":"2024-01-11T13:35:34","date_gmt":"2024-01-11T19:35:34","guid":{"rendered":"https:\/\/kuali.com.mx\/web\/?p=133949"},"modified":"2024-01-12T09:31:38","modified_gmt":"2024-01-12T15:31:38","slug":"no-hubo-robos-en-escuelas-en-las-vacaciones","status":"publish","type":"post","link":"https:\/\/kuali.com.mx\/web\/2024\/01\/11\/no-hubo-robos-en-escuelas-en-las-vacaciones\/","title":{"rendered":"NO HUBO ROBOS EN ESCUELAS EN LAS VACACIONES"},"content":{"rendered":"\n<p><strong>Milagros Tadeo\/Le\u00f3n, Gto.-<\/strong>&nbsp;Durante la presente temporada vacacional no se han registrado robos a escuelas.<\/p>\n\n\n\n<p>Lo anterior lo dio a conocer el delegado de la SEG en Le\u00f3n, Alfredo Ling Altamirano, inform\u00f3 que a unos d\u00edas de que los ni\u00f1os regresen a la escuela, el pr\u00f3ximo lunes 15 de enero, no hay ning\u00fan incidente que lamentar en las mil 446 escuelas de educaci\u00f3n b\u00e1sica que hay en la zona urbana y suburbana del municipio.<\/p>\n\n\n\n<p>\u201cSer\u00eda extraordinario que no tuvi\u00e9ramos ning\u00fan incidente. En esta ocasi\u00f3n y con la experiencia de a\u00f1os anteriores, lo que pudimos organizar, gracias a la colaboraci\u00f3n de los comit\u00e9s de padres de familia, ellos tienen un comit\u00e9 de vigilancia\u201d, dijo.<\/p>\n\n\n\n<p>Resalt\u00f3 que la coordinaci\u00f3n entre las autoridades educativas y los comit\u00e9s de vigilancia de los padres de familia para cuidar las escuelas durante las vacaciones de fin de a\u00f1o, fue el factor que provoc\u00f3 ahuyentar a los delincuentes de los recintos educativos.<\/p>\n\n\n\n<p>\u201cPero esto inhibe de alguna manera y nos ayuda porque la escuela es de todos y la comunidad educativa se pone las pilas a prop\u00f3sito de estos temas y ayuda mucho para inhibir\u201d, destac\u00f3.<\/p>\n\n\n\n<p>Finalmente, Ling Altamirano refiri\u00f3 que la vigilancia a los recintos educativos no solo se da durante los periodos vacaciones sino tambi\u00e9n durante los fines de semana, estrategia que ha propiciado que durante lo que va del ciclo escolar no se tenga registro de alg\u00fan robo a escuelas.&nbsp;<\/p>\n","protected":false},"excerpt":{"rendered":"Milagros Tadeo\/Le\u00f3n, Gto.-&nbsp;Durante la presente temporada vacacional no se han registrado robos a escuelas. Lo anterior lo dio a conocer el delegado de la SEG en Le\u00f3n, Alfredo Ling Altamirano, inform\u00f3 que a unos d\u00edas de que los ni\u00f1os regresen a la escuela, el pr\u00f3ximo lunes 15 de enero, no hay ning\u00fan incidente que lamentar [&hellip;]","protected":false},"author":2,"featured_media":112354,"comment_status":"open","ping_status":"open","sticky":false,"template":"","format":"standard","meta":{"_seopress_robots_primary_cat":"none","_seopress_titles_title":"","_seopress_titles_desc":"","_seopress_robots_index":"","_monsterinsights_skip_tracking":false,"_monsterinsights_sitenote_active":false,"_monsterinsights_sitenote_note":"","_monsterinsights_sitenote_category":0,"footnotes":""},"categories":[4],"tags":[],"class_list":["post-133949","post","type-post","status-publish","format-standard","has-post-thumbnail","hentry","category-educacion"],"yoast_head":"<!-- This site is optimized with the Yoast SEO plugin v27.4 - https:\/\/yoast.com\/product\/yoast-seo-wordpress\/ -->\n<title>NO HUBO ROBOS EN ESCUELAS EN LAS VACACIONES - Kuali<\/title>\n<meta name=\"robots\" content=\"index, follow, max-snippet:-1, max-image-preview:large, max-video-preview:-1\" \/>\n<link rel=\"canonical\" href=\"https:\/\/kuali.com.mx\/web\/2024\/01\/11\/no-hubo-robos-en-escuelas-en-las-vacaciones\/\" \/>\n<meta property=\"og:locale\" content=\"es_MX\" \/>\n<meta property=\"og:type\" content=\"article\" \/>\n<meta property=\"og:title\" content=\"NO HUBO ROBOS EN ESCUELAS EN LAS VACACIONES - Kuali\" \/>\n<meta property=\"og:description\" content=\"Milagros Tadeo\/Le\u00f3n, Gto.-&nbsp;Durante la presente temporada vacacional no se han registrado robos a escuelas. Lo anterior lo dio a conocer el delegado de la SEG en Le\u00f3n, Alfredo Ling Altamirano, inform\u00f3 que a unos d\u00edas de que los ni\u00f1os regresen a la escuela, el pr\u00f3ximo lunes 15 de enero, no hay ning\u00fan incidente que lamentar [&hellip;]\" \/>\n<meta property=\"og:url\" content=\"https:\/\/kuali.com.mx\/web\/2024\/01\/11\/no-hubo-robos-en-escuelas-en-las-vacaciones\/\" \/>\n<meta property=\"og:site_name\" content=\"Kuali\" \/>\n<meta property=\"article:publisher\" content=\"https:\/\/kuali.com.mx\/web\/wp-content\/uploads\/2018\/04\/cropped-kuali_logo-1-1.png\" \/>\n<meta property=\"article:published_time\" content=\"2024-01-11T19:35:34+00:00\" \/>\n<meta property=\"article:modified_time\" content=\"2024-01-12T15:31:38+00:00\" \/>\n<meta property=\"og:image\" content=\"https:\/\/kuali.com.mx\/web\/wp-content\/uploads\/2023\/02\/Escuela_CECyTE.gif\" \/>\n\t<meta property=\"og:image:width\" content=\"1700\" \/>\n\t<meta property=\"og:image:height\" content=\"750\" \/>\n\t<meta property=\"og:image:type\" content=\"image\/gif\" \/>\n<meta name=\"author\" content=\"Kuali Staff\" \/>\n<meta name=\"twitter:card\" content=\"summary_large_image\" \/>\n<meta name=\"twitter:creator\" content=\"@kuali_noticias\" \/>\n<meta name=\"twitter:site\" content=\"@kuali_noticias\" \/>\n<meta name=\"twitter:label1\" content=\"Escrito por\" \/>\n\t<meta name=\"twitter:data1\" content=\"Kuali Staff\" \/>\n\t<meta name=\"twitter:label2\" content=\"Tiempo de lectura\" \/>\n\t<meta name=\"twitter:data2\" content=\"1 minuto\" \/>\n<script type=\"application\/ld+json\" class=\"yoast-schema-graph\">{\"@context\":\"https:\\\/\\\/schema.org\",\"@graph\":[{\"@type\":\"Article\",\"@id\":\"https:\\\/\\\/kuali.com.mx\\\/web\\\/2024\\\/01\\\/11\\\/no-hubo-robos-en-escuelas-en-las-vacaciones\\\/#article\",\"isPartOf\":{\"@id\":\"https:\\\/\\\/kuali.com.mx\\\/web\\\/2024\\\/01\\\/11\\\/no-hubo-robos-en-escuelas-en-las-vacaciones\\\/\"},\"author\":{\"name\":\"Kuali Staff\",\"@id\":\"https:\\\/\\\/kuali.com.mx\\\/web\\\/#\\\/schema\\\/person\\\/6f89ffa8ecba9dae50662357923c5289\"},\"headline\":\"NO HUBO ROBOS EN ESCUELAS EN LAS VACACIONES\",\"datePublished\":\"2024-01-11T19:35:34+00:00\",\"dateModified\":\"2024-01-12T15:31:38+00:00\",\"mainEntityOfPage\":{\"@id\":\"https:\\\/\\\/kuali.com.mx\\\/web\\\/2024\\\/01\\\/11\\\/no-hubo-robos-en-escuelas-en-las-vacaciones\\\/\"},\"wordCount\":267,\"commentCount\":0,\"image\":{\"@id\":\"https:\\\/\\\/kuali.com.mx\\\/web\\\/2024\\\/01\\\/11\\\/no-hubo-robos-en-escuelas-en-las-vacaciones\\\/#primaryimage\"},\"thumbnailUrl\":\"https:\\\/\\\/kuali.com.mx\\\/web\\\/wp-content\\\/uploads\\\/2023\\\/02\\\/Escuela_CECyTE.gif\",\"articleSection\":[\"Educaci\u00f3n\"],\"inLanguage\":\"es\",\"potentialAction\":[{\"@type\":\"CommentAction\",\"name\":\"Comment\",\"target\":[\"https:\\\/\\\/kuali.com.mx\\\/web\\\/2024\\\/01\\\/11\\\/no-hubo-robos-en-escuelas-en-las-vacaciones\\\/#respond\"]}]},{\"@type\":\"WebPage\",\"@id\":\"https:\\\/\\\/kuali.com.mx\\\/web\\\/2024\\\/01\\\/11\\\/no-hubo-robos-en-escuelas-en-las-vacaciones\\\/\",\"url\":\"https:\\\/\\\/kuali.com.mx\\\/web\\\/2024\\\/01\\\/11\\\/no-hubo-robos-en-escuelas-en-las-vacaciones\\\/\",\"name\":\"NO HUBO ROBOS EN ESCUELAS EN LAS VACACIONES - Kuali\",\"isPartOf\":{\"@id\":\"https:\\\/\\\/kuali.com.mx\\\/web\\\/#website\"},\"primaryImageOfPage\":{\"@id\":\"https:\\\/\\\/kuali.com.mx\\\/web\\\/2024\\\/01\\\/11\\\/no-hubo-robos-en-escuelas-en-las-vacaciones\\\/#primaryimage\"},\"image\":{\"@id\":\"https:\\\/\\\/kuali.com.mx\\\/web\\\/2024\\\/01\\\/11\\\/no-hubo-robos-en-escuelas-en-las-vacaciones\\\/#primaryimage\"},\"thumbnailUrl\":\"https:\\\/\\\/kuali.com.mx\\\/web\\\/wp-content\\\/uploads\\\/2023\\\/02\\\/Escuela_CECyTE.gif\",\"datePublished\":\"2024-01-11T19:35:34+00:00\",\"dateModified\":\"2024-01-12T15:31:38+00:00\",\"author\":{\"@id\":\"https:\\\/\\\/kuali.com.mx\\\/web\\\/#\\\/schema\\\/person\\\/6f89ffa8ecba9dae50662357923c5289\"},\"breadcrumb\":{\"@id\":\"https:\\\/\\\/kuali.com.mx\\\/web\\\/2024\\\/01\\\/11\\\/no-hubo-robos-en-escuelas-en-las-vacaciones\\\/#breadcrumb\"},\"inLanguage\":\"es\",\"potentialAction\":[{\"@type\":\"ReadAction\",\"target\":[\"https:\\\/\\\/kuali.com.mx\\\/web\\\/2024\\\/01\\\/11\\\/no-hubo-robos-en-escuelas-en-las-vacaciones\\\/\"]}]},{\"@type\":\"ImageObject\",\"inLanguage\":\"es\",\"@id\":\"https:\\\/\\\/kuali.com.mx\\\/web\\\/2024\\\/01\\\/11\\\/no-hubo-robos-en-escuelas-en-las-vacaciones\\\/#primaryimage\",\"url\":\"https:\\\/\\\/kuali.com.mx\\\/web\\\/wp-content\\\/uploads\\\/2023\\\/02\\\/Escuela_CECyTE.gif\",\"contentUrl\":\"https:\\\/\\\/kuali.com.mx\\\/web\\\/wp-content\\\/uploads\\\/2023\\\/02\\\/Escuela_CECyTE.gif\",\"width\":1700,\"height\":750},{\"@type\":\"BreadcrumbList\",\"@id\":\"https:\\\/\\\/kuali.com.mx\\\/web\\\/2024\\\/01\\\/11\\\/no-hubo-robos-en-escuelas-en-las-vacaciones\\\/#breadcrumb\",\"itemListElement\":[{\"@type\":\"ListItem\",\"position\":1,\"name\":\"Inicio\",\"item\":\"https:\\\/\\\/kuali.com.mx\\\/web\\\/\"},{\"@type\":\"ListItem\",\"position\":2,\"name\":\"NO HUBO ROBOS EN ESCUELAS EN LAS VACACIONES\"}]},{\"@type\":\"WebSite\",\"@id\":\"https:\\\/\\\/kuali.com.mx\\\/web\\\/#website\",\"url\":\"https:\\\/\\\/kuali.com.mx\\\/web\\\/\",\"name\":\"Kuali\",\"description\":\"\",\"potentialAction\":[{\"@type\":\"SearchAction\",\"target\":{\"@type\":\"EntryPoint\",\"urlTemplate\":\"https:\\\/\\\/kuali.com.mx\\\/web\\\/?s={search_term_string}\"},\"query-input\":{\"@type\":\"PropertyValueSpecification\",\"valueRequired\":true,\"valueName\":\"search_term_string\"}}],\"inLanguage\":\"es\"},{\"@type\":\"Person\",\"@id\":\"https:\\\/\\\/kuali.com.mx\\\/web\\\/#\\\/schema\\\/person\\\/6f89ffa8ecba9dae50662357923c5289\",\"name\":\"Kuali Staff\",\"image\":{\"@type\":\"ImageObject\",\"inLanguage\":\"es\",\"@id\":\"https:\\\/\\\/secure.gravatar.com\\\/avatar\\\/f917ad82e5ab71227a733c78b6e60715476f69ee6be59feee4eb5d9920c89e0f?s=96&d=mm&r=g\",\"url\":\"https:\\\/\\\/secure.gravatar.com\\\/avatar\\\/f917ad82e5ab71227a733c78b6e60715476f69ee6be59feee4eb5d9920c89e0f?s=96&d=mm&r=g\",\"contentUrl\":\"https:\\\/\\\/secure.gravatar.com\\\/avatar\\\/f917ad82e5ab71227a733c78b6e60715476f69ee6be59feee4eb5d9920c89e0f?s=96&d=mm&r=g\",\"caption\":\"Kuali Staff\"},\"url\":\"https:\\\/\\\/kuali.com.mx\\\/web\\\/author\\\/lagarto\\\/\"}]}<\/script>\n<!-- \/ Yoast SEO plugin. -->","yoast_head_json":{"title":"NO HUBO ROBOS EN ESCUELAS EN LAS VACACIONES - Kuali","robots":{"index":"index","follow":"follow","max-snippet":"max-snippet:-1","max-image-preview":"max-image-preview:large","max-video-preview":"max-video-preview:-1"},"canonical":"https:\/\/kuali.com.mx\/web\/2024\/01\/11\/no-hubo-robos-en-escuelas-en-las-vacaciones\/","og_locale":"es_MX","og_type":"article","og_title":"NO HUBO ROBOS EN ESCUELAS EN LAS VACACIONES - Kuali","og_description":"Milagros Tadeo\/Le\u00f3n, Gto.-&nbsp;Durante la presente temporada vacacional no se han registrado robos a escuelas. Lo anterior lo dio a conocer el delegado de la SEG en Le\u00f3n, Alfredo Ling Altamirano, inform\u00f3 que a unos d\u00edas de que los ni\u00f1os regresen a la escuela, el pr\u00f3ximo lunes 15 de enero, no hay ning\u00fan incidente que lamentar [&hellip;]","og_url":"https:\/\/kuali.com.mx\/web\/2024\/01\/11\/no-hubo-robos-en-escuelas-en-las-vacaciones\/","og_site_name":"Kuali","article_publisher":"https:\/\/kuali.com.mx\/web\/wp-content\/uploads\/2018\/04\/cropped-kuali_logo-1-1.png","article_published_time":"2024-01-11T19:35:34+00:00","article_modified_time":"2024-01-12T15:31:38+00:00","og_image":[{"width":1700,"height":750,"url":"https:\/\/kuali.com.mx\/web\/wp-content\/uploads\/2023\/02\/Escuela_CECyTE.gif","type":"image\/gif"}],"author":"Kuali Staff","twitter_card":"summary_large_image","twitter_creator":"@kuali_noticias","twitter_site":"@kuali_noticias","twitter_misc":{"Escrito por":"Kuali Staff","Tiempo de lectura":"1 minuto"},"schema":{"@context":"https:\/\/schema.org","@graph":[{"@type":"Article","@id":"https:\/\/kuali.com.mx\/web\/2024\/01\/11\/no-hubo-robos-en-escuelas-en-las-vacaciones\/#article","isPartOf":{"@id":"https:\/\/kuali.com.mx\/web\/2024\/01\/11\/no-hubo-robos-en-escuelas-en-las-vacaciones\/"},"author":{"name":"Kuali Staff","@id":"https:\/\/kuali.com.mx\/web\/#\/schema\/person\/6f89ffa8ecba9dae50662357923c5289"},"headline":"NO HUBO ROBOS EN ESCUELAS EN LAS VACACIONES","datePublished":"2024-01-11T19:35:34+00:00","dateModified":"2024-01-12T15:31:38+00:00","mainEntityOfPage":{"@id":"https:\/\/kuali.com.mx\/web\/2024\/01\/11\/no-hubo-robos-en-escuelas-en-las-vacaciones\/"},"wordCount":267,"commentCount":0,"image":{"@id":"https:\/\/kuali.com.mx\/web\/2024\/01\/11\/no-hubo-robos-en-escuelas-en-las-vacaciones\/#primaryimage"},"thumbnailUrl":"https:\/\/kuali.com.mx\/web\/wp-content\/uploads\/2023\/02\/Escuela_CECyTE.gif","articleSection":["Educaci\u00f3n"],"inLanguage":"es","potentialAction":[{"@type":"CommentAction","name":"Comment","target":["https:\/\/kuali.com.mx\/web\/2024\/01\/11\/no-hubo-robos-en-escuelas-en-las-vacaciones\/#respond"]}]},{"@type":"WebPage","@id":"https:\/\/kuali.com.mx\/web\/2024\/01\/11\/no-hubo-robos-en-escuelas-en-las-vacaciones\/","url":"https:\/\/kuali.com.mx\/web\/2024\/01\/11\/no-hubo-robos-en-escuelas-en-las-vacaciones\/","name":"NO HUBO ROBOS EN ESCUELAS EN LAS VACACIONES - Kuali","isPartOf":{"@id":"https:\/\/kuali.com.mx\/web\/#website"},"primaryImageOfPage":{"@id":"https:\/\/kuali.com.mx\/web\/2024\/01\/11\/no-hubo-robos-en-escuelas-en-las-vacaciones\/#primaryimage"},"image":{"@id":"https:\/\/kuali.com.mx\/web\/2024\/01\/11\/no-hubo-robos-en-escuelas-en-las-vacaciones\/#primaryimage"},"thumbnailUrl":"https:\/\/kuali.com.mx\/web\/wp-content\/uploads\/2023\/02\/Escuela_CECyTE.gif","datePublished":"2024-01-11T19:35:34+00:00","dateModified":"2024-01-12T15:31:38+00:00","author":{"@id":"https:\/\/kuali.com.mx\/web\/#\/schema\/person\/6f89ffa8ecba9dae50662357923c5289"},"breadcrumb":{"@id":"https:\/\/kuali.com.mx\/web\/2024\/01\/11\/no-hubo-robos-en-escuelas-en-las-vacaciones\/#breadcrumb"},"inLanguage":"es","potentialAction":[{"@type":"ReadAction","target":["https:\/\/kuali.com.mx\/web\/2024\/01\/11\/no-hubo-robos-en-escuelas-en-las-vacaciones\/"]}]},{"@type":"ImageObject","inLanguage":"es","@id":"https:\/\/kuali.com.mx\/web\/2024\/01\/11\/no-hubo-robos-en-escuelas-en-las-vacaciones\/#primaryimage","url":"https:\/\/kuali.com.mx\/web\/wp-content\/uploads\/2023\/02\/Escuela_CECyTE.gif","contentUrl":"https:\/\/kuali.com.mx\/web\/wp-content\/uploads\/2023\/02\/Escuela_CECyTE.gif","width":1700,"height":750},{"@type":"BreadcrumbList","@id":"https:\/\/kuali.com.mx\/web\/2024\/01\/11\/no-hubo-robos-en-escuelas-en-las-vacaciones\/#breadcrumb","itemListElement":[{"@type":"ListItem","position":1,"name":"Inicio","item":"https:\/\/kuali.com.mx\/web\/"},{"@type":"ListItem","position":2,"name":"NO HUBO ROBOS EN ESCUELAS EN LAS VACACIONES"}]},{"@type":"WebSite","@id":"https:\/\/kuali.com.mx\/web\/#website","url":"https:\/\/kuali.com.mx\/web\/","name":"Kuali","description":"","potentialAction":[{"@type":"SearchAction","target":{"@type":"EntryPoint","urlTemplate":"https:\/\/kuali.com.mx\/web\/?s={search_term_string}"},"query-input":{"@type":"PropertyValueSpecification","valueRequired":true,"valueName":"search_term_string"}}],"inLanguage":"es"},{"@type":"Person","@id":"https:\/\/kuali.com.mx\/web\/#\/schema\/person\/6f89ffa8ecba9dae50662357923c5289","name":"Kuali Staff","image":{"@type":"ImageObject","inLanguage":"es","@id":"https:\/\/secure.gravatar.com\/avatar\/f917ad82e5ab71227a733c78b6e60715476f69ee6be59feee4eb5d9920c89e0f?s=96&d=mm&r=g","url":"https:\/\/secure.gravatar.com\/avatar\/f917ad82e5ab71227a733c78b6e60715476f69ee6be59feee4eb5d9920c89e0f?s=96&d=mm&r=g","contentUrl":"https:\/\/secure.gravatar.com\/avatar\/f917ad82e5ab71227a733c78b6e60715476f69ee6be59feee4eb5d9920c89e0f?s=96&d=mm&r=g","caption":"Kuali Staff"},"url":"https:\/\/kuali.com.mx\/web\/author\/lagarto\/"}]}},"_links":{"self":[{"href":"https:\/\/kuali.com.mx\/web\/wp-json\/wp\/v2\/posts\/133949","targetHints":{"allow":["GET"]}}],"collection":[{"href":"https:\/\/kuali.com.mx\/web\/wp-json\/wp\/v2\/posts"}],"about":[{"href":"https:\/\/kuali.com.mx\/web\/wp-json\/wp\/v2\/types\/post"}],"author":[{"embeddable":true,"href":"https:\/\/kuali.com.mx\/web\/wp-json\/wp\/v2\/users\/2"}],"replies":[{"embeddable":true,"href":"https:\/\/kuali.com.mx\/web\/wp-json\/wp\/v2\/comments?post=133949"}],"version-history":[{"count":2,"href":"https:\/\/kuali.com.mx\/web\/wp-json\/wp\/v2\/posts\/133949\/revisions"}],"predecessor-version":[{"id":133986,"href":"https:\/\/kuali.com.mx\/web\/wp-json\/wp\/v2\/posts\/133949\/revisions\/133986"}],"wp:featuredmedia":[{"embeddable":true,"href":"https:\/\/kuali.com.mx\/web\/wp-json\/wp\/v2\/media\/112354"}],"wp:attachment":[{"href":"https:\/\/kuali.com.mx\/web\/wp-json\/wp\/v2\/media?parent=133949"}],"wp:term":[{"taxonomy":"category","embeddable":true,"href":"https:\/\/kuali.com.mx\/web\/wp-json\/wp\/v2\/categories?post=133949"},{"taxonomy":"post_tag","embeddable":true,"href":"https:\/\/kuali.com.mx\/web\/wp-json\/wp\/v2\/tags?post=133949"}],"curies":[{"name":"wp","href":"https:\/\/api.w.org\/{rel}","templated":true}]}}