{"id":133928,"date":"2024-01-11T13:47:03","date_gmt":"2024-01-11T19:47:03","guid":{"rendered":"https:\/\/kuali.com.mx\/web\/?p=133928"},"modified":"2024-01-11T13:47:05","modified_gmt":"2024-01-11T19:47:05","slug":"aprueban-revalidacion-a-onix-critica-morena-contrato-con-la-feria","status":"publish","type":"post","link":"https:\/\/kuali.com.mx\/web\/2024\/01\/11\/aprueban-revalidacion-a-onix-critica-morena-contrato-con-la-feria\/","title":{"rendered":"APRUEBAN REVALIDACI\u00d3N A ONIX; CRITICA MORENA CONTRATO CON LA FERIA"},"content":{"rendered":"\n<p><strong><em>Carlos Garc\u00eda\/Le\u00f3n, Gto.-\u00a0<\/em><\/strong> Con el voto en contra de los tres regidores de Morena, el Ayuntamiento de Le\u00f3n aprob\u00f3 la revalidaci\u00f3n del acuerdo de conformidad para la empresa de seguridad privada Onix, quien tiene un contrato con el Patronato de la Feria para dar servicio en el Foro Mazda.<\/p>\n\n\n\n<p>Uno de los funcionarios de las empresas que participaron en la convocatoria para brindar la seguridad en los conciertos de la Feria, denunci\u00f3 que Onix no contaba con la manifestaci\u00f3n de conformidad y que no estaba incluido en el proceso.<\/p>\n\n\n\n<p>Sostuvo que las que cumplieron con todos los requisitos fueron Seprel y Titanium, pero el patronato opt\u00f3 por Onix. &nbsp;La empresa asignar\u00e1 un promedio de 50 guardias de seguridad para 21 conciertos del Foro Mazda.<\/p>\n\n\n\n<p>En sesi\u00f3n del Cabildo, los regidores de Morena, Antonio Cabrera Mor\u00f3n, Gabriela Echeverr\u00eda Gonz\u00e1lez y Erika Rocha Rivera cuestionaron que la Feria otorgar\u00e1 un contrato a Onix, a pesar de que carec\u00eda de la revalidaci\u00f3n.<\/p>\n\n\n\n<p>La Contralor\u00eda debe investigar el proceso de designaci\u00f3n del contrato porque el patronato puede tener \u201calgunos favoritismos\u201d, dijo Cabrera Mor\u00f3n.<\/p>\n\n\n\n<p>La s\u00edndico del Ayuntamiento, Leticia Villegas Nava, manifest\u00f3 que Onix es una empresa consolidada que desde el a\u00f1o 2015 y es capacitadora en el Instituto de Formaci\u00f3n en Seguridad P\u00fablica del Estado (Infospe).<\/p>\n\n\n\n<p>El 30 de octubre del 2023, Onix solicit\u00f3 la revalidaci\u00f3n del acuerdo de conformidad, el 22 de noviembre fue radicada a la Comisi\u00f3n de Gobierno y fue aprobada el 13 de diciembre, record\u00f3.<\/p>\n\n\n\n<p>La regidora panista, Jared Gonz\u00e1lez M\u00e1rquez, resalt\u00f3 que la empresa tiene a salvo sus derechos porque solicit\u00f3 la revalidaci\u00f3n en el tiempo que marca el Reglamento Municipal de Seguridad Privada.<\/p>\n\n\n\n<p>Antonio Cabrera cuestion\u00f3 que el Patronato asignara el contrato a Onix, a pesar de que hab\u00eda otras empresas que ten\u00edan todos sus permisos vigentes. \u201cEso es una actitud sospechosa\u201d, consider\u00f3.<\/p>\n\n\n\n<p>No suficiente que haya presentado la solicitud de revalidaci\u00f3n para que sea contratada por la Feria de Le\u00f3n \u201cporque no se garantiza que se le vaya aprobar la conformidad\u201d, argument\u00f3 la regidora Erika Rocha.<\/p>\n\n\n\n<p>Pidi\u00f3 el expediente de la convocatoria para revisar el proceso para &nbsp;la contrataci\u00f3n de la seguridad privada.<\/p>\n\n\n\n<p>El s\u00edndico, Arturo S\u00e1nchez Castellanos, resalt\u00f3 que Onix es una empresa con experiencia en el municipio.<\/p>\n\n\n\n<p>La empresa tiene un contrato de 763 mil pesos m\u00e1s IVA y se puede asignar directamente sin problemas, ventil\u00f3. \u201cEs un contrato razonablemente bajo\u201d, sostuvo.<\/p>\n\n\n\n<p>La alcaldesa, Alejandra Guti\u00e9rrez Campos, destac\u00f3 que la empresa cumpli\u00f3 con los requisitos para revalidar el acuerdo de conformidad.<\/p>\n\n\n\n<p>\u201cLo que se habla del contrato con la Feria, importante se\u00f1alar que no es la primera ocasi\u00f3n que, en licitaciones y contrataciones, cuando hay otra empresa que participa y no queda, son los primeros que dicen que estuvo mal el proceso y cuando se revisa est\u00e1 bien. Hay intereses empresariales y econ\u00f3micos\u201d, expuso la presidenta.<\/p>\n\n\n\n<p>Despu\u00e9s de un debate, el Ayuntamiento aprob\u00f3 la revalidaci\u00f3n del permiso para Onix.<\/p>\n","protected":false},"excerpt":{"rendered":"Carlos Garc\u00eda\/Le\u00f3n, Gto.-\u00a0 Con el voto en contra de los tres regidores de Morena, el Ayuntamiento de Le\u00f3n aprob\u00f3 la revalidaci\u00f3n del acuerdo de conformidad para la empresa de seguridad privada Onix, quien tiene un contrato con el Patronato de la Feria para dar servicio en el Foro Mazda. Uno de los funcionarios de las [&hellip;]","protected":false},"author":2,"featured_media":133931,"comment_status":"open","ping_status":"open","sticky":false,"template":"","format":"standard","meta":{"_seopress_robots_primary_cat":"none","_seopress_titles_title":"","_seopress_titles_desc":"","_seopress_robots_index":"","_monsterinsights_skip_tracking":false,"_monsterinsights_sitenote_active":false,"_monsterinsights_sitenote_note":"","_monsterinsights_sitenote_category":0,"footnotes":""},"categories":[3,69],"tags":[],"class_list":["post-133928","post","type-post","status-publish","format-standard","has-post-thumbnail","hentry","category-politica","category-slider"],"yoast_head":"<!-- This site is optimized with the Yoast SEO plugin v27.4 - https:\/\/yoast.com\/product\/yoast-seo-wordpress\/ -->\n<title>APRUEBAN REVALIDACI\u00d3N A ONIX; CRITICA MORENA CONTRATO CON LA FERIA - Kuali<\/title>\n<meta name=\"robots\" content=\"index, follow, max-snippet:-1, max-image-preview:large, max-video-preview:-1\" \/>\n<link rel=\"canonical\" href=\"https:\/\/kuali.com.mx\/web\/2024\/01\/11\/aprueban-revalidacion-a-onix-critica-morena-contrato-con-la-feria\/\" \/>\n<meta property=\"og:locale\" content=\"es_MX\" \/>\n<meta property=\"og:type\" content=\"article\" \/>\n<meta property=\"og:title\" content=\"APRUEBAN REVALIDACI\u00d3N A ONIX; CRITICA MORENA CONTRATO CON LA FERIA - Kuali\" \/>\n<meta property=\"og:description\" content=\"Carlos Garc\u00eda\/Le\u00f3n, Gto.-\u00a0 Con el voto en contra de los tres regidores de Morena, el Ayuntamiento de Le\u00f3n aprob\u00f3 la revalidaci\u00f3n del acuerdo de conformidad para la empresa de seguridad privada Onix, quien tiene un contrato con el Patronato de la Feria para dar servicio en el Foro Mazda. Uno de los funcionarios de las [&hellip;]\" \/>\n<meta property=\"og:url\" content=\"https:\/\/kuali.com.mx\/web\/2024\/01\/11\/aprueban-revalidacion-a-onix-critica-morena-contrato-con-la-feria\/\" \/>\n<meta property=\"og:site_name\" content=\"Kuali\" \/>\n<meta property=\"article:publisher\" content=\"https:\/\/kuali.com.mx\/web\/wp-content\/uploads\/2018\/04\/cropped-kuali_logo-1-1.png\" \/>\n<meta property=\"article:published_time\" content=\"2024-01-11T19:47:03+00:00\" \/>\n<meta property=\"article:modified_time\" content=\"2024-01-11T19:47:05+00:00\" \/>\n<meta property=\"og:image\" content=\"https:\/\/kuali.com.mx\/web\/wp-content\/uploads\/2024\/01\/Regidores-Morena-21-24.jpg\" \/>\n\t<meta property=\"og:image:width\" content=\"1713\" \/>\n\t<meta property=\"og:image:height\" content=\"750\" \/>\n\t<meta property=\"og:image:type\" content=\"image\/jpeg\" \/>\n<meta name=\"author\" content=\"Kuali Staff\" \/>\n<meta name=\"twitter:card\" content=\"summary_large_image\" \/>\n<meta name=\"twitter:creator\" content=\"@kuali_noticias\" \/>\n<meta name=\"twitter:site\" content=\"@kuali_noticias\" \/>\n<meta name=\"twitter:label1\" content=\"Escrito por\" \/>\n\t<meta name=\"twitter:data1\" content=\"Kuali Staff\" \/>\n\t<meta name=\"twitter:label2\" content=\"Tiempo de lectura\" \/>\n\t<meta name=\"twitter:data2\" content=\"3 minutos\" \/>\n<script type=\"application\/ld+json\" class=\"yoast-schema-graph\">{\"@context\":\"https:\\\/\\\/schema.org\",\"@graph\":[{\"@type\":\"Article\",\"@id\":\"https:\\\/\\\/kuali.com.mx\\\/web\\\/2024\\\/01\\\/11\\\/aprueban-revalidacion-a-onix-critica-morena-contrato-con-la-feria\\\/#article\",\"isPartOf\":{\"@id\":\"https:\\\/\\\/kuali.com.mx\\\/web\\\/2024\\\/01\\\/11\\\/aprueban-revalidacion-a-onix-critica-morena-contrato-con-la-feria\\\/\"},\"author\":{\"name\":\"Kuali Staff\",\"@id\":\"https:\\\/\\\/kuali.com.mx\\\/web\\\/#\\\/schema\\\/person\\\/6f89ffa8ecba9dae50662357923c5289\"},\"headline\":\"APRUEBAN REVALIDACI\u00d3N A ONIX; CRITICA MORENA CONTRATO CON LA FERIA\",\"datePublished\":\"2024-01-11T19:47:03+00:00\",\"dateModified\":\"2024-01-11T19:47:05+00:00\",\"mainEntityOfPage\":{\"@id\":\"https:\\\/\\\/kuali.com.mx\\\/web\\\/2024\\\/01\\\/11\\\/aprueban-revalidacion-a-onix-critica-morena-contrato-con-la-feria\\\/\"},\"wordCount\":528,\"commentCount\":0,\"image\":{\"@id\":\"https:\\\/\\\/kuali.com.mx\\\/web\\\/2024\\\/01\\\/11\\\/aprueban-revalidacion-a-onix-critica-morena-contrato-con-la-feria\\\/#primaryimage\"},\"thumbnailUrl\":\"https:\\\/\\\/kuali.com.mx\\\/web\\\/wp-content\\\/uploads\\\/2024\\\/01\\\/Regidores-Morena-21-24.jpg\",\"articleSection\":[\"Pol\u00edtica\",\"slider\"],\"inLanguage\":\"es\",\"potentialAction\":[{\"@type\":\"CommentAction\",\"name\":\"Comment\",\"target\":[\"https:\\\/\\\/kuali.com.mx\\\/web\\\/2024\\\/01\\\/11\\\/aprueban-revalidacion-a-onix-critica-morena-contrato-con-la-feria\\\/#respond\"]}]},{\"@type\":\"WebPage\",\"@id\":\"https:\\\/\\\/kuali.com.mx\\\/web\\\/2024\\\/01\\\/11\\\/aprueban-revalidacion-a-onix-critica-morena-contrato-con-la-feria\\\/\",\"url\":\"https:\\\/\\\/kuali.com.mx\\\/web\\\/2024\\\/01\\\/11\\\/aprueban-revalidacion-a-onix-critica-morena-contrato-con-la-feria\\\/\",\"name\":\"APRUEBAN REVALIDACI\u00d3N A ONIX; CRITICA MORENA CONTRATO CON LA FERIA - Kuali\",\"isPartOf\":{\"@id\":\"https:\\\/\\\/kuali.com.mx\\\/web\\\/#website\"},\"primaryImageOfPage\":{\"@id\":\"https:\\\/\\\/kuali.com.mx\\\/web\\\/2024\\\/01\\\/11\\\/aprueban-revalidacion-a-onix-critica-morena-contrato-con-la-feria\\\/#primaryimage\"},\"image\":{\"@id\":\"https:\\\/\\\/kuali.com.mx\\\/web\\\/2024\\\/01\\\/11\\\/aprueban-revalidacion-a-onix-critica-morena-contrato-con-la-feria\\\/#primaryimage\"},\"thumbnailUrl\":\"https:\\\/\\\/kuali.com.mx\\\/web\\\/wp-content\\\/uploads\\\/2024\\\/01\\\/Regidores-Morena-21-24.jpg\",\"datePublished\":\"2024-01-11T19:47:03+00:00\",\"dateModified\":\"2024-01-11T19:47:05+00:00\",\"author\":{\"@id\":\"https:\\\/\\\/kuali.com.mx\\\/web\\\/#\\\/schema\\\/person\\\/6f89ffa8ecba9dae50662357923c5289\"},\"breadcrumb\":{\"@id\":\"https:\\\/\\\/kuali.com.mx\\\/web\\\/2024\\\/01\\\/11\\\/aprueban-revalidacion-a-onix-critica-morena-contrato-con-la-feria\\\/#breadcrumb\"},\"inLanguage\":\"es\",\"potentialAction\":[{\"@type\":\"ReadAction\",\"target\":[\"https:\\\/\\\/kuali.com.mx\\\/web\\\/2024\\\/01\\\/11\\\/aprueban-revalidacion-a-onix-critica-morena-contrato-con-la-feria\\\/\"]}]},{\"@type\":\"ImageObject\",\"inLanguage\":\"es\",\"@id\":\"https:\\\/\\\/kuali.com.mx\\\/web\\\/2024\\\/01\\\/11\\\/aprueban-revalidacion-a-onix-critica-morena-contrato-con-la-feria\\\/#primaryimage\",\"url\":\"https:\\\/\\\/kuali.com.mx\\\/web\\\/wp-content\\\/uploads\\\/2024\\\/01\\\/Regidores-Morena-21-24.jpg\",\"contentUrl\":\"https:\\\/\\\/kuali.com.mx\\\/web\\\/wp-content\\\/uploads\\\/2024\\\/01\\\/Regidores-Morena-21-24.jpg\",\"width\":1713,\"height\":750},{\"@type\":\"BreadcrumbList\",\"@id\":\"https:\\\/\\\/kuali.com.mx\\\/web\\\/2024\\\/01\\\/11\\\/aprueban-revalidacion-a-onix-critica-morena-contrato-con-la-feria\\\/#breadcrumb\",\"itemListElement\":[{\"@type\":\"ListItem\",\"position\":1,\"name\":\"Inicio\",\"item\":\"https:\\\/\\\/kuali.com.mx\\\/web\\\/\"},{\"@type\":\"ListItem\",\"position\":2,\"name\":\"APRUEBAN REVALIDACI\u00d3N A ONIX; CRITICA MORENA CONTRATO CON LA FERIA\"}]},{\"@type\":\"WebSite\",\"@id\":\"https:\\\/\\\/kuali.com.mx\\\/web\\\/#website\",\"url\":\"https:\\\/\\\/kuali.com.mx\\\/web\\\/\",\"name\":\"Kuali\",\"description\":\"\",\"potentialAction\":[{\"@type\":\"SearchAction\",\"target\":{\"@type\":\"EntryPoint\",\"urlTemplate\":\"https:\\\/\\\/kuali.com.mx\\\/web\\\/?s={search_term_string}\"},\"query-input\":{\"@type\":\"PropertyValueSpecification\",\"valueRequired\":true,\"valueName\":\"search_term_string\"}}],\"inLanguage\":\"es\"},{\"@type\":\"Person\",\"@id\":\"https:\\\/\\\/kuali.com.mx\\\/web\\\/#\\\/schema\\\/person\\\/6f89ffa8ecba9dae50662357923c5289\",\"name\":\"Kuali Staff\",\"image\":{\"@type\":\"ImageObject\",\"inLanguage\":\"es\",\"@id\":\"https:\\\/\\\/secure.gravatar.com\\\/avatar\\\/f917ad82e5ab71227a733c78b6e60715476f69ee6be59feee4eb5d9920c89e0f?s=96&d=mm&r=g\",\"url\":\"https:\\\/\\\/secure.gravatar.com\\\/avatar\\\/f917ad82e5ab71227a733c78b6e60715476f69ee6be59feee4eb5d9920c89e0f?s=96&d=mm&r=g\",\"contentUrl\":\"https:\\\/\\\/secure.gravatar.com\\\/avatar\\\/f917ad82e5ab71227a733c78b6e60715476f69ee6be59feee4eb5d9920c89e0f?s=96&d=mm&r=g\",\"caption\":\"Kuali Staff\"},\"url\":\"https:\\\/\\\/kuali.com.mx\\\/web\\\/author\\\/lagarto\\\/\"}]}<\/script>\n<!-- \/ Yoast SEO plugin. -->","yoast_head_json":{"title":"APRUEBAN REVALIDACI\u00d3N A ONIX; CRITICA MORENA CONTRATO CON LA FERIA - Kuali","robots":{"index":"index","follow":"follow","max-snippet":"max-snippet:-1","max-image-preview":"max-image-preview:large","max-video-preview":"max-video-preview:-1"},"canonical":"https:\/\/kuali.com.mx\/web\/2024\/01\/11\/aprueban-revalidacion-a-onix-critica-morena-contrato-con-la-feria\/","og_locale":"es_MX","og_type":"article","og_title":"APRUEBAN REVALIDACI\u00d3N A ONIX; CRITICA MORENA CONTRATO CON LA FERIA - Kuali","og_description":"Carlos Garc\u00eda\/Le\u00f3n, Gto.-\u00a0 Con el voto en contra de los tres regidores de Morena, el Ayuntamiento de Le\u00f3n aprob\u00f3 la revalidaci\u00f3n del acuerdo de conformidad para la empresa de seguridad privada Onix, quien tiene un contrato con el Patronato de la Feria para dar servicio en el Foro Mazda. Uno de los funcionarios de las [&hellip;]","og_url":"https:\/\/kuali.com.mx\/web\/2024\/01\/11\/aprueban-revalidacion-a-onix-critica-morena-contrato-con-la-feria\/","og_site_name":"Kuali","article_publisher":"https:\/\/kuali.com.mx\/web\/wp-content\/uploads\/2018\/04\/cropped-kuali_logo-1-1.png","article_published_time":"2024-01-11T19:47:03+00:00","article_modified_time":"2024-01-11T19:47:05+00:00","og_image":[{"width":1713,"height":750,"url":"https:\/\/kuali.com.mx\/web\/wp-content\/uploads\/2024\/01\/Regidores-Morena-21-24.jpg","type":"image\/jpeg"}],"author":"Kuali Staff","twitter_card":"summary_large_image","twitter_creator":"@kuali_noticias","twitter_site":"@kuali_noticias","twitter_misc":{"Escrito por":"Kuali Staff","Tiempo de lectura":"3 minutos"},"schema":{"@context":"https:\/\/schema.org","@graph":[{"@type":"Article","@id":"https:\/\/kuali.com.mx\/web\/2024\/01\/11\/aprueban-revalidacion-a-onix-critica-morena-contrato-con-la-feria\/#article","isPartOf":{"@id":"https:\/\/kuali.com.mx\/web\/2024\/01\/11\/aprueban-revalidacion-a-onix-critica-morena-contrato-con-la-feria\/"},"author":{"name":"Kuali Staff","@id":"https:\/\/kuali.com.mx\/web\/#\/schema\/person\/6f89ffa8ecba9dae50662357923c5289"},"headline":"APRUEBAN REVALIDACI\u00d3N A ONIX; CRITICA MORENA CONTRATO CON LA FERIA","datePublished":"2024-01-11T19:47:03+00:00","dateModified":"2024-01-11T19:47:05+00:00","mainEntityOfPage":{"@id":"https:\/\/kuali.com.mx\/web\/2024\/01\/11\/aprueban-revalidacion-a-onix-critica-morena-contrato-con-la-feria\/"},"wordCount":528,"commentCount":0,"image":{"@id":"https:\/\/kuali.com.mx\/web\/2024\/01\/11\/aprueban-revalidacion-a-onix-critica-morena-contrato-con-la-feria\/#primaryimage"},"thumbnailUrl":"https:\/\/kuali.com.mx\/web\/wp-content\/uploads\/2024\/01\/Regidores-Morena-21-24.jpg","articleSection":["Pol\u00edtica","slider"],"inLanguage":"es","potentialAction":[{"@type":"CommentAction","name":"Comment","target":["https:\/\/kuali.com.mx\/web\/2024\/01\/11\/aprueban-revalidacion-a-onix-critica-morena-contrato-con-la-feria\/#respond"]}]},{"@type":"WebPage","@id":"https:\/\/kuali.com.mx\/web\/2024\/01\/11\/aprueban-revalidacion-a-onix-critica-morena-contrato-con-la-feria\/","url":"https:\/\/kuali.com.mx\/web\/2024\/01\/11\/aprueban-revalidacion-a-onix-critica-morena-contrato-con-la-feria\/","name":"APRUEBAN REVALIDACI\u00d3N A ONIX; CRITICA MORENA CONTRATO CON LA FERIA - Kuali","isPartOf":{"@id":"https:\/\/kuali.com.mx\/web\/#website"},"primaryImageOfPage":{"@id":"https:\/\/kuali.com.mx\/web\/2024\/01\/11\/aprueban-revalidacion-a-onix-critica-morena-contrato-con-la-feria\/#primaryimage"},"image":{"@id":"https:\/\/kuali.com.mx\/web\/2024\/01\/11\/aprueban-revalidacion-a-onix-critica-morena-contrato-con-la-feria\/#primaryimage"},"thumbnailUrl":"https:\/\/kuali.com.mx\/web\/wp-content\/uploads\/2024\/01\/Regidores-Morena-21-24.jpg","datePublished":"2024-01-11T19:47:03+00:00","dateModified":"2024-01-11T19:47:05+00:00","author":{"@id":"https:\/\/kuali.com.mx\/web\/#\/schema\/person\/6f89ffa8ecba9dae50662357923c5289"},"breadcrumb":{"@id":"https:\/\/kuali.com.mx\/web\/2024\/01\/11\/aprueban-revalidacion-a-onix-critica-morena-contrato-con-la-feria\/#breadcrumb"},"inLanguage":"es","potentialAction":[{"@type":"ReadAction","target":["https:\/\/kuali.com.mx\/web\/2024\/01\/11\/aprueban-revalidacion-a-onix-critica-morena-contrato-con-la-feria\/"]}]},{"@type":"ImageObject","inLanguage":"es","@id":"https:\/\/kuali.com.mx\/web\/2024\/01\/11\/aprueban-revalidacion-a-onix-critica-morena-contrato-con-la-feria\/#primaryimage","url":"https:\/\/kuali.com.mx\/web\/wp-content\/uploads\/2024\/01\/Regidores-Morena-21-24.jpg","contentUrl":"https:\/\/kuali.com.mx\/web\/wp-content\/uploads\/2024\/01\/Regidores-Morena-21-24.jpg","width":1713,"height":750},{"@type":"BreadcrumbList","@id":"https:\/\/kuali.com.mx\/web\/2024\/01\/11\/aprueban-revalidacion-a-onix-critica-morena-contrato-con-la-feria\/#breadcrumb","itemListElement":[{"@type":"ListItem","position":1,"name":"Inicio","item":"https:\/\/kuali.com.mx\/web\/"},{"@type":"ListItem","position":2,"name":"APRUEBAN REVALIDACI\u00d3N A ONIX; CRITICA MORENA CONTRATO CON LA FERIA"}]},{"@type":"WebSite","@id":"https:\/\/kuali.com.mx\/web\/#website","url":"https:\/\/kuali.com.mx\/web\/","name":"Kuali","description":"","potentialAction":[{"@type":"SearchAction","target":{"@type":"EntryPoint","urlTemplate":"https:\/\/kuali.com.mx\/web\/?s={search_term_string}"},"query-input":{"@type":"PropertyValueSpecification","valueRequired":true,"valueName":"search_term_string"}}],"inLanguage":"es"},{"@type":"Person","@id":"https:\/\/kuali.com.mx\/web\/#\/schema\/person\/6f89ffa8ecba9dae50662357923c5289","name":"Kuali Staff","image":{"@type":"ImageObject","inLanguage":"es","@id":"https:\/\/secure.gravatar.com\/avatar\/f917ad82e5ab71227a733c78b6e60715476f69ee6be59feee4eb5d9920c89e0f?s=96&d=mm&r=g","url":"https:\/\/secure.gravatar.com\/avatar\/f917ad82e5ab71227a733c78b6e60715476f69ee6be59feee4eb5d9920c89e0f?s=96&d=mm&r=g","contentUrl":"https:\/\/secure.gravatar.com\/avatar\/f917ad82e5ab71227a733c78b6e60715476f69ee6be59feee4eb5d9920c89e0f?s=96&d=mm&r=g","caption":"Kuali Staff"},"url":"https:\/\/kuali.com.mx\/web\/author\/lagarto\/"}]}},"_links":{"self":[{"href":"https:\/\/kuali.com.mx\/web\/wp-json\/wp\/v2\/posts\/133928","targetHints":{"allow":["GET"]}}],"collection":[{"href":"https:\/\/kuali.com.mx\/web\/wp-json\/wp\/v2\/posts"}],"about":[{"href":"https:\/\/kuali.com.mx\/web\/wp-json\/wp\/v2\/types\/post"}],"author":[{"embeddable":true,"href":"https:\/\/kuali.com.mx\/web\/wp-json\/wp\/v2\/users\/2"}],"replies":[{"embeddable":true,"href":"https:\/\/kuali.com.mx\/web\/wp-json\/wp\/v2\/comments?post=133928"}],"version-history":[{"count":1,"href":"https:\/\/kuali.com.mx\/web\/wp-json\/wp\/v2\/posts\/133928\/revisions"}],"predecessor-version":[{"id":133932,"href":"https:\/\/kuali.com.mx\/web\/wp-json\/wp\/v2\/posts\/133928\/revisions\/133932"}],"wp:featuredmedia":[{"embeddable":true,"href":"https:\/\/kuali.com.mx\/web\/wp-json\/wp\/v2\/media\/133931"}],"wp:attachment":[{"href":"https:\/\/kuali.com.mx\/web\/wp-json\/wp\/v2\/media?parent=133928"}],"wp:term":[{"taxonomy":"category","embeddable":true,"href":"https:\/\/kuali.com.mx\/web\/wp-json\/wp\/v2\/categories?post=133928"},{"taxonomy":"post_tag","embeddable":true,"href":"https:\/\/kuali.com.mx\/web\/wp-json\/wp\/v2\/tags?post=133928"}],"curies":[{"name":"wp","href":"https:\/\/api.w.org\/{rel}","templated":true}]}}