{"id":133631,"date":"2024-01-06T15:03:44","date_gmt":"2024-01-06T21:03:44","guid":{"rendered":"https:\/\/kuali.com.mx\/web\/?p=133631"},"modified":"2024-01-06T15:03:46","modified_gmt":"2024-01-06T21:03:46","slug":"critica-pvem-reduccion-en-el-costo-de-infracciones","status":"publish","type":"post","link":"https:\/\/kuali.com.mx\/web\/2024\/01\/06\/critica-pvem-reduccion-en-el-costo-de-infracciones\/","title":{"rendered":"CRITICA PVEM REDUCCI\u00d3N EN EL COSTO DE INFRACCIONES"},"content":{"rendered":"\n<p><strong>Milagros Tadeo\/Le\u00f3n, Gto.-<\/strong>&nbsp;El dirigente del Partido Verde Ecologista, Sergio Contreras Guerrero, consider\u00f3 que la disminuci\u00f3n del costo de las infracciones de tr\u00e1nsito hasta en un 50%&nbsp; solamente trajo como resultado un incremento en el n\u00famero de accidentes vehiculares.<\/p>\n\n\n\n<p>A casi seis meses de que el Ayuntamiento aprob\u00f3 cambios al Reglamento de Polic\u00eda y Vialidad del Municipio de Le\u00f3n al argumentar que la ciudadan\u00eda estaba pagando multas muy costosas, Sergio Contreras dijo que esta medida fue un error y una acci\u00f3n meramente \u201celectorera\u201d.<\/p>\n\n\n\n<p>\u201cEsta fue una medida totalmente populista del actual Ayuntamiento leon\u00e9s, por supuesto que ha habido un incremento en los accidentes aunque digan que no, siempre las sanciones han logrado bajar la incidencia y que lo pensemos dos veces\u201d, resalt\u00f3.<\/p>\n\n\n\n<p>Al recordar que como regidor de la administraci\u00f3n de H\u00e9ctor L\u00f3pez Santillana, en la cual se aprob\u00f3 el aumento a las multas por violaciones al reglamento de tr\u00e1nsito, dijo que \u201clos altos costos\u201d &nbsp;s\u00ed provocaron una baja en las infracciones.<\/p>\n\n\n\n<p>\u201cNos pareci\u00f3 una decisi\u00f3n muy desafortunada, a m\u00ed toc\u00f3 ser parte como regidor, de la administraci\u00f3n que gener\u00f3 el incremento de las sanciones por conducir en exceso de velocidad entre otras muchas cosas, pero ten\u00edan como finalidad generar conciencia y pensar dos veces las cosas, para evitar pagar sanciones tan caras\u201d, concluy\u00f3.<\/p>\n","protected":false},"excerpt":{"rendered":"Milagros Tadeo\/Le\u00f3n, Gto.-&nbsp;El dirigente del Partido Verde Ecologista, Sergio Contreras Guerrero, consider\u00f3 que la disminuci\u00f3n del costo de las infracciones de tr\u00e1nsito hasta en un 50%&nbsp; solamente trajo como resultado un incremento en el n\u00famero de accidentes vehiculares. A casi seis meses de que el Ayuntamiento aprob\u00f3 cambios al Reglamento de Polic\u00eda y Vialidad del [&hellip;]","protected":false},"author":2,"featured_media":98989,"comment_status":"open","ping_status":"open","sticky":false,"template":"","format":"standard","meta":{"_seopress_robots_primary_cat":"none","_seopress_titles_title":"","_seopress_titles_desc":"","_seopress_robots_index":"","_monsterinsights_skip_tracking":false,"_monsterinsights_sitenote_active":false,"_monsterinsights_sitenote_note":"","_monsterinsights_sitenote_category":0,"footnotes":""},"categories":[3,69],"tags":[],"class_list":["post-133631","post","type-post","status-publish","format-standard","has-post-thumbnail","hentry","category-politica","category-slider"],"yoast_head":"<!-- This site is optimized with the Yoast SEO plugin v27.4 - https:\/\/yoast.com\/product\/yoast-seo-wordpress\/ -->\n<title>CRITICA PVEM REDUCCI\u00d3N EN EL COSTO DE INFRACCIONES - Kuali<\/title>\n<meta name=\"robots\" content=\"index, follow, max-snippet:-1, max-image-preview:large, max-video-preview:-1\" \/>\n<link rel=\"canonical\" href=\"https:\/\/kuali.com.mx\/web\/2024\/01\/06\/critica-pvem-reduccion-en-el-costo-de-infracciones\/\" \/>\n<meta property=\"og:locale\" content=\"es_MX\" \/>\n<meta property=\"og:type\" content=\"article\" \/>\n<meta property=\"og:title\" content=\"CRITICA PVEM REDUCCI\u00d3N EN EL COSTO DE INFRACCIONES - Kuali\" \/>\n<meta property=\"og:description\" content=\"Milagros Tadeo\/Le\u00f3n, Gto.-&nbsp;El dirigente del Partido Verde Ecologista, Sergio Contreras Guerrero, consider\u00f3 que la disminuci\u00f3n del costo de las infracciones de tr\u00e1nsito hasta en un 50%&nbsp; solamente trajo como resultado un incremento en el n\u00famero de accidentes vehiculares. A casi seis meses de que el Ayuntamiento aprob\u00f3 cambios al Reglamento de Polic\u00eda y Vialidad del [&hellip;]\" \/>\n<meta property=\"og:url\" content=\"https:\/\/kuali.com.mx\/web\/2024\/01\/06\/critica-pvem-reduccion-en-el-costo-de-infracciones\/\" \/>\n<meta property=\"og:site_name\" content=\"Kuali\" \/>\n<meta property=\"article:publisher\" content=\"https:\/\/kuali.com.mx\/web\/wp-content\/uploads\/2018\/04\/cropped-kuali_logo-1-1.png\" \/>\n<meta property=\"article:published_time\" content=\"2024-01-06T21:03:44+00:00\" \/>\n<meta property=\"article:modified_time\" content=\"2024-01-06T21:03:46+00:00\" \/>\n<meta property=\"og:image\" content=\"https:\/\/kuali.com.mx\/web\/wp-content\/uploads\/2022\/06\/Transitos-quitando-placaas.gif\" \/>\n\t<meta property=\"og:image:width\" content=\"1700\" \/>\n\t<meta property=\"og:image:height\" content=\"750\" \/>\n\t<meta property=\"og:image:type\" content=\"image\/gif\" \/>\n<meta name=\"author\" content=\"Kuali Staff\" \/>\n<meta name=\"twitter:card\" content=\"summary_large_image\" \/>\n<meta name=\"twitter:creator\" content=\"@kuali_noticias\" \/>\n<meta name=\"twitter:site\" content=\"@kuali_noticias\" \/>\n<meta name=\"twitter:label1\" content=\"Escrito por\" \/>\n\t<meta name=\"twitter:data1\" content=\"Kuali Staff\" \/>\n\t<meta name=\"twitter:label2\" content=\"Tiempo de lectura\" \/>\n\t<meta name=\"twitter:data2\" content=\"1 minuto\" \/>\n<script type=\"application\/ld+json\" class=\"yoast-schema-graph\">{\"@context\":\"https:\\\/\\\/schema.org\",\"@graph\":[{\"@type\":\"Article\",\"@id\":\"https:\\\/\\\/kuali.com.mx\\\/web\\\/2024\\\/01\\\/06\\\/critica-pvem-reduccion-en-el-costo-de-infracciones\\\/#article\",\"isPartOf\":{\"@id\":\"https:\\\/\\\/kuali.com.mx\\\/web\\\/2024\\\/01\\\/06\\\/critica-pvem-reduccion-en-el-costo-de-infracciones\\\/\"},\"author\":{\"name\":\"Kuali Staff\",\"@id\":\"https:\\\/\\\/kuali.com.mx\\\/web\\\/#\\\/schema\\\/person\\\/6f89ffa8ecba9dae50662357923c5289\"},\"headline\":\"CRITICA PVEM REDUCCI\u00d3N EN EL COSTO DE INFRACCIONES\",\"datePublished\":\"2024-01-06T21:03:44+00:00\",\"dateModified\":\"2024-01-06T21:03:46+00:00\",\"mainEntityOfPage\":{\"@id\":\"https:\\\/\\\/kuali.com.mx\\\/web\\\/2024\\\/01\\\/06\\\/critica-pvem-reduccion-en-el-costo-de-infracciones\\\/\"},\"wordCount\":243,\"commentCount\":0,\"image\":{\"@id\":\"https:\\\/\\\/kuali.com.mx\\\/web\\\/2024\\\/01\\\/06\\\/critica-pvem-reduccion-en-el-costo-de-infracciones\\\/#primaryimage\"},\"thumbnailUrl\":\"https:\\\/\\\/kuali.com.mx\\\/web\\\/wp-content\\\/uploads\\\/2022\\\/06\\\/Transitos-quitando-placaas.gif\",\"articleSection\":[\"Pol\u00edtica\",\"slider\"],\"inLanguage\":\"es\",\"potentialAction\":[{\"@type\":\"CommentAction\",\"name\":\"Comment\",\"target\":[\"https:\\\/\\\/kuali.com.mx\\\/web\\\/2024\\\/01\\\/06\\\/critica-pvem-reduccion-en-el-costo-de-infracciones\\\/#respond\"]}]},{\"@type\":\"WebPage\",\"@id\":\"https:\\\/\\\/kuali.com.mx\\\/web\\\/2024\\\/01\\\/06\\\/critica-pvem-reduccion-en-el-costo-de-infracciones\\\/\",\"url\":\"https:\\\/\\\/kuali.com.mx\\\/web\\\/2024\\\/01\\\/06\\\/critica-pvem-reduccion-en-el-costo-de-infracciones\\\/\",\"name\":\"CRITICA PVEM REDUCCI\u00d3N EN EL COSTO DE INFRACCIONES - Kuali\",\"isPartOf\":{\"@id\":\"https:\\\/\\\/kuali.com.mx\\\/web\\\/#website\"},\"primaryImageOfPage\":{\"@id\":\"https:\\\/\\\/kuali.com.mx\\\/web\\\/2024\\\/01\\\/06\\\/critica-pvem-reduccion-en-el-costo-de-infracciones\\\/#primaryimage\"},\"image\":{\"@id\":\"https:\\\/\\\/kuali.com.mx\\\/web\\\/2024\\\/01\\\/06\\\/critica-pvem-reduccion-en-el-costo-de-infracciones\\\/#primaryimage\"},\"thumbnailUrl\":\"https:\\\/\\\/kuali.com.mx\\\/web\\\/wp-content\\\/uploads\\\/2022\\\/06\\\/Transitos-quitando-placaas.gif\",\"datePublished\":\"2024-01-06T21:03:44+00:00\",\"dateModified\":\"2024-01-06T21:03:46+00:00\",\"author\":{\"@id\":\"https:\\\/\\\/kuali.com.mx\\\/web\\\/#\\\/schema\\\/person\\\/6f89ffa8ecba9dae50662357923c5289\"},\"breadcrumb\":{\"@id\":\"https:\\\/\\\/kuali.com.mx\\\/web\\\/2024\\\/01\\\/06\\\/critica-pvem-reduccion-en-el-costo-de-infracciones\\\/#breadcrumb\"},\"inLanguage\":\"es\",\"potentialAction\":[{\"@type\":\"ReadAction\",\"target\":[\"https:\\\/\\\/kuali.com.mx\\\/web\\\/2024\\\/01\\\/06\\\/critica-pvem-reduccion-en-el-costo-de-infracciones\\\/\"]}]},{\"@type\":\"ImageObject\",\"inLanguage\":\"es\",\"@id\":\"https:\\\/\\\/kuali.com.mx\\\/web\\\/2024\\\/01\\\/06\\\/critica-pvem-reduccion-en-el-costo-de-infracciones\\\/#primaryimage\",\"url\":\"https:\\\/\\\/kuali.com.mx\\\/web\\\/wp-content\\\/uploads\\\/2022\\\/06\\\/Transitos-quitando-placaas.gif\",\"contentUrl\":\"https:\\\/\\\/kuali.com.mx\\\/web\\\/wp-content\\\/uploads\\\/2022\\\/06\\\/Transitos-quitando-placaas.gif\",\"width\":1700,\"height\":750},{\"@type\":\"BreadcrumbList\",\"@id\":\"https:\\\/\\\/kuali.com.mx\\\/web\\\/2024\\\/01\\\/06\\\/critica-pvem-reduccion-en-el-costo-de-infracciones\\\/#breadcrumb\",\"itemListElement\":[{\"@type\":\"ListItem\",\"position\":1,\"name\":\"Inicio\",\"item\":\"https:\\\/\\\/kuali.com.mx\\\/web\\\/\"},{\"@type\":\"ListItem\",\"position\":2,\"name\":\"CRITICA PVEM REDUCCI\u00d3N EN EL COSTO DE INFRACCIONES\"}]},{\"@type\":\"WebSite\",\"@id\":\"https:\\\/\\\/kuali.com.mx\\\/web\\\/#website\",\"url\":\"https:\\\/\\\/kuali.com.mx\\\/web\\\/\",\"name\":\"Kuali\",\"description\":\"\",\"potentialAction\":[{\"@type\":\"SearchAction\",\"target\":{\"@type\":\"EntryPoint\",\"urlTemplate\":\"https:\\\/\\\/kuali.com.mx\\\/web\\\/?s={search_term_string}\"},\"query-input\":{\"@type\":\"PropertyValueSpecification\",\"valueRequired\":true,\"valueName\":\"search_term_string\"}}],\"inLanguage\":\"es\"},{\"@type\":\"Person\",\"@id\":\"https:\\\/\\\/kuali.com.mx\\\/web\\\/#\\\/schema\\\/person\\\/6f89ffa8ecba9dae50662357923c5289\",\"name\":\"Kuali Staff\",\"image\":{\"@type\":\"ImageObject\",\"inLanguage\":\"es\",\"@id\":\"https:\\\/\\\/secure.gravatar.com\\\/avatar\\\/f917ad82e5ab71227a733c78b6e60715476f69ee6be59feee4eb5d9920c89e0f?s=96&d=mm&r=g\",\"url\":\"https:\\\/\\\/secure.gravatar.com\\\/avatar\\\/f917ad82e5ab71227a733c78b6e60715476f69ee6be59feee4eb5d9920c89e0f?s=96&d=mm&r=g\",\"contentUrl\":\"https:\\\/\\\/secure.gravatar.com\\\/avatar\\\/f917ad82e5ab71227a733c78b6e60715476f69ee6be59feee4eb5d9920c89e0f?s=96&d=mm&r=g\",\"caption\":\"Kuali Staff\"},\"url\":\"https:\\\/\\\/kuali.com.mx\\\/web\\\/author\\\/lagarto\\\/\"}]}<\/script>\n<!-- \/ Yoast SEO plugin. -->","yoast_head_json":{"title":"CRITICA PVEM REDUCCI\u00d3N EN EL COSTO DE INFRACCIONES - Kuali","robots":{"index":"index","follow":"follow","max-snippet":"max-snippet:-1","max-image-preview":"max-image-preview:large","max-video-preview":"max-video-preview:-1"},"canonical":"https:\/\/kuali.com.mx\/web\/2024\/01\/06\/critica-pvem-reduccion-en-el-costo-de-infracciones\/","og_locale":"es_MX","og_type":"article","og_title":"CRITICA PVEM REDUCCI\u00d3N EN EL COSTO DE INFRACCIONES - Kuali","og_description":"Milagros Tadeo\/Le\u00f3n, Gto.-&nbsp;El dirigente del Partido Verde Ecologista, Sergio Contreras Guerrero, consider\u00f3 que la disminuci\u00f3n del costo de las infracciones de tr\u00e1nsito hasta en un 50%&nbsp; solamente trajo como resultado un incremento en el n\u00famero de accidentes vehiculares. A casi seis meses de que el Ayuntamiento aprob\u00f3 cambios al Reglamento de Polic\u00eda y Vialidad del [&hellip;]","og_url":"https:\/\/kuali.com.mx\/web\/2024\/01\/06\/critica-pvem-reduccion-en-el-costo-de-infracciones\/","og_site_name":"Kuali","article_publisher":"https:\/\/kuali.com.mx\/web\/wp-content\/uploads\/2018\/04\/cropped-kuali_logo-1-1.png","article_published_time":"2024-01-06T21:03:44+00:00","article_modified_time":"2024-01-06T21:03:46+00:00","og_image":[{"width":1700,"height":750,"url":"https:\/\/kuali.com.mx\/web\/wp-content\/uploads\/2022\/06\/Transitos-quitando-placaas.gif","type":"image\/gif"}],"author":"Kuali Staff","twitter_card":"summary_large_image","twitter_creator":"@kuali_noticias","twitter_site":"@kuali_noticias","twitter_misc":{"Escrito por":"Kuali Staff","Tiempo de lectura":"1 minuto"},"schema":{"@context":"https:\/\/schema.org","@graph":[{"@type":"Article","@id":"https:\/\/kuali.com.mx\/web\/2024\/01\/06\/critica-pvem-reduccion-en-el-costo-de-infracciones\/#article","isPartOf":{"@id":"https:\/\/kuali.com.mx\/web\/2024\/01\/06\/critica-pvem-reduccion-en-el-costo-de-infracciones\/"},"author":{"name":"Kuali Staff","@id":"https:\/\/kuali.com.mx\/web\/#\/schema\/person\/6f89ffa8ecba9dae50662357923c5289"},"headline":"CRITICA PVEM REDUCCI\u00d3N EN EL COSTO DE INFRACCIONES","datePublished":"2024-01-06T21:03:44+00:00","dateModified":"2024-01-06T21:03:46+00:00","mainEntityOfPage":{"@id":"https:\/\/kuali.com.mx\/web\/2024\/01\/06\/critica-pvem-reduccion-en-el-costo-de-infracciones\/"},"wordCount":243,"commentCount":0,"image":{"@id":"https:\/\/kuali.com.mx\/web\/2024\/01\/06\/critica-pvem-reduccion-en-el-costo-de-infracciones\/#primaryimage"},"thumbnailUrl":"https:\/\/kuali.com.mx\/web\/wp-content\/uploads\/2022\/06\/Transitos-quitando-placaas.gif","articleSection":["Pol\u00edtica","slider"],"inLanguage":"es","potentialAction":[{"@type":"CommentAction","name":"Comment","target":["https:\/\/kuali.com.mx\/web\/2024\/01\/06\/critica-pvem-reduccion-en-el-costo-de-infracciones\/#respond"]}]},{"@type":"WebPage","@id":"https:\/\/kuali.com.mx\/web\/2024\/01\/06\/critica-pvem-reduccion-en-el-costo-de-infracciones\/","url":"https:\/\/kuali.com.mx\/web\/2024\/01\/06\/critica-pvem-reduccion-en-el-costo-de-infracciones\/","name":"CRITICA PVEM REDUCCI\u00d3N EN EL COSTO DE INFRACCIONES - Kuali","isPartOf":{"@id":"https:\/\/kuali.com.mx\/web\/#website"},"primaryImageOfPage":{"@id":"https:\/\/kuali.com.mx\/web\/2024\/01\/06\/critica-pvem-reduccion-en-el-costo-de-infracciones\/#primaryimage"},"image":{"@id":"https:\/\/kuali.com.mx\/web\/2024\/01\/06\/critica-pvem-reduccion-en-el-costo-de-infracciones\/#primaryimage"},"thumbnailUrl":"https:\/\/kuali.com.mx\/web\/wp-content\/uploads\/2022\/06\/Transitos-quitando-placaas.gif","datePublished":"2024-01-06T21:03:44+00:00","dateModified":"2024-01-06T21:03:46+00:00","author":{"@id":"https:\/\/kuali.com.mx\/web\/#\/schema\/person\/6f89ffa8ecba9dae50662357923c5289"},"breadcrumb":{"@id":"https:\/\/kuali.com.mx\/web\/2024\/01\/06\/critica-pvem-reduccion-en-el-costo-de-infracciones\/#breadcrumb"},"inLanguage":"es","potentialAction":[{"@type":"ReadAction","target":["https:\/\/kuali.com.mx\/web\/2024\/01\/06\/critica-pvem-reduccion-en-el-costo-de-infracciones\/"]}]},{"@type":"ImageObject","inLanguage":"es","@id":"https:\/\/kuali.com.mx\/web\/2024\/01\/06\/critica-pvem-reduccion-en-el-costo-de-infracciones\/#primaryimage","url":"https:\/\/kuali.com.mx\/web\/wp-content\/uploads\/2022\/06\/Transitos-quitando-placaas.gif","contentUrl":"https:\/\/kuali.com.mx\/web\/wp-content\/uploads\/2022\/06\/Transitos-quitando-placaas.gif","width":1700,"height":750},{"@type":"BreadcrumbList","@id":"https:\/\/kuali.com.mx\/web\/2024\/01\/06\/critica-pvem-reduccion-en-el-costo-de-infracciones\/#breadcrumb","itemListElement":[{"@type":"ListItem","position":1,"name":"Inicio","item":"https:\/\/kuali.com.mx\/web\/"},{"@type":"ListItem","position":2,"name":"CRITICA PVEM REDUCCI\u00d3N EN EL COSTO DE INFRACCIONES"}]},{"@type":"WebSite","@id":"https:\/\/kuali.com.mx\/web\/#website","url":"https:\/\/kuali.com.mx\/web\/","name":"Kuali","description":"","potentialAction":[{"@type":"SearchAction","target":{"@type":"EntryPoint","urlTemplate":"https:\/\/kuali.com.mx\/web\/?s={search_term_string}"},"query-input":{"@type":"PropertyValueSpecification","valueRequired":true,"valueName":"search_term_string"}}],"inLanguage":"es"},{"@type":"Person","@id":"https:\/\/kuali.com.mx\/web\/#\/schema\/person\/6f89ffa8ecba9dae50662357923c5289","name":"Kuali Staff","image":{"@type":"ImageObject","inLanguage":"es","@id":"https:\/\/secure.gravatar.com\/avatar\/f917ad82e5ab71227a733c78b6e60715476f69ee6be59feee4eb5d9920c89e0f?s=96&d=mm&r=g","url":"https:\/\/secure.gravatar.com\/avatar\/f917ad82e5ab71227a733c78b6e60715476f69ee6be59feee4eb5d9920c89e0f?s=96&d=mm&r=g","contentUrl":"https:\/\/secure.gravatar.com\/avatar\/f917ad82e5ab71227a733c78b6e60715476f69ee6be59feee4eb5d9920c89e0f?s=96&d=mm&r=g","caption":"Kuali Staff"},"url":"https:\/\/kuali.com.mx\/web\/author\/lagarto\/"}]}},"_links":{"self":[{"href":"https:\/\/kuali.com.mx\/web\/wp-json\/wp\/v2\/posts\/133631","targetHints":{"allow":["GET"]}}],"collection":[{"href":"https:\/\/kuali.com.mx\/web\/wp-json\/wp\/v2\/posts"}],"about":[{"href":"https:\/\/kuali.com.mx\/web\/wp-json\/wp\/v2\/types\/post"}],"author":[{"embeddable":true,"href":"https:\/\/kuali.com.mx\/web\/wp-json\/wp\/v2\/users\/2"}],"replies":[{"embeddable":true,"href":"https:\/\/kuali.com.mx\/web\/wp-json\/wp\/v2\/comments?post=133631"}],"version-history":[{"count":1,"href":"https:\/\/kuali.com.mx\/web\/wp-json\/wp\/v2\/posts\/133631\/revisions"}],"predecessor-version":[{"id":133634,"href":"https:\/\/kuali.com.mx\/web\/wp-json\/wp\/v2\/posts\/133631\/revisions\/133634"}],"wp:featuredmedia":[{"embeddable":true,"href":"https:\/\/kuali.com.mx\/web\/wp-json\/wp\/v2\/media\/98989"}],"wp:attachment":[{"href":"https:\/\/kuali.com.mx\/web\/wp-json\/wp\/v2\/media?parent=133631"}],"wp:term":[{"taxonomy":"category","embeddable":true,"href":"https:\/\/kuali.com.mx\/web\/wp-json\/wp\/v2\/categories?post=133631"},{"taxonomy":"post_tag","embeddable":true,"href":"https:\/\/kuali.com.mx\/web\/wp-json\/wp\/v2\/tags?post=133631"}],"curies":[{"name":"wp","href":"https:\/\/api.w.org\/{rel}","templated":true}]}}