{"id":133449,"date":"2024-01-03T13:20:17","date_gmt":"2024-01-03T19:20:17","guid":{"rendered":"https:\/\/kuali.com.mx\/web\/?p=133449"},"modified":"2024-01-03T22:47:06","modified_gmt":"2024-01-04T04:47:06","slug":"en-2023-dif-silao-abrio-45-comedores-comunitarios","status":"publish","type":"post","link":"https:\/\/kuali.com.mx\/web\/2024\/01\/03\/en-2023-dif-silao-abrio-45-comedores-comunitarios\/","title":{"rendered":"EN 2023, DIF SILAO ABRI\u00d3 45 COMEDORES COMUNITARIOS"},"content":{"rendered":"\n<p><strong>Alicia Arias\/Silao de la Victoria, Gto.- <\/strong>Durante el a\u00f1o 2023 el Gobierno Municipal de Silao puso en marcha 45 comedores comunitarios; esto es, casi cuatro comedores al mes.<\/p>\n\n\n\n<p>Los comedores comunitarios son operados por el Sistema para el desarrollo Integral de la Familia (DIF) municipal de Silao<\/p>\n\n\n\n<p>Los comedores fueron reabiertos por instrucciones del presidente municipal Carlos Garc\u00eda Villase\u00f1or y, al cerrar el a\u00f1o se gestionaron insumos con empresarios y l\u00edderes sociales \u201cque han coadyuvado en la reapertura de estos espacios que operan gracias a la buena voluntad de decenas de madres de familia\u201d, expres\u00f3 el gobierno de Silao.<\/p>\n\n\n\n<p>El alcalde destac\u00f3 la relevancia del trabajo en equipo entre la sociedad silaoense y el gobierno a trav\u00e9s de las acciones del DIF que encabeza su Ivonne Castro Tovar, quien ha tocado puertas y &nbsp;corazones de cientos de empresarios y de madres de familia que hacen posible que estos inmuebles funjan como un segundo hogar.<\/p>\n\n\n\n<p>El objetivo en el 2023 fue reactivar los Comedores Comunitarios que fueron saqueados durante la pandemia de COVID-19 y se logr\u00f3 reactivar 45 de los 62 que hay en todo el municipio. Faltan de reaperturarse otros 17 que se planea abrirlos en este a\u00f1o,<\/p>\n\n\n\n<p>En su mayor\u00eda, en los Comedores Comunitarios se alimenta a menores de edad de las localidades, pero tambi\u00e9n brindan comida a personas adultas mayores en situaci\u00f3n de vulnerabilidad.<\/p>\n","protected":false},"excerpt":{"rendered":"Alicia Arias\/Silao de la Victoria, Gto.- Durante el a\u00f1o 2023 el Gobierno Municipal de Silao puso en marcha 45 comedores comunitarios; esto es, casi cuatro comedores al mes. Los comedores comunitarios son operados por el Sistema para el desarrollo Integral de la Familia (DIF) municipal de Silao Los comedores fueron reabiertos por instrucciones del presidente [&hellip;]","protected":false},"author":2,"featured_media":133452,"comment_status":"open","ping_status":"open","sticky":false,"template":"","format":"standard","meta":{"_seopress_robots_primary_cat":"none","_seopress_titles_title":"","_seopress_titles_desc":"","_seopress_robots_index":"","_monsterinsights_skip_tracking":false,"_monsterinsights_sitenote_active":false,"_monsterinsights_sitenote_note":"","_monsterinsights_sitenote_category":0,"footnotes":""},"categories":[3],"tags":[826,1841,2326,200,2327],"class_list":["post-133449","post","type-post","status-publish","format-standard","has-post-thumbnail","hentry","category-politica","tag-ayuda-social","tag-carlos-garcia-villasenor","tag-comedores-comunitarios","tag-dif","tag-programas-gubernamentales"],"yoast_head":"<!-- This site is optimized with the Yoast SEO plugin v27.4 - https:\/\/yoast.com\/product\/yoast-seo-wordpress\/ -->\n<title>EN 2023, DIF SILAO ABRI\u00d3 45 COMEDORES COMUNITARIOS - Kuali<\/title>\n<meta name=\"robots\" content=\"index, follow, max-snippet:-1, max-image-preview:large, max-video-preview:-1\" \/>\n<link rel=\"canonical\" href=\"https:\/\/kuali.com.mx\/web\/2024\/01\/03\/en-2023-dif-silao-abrio-45-comedores-comunitarios\/\" \/>\n<meta property=\"og:locale\" content=\"es_MX\" \/>\n<meta property=\"og:type\" content=\"article\" \/>\n<meta property=\"og:title\" content=\"EN 2023, DIF SILAO ABRI\u00d3 45 COMEDORES COMUNITARIOS - Kuali\" \/>\n<meta property=\"og:description\" content=\"Alicia Arias\/Silao de la Victoria, Gto.- Durante el a\u00f1o 2023 el Gobierno Municipal de Silao puso en marcha 45 comedores comunitarios; esto es, casi cuatro comedores al mes. Los comedores comunitarios son operados por el Sistema para el desarrollo Integral de la Familia (DIF) municipal de Silao Los comedores fueron reabiertos por instrucciones del presidente [&hellip;]\" \/>\n<meta property=\"og:url\" content=\"https:\/\/kuali.com.mx\/web\/2024\/01\/03\/en-2023-dif-silao-abrio-45-comedores-comunitarios\/\" \/>\n<meta property=\"og:site_name\" content=\"Kuali\" \/>\n<meta property=\"article:publisher\" content=\"https:\/\/kuali.com.mx\/web\/wp-content\/uploads\/2018\/04\/cropped-kuali_logo-1-1.png\" \/>\n<meta property=\"article:published_time\" content=\"2024-01-03T19:20:17+00:00\" \/>\n<meta property=\"article:modified_time\" content=\"2024-01-04T04:47:06+00:00\" \/>\n<meta property=\"og:image\" content=\"https:\/\/kuali.com.mx\/web\/wp-content\/uploads\/2024\/01\/comedor-comunitario-Silao.gif\" \/>\n\t<meta property=\"og:image:width\" content=\"1700\" \/>\n\t<meta property=\"og:image:height\" content=\"750\" \/>\n\t<meta property=\"og:image:type\" content=\"image\/gif\" \/>\n<meta name=\"author\" content=\"Kuali Staff\" \/>\n<meta name=\"twitter:card\" content=\"summary_large_image\" \/>\n<meta name=\"twitter:creator\" content=\"@kuali_noticias\" \/>\n<meta name=\"twitter:site\" content=\"@kuali_noticias\" \/>\n<meta name=\"twitter:label1\" content=\"Escrito por\" \/>\n\t<meta name=\"twitter:data1\" content=\"Kuali Staff\" \/>\n\t<meta name=\"twitter:label2\" content=\"Tiempo de lectura\" \/>\n\t<meta name=\"twitter:data2\" content=\"1 minuto\" \/>\n<script type=\"application\/ld+json\" class=\"yoast-schema-graph\">{\"@context\":\"https:\\\/\\\/schema.org\",\"@graph\":[{\"@type\":\"Article\",\"@id\":\"https:\\\/\\\/kuali.com.mx\\\/web\\\/2024\\\/01\\\/03\\\/en-2023-dif-silao-abrio-45-comedores-comunitarios\\\/#article\",\"isPartOf\":{\"@id\":\"https:\\\/\\\/kuali.com.mx\\\/web\\\/2024\\\/01\\\/03\\\/en-2023-dif-silao-abrio-45-comedores-comunitarios\\\/\"},\"author\":{\"name\":\"Kuali Staff\",\"@id\":\"https:\\\/\\\/kuali.com.mx\\\/web\\\/#\\\/schema\\\/person\\\/6f89ffa8ecba9dae50662357923c5289\"},\"headline\":\"EN 2023, DIF SILAO ABRI\u00d3 45 COMEDORES COMUNITARIOS\",\"datePublished\":\"2024-01-03T19:20:17+00:00\",\"dateModified\":\"2024-01-04T04:47:06+00:00\",\"mainEntityOfPage\":{\"@id\":\"https:\\\/\\\/kuali.com.mx\\\/web\\\/2024\\\/01\\\/03\\\/en-2023-dif-silao-abrio-45-comedores-comunitarios\\\/\"},\"wordCount\":239,\"commentCount\":0,\"image\":{\"@id\":\"https:\\\/\\\/kuali.com.mx\\\/web\\\/2024\\\/01\\\/03\\\/en-2023-dif-silao-abrio-45-comedores-comunitarios\\\/#primaryimage\"},\"thumbnailUrl\":\"https:\\\/\\\/kuali.com.mx\\\/web\\\/wp-content\\\/uploads\\\/2024\\\/01\\\/comedor-comunitario-Silao.gif\",\"keywords\":[\"Ayuda social\",\"Carlos Garc\u00eda Villase\u00f1or\",\"Comedores comunitarios\",\"DIF\",\"Programas gubernamentales\"],\"articleSection\":[\"Pol\u00edtica\"],\"inLanguage\":\"es\",\"potentialAction\":[{\"@type\":\"CommentAction\",\"name\":\"Comment\",\"target\":[\"https:\\\/\\\/kuali.com.mx\\\/web\\\/2024\\\/01\\\/03\\\/en-2023-dif-silao-abrio-45-comedores-comunitarios\\\/#respond\"]}]},{\"@type\":\"WebPage\",\"@id\":\"https:\\\/\\\/kuali.com.mx\\\/web\\\/2024\\\/01\\\/03\\\/en-2023-dif-silao-abrio-45-comedores-comunitarios\\\/\",\"url\":\"https:\\\/\\\/kuali.com.mx\\\/web\\\/2024\\\/01\\\/03\\\/en-2023-dif-silao-abrio-45-comedores-comunitarios\\\/\",\"name\":\"EN 2023, DIF SILAO ABRI\u00d3 45 COMEDORES COMUNITARIOS - Kuali\",\"isPartOf\":{\"@id\":\"https:\\\/\\\/kuali.com.mx\\\/web\\\/#website\"},\"primaryImageOfPage\":{\"@id\":\"https:\\\/\\\/kuali.com.mx\\\/web\\\/2024\\\/01\\\/03\\\/en-2023-dif-silao-abrio-45-comedores-comunitarios\\\/#primaryimage\"},\"image\":{\"@id\":\"https:\\\/\\\/kuali.com.mx\\\/web\\\/2024\\\/01\\\/03\\\/en-2023-dif-silao-abrio-45-comedores-comunitarios\\\/#primaryimage\"},\"thumbnailUrl\":\"https:\\\/\\\/kuali.com.mx\\\/web\\\/wp-content\\\/uploads\\\/2024\\\/01\\\/comedor-comunitario-Silao.gif\",\"datePublished\":\"2024-01-03T19:20:17+00:00\",\"dateModified\":\"2024-01-04T04:47:06+00:00\",\"author\":{\"@id\":\"https:\\\/\\\/kuali.com.mx\\\/web\\\/#\\\/schema\\\/person\\\/6f89ffa8ecba9dae50662357923c5289\"},\"breadcrumb\":{\"@id\":\"https:\\\/\\\/kuali.com.mx\\\/web\\\/2024\\\/01\\\/03\\\/en-2023-dif-silao-abrio-45-comedores-comunitarios\\\/#breadcrumb\"},\"inLanguage\":\"es\",\"potentialAction\":[{\"@type\":\"ReadAction\",\"target\":[\"https:\\\/\\\/kuali.com.mx\\\/web\\\/2024\\\/01\\\/03\\\/en-2023-dif-silao-abrio-45-comedores-comunitarios\\\/\"]}]},{\"@type\":\"ImageObject\",\"inLanguage\":\"es\",\"@id\":\"https:\\\/\\\/kuali.com.mx\\\/web\\\/2024\\\/01\\\/03\\\/en-2023-dif-silao-abrio-45-comedores-comunitarios\\\/#primaryimage\",\"url\":\"https:\\\/\\\/kuali.com.mx\\\/web\\\/wp-content\\\/uploads\\\/2024\\\/01\\\/comedor-comunitario-Silao.gif\",\"contentUrl\":\"https:\\\/\\\/kuali.com.mx\\\/web\\\/wp-content\\\/uploads\\\/2024\\\/01\\\/comedor-comunitario-Silao.gif\",\"width\":1700,\"height\":750},{\"@type\":\"BreadcrumbList\",\"@id\":\"https:\\\/\\\/kuali.com.mx\\\/web\\\/2024\\\/01\\\/03\\\/en-2023-dif-silao-abrio-45-comedores-comunitarios\\\/#breadcrumb\",\"itemListElement\":[{\"@type\":\"ListItem\",\"position\":1,\"name\":\"Inicio\",\"item\":\"https:\\\/\\\/kuali.com.mx\\\/web\\\/\"},{\"@type\":\"ListItem\",\"position\":2,\"name\":\"EN 2023, DIF SILAO ABRI\u00d3 45 COMEDORES COMUNITARIOS\"}]},{\"@type\":\"WebSite\",\"@id\":\"https:\\\/\\\/kuali.com.mx\\\/web\\\/#website\",\"url\":\"https:\\\/\\\/kuali.com.mx\\\/web\\\/\",\"name\":\"Kuali\",\"description\":\"\",\"potentialAction\":[{\"@type\":\"SearchAction\",\"target\":{\"@type\":\"EntryPoint\",\"urlTemplate\":\"https:\\\/\\\/kuali.com.mx\\\/web\\\/?s={search_term_string}\"},\"query-input\":{\"@type\":\"PropertyValueSpecification\",\"valueRequired\":true,\"valueName\":\"search_term_string\"}}],\"inLanguage\":\"es\"},{\"@type\":\"Person\",\"@id\":\"https:\\\/\\\/kuali.com.mx\\\/web\\\/#\\\/schema\\\/person\\\/6f89ffa8ecba9dae50662357923c5289\",\"name\":\"Kuali Staff\",\"image\":{\"@type\":\"ImageObject\",\"inLanguage\":\"es\",\"@id\":\"https:\\\/\\\/secure.gravatar.com\\\/avatar\\\/f917ad82e5ab71227a733c78b6e60715476f69ee6be59feee4eb5d9920c89e0f?s=96&d=mm&r=g\",\"url\":\"https:\\\/\\\/secure.gravatar.com\\\/avatar\\\/f917ad82e5ab71227a733c78b6e60715476f69ee6be59feee4eb5d9920c89e0f?s=96&d=mm&r=g\",\"contentUrl\":\"https:\\\/\\\/secure.gravatar.com\\\/avatar\\\/f917ad82e5ab71227a733c78b6e60715476f69ee6be59feee4eb5d9920c89e0f?s=96&d=mm&r=g\",\"caption\":\"Kuali Staff\"},\"url\":\"https:\\\/\\\/kuali.com.mx\\\/web\\\/author\\\/lagarto\\\/\"}]}<\/script>\n<!-- \/ Yoast SEO plugin. -->","yoast_head_json":{"title":"EN 2023, DIF SILAO ABRI\u00d3 45 COMEDORES COMUNITARIOS - Kuali","robots":{"index":"index","follow":"follow","max-snippet":"max-snippet:-1","max-image-preview":"max-image-preview:large","max-video-preview":"max-video-preview:-1"},"canonical":"https:\/\/kuali.com.mx\/web\/2024\/01\/03\/en-2023-dif-silao-abrio-45-comedores-comunitarios\/","og_locale":"es_MX","og_type":"article","og_title":"EN 2023, DIF SILAO ABRI\u00d3 45 COMEDORES COMUNITARIOS - Kuali","og_description":"Alicia Arias\/Silao de la Victoria, Gto.- Durante el a\u00f1o 2023 el Gobierno Municipal de Silao puso en marcha 45 comedores comunitarios; esto es, casi cuatro comedores al mes. Los comedores comunitarios son operados por el Sistema para el desarrollo Integral de la Familia (DIF) municipal de Silao Los comedores fueron reabiertos por instrucciones del presidente [&hellip;]","og_url":"https:\/\/kuali.com.mx\/web\/2024\/01\/03\/en-2023-dif-silao-abrio-45-comedores-comunitarios\/","og_site_name":"Kuali","article_publisher":"https:\/\/kuali.com.mx\/web\/wp-content\/uploads\/2018\/04\/cropped-kuali_logo-1-1.png","article_published_time":"2024-01-03T19:20:17+00:00","article_modified_time":"2024-01-04T04:47:06+00:00","og_image":[{"width":1700,"height":750,"url":"https:\/\/kuali.com.mx\/web\/wp-content\/uploads\/2024\/01\/comedor-comunitario-Silao.gif","type":"image\/gif"}],"author":"Kuali Staff","twitter_card":"summary_large_image","twitter_creator":"@kuali_noticias","twitter_site":"@kuali_noticias","twitter_misc":{"Escrito por":"Kuali Staff","Tiempo de lectura":"1 minuto"},"schema":{"@context":"https:\/\/schema.org","@graph":[{"@type":"Article","@id":"https:\/\/kuali.com.mx\/web\/2024\/01\/03\/en-2023-dif-silao-abrio-45-comedores-comunitarios\/#article","isPartOf":{"@id":"https:\/\/kuali.com.mx\/web\/2024\/01\/03\/en-2023-dif-silao-abrio-45-comedores-comunitarios\/"},"author":{"name":"Kuali Staff","@id":"https:\/\/kuali.com.mx\/web\/#\/schema\/person\/6f89ffa8ecba9dae50662357923c5289"},"headline":"EN 2023, DIF SILAO ABRI\u00d3 45 COMEDORES COMUNITARIOS","datePublished":"2024-01-03T19:20:17+00:00","dateModified":"2024-01-04T04:47:06+00:00","mainEntityOfPage":{"@id":"https:\/\/kuali.com.mx\/web\/2024\/01\/03\/en-2023-dif-silao-abrio-45-comedores-comunitarios\/"},"wordCount":239,"commentCount":0,"image":{"@id":"https:\/\/kuali.com.mx\/web\/2024\/01\/03\/en-2023-dif-silao-abrio-45-comedores-comunitarios\/#primaryimage"},"thumbnailUrl":"https:\/\/kuali.com.mx\/web\/wp-content\/uploads\/2024\/01\/comedor-comunitario-Silao.gif","keywords":["Ayuda social","Carlos Garc\u00eda Villase\u00f1or","Comedores comunitarios","DIF","Programas gubernamentales"],"articleSection":["Pol\u00edtica"],"inLanguage":"es","potentialAction":[{"@type":"CommentAction","name":"Comment","target":["https:\/\/kuali.com.mx\/web\/2024\/01\/03\/en-2023-dif-silao-abrio-45-comedores-comunitarios\/#respond"]}]},{"@type":"WebPage","@id":"https:\/\/kuali.com.mx\/web\/2024\/01\/03\/en-2023-dif-silao-abrio-45-comedores-comunitarios\/","url":"https:\/\/kuali.com.mx\/web\/2024\/01\/03\/en-2023-dif-silao-abrio-45-comedores-comunitarios\/","name":"EN 2023, DIF SILAO ABRI\u00d3 45 COMEDORES COMUNITARIOS - Kuali","isPartOf":{"@id":"https:\/\/kuali.com.mx\/web\/#website"},"primaryImageOfPage":{"@id":"https:\/\/kuali.com.mx\/web\/2024\/01\/03\/en-2023-dif-silao-abrio-45-comedores-comunitarios\/#primaryimage"},"image":{"@id":"https:\/\/kuali.com.mx\/web\/2024\/01\/03\/en-2023-dif-silao-abrio-45-comedores-comunitarios\/#primaryimage"},"thumbnailUrl":"https:\/\/kuali.com.mx\/web\/wp-content\/uploads\/2024\/01\/comedor-comunitario-Silao.gif","datePublished":"2024-01-03T19:20:17+00:00","dateModified":"2024-01-04T04:47:06+00:00","author":{"@id":"https:\/\/kuali.com.mx\/web\/#\/schema\/person\/6f89ffa8ecba9dae50662357923c5289"},"breadcrumb":{"@id":"https:\/\/kuali.com.mx\/web\/2024\/01\/03\/en-2023-dif-silao-abrio-45-comedores-comunitarios\/#breadcrumb"},"inLanguage":"es","potentialAction":[{"@type":"ReadAction","target":["https:\/\/kuali.com.mx\/web\/2024\/01\/03\/en-2023-dif-silao-abrio-45-comedores-comunitarios\/"]}]},{"@type":"ImageObject","inLanguage":"es","@id":"https:\/\/kuali.com.mx\/web\/2024\/01\/03\/en-2023-dif-silao-abrio-45-comedores-comunitarios\/#primaryimage","url":"https:\/\/kuali.com.mx\/web\/wp-content\/uploads\/2024\/01\/comedor-comunitario-Silao.gif","contentUrl":"https:\/\/kuali.com.mx\/web\/wp-content\/uploads\/2024\/01\/comedor-comunitario-Silao.gif","width":1700,"height":750},{"@type":"BreadcrumbList","@id":"https:\/\/kuali.com.mx\/web\/2024\/01\/03\/en-2023-dif-silao-abrio-45-comedores-comunitarios\/#breadcrumb","itemListElement":[{"@type":"ListItem","position":1,"name":"Inicio","item":"https:\/\/kuali.com.mx\/web\/"},{"@type":"ListItem","position":2,"name":"EN 2023, DIF SILAO ABRI\u00d3 45 COMEDORES COMUNITARIOS"}]},{"@type":"WebSite","@id":"https:\/\/kuali.com.mx\/web\/#website","url":"https:\/\/kuali.com.mx\/web\/","name":"Kuali","description":"","potentialAction":[{"@type":"SearchAction","target":{"@type":"EntryPoint","urlTemplate":"https:\/\/kuali.com.mx\/web\/?s={search_term_string}"},"query-input":{"@type":"PropertyValueSpecification","valueRequired":true,"valueName":"search_term_string"}}],"inLanguage":"es"},{"@type":"Person","@id":"https:\/\/kuali.com.mx\/web\/#\/schema\/person\/6f89ffa8ecba9dae50662357923c5289","name":"Kuali Staff","image":{"@type":"ImageObject","inLanguage":"es","@id":"https:\/\/secure.gravatar.com\/avatar\/f917ad82e5ab71227a733c78b6e60715476f69ee6be59feee4eb5d9920c89e0f?s=96&d=mm&r=g","url":"https:\/\/secure.gravatar.com\/avatar\/f917ad82e5ab71227a733c78b6e60715476f69ee6be59feee4eb5d9920c89e0f?s=96&d=mm&r=g","contentUrl":"https:\/\/secure.gravatar.com\/avatar\/f917ad82e5ab71227a733c78b6e60715476f69ee6be59feee4eb5d9920c89e0f?s=96&d=mm&r=g","caption":"Kuali Staff"},"url":"https:\/\/kuali.com.mx\/web\/author\/lagarto\/"}]}},"_links":{"self":[{"href":"https:\/\/kuali.com.mx\/web\/wp-json\/wp\/v2\/posts\/133449","targetHints":{"allow":["GET"]}}],"collection":[{"href":"https:\/\/kuali.com.mx\/web\/wp-json\/wp\/v2\/posts"}],"about":[{"href":"https:\/\/kuali.com.mx\/web\/wp-json\/wp\/v2\/types\/post"}],"author":[{"embeddable":true,"href":"https:\/\/kuali.com.mx\/web\/wp-json\/wp\/v2\/users\/2"}],"replies":[{"embeddable":true,"href":"https:\/\/kuali.com.mx\/web\/wp-json\/wp\/v2\/comments?post=133449"}],"version-history":[{"count":1,"href":"https:\/\/kuali.com.mx\/web\/wp-json\/wp\/v2\/posts\/133449\/revisions"}],"predecessor-version":[{"id":133453,"href":"https:\/\/kuali.com.mx\/web\/wp-json\/wp\/v2\/posts\/133449\/revisions\/133453"}],"wp:featuredmedia":[{"embeddable":true,"href":"https:\/\/kuali.com.mx\/web\/wp-json\/wp\/v2\/media\/133452"}],"wp:attachment":[{"href":"https:\/\/kuali.com.mx\/web\/wp-json\/wp\/v2\/media?parent=133449"}],"wp:term":[{"taxonomy":"category","embeddable":true,"href":"https:\/\/kuali.com.mx\/web\/wp-json\/wp\/v2\/categories?post=133449"},{"taxonomy":"post_tag","embeddable":true,"href":"https:\/\/kuali.com.mx\/web\/wp-json\/wp\/v2\/tags?post=133449"}],"curies":[{"name":"wp","href":"https:\/\/api.w.org\/{rel}","templated":true}]}}