{"id":132891,"date":"2023-12-23T19:39:21","date_gmt":"2023-12-24T01:39:21","guid":{"rendered":"https:\/\/kuali.com.mx\/web\/?p=132891"},"modified":"2023-12-23T19:44:28","modified_gmt":"2023-12-24T01:44:28","slug":"van-a-prision-por-extorsionar-a-comerciantes-de-celaya","status":"publish","type":"post","link":"https:\/\/kuali.com.mx\/web\/2023\/12\/23\/van-a-prision-por-extorsionar-a-comerciantes-de-celaya\/","title":{"rendered":"VAN A PRISI\u00d3N POR EXTORSIONAR A COMERCIANTES EN CELAYA"},"content":{"rendered":"\n<p><strong>Kuali\/Guanajuato, Gto.- <\/strong>Jos\u00e9 \u201cN\u201d y Luis Manuel \u201cN\u201d fueron condenados a prisi\u00f3n por el delito de extorsi\u00f3n en agravio de comerciantes del municipio de Celaya.<\/p>\n\n\n\n<p>La Fiscal\u00eda General del Estado de Guanajuato (FGEG) obtuvo que la autoridad judicial, dictara sentencia condenatoria mediante procedimiento abreviado para Jos\u00e9 y Luis Manuel, quienes se encontraban cumpliendo prisi\u00f3n preventiva por el delito de extorsi\u00f3n agravada.<\/p>\n\n\n\n<p>Los hechos se registraron desde finales de marzo de 2022 hasta finales de septiembre del mismo a\u00f1o, lapso de tiempo en el que realizaron a las v\u00edctimas, exigencias econ\u00f3micas mediante diversos mecanismos de presi\u00f3n, de las cuales obtuvieron diversos pagos.<\/p>\n\n\n\n<p>Los comerciantes celayenses pusieron en conocimiento del hecho a la Fiscal\u00eda General del Estado de Guanajuato (FGEG) y el agente del Ministerio P\u00fablico recopil\u00f3 los medios de prueba que acreditaron la comisi\u00f3n del delito.<\/p>\n\n\n\n<p>Cada uno de los responsables qued\u00f3 tras las rejas y tendr\u00e1n que cubrir la reparaci\u00f3n del da\u00f1o en favor de los ofendidos.<\/p>\n","protected":false},"excerpt":{"rendered":"Kuali\/Guanajuato, Gto.- Jos\u00e9 \u201cN\u201d y Luis Manuel \u201cN\u201d fueron condenados a prisi\u00f3n por el delito de extorsi\u00f3n en agravio de comerciantes del municipio de Celaya. La Fiscal\u00eda General del Estado de Guanajuato (FGEG) obtuvo que la autoridad judicial, dictara sentencia condenatoria mediante procedimiento abreviado para Jos\u00e9 y Luis Manuel, quienes se encontraban cumpliendo prisi\u00f3n preventiva [&hellip;]","protected":false},"author":2,"featured_media":132894,"comment_status":"open","ping_status":"open","sticky":false,"template":"","format":"standard","meta":{"_seopress_robots_primary_cat":"none","_seopress_titles_title":"","_seopress_titles_desc":"","_seopress_robots_index":"","_monsterinsights_skip_tracking":false,"_monsterinsights_sitenote_active":false,"_monsterinsights_sitenote_note":"","_monsterinsights_sitenote_category":0,"footnotes":""},"categories":[3,69],"tags":[488,3052,30,2475,101],"class_list":["post-132891","post","type-post","status-publish","format-standard","has-post-thumbnail","hentry","category-politica","category-slider","tag-celaya","tag-comerciantes","tag-delitos","tag-extorsion","tag-inseguridad"],"yoast_head":"<!-- This site is optimized with the Yoast SEO plugin v27.5 - https:\/\/yoast.com\/product\/yoast-seo-wordpress\/ -->\n<title>VAN A PRISI\u00d3N POR EXTORSIONAR A COMERCIANTES EN CELAYA - Kuali<\/title>\n<meta name=\"robots\" content=\"index, follow, max-snippet:-1, max-image-preview:large, max-video-preview:-1\" \/>\n<link rel=\"canonical\" href=\"https:\/\/kuali.com.mx\/web\/2023\/12\/23\/van-a-prision-por-extorsionar-a-comerciantes-de-celaya\/\" \/>\n<meta property=\"og:locale\" content=\"es_MX\" \/>\n<meta property=\"og:type\" content=\"article\" \/>\n<meta property=\"og:title\" content=\"VAN A PRISI\u00d3N POR EXTORSIONAR A COMERCIANTES EN CELAYA - Kuali\" \/>\n<meta property=\"og:description\" content=\"Kuali\/Guanajuato, Gto.- Jos\u00e9 \u201cN\u201d y Luis Manuel \u201cN\u201d fueron condenados a prisi\u00f3n por el delito de extorsi\u00f3n en agravio de comerciantes del municipio de Celaya. La Fiscal\u00eda General del Estado de Guanajuato (FGEG) obtuvo que la autoridad judicial, dictara sentencia condenatoria mediante procedimiento abreviado para Jos\u00e9 y Luis Manuel, quienes se encontraban cumpliendo prisi\u00f3n preventiva [&hellip;]\" \/>\n<meta property=\"og:url\" content=\"https:\/\/kuali.com.mx\/web\/2023\/12\/23\/van-a-prision-por-extorsionar-a-comerciantes-de-celaya\/\" \/>\n<meta property=\"og:site_name\" content=\"Kuali\" \/>\n<meta property=\"article:publisher\" content=\"https:\/\/kuali.com.mx\/web\/wp-content\/uploads\/2018\/04\/cropped-kuali_logo-1-1.png\" \/>\n<meta property=\"article:published_time\" content=\"2023-12-24T01:39:21+00:00\" \/>\n<meta property=\"article:modified_time\" content=\"2023-12-24T01:44:28+00:00\" \/>\n<meta property=\"og:image\" content=\"https:\/\/kuali.com.mx\/web\/wp-content\/uploads\/2023\/12\/Extorsionadores-de-Celaya.gif\" \/>\n\t<meta property=\"og:image:width\" content=\"1800\" \/>\n\t<meta property=\"og:image:height\" content=\"750\" \/>\n\t<meta property=\"og:image:type\" content=\"image\/gif\" \/>\n<meta name=\"author\" content=\"Kuali Staff\" \/>\n<meta name=\"twitter:card\" content=\"summary_large_image\" \/>\n<meta name=\"twitter:creator\" content=\"@kuali_noticias\" \/>\n<meta name=\"twitter:site\" content=\"@kuali_noticias\" \/>\n<meta name=\"twitter:label1\" content=\"Escrito por\" \/>\n\t<meta name=\"twitter:data1\" content=\"Kuali Staff\" \/>\n\t<meta name=\"twitter:label2\" content=\"Tiempo de lectura\" \/>\n\t<meta name=\"twitter:data2\" content=\"1 minuto\" \/>\n<script type=\"application\/ld+json\" class=\"yoast-schema-graph\">{\"@context\":\"https:\\\/\\\/schema.org\",\"@graph\":[{\"@type\":\"Article\",\"@id\":\"https:\\\/\\\/kuali.com.mx\\\/web\\\/2023\\\/12\\\/23\\\/van-a-prision-por-extorsionar-a-comerciantes-de-celaya\\\/#article\",\"isPartOf\":{\"@id\":\"https:\\\/\\\/kuali.com.mx\\\/web\\\/2023\\\/12\\\/23\\\/van-a-prision-por-extorsionar-a-comerciantes-de-celaya\\\/\"},\"author\":{\"name\":\"Kuali Staff\",\"@id\":\"https:\\\/\\\/kuali.com.mx\\\/web\\\/#\\\/schema\\\/person\\\/6f89ffa8ecba9dae50662357923c5289\"},\"headline\":\"VAN A PRISI\u00d3N POR EXTORSIONAR A COMERCIANTES EN CELAYA\",\"datePublished\":\"2023-12-24T01:39:21+00:00\",\"dateModified\":\"2023-12-24T01:44:28+00:00\",\"mainEntityOfPage\":{\"@id\":\"https:\\\/\\\/kuali.com.mx\\\/web\\\/2023\\\/12\\\/23\\\/van-a-prision-por-extorsionar-a-comerciantes-de-celaya\\\/\"},\"wordCount\":183,\"commentCount\":0,\"image\":{\"@id\":\"https:\\\/\\\/kuali.com.mx\\\/web\\\/2023\\\/12\\\/23\\\/van-a-prision-por-extorsionar-a-comerciantes-de-celaya\\\/#primaryimage\"},\"thumbnailUrl\":\"https:\\\/\\\/kuali.com.mx\\\/web\\\/wp-content\\\/uploads\\\/2023\\\/12\\\/Extorsionadores-de-Celaya.gif\",\"keywords\":[\"Celaya\",\"Comerciantes\",\"delitos\",\"Extorsi\u00f3n\",\"Inseguridad\"],\"articleSection\":[\"Pol\u00edtica\",\"slider\"],\"inLanguage\":\"es\",\"potentialAction\":[{\"@type\":\"CommentAction\",\"name\":\"Comment\",\"target\":[\"https:\\\/\\\/kuali.com.mx\\\/web\\\/2023\\\/12\\\/23\\\/van-a-prision-por-extorsionar-a-comerciantes-de-celaya\\\/#respond\"]}]},{\"@type\":\"WebPage\",\"@id\":\"https:\\\/\\\/kuali.com.mx\\\/web\\\/2023\\\/12\\\/23\\\/van-a-prision-por-extorsionar-a-comerciantes-de-celaya\\\/\",\"url\":\"https:\\\/\\\/kuali.com.mx\\\/web\\\/2023\\\/12\\\/23\\\/van-a-prision-por-extorsionar-a-comerciantes-de-celaya\\\/\",\"name\":\"VAN A PRISI\u00d3N POR EXTORSIONAR A COMERCIANTES EN CELAYA - Kuali\",\"isPartOf\":{\"@id\":\"https:\\\/\\\/kuali.com.mx\\\/web\\\/#website\"},\"primaryImageOfPage\":{\"@id\":\"https:\\\/\\\/kuali.com.mx\\\/web\\\/2023\\\/12\\\/23\\\/van-a-prision-por-extorsionar-a-comerciantes-de-celaya\\\/#primaryimage\"},\"image\":{\"@id\":\"https:\\\/\\\/kuali.com.mx\\\/web\\\/2023\\\/12\\\/23\\\/van-a-prision-por-extorsionar-a-comerciantes-de-celaya\\\/#primaryimage\"},\"thumbnailUrl\":\"https:\\\/\\\/kuali.com.mx\\\/web\\\/wp-content\\\/uploads\\\/2023\\\/12\\\/Extorsionadores-de-Celaya.gif\",\"datePublished\":\"2023-12-24T01:39:21+00:00\",\"dateModified\":\"2023-12-24T01:44:28+00:00\",\"author\":{\"@id\":\"https:\\\/\\\/kuali.com.mx\\\/web\\\/#\\\/schema\\\/person\\\/6f89ffa8ecba9dae50662357923c5289\"},\"breadcrumb\":{\"@id\":\"https:\\\/\\\/kuali.com.mx\\\/web\\\/2023\\\/12\\\/23\\\/van-a-prision-por-extorsionar-a-comerciantes-de-celaya\\\/#breadcrumb\"},\"inLanguage\":\"es\",\"potentialAction\":[{\"@type\":\"ReadAction\",\"target\":[\"https:\\\/\\\/kuali.com.mx\\\/web\\\/2023\\\/12\\\/23\\\/van-a-prision-por-extorsionar-a-comerciantes-de-celaya\\\/\"]}]},{\"@type\":\"ImageObject\",\"inLanguage\":\"es\",\"@id\":\"https:\\\/\\\/kuali.com.mx\\\/web\\\/2023\\\/12\\\/23\\\/van-a-prision-por-extorsionar-a-comerciantes-de-celaya\\\/#primaryimage\",\"url\":\"https:\\\/\\\/kuali.com.mx\\\/web\\\/wp-content\\\/uploads\\\/2023\\\/12\\\/Extorsionadores-de-Celaya.gif\",\"contentUrl\":\"https:\\\/\\\/kuali.com.mx\\\/web\\\/wp-content\\\/uploads\\\/2023\\\/12\\\/Extorsionadores-de-Celaya.gif\",\"width\":1800,\"height\":750},{\"@type\":\"BreadcrumbList\",\"@id\":\"https:\\\/\\\/kuali.com.mx\\\/web\\\/2023\\\/12\\\/23\\\/van-a-prision-por-extorsionar-a-comerciantes-de-celaya\\\/#breadcrumb\",\"itemListElement\":[{\"@type\":\"ListItem\",\"position\":1,\"name\":\"Inicio\",\"item\":\"https:\\\/\\\/kuali.com.mx\\\/web\\\/\"},{\"@type\":\"ListItem\",\"position\":2,\"name\":\"VAN A PRISI\u00d3N POR EXTORSIONAR A COMERCIANTES EN CELAYA\"}]},{\"@type\":\"WebSite\",\"@id\":\"https:\\\/\\\/kuali.com.mx\\\/web\\\/#website\",\"url\":\"https:\\\/\\\/kuali.com.mx\\\/web\\\/\",\"name\":\"Kuali\",\"description\":\"\",\"potentialAction\":[{\"@type\":\"SearchAction\",\"target\":{\"@type\":\"EntryPoint\",\"urlTemplate\":\"https:\\\/\\\/kuali.com.mx\\\/web\\\/?s={search_term_string}\"},\"query-input\":{\"@type\":\"PropertyValueSpecification\",\"valueRequired\":true,\"valueName\":\"search_term_string\"}}],\"inLanguage\":\"es\"},{\"@type\":\"Person\",\"@id\":\"https:\\\/\\\/kuali.com.mx\\\/web\\\/#\\\/schema\\\/person\\\/6f89ffa8ecba9dae50662357923c5289\",\"name\":\"Kuali Staff\",\"image\":{\"@type\":\"ImageObject\",\"inLanguage\":\"es\",\"@id\":\"https:\\\/\\\/secure.gravatar.com\\\/avatar\\\/f917ad82e5ab71227a733c78b6e60715476f69ee6be59feee4eb5d9920c89e0f?s=96&d=mm&r=g\",\"url\":\"https:\\\/\\\/secure.gravatar.com\\\/avatar\\\/f917ad82e5ab71227a733c78b6e60715476f69ee6be59feee4eb5d9920c89e0f?s=96&d=mm&r=g\",\"contentUrl\":\"https:\\\/\\\/secure.gravatar.com\\\/avatar\\\/f917ad82e5ab71227a733c78b6e60715476f69ee6be59feee4eb5d9920c89e0f?s=96&d=mm&r=g\",\"caption\":\"Kuali Staff\"},\"url\":\"https:\\\/\\\/kuali.com.mx\\\/web\\\/author\\\/lagarto\\\/\"}]}<\/script>\n<!-- \/ Yoast SEO plugin. -->","yoast_head_json":{"title":"VAN A PRISI\u00d3N POR EXTORSIONAR A COMERCIANTES EN CELAYA - Kuali","robots":{"index":"index","follow":"follow","max-snippet":"max-snippet:-1","max-image-preview":"max-image-preview:large","max-video-preview":"max-video-preview:-1"},"canonical":"https:\/\/kuali.com.mx\/web\/2023\/12\/23\/van-a-prision-por-extorsionar-a-comerciantes-de-celaya\/","og_locale":"es_MX","og_type":"article","og_title":"VAN A PRISI\u00d3N POR EXTORSIONAR A COMERCIANTES EN CELAYA - Kuali","og_description":"Kuali\/Guanajuato, Gto.- Jos\u00e9 \u201cN\u201d y Luis Manuel \u201cN\u201d fueron condenados a prisi\u00f3n por el delito de extorsi\u00f3n en agravio de comerciantes del municipio de Celaya. La Fiscal\u00eda General del Estado de Guanajuato (FGEG) obtuvo que la autoridad judicial, dictara sentencia condenatoria mediante procedimiento abreviado para Jos\u00e9 y Luis Manuel, quienes se encontraban cumpliendo prisi\u00f3n preventiva [&hellip;]","og_url":"https:\/\/kuali.com.mx\/web\/2023\/12\/23\/van-a-prision-por-extorsionar-a-comerciantes-de-celaya\/","og_site_name":"Kuali","article_publisher":"https:\/\/kuali.com.mx\/web\/wp-content\/uploads\/2018\/04\/cropped-kuali_logo-1-1.png","article_published_time":"2023-12-24T01:39:21+00:00","article_modified_time":"2023-12-24T01:44:28+00:00","og_image":[{"width":1800,"height":750,"url":"https:\/\/kuali.com.mx\/web\/wp-content\/uploads\/2023\/12\/Extorsionadores-de-Celaya.gif","type":"image\/gif"}],"author":"Kuali Staff","twitter_card":"summary_large_image","twitter_creator":"@kuali_noticias","twitter_site":"@kuali_noticias","twitter_misc":{"Escrito por":"Kuali Staff","Tiempo de lectura":"1 minuto"},"schema":{"@context":"https:\/\/schema.org","@graph":[{"@type":"Article","@id":"https:\/\/kuali.com.mx\/web\/2023\/12\/23\/van-a-prision-por-extorsionar-a-comerciantes-de-celaya\/#article","isPartOf":{"@id":"https:\/\/kuali.com.mx\/web\/2023\/12\/23\/van-a-prision-por-extorsionar-a-comerciantes-de-celaya\/"},"author":{"name":"Kuali Staff","@id":"https:\/\/kuali.com.mx\/web\/#\/schema\/person\/6f89ffa8ecba9dae50662357923c5289"},"headline":"VAN A PRISI\u00d3N POR EXTORSIONAR A COMERCIANTES EN CELAYA","datePublished":"2023-12-24T01:39:21+00:00","dateModified":"2023-12-24T01:44:28+00:00","mainEntityOfPage":{"@id":"https:\/\/kuali.com.mx\/web\/2023\/12\/23\/van-a-prision-por-extorsionar-a-comerciantes-de-celaya\/"},"wordCount":183,"commentCount":0,"image":{"@id":"https:\/\/kuali.com.mx\/web\/2023\/12\/23\/van-a-prision-por-extorsionar-a-comerciantes-de-celaya\/#primaryimage"},"thumbnailUrl":"https:\/\/kuali.com.mx\/web\/wp-content\/uploads\/2023\/12\/Extorsionadores-de-Celaya.gif","keywords":["Celaya","Comerciantes","delitos","Extorsi\u00f3n","Inseguridad"],"articleSection":["Pol\u00edtica","slider"],"inLanguage":"es","potentialAction":[{"@type":"CommentAction","name":"Comment","target":["https:\/\/kuali.com.mx\/web\/2023\/12\/23\/van-a-prision-por-extorsionar-a-comerciantes-de-celaya\/#respond"]}]},{"@type":"WebPage","@id":"https:\/\/kuali.com.mx\/web\/2023\/12\/23\/van-a-prision-por-extorsionar-a-comerciantes-de-celaya\/","url":"https:\/\/kuali.com.mx\/web\/2023\/12\/23\/van-a-prision-por-extorsionar-a-comerciantes-de-celaya\/","name":"VAN A PRISI\u00d3N POR EXTORSIONAR A COMERCIANTES EN CELAYA - Kuali","isPartOf":{"@id":"https:\/\/kuali.com.mx\/web\/#website"},"primaryImageOfPage":{"@id":"https:\/\/kuali.com.mx\/web\/2023\/12\/23\/van-a-prision-por-extorsionar-a-comerciantes-de-celaya\/#primaryimage"},"image":{"@id":"https:\/\/kuali.com.mx\/web\/2023\/12\/23\/van-a-prision-por-extorsionar-a-comerciantes-de-celaya\/#primaryimage"},"thumbnailUrl":"https:\/\/kuali.com.mx\/web\/wp-content\/uploads\/2023\/12\/Extorsionadores-de-Celaya.gif","datePublished":"2023-12-24T01:39:21+00:00","dateModified":"2023-12-24T01:44:28+00:00","author":{"@id":"https:\/\/kuali.com.mx\/web\/#\/schema\/person\/6f89ffa8ecba9dae50662357923c5289"},"breadcrumb":{"@id":"https:\/\/kuali.com.mx\/web\/2023\/12\/23\/van-a-prision-por-extorsionar-a-comerciantes-de-celaya\/#breadcrumb"},"inLanguage":"es","potentialAction":[{"@type":"ReadAction","target":["https:\/\/kuali.com.mx\/web\/2023\/12\/23\/van-a-prision-por-extorsionar-a-comerciantes-de-celaya\/"]}]},{"@type":"ImageObject","inLanguage":"es","@id":"https:\/\/kuali.com.mx\/web\/2023\/12\/23\/van-a-prision-por-extorsionar-a-comerciantes-de-celaya\/#primaryimage","url":"https:\/\/kuali.com.mx\/web\/wp-content\/uploads\/2023\/12\/Extorsionadores-de-Celaya.gif","contentUrl":"https:\/\/kuali.com.mx\/web\/wp-content\/uploads\/2023\/12\/Extorsionadores-de-Celaya.gif","width":1800,"height":750},{"@type":"BreadcrumbList","@id":"https:\/\/kuali.com.mx\/web\/2023\/12\/23\/van-a-prision-por-extorsionar-a-comerciantes-de-celaya\/#breadcrumb","itemListElement":[{"@type":"ListItem","position":1,"name":"Inicio","item":"https:\/\/kuali.com.mx\/web\/"},{"@type":"ListItem","position":2,"name":"VAN A PRISI\u00d3N POR EXTORSIONAR A COMERCIANTES EN CELAYA"}]},{"@type":"WebSite","@id":"https:\/\/kuali.com.mx\/web\/#website","url":"https:\/\/kuali.com.mx\/web\/","name":"Kuali","description":"","potentialAction":[{"@type":"SearchAction","target":{"@type":"EntryPoint","urlTemplate":"https:\/\/kuali.com.mx\/web\/?s={search_term_string}"},"query-input":{"@type":"PropertyValueSpecification","valueRequired":true,"valueName":"search_term_string"}}],"inLanguage":"es"},{"@type":"Person","@id":"https:\/\/kuali.com.mx\/web\/#\/schema\/person\/6f89ffa8ecba9dae50662357923c5289","name":"Kuali Staff","image":{"@type":"ImageObject","inLanguage":"es","@id":"https:\/\/secure.gravatar.com\/avatar\/f917ad82e5ab71227a733c78b6e60715476f69ee6be59feee4eb5d9920c89e0f?s=96&d=mm&r=g","url":"https:\/\/secure.gravatar.com\/avatar\/f917ad82e5ab71227a733c78b6e60715476f69ee6be59feee4eb5d9920c89e0f?s=96&d=mm&r=g","contentUrl":"https:\/\/secure.gravatar.com\/avatar\/f917ad82e5ab71227a733c78b6e60715476f69ee6be59feee4eb5d9920c89e0f?s=96&d=mm&r=g","caption":"Kuali Staff"},"url":"https:\/\/kuali.com.mx\/web\/author\/lagarto\/"}]}},"_links":{"self":[{"href":"https:\/\/kuali.com.mx\/web\/wp-json\/wp\/v2\/posts\/132891","targetHints":{"allow":["GET"]}}],"collection":[{"href":"https:\/\/kuali.com.mx\/web\/wp-json\/wp\/v2\/posts"}],"about":[{"href":"https:\/\/kuali.com.mx\/web\/wp-json\/wp\/v2\/types\/post"}],"author":[{"embeddable":true,"href":"https:\/\/kuali.com.mx\/web\/wp-json\/wp\/v2\/users\/2"}],"replies":[{"embeddable":true,"href":"https:\/\/kuali.com.mx\/web\/wp-json\/wp\/v2\/comments?post=132891"}],"version-history":[{"count":3,"href":"https:\/\/kuali.com.mx\/web\/wp-json\/wp\/v2\/posts\/132891\/revisions"}],"predecessor-version":[{"id":132897,"href":"https:\/\/kuali.com.mx\/web\/wp-json\/wp\/v2\/posts\/132891\/revisions\/132897"}],"wp:featuredmedia":[{"embeddable":true,"href":"https:\/\/kuali.com.mx\/web\/wp-json\/wp\/v2\/media\/132894"}],"wp:attachment":[{"href":"https:\/\/kuali.com.mx\/web\/wp-json\/wp\/v2\/media?parent=132891"}],"wp:term":[{"taxonomy":"category","embeddable":true,"href":"https:\/\/kuali.com.mx\/web\/wp-json\/wp\/v2\/categories?post=132891"},{"taxonomy":"post_tag","embeddable":true,"href":"https:\/\/kuali.com.mx\/web\/wp-json\/wp\/v2\/tags?post=132891"}],"curies":[{"name":"wp","href":"https:\/\/api.w.org\/{rel}","templated":true}]}}