{"id":132802,"date":"2023-12-22T07:47:56","date_gmt":"2023-12-22T13:47:56","guid":{"rendered":"https:\/\/kuali.com.mx\/web\/?p=132802"},"modified":"2023-12-22T07:47:57","modified_gmt":"2023-12-22T13:47:57","slug":"conmemora-irapuato-200-aniversario-de-guanajuato-como-estado","status":"publish","type":"post","link":"https:\/\/kuali.com.mx\/web\/2023\/12\/22\/conmemora-irapuato-200-aniversario-de-guanajuato-como-estado\/","title":{"rendered":"CONMEMORA IRAPUATO 200 ANIVERSARIO DE GUANAJUATO COMO ESTADO"},"content":{"rendered":"\n<p><strong><em>Kuali\/Irapuato, Gto<\/em>.-\u00a0<\/strong>Para sumarse a los festejos de los 200 A\u00f1os de Guanajuato como Estado Libre y Soberano, el Gobierno de Irapuato realiz\u00f3 una sesi\u00f3n solemne, en la que se destac\u00f3 la historia de las y los guanajuatenses.\u00a0<\/p>\n\n\n\n<p>Lorena Alfaro Garc\u00eda, presidenta municipal, destac\u00f3 que, durante estos 200 a\u00f1os de libertad y soberan\u00eda, Guanajuato se ha caracterizado por su grandeza y por su historia en el Pa\u00eds, pues es cuna de la independencia, con hombres y mujeres aguerridos y talentosos que han dejado huella defendiendo sus ideales y pasiones en los diferentes campos.&nbsp;<\/p>\n\n\n\n<p>\u201cA 200 a\u00f1os del nacimiento de Guanajuato como estado Libre y Soberano, con la mirada hacia lo m\u00e1s alto y la mano en el coraz\u00f3n, las y los invito a seguir construyendo un estado de grandeza, sinti\u00e9ndonos orgullosos y motivados porque somos herederos de un gran legado, celebremos a nuestro estado y honremos a nuestros antepasados, con trabajo, con esmero, con valor, convencidos de que lo que viene es y puede ser a\u00fan mucho mejor\u201d, comparti\u00f3.\u00a0<\/p>\n\n\n\n<figure class=\"wp-block-image size-large\"><img loading=\"lazy\" decoding=\"async\" width=\"1024\" height=\"546\" src=\"https:\/\/kuali.com.mx\/web\/wp-content\/uploads\/2023\/12\/CABILDO-2-1024x546.jpg\" alt=\"\" class=\"wp-image-132805\" srcset=\"https:\/\/kuali.com.mx\/web\/wp-content\/uploads\/2023\/12\/CABILDO-2-1024x546.jpg 1024w, https:\/\/kuali.com.mx\/web\/wp-content\/uploads\/2023\/12\/CABILDO-2-300x160.jpg 300w, https:\/\/kuali.com.mx\/web\/wp-content\/uploads\/2023\/12\/CABILDO-2-768x409.jpg 768w, https:\/\/kuali.com.mx\/web\/wp-content\/uploads\/2023\/12\/CABILDO-2-218x116.jpg 218w, https:\/\/kuali.com.mx\/web\/wp-content\/uploads\/2023\/12\/CABILDO-2.jpg 1407w\" sizes=\"auto, (max-width: 1024px) 100vw, 1024px\" \/><\/figure>\n\n\n\n<p>David Alejandro G\u00f3mez Hern\u00e1ndez, sub secretario de Administraci\u00f3n, de la Secretar\u00eda de Finanzas, Inversi\u00f3n y Administraci\u00f3n del Estado, inform\u00f3 que, en 1823, se fund\u00f3 la Federaci\u00f3n Mexicana a partir del Acta Constitucional, a la que Guanajuato se adhiri\u00f3 el 20 de diciembre de 1823, estando nuevamente como punta de lanza en el desarrollo pol\u00edtico de nuestro pa\u00eds.&nbsp;<\/p>\n\n\n\n<p>\u201cHoy nos toca a nosotros continuar con este legado de grandeza, como guanajuatenses, tenemos un ADN poderoso, trabajador, visionario, con mucho talento y capacidad, tenemos una tierra rica, esplendida y fruct\u00edfera, tenemos una historia gloriosa que es la plataforma para seguir construyendo un presente y un futuro brillantes\u201d, concluy\u00f3.&nbsp;<\/p>\n","protected":false},"excerpt":{"rendered":"Kuali\/Irapuato, Gto.-\u00a0Para sumarse a los festejos de los 200 A\u00f1os de Guanajuato como Estado Libre y Soberano, el Gobierno de Irapuato realiz\u00f3 una sesi\u00f3n solemne, en la que se destac\u00f3 la historia de las y los guanajuatenses.\u00a0 Lorena Alfaro Garc\u00eda, presidenta municipal, destac\u00f3 que, durante estos 200 a\u00f1os de libertad y soberan\u00eda, Guanajuato se ha [&hellip;]","protected":false},"author":2,"featured_media":132804,"comment_status":"open","ping_status":"open","sticky":false,"template":"","format":"standard","meta":{"_seopress_robots_primary_cat":"none","_seopress_titles_title":"","_seopress_titles_desc":"","_seopress_robots_index":"","_monsterinsights_skip_tracking":false,"_monsterinsights_sitenote_active":false,"_monsterinsights_sitenote_note":"","_monsterinsights_sitenote_category":0,"footnotes":""},"categories":[3],"tags":[],"class_list":["post-132802","post","type-post","status-publish","format-standard","has-post-thumbnail","hentry","category-politica"],"yoast_head":"<!-- This site is optimized with the Yoast SEO plugin v27.4 - https:\/\/yoast.com\/product\/yoast-seo-wordpress\/ -->\n<title>CONMEMORA IRAPUATO 200 ANIVERSARIO DE GUANAJUATO COMO ESTADO - Kuali<\/title>\n<meta name=\"robots\" content=\"index, follow, max-snippet:-1, max-image-preview:large, max-video-preview:-1\" \/>\n<link rel=\"canonical\" href=\"https:\/\/kuali.com.mx\/web\/2023\/12\/22\/conmemora-irapuato-200-aniversario-de-guanajuato-como-estado\/\" \/>\n<meta property=\"og:locale\" content=\"es_MX\" \/>\n<meta property=\"og:type\" content=\"article\" \/>\n<meta property=\"og:title\" content=\"CONMEMORA IRAPUATO 200 ANIVERSARIO DE GUANAJUATO COMO ESTADO - Kuali\" \/>\n<meta property=\"og:description\" content=\"Kuali\/Irapuato, Gto.-\u00a0Para sumarse a los festejos de los 200 A\u00f1os de Guanajuato como Estado Libre y Soberano, el Gobierno de Irapuato realiz\u00f3 una sesi\u00f3n solemne, en la que se destac\u00f3 la historia de las y los guanajuatenses.\u00a0 Lorena Alfaro Garc\u00eda, presidenta municipal, destac\u00f3 que, durante estos 200 a\u00f1os de libertad y soberan\u00eda, Guanajuato se ha [&hellip;]\" \/>\n<meta property=\"og:url\" content=\"https:\/\/kuali.com.mx\/web\/2023\/12\/22\/conmemora-irapuato-200-aniversario-de-guanajuato-como-estado\/\" \/>\n<meta property=\"og:site_name\" content=\"Kuali\" \/>\n<meta property=\"article:publisher\" content=\"https:\/\/kuali.com.mx\/web\/wp-content\/uploads\/2018\/04\/cropped-kuali_logo-1-1.png\" \/>\n<meta property=\"article:published_time\" content=\"2023-12-22T13:47:56+00:00\" \/>\n<meta property=\"article:modified_time\" content=\"2023-12-22T13:47:57+00:00\" \/>\n<meta property=\"og:image\" content=\"https:\/\/kuali.com.mx\/web\/wp-content\/uploads\/2023\/12\/CABILDO-1.jpg\" \/>\n\t<meta property=\"og:image:width\" content=\"1646\" \/>\n\t<meta property=\"og:image:height\" content=\"750\" \/>\n\t<meta property=\"og:image:type\" content=\"image\/jpeg\" \/>\n<meta name=\"author\" content=\"Kuali Staff\" \/>\n<meta name=\"twitter:card\" content=\"summary_large_image\" \/>\n<meta name=\"twitter:creator\" content=\"@kuali_noticias\" \/>\n<meta name=\"twitter:site\" content=\"@kuali_noticias\" \/>\n<meta name=\"twitter:label1\" content=\"Escrito por\" \/>\n\t<meta name=\"twitter:data1\" content=\"Kuali Staff\" \/>\n\t<meta name=\"twitter:label2\" content=\"Tiempo de lectura\" \/>\n\t<meta name=\"twitter:data2\" content=\"1 minuto\" \/>\n<script type=\"application\/ld+json\" class=\"yoast-schema-graph\">{\"@context\":\"https:\\\/\\\/schema.org\",\"@graph\":[{\"@type\":\"Article\",\"@id\":\"https:\\\/\\\/kuali.com.mx\\\/web\\\/2023\\\/12\\\/22\\\/conmemora-irapuato-200-aniversario-de-guanajuato-como-estado\\\/#article\",\"isPartOf\":{\"@id\":\"https:\\\/\\\/kuali.com.mx\\\/web\\\/2023\\\/12\\\/22\\\/conmemora-irapuato-200-aniversario-de-guanajuato-como-estado\\\/\"},\"author\":{\"name\":\"Kuali Staff\",\"@id\":\"https:\\\/\\\/kuali.com.mx\\\/web\\\/#\\\/schema\\\/person\\\/6f89ffa8ecba9dae50662357923c5289\"},\"headline\":\"CONMEMORA IRAPUATO 200 ANIVERSARIO DE GUANAJUATO COMO ESTADO\",\"datePublished\":\"2023-12-22T13:47:56+00:00\",\"dateModified\":\"2023-12-22T13:47:57+00:00\",\"mainEntityOfPage\":{\"@id\":\"https:\\\/\\\/kuali.com.mx\\\/web\\\/2023\\\/12\\\/22\\\/conmemora-irapuato-200-aniversario-de-guanajuato-como-estado\\\/\"},\"wordCount\":302,\"commentCount\":0,\"image\":{\"@id\":\"https:\\\/\\\/kuali.com.mx\\\/web\\\/2023\\\/12\\\/22\\\/conmemora-irapuato-200-aniversario-de-guanajuato-como-estado\\\/#primaryimage\"},\"thumbnailUrl\":\"https:\\\/\\\/kuali.com.mx\\\/web\\\/wp-content\\\/uploads\\\/2023\\\/12\\\/CABILDO-1.jpg\",\"articleSection\":[\"Pol\u00edtica\"],\"inLanguage\":\"es\",\"potentialAction\":[{\"@type\":\"CommentAction\",\"name\":\"Comment\",\"target\":[\"https:\\\/\\\/kuali.com.mx\\\/web\\\/2023\\\/12\\\/22\\\/conmemora-irapuato-200-aniversario-de-guanajuato-como-estado\\\/#respond\"]}]},{\"@type\":\"WebPage\",\"@id\":\"https:\\\/\\\/kuali.com.mx\\\/web\\\/2023\\\/12\\\/22\\\/conmemora-irapuato-200-aniversario-de-guanajuato-como-estado\\\/\",\"url\":\"https:\\\/\\\/kuali.com.mx\\\/web\\\/2023\\\/12\\\/22\\\/conmemora-irapuato-200-aniversario-de-guanajuato-como-estado\\\/\",\"name\":\"CONMEMORA IRAPUATO 200 ANIVERSARIO DE GUANAJUATO COMO ESTADO - Kuali\",\"isPartOf\":{\"@id\":\"https:\\\/\\\/kuali.com.mx\\\/web\\\/#website\"},\"primaryImageOfPage\":{\"@id\":\"https:\\\/\\\/kuali.com.mx\\\/web\\\/2023\\\/12\\\/22\\\/conmemora-irapuato-200-aniversario-de-guanajuato-como-estado\\\/#primaryimage\"},\"image\":{\"@id\":\"https:\\\/\\\/kuali.com.mx\\\/web\\\/2023\\\/12\\\/22\\\/conmemora-irapuato-200-aniversario-de-guanajuato-como-estado\\\/#primaryimage\"},\"thumbnailUrl\":\"https:\\\/\\\/kuali.com.mx\\\/web\\\/wp-content\\\/uploads\\\/2023\\\/12\\\/CABILDO-1.jpg\",\"datePublished\":\"2023-12-22T13:47:56+00:00\",\"dateModified\":\"2023-12-22T13:47:57+00:00\",\"author\":{\"@id\":\"https:\\\/\\\/kuali.com.mx\\\/web\\\/#\\\/schema\\\/person\\\/6f89ffa8ecba9dae50662357923c5289\"},\"breadcrumb\":{\"@id\":\"https:\\\/\\\/kuali.com.mx\\\/web\\\/2023\\\/12\\\/22\\\/conmemora-irapuato-200-aniversario-de-guanajuato-como-estado\\\/#breadcrumb\"},\"inLanguage\":\"es\",\"potentialAction\":[{\"@type\":\"ReadAction\",\"target\":[\"https:\\\/\\\/kuali.com.mx\\\/web\\\/2023\\\/12\\\/22\\\/conmemora-irapuato-200-aniversario-de-guanajuato-como-estado\\\/\"]}]},{\"@type\":\"ImageObject\",\"inLanguage\":\"es\",\"@id\":\"https:\\\/\\\/kuali.com.mx\\\/web\\\/2023\\\/12\\\/22\\\/conmemora-irapuato-200-aniversario-de-guanajuato-como-estado\\\/#primaryimage\",\"url\":\"https:\\\/\\\/kuali.com.mx\\\/web\\\/wp-content\\\/uploads\\\/2023\\\/12\\\/CABILDO-1.jpg\",\"contentUrl\":\"https:\\\/\\\/kuali.com.mx\\\/web\\\/wp-content\\\/uploads\\\/2023\\\/12\\\/CABILDO-1.jpg\",\"width\":1646,\"height\":750},{\"@type\":\"BreadcrumbList\",\"@id\":\"https:\\\/\\\/kuali.com.mx\\\/web\\\/2023\\\/12\\\/22\\\/conmemora-irapuato-200-aniversario-de-guanajuato-como-estado\\\/#breadcrumb\",\"itemListElement\":[{\"@type\":\"ListItem\",\"position\":1,\"name\":\"Inicio\",\"item\":\"https:\\\/\\\/kuali.com.mx\\\/web\\\/\"},{\"@type\":\"ListItem\",\"position\":2,\"name\":\"CONMEMORA IRAPUATO 200 ANIVERSARIO DE GUANAJUATO COMO ESTADO\"}]},{\"@type\":\"WebSite\",\"@id\":\"https:\\\/\\\/kuali.com.mx\\\/web\\\/#website\",\"url\":\"https:\\\/\\\/kuali.com.mx\\\/web\\\/\",\"name\":\"Kuali\",\"description\":\"\",\"potentialAction\":[{\"@type\":\"SearchAction\",\"target\":{\"@type\":\"EntryPoint\",\"urlTemplate\":\"https:\\\/\\\/kuali.com.mx\\\/web\\\/?s={search_term_string}\"},\"query-input\":{\"@type\":\"PropertyValueSpecification\",\"valueRequired\":true,\"valueName\":\"search_term_string\"}}],\"inLanguage\":\"es\"},{\"@type\":\"Person\",\"@id\":\"https:\\\/\\\/kuali.com.mx\\\/web\\\/#\\\/schema\\\/person\\\/6f89ffa8ecba9dae50662357923c5289\",\"name\":\"Kuali Staff\",\"image\":{\"@type\":\"ImageObject\",\"inLanguage\":\"es\",\"@id\":\"https:\\\/\\\/secure.gravatar.com\\\/avatar\\\/f917ad82e5ab71227a733c78b6e60715476f69ee6be59feee4eb5d9920c89e0f?s=96&d=mm&r=g\",\"url\":\"https:\\\/\\\/secure.gravatar.com\\\/avatar\\\/f917ad82e5ab71227a733c78b6e60715476f69ee6be59feee4eb5d9920c89e0f?s=96&d=mm&r=g\",\"contentUrl\":\"https:\\\/\\\/secure.gravatar.com\\\/avatar\\\/f917ad82e5ab71227a733c78b6e60715476f69ee6be59feee4eb5d9920c89e0f?s=96&d=mm&r=g\",\"caption\":\"Kuali Staff\"},\"url\":\"https:\\\/\\\/kuali.com.mx\\\/web\\\/author\\\/lagarto\\\/\"}]}<\/script>\n<!-- \/ Yoast SEO plugin. -->","yoast_head_json":{"title":"CONMEMORA IRAPUATO 200 ANIVERSARIO DE GUANAJUATO COMO ESTADO - Kuali","robots":{"index":"index","follow":"follow","max-snippet":"max-snippet:-1","max-image-preview":"max-image-preview:large","max-video-preview":"max-video-preview:-1"},"canonical":"https:\/\/kuali.com.mx\/web\/2023\/12\/22\/conmemora-irapuato-200-aniversario-de-guanajuato-como-estado\/","og_locale":"es_MX","og_type":"article","og_title":"CONMEMORA IRAPUATO 200 ANIVERSARIO DE GUANAJUATO COMO ESTADO - Kuali","og_description":"Kuali\/Irapuato, Gto.-\u00a0Para sumarse a los festejos de los 200 A\u00f1os de Guanajuato como Estado Libre y Soberano, el Gobierno de Irapuato realiz\u00f3 una sesi\u00f3n solemne, en la que se destac\u00f3 la historia de las y los guanajuatenses.\u00a0 Lorena Alfaro Garc\u00eda, presidenta municipal, destac\u00f3 que, durante estos 200 a\u00f1os de libertad y soberan\u00eda, Guanajuato se ha [&hellip;]","og_url":"https:\/\/kuali.com.mx\/web\/2023\/12\/22\/conmemora-irapuato-200-aniversario-de-guanajuato-como-estado\/","og_site_name":"Kuali","article_publisher":"https:\/\/kuali.com.mx\/web\/wp-content\/uploads\/2018\/04\/cropped-kuali_logo-1-1.png","article_published_time":"2023-12-22T13:47:56+00:00","article_modified_time":"2023-12-22T13:47:57+00:00","og_image":[{"width":1646,"height":750,"url":"https:\/\/kuali.com.mx\/web\/wp-content\/uploads\/2023\/12\/CABILDO-1.jpg","type":"image\/jpeg"}],"author":"Kuali Staff","twitter_card":"summary_large_image","twitter_creator":"@kuali_noticias","twitter_site":"@kuali_noticias","twitter_misc":{"Escrito por":"Kuali Staff","Tiempo de lectura":"1 minuto"},"schema":{"@context":"https:\/\/schema.org","@graph":[{"@type":"Article","@id":"https:\/\/kuali.com.mx\/web\/2023\/12\/22\/conmemora-irapuato-200-aniversario-de-guanajuato-como-estado\/#article","isPartOf":{"@id":"https:\/\/kuali.com.mx\/web\/2023\/12\/22\/conmemora-irapuato-200-aniversario-de-guanajuato-como-estado\/"},"author":{"name":"Kuali Staff","@id":"https:\/\/kuali.com.mx\/web\/#\/schema\/person\/6f89ffa8ecba9dae50662357923c5289"},"headline":"CONMEMORA IRAPUATO 200 ANIVERSARIO DE GUANAJUATO COMO ESTADO","datePublished":"2023-12-22T13:47:56+00:00","dateModified":"2023-12-22T13:47:57+00:00","mainEntityOfPage":{"@id":"https:\/\/kuali.com.mx\/web\/2023\/12\/22\/conmemora-irapuato-200-aniversario-de-guanajuato-como-estado\/"},"wordCount":302,"commentCount":0,"image":{"@id":"https:\/\/kuali.com.mx\/web\/2023\/12\/22\/conmemora-irapuato-200-aniversario-de-guanajuato-como-estado\/#primaryimage"},"thumbnailUrl":"https:\/\/kuali.com.mx\/web\/wp-content\/uploads\/2023\/12\/CABILDO-1.jpg","articleSection":["Pol\u00edtica"],"inLanguage":"es","potentialAction":[{"@type":"CommentAction","name":"Comment","target":["https:\/\/kuali.com.mx\/web\/2023\/12\/22\/conmemora-irapuato-200-aniversario-de-guanajuato-como-estado\/#respond"]}]},{"@type":"WebPage","@id":"https:\/\/kuali.com.mx\/web\/2023\/12\/22\/conmemora-irapuato-200-aniversario-de-guanajuato-como-estado\/","url":"https:\/\/kuali.com.mx\/web\/2023\/12\/22\/conmemora-irapuato-200-aniversario-de-guanajuato-como-estado\/","name":"CONMEMORA IRAPUATO 200 ANIVERSARIO DE GUANAJUATO COMO ESTADO - Kuali","isPartOf":{"@id":"https:\/\/kuali.com.mx\/web\/#website"},"primaryImageOfPage":{"@id":"https:\/\/kuali.com.mx\/web\/2023\/12\/22\/conmemora-irapuato-200-aniversario-de-guanajuato-como-estado\/#primaryimage"},"image":{"@id":"https:\/\/kuali.com.mx\/web\/2023\/12\/22\/conmemora-irapuato-200-aniversario-de-guanajuato-como-estado\/#primaryimage"},"thumbnailUrl":"https:\/\/kuali.com.mx\/web\/wp-content\/uploads\/2023\/12\/CABILDO-1.jpg","datePublished":"2023-12-22T13:47:56+00:00","dateModified":"2023-12-22T13:47:57+00:00","author":{"@id":"https:\/\/kuali.com.mx\/web\/#\/schema\/person\/6f89ffa8ecba9dae50662357923c5289"},"breadcrumb":{"@id":"https:\/\/kuali.com.mx\/web\/2023\/12\/22\/conmemora-irapuato-200-aniversario-de-guanajuato-como-estado\/#breadcrumb"},"inLanguage":"es","potentialAction":[{"@type":"ReadAction","target":["https:\/\/kuali.com.mx\/web\/2023\/12\/22\/conmemora-irapuato-200-aniversario-de-guanajuato-como-estado\/"]}]},{"@type":"ImageObject","inLanguage":"es","@id":"https:\/\/kuali.com.mx\/web\/2023\/12\/22\/conmemora-irapuato-200-aniversario-de-guanajuato-como-estado\/#primaryimage","url":"https:\/\/kuali.com.mx\/web\/wp-content\/uploads\/2023\/12\/CABILDO-1.jpg","contentUrl":"https:\/\/kuali.com.mx\/web\/wp-content\/uploads\/2023\/12\/CABILDO-1.jpg","width":1646,"height":750},{"@type":"BreadcrumbList","@id":"https:\/\/kuali.com.mx\/web\/2023\/12\/22\/conmemora-irapuato-200-aniversario-de-guanajuato-como-estado\/#breadcrumb","itemListElement":[{"@type":"ListItem","position":1,"name":"Inicio","item":"https:\/\/kuali.com.mx\/web\/"},{"@type":"ListItem","position":2,"name":"CONMEMORA IRAPUATO 200 ANIVERSARIO DE GUANAJUATO COMO ESTADO"}]},{"@type":"WebSite","@id":"https:\/\/kuali.com.mx\/web\/#website","url":"https:\/\/kuali.com.mx\/web\/","name":"Kuali","description":"","potentialAction":[{"@type":"SearchAction","target":{"@type":"EntryPoint","urlTemplate":"https:\/\/kuali.com.mx\/web\/?s={search_term_string}"},"query-input":{"@type":"PropertyValueSpecification","valueRequired":true,"valueName":"search_term_string"}}],"inLanguage":"es"},{"@type":"Person","@id":"https:\/\/kuali.com.mx\/web\/#\/schema\/person\/6f89ffa8ecba9dae50662357923c5289","name":"Kuali Staff","image":{"@type":"ImageObject","inLanguage":"es","@id":"https:\/\/secure.gravatar.com\/avatar\/f917ad82e5ab71227a733c78b6e60715476f69ee6be59feee4eb5d9920c89e0f?s=96&d=mm&r=g","url":"https:\/\/secure.gravatar.com\/avatar\/f917ad82e5ab71227a733c78b6e60715476f69ee6be59feee4eb5d9920c89e0f?s=96&d=mm&r=g","contentUrl":"https:\/\/secure.gravatar.com\/avatar\/f917ad82e5ab71227a733c78b6e60715476f69ee6be59feee4eb5d9920c89e0f?s=96&d=mm&r=g","caption":"Kuali Staff"},"url":"https:\/\/kuali.com.mx\/web\/author\/lagarto\/"}]}},"_links":{"self":[{"href":"https:\/\/kuali.com.mx\/web\/wp-json\/wp\/v2\/posts\/132802","targetHints":{"allow":["GET"]}}],"collection":[{"href":"https:\/\/kuali.com.mx\/web\/wp-json\/wp\/v2\/posts"}],"about":[{"href":"https:\/\/kuali.com.mx\/web\/wp-json\/wp\/v2\/types\/post"}],"author":[{"embeddable":true,"href":"https:\/\/kuali.com.mx\/web\/wp-json\/wp\/v2\/users\/2"}],"replies":[{"embeddable":true,"href":"https:\/\/kuali.com.mx\/web\/wp-json\/wp\/v2\/comments?post=132802"}],"version-history":[{"count":1,"href":"https:\/\/kuali.com.mx\/web\/wp-json\/wp\/v2\/posts\/132802\/revisions"}],"predecessor-version":[{"id":132806,"href":"https:\/\/kuali.com.mx\/web\/wp-json\/wp\/v2\/posts\/132802\/revisions\/132806"}],"wp:featuredmedia":[{"embeddable":true,"href":"https:\/\/kuali.com.mx\/web\/wp-json\/wp\/v2\/media\/132804"}],"wp:attachment":[{"href":"https:\/\/kuali.com.mx\/web\/wp-json\/wp\/v2\/media?parent=132802"}],"wp:term":[{"taxonomy":"category","embeddable":true,"href":"https:\/\/kuali.com.mx\/web\/wp-json\/wp\/v2\/categories?post=132802"},{"taxonomy":"post_tag","embeddable":true,"href":"https:\/\/kuali.com.mx\/web\/wp-json\/wp\/v2\/tags?post=132802"}],"curies":[{"name":"wp","href":"https:\/\/api.w.org\/{rel}","templated":true}]}}