{"id":132777,"date":"2023-12-21T17:43:12","date_gmt":"2023-12-21T23:43:12","guid":{"rendered":"https:\/\/kuali.com.mx\/web\/?p=132777"},"modified":"2023-12-21T17:43:14","modified_gmt":"2023-12-21T23:43:14","slug":"inicia-construccion-de-estacion-metropolitana-de-transporte","status":"publish","type":"post","link":"https:\/\/kuali.com.mx\/web\/2023\/12\/21\/inicia-construccion-de-estacion-metropolitana-de-transporte\/","title":{"rendered":"INICIA CONSTRUCCI\u00d3N \u00a0DE \u00a0ESTACI\u00d3N METROPOLITANA DE TRANSPORTE"},"content":{"rendered":"\n<p><strong>Kuali\/Le\u00f3n, Gto.- <\/strong>Este jueves arranc\u00f3 la construcci\u00f3n de la primera estaci\u00f3n de transferencia de transporte p\u00fablico que integra deporte, medio ambiente y movilidad. Se trata de la Estaci\u00f3n de Transferencia Metropolitana y ser\u00e1 \u00fanica en M\u00e9xico.<\/p>\n\n\n\n<p>En la obra se invierten 90 millones de pesos, beneficiar\u00e1 a 110 mil personas al d\u00eda y el tiempo de ejecuci\u00f3n ser\u00e1 de 12 meses.<\/p>\n\n\n\n<p>La nueva estaci\u00f3n estar\u00e1 equipada con canchas deportivas y \u00e1reas verdes para que las familias puedan convivir, ejercitarse y, despu\u00e9s, abordar la oruga o autob\u00fas para trasladarse a su destino. Estar\u00e1 ubicada en al interior de la deportiva Rodr\u00edguez Gaona al sur de la ciudad.<\/p>\n\n\n\n<p>\u201cEn este punto estar\u00e1 la estaci\u00f3n con todos los servicios. Va a haber ba\u00f1os, oficinas para poder hacer tr\u00e1mites y servicios, que no tengan que trasladarse a otras oficinas, van a poder tenerlo con rampas, con accesibilidad (\u2026) se van a arreglar completamente las canchas y todas las instalaciones, pero lo m\u00e1s padre es que quien venga aqu\u00ed a tomar el transporte va a poder combinar el deporte con la movilidad\u201d, dijo durante la ceremonia de primera piedra la presidenta municipal de Le\u00f3n, Alejandra Guti\u00e9rrez Campos.<\/p>\n\n\n\n<p>La obra se ejecutar\u00e1 en 12 meses y suplir\u00e1 a la micro estaci\u00f3n de Santa Rita, que actualmente brinda el servicio sobre el camell\u00f3n del bulevar Torres Landa justo frente a la unidad deportiva.<\/p>\n\n\n<div class=\"wp-block-image\">\n<figure class=\"aligncenter size-full\"><img loading=\"lazy\" decoding=\"async\" width=\"983\" height=\"654\" src=\"https:\/\/kuali.com.mx\/web\/wp-content\/uploads\/2023\/12\/Alejandra-Gutierrez-piedra-transferencia.gif\" alt=\"\" class=\"wp-image-132780\"\/><figcaption>El gobierno municipal destinar\u00e1 79.5 millones de pesos para la obra, adem\u00e1s de otros 10 millones para mejorar la infraestructura de la Deportiva Rodr\u00edguez Gaona. FOTO: ESPECIAL<\/figcaption><\/figure>\n<\/div>\n\n\n<p>A este monto se sumar\u00e1n 15 millones de pesos que aportar\u00e1 el gobierno del estado para remodelar el espacio deportivo.<\/p>\n\n\n\n<p>El gobernador, Diego Sinhue Rodr\u00edguez Vallejo, dijo en su mensaje que \u201choy tenemos un gran sistema de transporte. El mejor sistema de transporte del pa\u00eds es el de Le\u00f3n, Guanajuato, y aqu\u00ed vienen a asesorarse los de Ciudad de M\u00e9xico, los de Guadalajara, los de Costa Rica (...) No pod\u00eda venir y no ponerle nada, cuenta con los 15 millones de pesos para la cancha\u201d.<\/p>\n\n\n\n<p>Con la modificaci\u00f3n, el servicio de transporte p\u00fablico pasar\u00e1 de nueve y hasta 14 rutas de transporte p\u00fablico para mejorar las condiciones de movilidad y disminuir los tiempos de trayecto para las personas usuarias. Adem\u00e1s, el n\u00famero de beneficiarios al d\u00eda crecer\u00e1 de 68 mil a 110 mil personas.<\/p>\n\n\n\n<p><strong>Detalles de la obra<\/strong><\/p>\n\n\n\n<p><em>Construcci\u00f3n de la Estaci\u00f3n de Transferencia:<\/em><\/p>\n\n\n\n<p>\u2022 Construcci\u00f3n de plataformas y andenes<\/p>\n\n\n\n<p>\u2022 Construcci\u00f3n de techado de los andenes<\/p>\n\n\n\n<p>\u2022 Instalaciones especiales (Telecom, CCTV, Voz, y datos, el\u00e9ctricas y preparaciones)<\/p>\n\n\n\n<p>\u2022 Construcci\u00f3n de cisterna y cuarto de m\u00e1quinas<\/p>\n\n\n\n<p>\u2022 Bardas perimetrales (transparentes)<\/p>\n\n\n\n<p>\u2022 Construcci\u00f3n de vialidad de acceso a central de transferencia<\/p>\n\n\n\n<p>\u2022 Semaforizaci\u00f3n de cruceros de acceso y salida por bulevar Juan Jos\u00e9 Torres Landa y La Merced<\/p>\n\n\n\n<p><em>Mejoras a la Deportiva Rodr\u00edguez Gaona:<\/em><\/p>\n\n\n\n<p>\u2022 Modernizaci\u00f3n y construcci\u00f3n del p\u00f3rtico de acceso<\/p>\n\n\n\n<p>\u2022 Instalaci\u00f3n de t\u00f3tem en el acceso como elemento distintivo<\/p>\n\n\n\n<p>\u2022 Rehabilitaci\u00f3n del cerco perimetral<\/p>\n\n\n\n<p>\u2022 Rehabilitaci\u00f3n de plaza de acceso<\/p>\n\n\n\n<p>\u2022 Rehabilitaci\u00f3n de andadores internos<\/p>\n\n\n\n<p>\u2022 Implementaci\u00f3n de alumbrado tipo led<\/p>\n","protected":false},"excerpt":{"rendered":"Kuali\/Le\u00f3n, Gto.- Este jueves arranc\u00f3 la construcci\u00f3n de la primera estaci\u00f3n de transferencia de transporte p\u00fablico que integra deporte, medio ambiente y movilidad. Se trata de la Estaci\u00f3n de Transferencia Metropolitana y ser\u00e1 \u00fanica en M\u00e9xico. En la obra se invierten 90 millones de pesos, beneficiar\u00e1 a 110 mil personas al d\u00eda y el tiempo [&hellip;]","protected":false},"author":2,"featured_media":132781,"comment_status":"open","ping_status":"open","sticky":false,"template":"","format":"standard","meta":{"_seopress_robots_primary_cat":"none","_seopress_titles_title":"","_seopress_titles_desc":"","_seopress_robots_index":"","_monsterinsights_skip_tracking":false,"_monsterinsights_sitenote_active":false,"_monsterinsights_sitenote_note":"","_monsterinsights_sitenote_category":0,"footnotes":""},"categories":[3],"tags":[734,3223,10,392,1780],"class_list":["post-132777","post","type-post","status-publish","format-standard","has-post-thumbnail","hentry","category-politica","tag-alejandra-gutierrez","tag-estacion-metropolitana","tag-leon","tag-obra-publica","tag-transporte-publico"],"yoast_head":"<!-- This site is optimized with the Yoast SEO plugin v27.4 - https:\/\/yoast.com\/product\/yoast-seo-wordpress\/ -->\n<title>INICIA CONSTRUCCI\u00d3N \u00a0DE \u00a0ESTACI\u00d3N METROPOLITANA DE TRANSPORTE - Kuali<\/title>\n<meta name=\"robots\" content=\"index, follow, max-snippet:-1, max-image-preview:large, max-video-preview:-1\" \/>\n<link rel=\"canonical\" href=\"https:\/\/kuali.com.mx\/web\/2023\/12\/21\/inicia-construccion-de-estacion-metropolitana-de-transporte\/\" \/>\n<meta property=\"og:locale\" content=\"es_MX\" \/>\n<meta property=\"og:type\" content=\"article\" \/>\n<meta property=\"og:title\" content=\"INICIA CONSTRUCCI\u00d3N \u00a0DE \u00a0ESTACI\u00d3N METROPOLITANA DE TRANSPORTE - Kuali\" \/>\n<meta property=\"og:description\" content=\"Kuali\/Le\u00f3n, Gto.- Este jueves arranc\u00f3 la construcci\u00f3n de la primera estaci\u00f3n de transferencia de transporte p\u00fablico que integra deporte, medio ambiente y movilidad. Se trata de la Estaci\u00f3n de Transferencia Metropolitana y ser\u00e1 \u00fanica en M\u00e9xico. En la obra se invierten 90 millones de pesos, beneficiar\u00e1 a 110 mil personas al d\u00eda y el tiempo [&hellip;]\" \/>\n<meta property=\"og:url\" content=\"https:\/\/kuali.com.mx\/web\/2023\/12\/21\/inicia-construccion-de-estacion-metropolitana-de-transporte\/\" \/>\n<meta property=\"og:site_name\" content=\"Kuali\" \/>\n<meta property=\"article:publisher\" content=\"https:\/\/kuali.com.mx\/web\/wp-content\/uploads\/2018\/04\/cropped-kuali_logo-1-1.png\" \/>\n<meta property=\"article:published_time\" content=\"2023-12-21T23:43:12+00:00\" \/>\n<meta property=\"article:modified_time\" content=\"2023-12-21T23:43:14+00:00\" \/>\n<meta property=\"og:image\" content=\"https:\/\/kuali.com.mx\/web\/wp-content\/uploads\/2023\/12\/Estacion-Metropolitana.gif\" \/>\n\t<meta property=\"og:image:width\" content=\"1700\" \/>\n\t<meta property=\"og:image:height\" content=\"750\" \/>\n\t<meta property=\"og:image:type\" content=\"image\/gif\" \/>\n<meta name=\"author\" content=\"Kuali Staff\" \/>\n<meta name=\"twitter:card\" content=\"summary_large_image\" \/>\n<meta name=\"twitter:creator\" content=\"@kuali_noticias\" \/>\n<meta name=\"twitter:site\" content=\"@kuali_noticias\" \/>\n<meta name=\"twitter:label1\" content=\"Escrito por\" \/>\n\t<meta name=\"twitter:data1\" content=\"Kuali Staff\" \/>\n\t<meta name=\"twitter:label2\" content=\"Tiempo de lectura\" \/>\n\t<meta name=\"twitter:data2\" content=\"3 minutos\" \/>\n<script type=\"application\/ld+json\" class=\"yoast-schema-graph\">{\"@context\":\"https:\\\/\\\/schema.org\",\"@graph\":[{\"@type\":\"Article\",\"@id\":\"https:\\\/\\\/kuali.com.mx\\\/web\\\/2023\\\/12\\\/21\\\/inicia-construccion-de-estacion-metropolitana-de-transporte\\\/#article\",\"isPartOf\":{\"@id\":\"https:\\\/\\\/kuali.com.mx\\\/web\\\/2023\\\/12\\\/21\\\/inicia-construccion-de-estacion-metropolitana-de-transporte\\\/\"},\"author\":{\"name\":\"Kuali Staff\",\"@id\":\"https:\\\/\\\/kuali.com.mx\\\/web\\\/#\\\/schema\\\/person\\\/6f89ffa8ecba9dae50662357923c5289\"},\"headline\":\"INICIA CONSTRUCCI\u00d3N \u00a0DE \u00a0ESTACI\u00d3N METROPOLITANA DE TRANSPORTE\",\"datePublished\":\"2023-12-21T23:43:12+00:00\",\"dateModified\":\"2023-12-21T23:43:14+00:00\",\"mainEntityOfPage\":{\"@id\":\"https:\\\/\\\/kuali.com.mx\\\/web\\\/2023\\\/12\\\/21\\\/inicia-construccion-de-estacion-metropolitana-de-transporte\\\/\"},\"wordCount\":544,\"commentCount\":0,\"image\":{\"@id\":\"https:\\\/\\\/kuali.com.mx\\\/web\\\/2023\\\/12\\\/21\\\/inicia-construccion-de-estacion-metropolitana-de-transporte\\\/#primaryimage\"},\"thumbnailUrl\":\"https:\\\/\\\/kuali.com.mx\\\/web\\\/wp-content\\\/uploads\\\/2023\\\/12\\\/Estacion-Metropolitana.gif\",\"keywords\":[\"Alejandra Guti\u00e9rrez\",\"Estaci\u00f3n Metropolitana\",\"Le\u00f3n\",\"Obra p\u00fablica\",\"Transporte p\u00fablico\"],\"articleSection\":[\"Pol\u00edtica\"],\"inLanguage\":\"es\",\"potentialAction\":[{\"@type\":\"CommentAction\",\"name\":\"Comment\",\"target\":[\"https:\\\/\\\/kuali.com.mx\\\/web\\\/2023\\\/12\\\/21\\\/inicia-construccion-de-estacion-metropolitana-de-transporte\\\/#respond\"]}]},{\"@type\":\"WebPage\",\"@id\":\"https:\\\/\\\/kuali.com.mx\\\/web\\\/2023\\\/12\\\/21\\\/inicia-construccion-de-estacion-metropolitana-de-transporte\\\/\",\"url\":\"https:\\\/\\\/kuali.com.mx\\\/web\\\/2023\\\/12\\\/21\\\/inicia-construccion-de-estacion-metropolitana-de-transporte\\\/\",\"name\":\"INICIA CONSTRUCCI\u00d3N \u00a0DE \u00a0ESTACI\u00d3N METROPOLITANA DE TRANSPORTE - Kuali\",\"isPartOf\":{\"@id\":\"https:\\\/\\\/kuali.com.mx\\\/web\\\/#website\"},\"primaryImageOfPage\":{\"@id\":\"https:\\\/\\\/kuali.com.mx\\\/web\\\/2023\\\/12\\\/21\\\/inicia-construccion-de-estacion-metropolitana-de-transporte\\\/#primaryimage\"},\"image\":{\"@id\":\"https:\\\/\\\/kuali.com.mx\\\/web\\\/2023\\\/12\\\/21\\\/inicia-construccion-de-estacion-metropolitana-de-transporte\\\/#primaryimage\"},\"thumbnailUrl\":\"https:\\\/\\\/kuali.com.mx\\\/web\\\/wp-content\\\/uploads\\\/2023\\\/12\\\/Estacion-Metropolitana.gif\",\"datePublished\":\"2023-12-21T23:43:12+00:00\",\"dateModified\":\"2023-12-21T23:43:14+00:00\",\"author\":{\"@id\":\"https:\\\/\\\/kuali.com.mx\\\/web\\\/#\\\/schema\\\/person\\\/6f89ffa8ecba9dae50662357923c5289\"},\"breadcrumb\":{\"@id\":\"https:\\\/\\\/kuali.com.mx\\\/web\\\/2023\\\/12\\\/21\\\/inicia-construccion-de-estacion-metropolitana-de-transporte\\\/#breadcrumb\"},\"inLanguage\":\"es\",\"potentialAction\":[{\"@type\":\"ReadAction\",\"target\":[\"https:\\\/\\\/kuali.com.mx\\\/web\\\/2023\\\/12\\\/21\\\/inicia-construccion-de-estacion-metropolitana-de-transporte\\\/\"]}]},{\"@type\":\"ImageObject\",\"inLanguage\":\"es\",\"@id\":\"https:\\\/\\\/kuali.com.mx\\\/web\\\/2023\\\/12\\\/21\\\/inicia-construccion-de-estacion-metropolitana-de-transporte\\\/#primaryimage\",\"url\":\"https:\\\/\\\/kuali.com.mx\\\/web\\\/wp-content\\\/uploads\\\/2023\\\/12\\\/Estacion-Metropolitana.gif\",\"contentUrl\":\"https:\\\/\\\/kuali.com.mx\\\/web\\\/wp-content\\\/uploads\\\/2023\\\/12\\\/Estacion-Metropolitana.gif\",\"width\":1700,\"height\":750},{\"@type\":\"BreadcrumbList\",\"@id\":\"https:\\\/\\\/kuali.com.mx\\\/web\\\/2023\\\/12\\\/21\\\/inicia-construccion-de-estacion-metropolitana-de-transporte\\\/#breadcrumb\",\"itemListElement\":[{\"@type\":\"ListItem\",\"position\":1,\"name\":\"Inicio\",\"item\":\"https:\\\/\\\/kuali.com.mx\\\/web\\\/\"},{\"@type\":\"ListItem\",\"position\":2,\"name\":\"INICIA CONSTRUCCI\u00d3N \u00a0DE \u00a0ESTACI\u00d3N METROPOLITANA DE TRANSPORTE\"}]},{\"@type\":\"WebSite\",\"@id\":\"https:\\\/\\\/kuali.com.mx\\\/web\\\/#website\",\"url\":\"https:\\\/\\\/kuali.com.mx\\\/web\\\/\",\"name\":\"Kuali\",\"description\":\"\",\"potentialAction\":[{\"@type\":\"SearchAction\",\"target\":{\"@type\":\"EntryPoint\",\"urlTemplate\":\"https:\\\/\\\/kuali.com.mx\\\/web\\\/?s={search_term_string}\"},\"query-input\":{\"@type\":\"PropertyValueSpecification\",\"valueRequired\":true,\"valueName\":\"search_term_string\"}}],\"inLanguage\":\"es\"},{\"@type\":\"Person\",\"@id\":\"https:\\\/\\\/kuali.com.mx\\\/web\\\/#\\\/schema\\\/person\\\/6f89ffa8ecba9dae50662357923c5289\",\"name\":\"Kuali Staff\",\"image\":{\"@type\":\"ImageObject\",\"inLanguage\":\"es\",\"@id\":\"https:\\\/\\\/secure.gravatar.com\\\/avatar\\\/f917ad82e5ab71227a733c78b6e60715476f69ee6be59feee4eb5d9920c89e0f?s=96&d=mm&r=g\",\"url\":\"https:\\\/\\\/secure.gravatar.com\\\/avatar\\\/f917ad82e5ab71227a733c78b6e60715476f69ee6be59feee4eb5d9920c89e0f?s=96&d=mm&r=g\",\"contentUrl\":\"https:\\\/\\\/secure.gravatar.com\\\/avatar\\\/f917ad82e5ab71227a733c78b6e60715476f69ee6be59feee4eb5d9920c89e0f?s=96&d=mm&r=g\",\"caption\":\"Kuali Staff\"},\"url\":\"https:\\\/\\\/kuali.com.mx\\\/web\\\/author\\\/lagarto\\\/\"}]}<\/script>\n<!-- \/ Yoast SEO plugin. -->","yoast_head_json":{"title":"INICIA CONSTRUCCI\u00d3N \u00a0DE \u00a0ESTACI\u00d3N METROPOLITANA DE TRANSPORTE - Kuali","robots":{"index":"index","follow":"follow","max-snippet":"max-snippet:-1","max-image-preview":"max-image-preview:large","max-video-preview":"max-video-preview:-1"},"canonical":"https:\/\/kuali.com.mx\/web\/2023\/12\/21\/inicia-construccion-de-estacion-metropolitana-de-transporte\/","og_locale":"es_MX","og_type":"article","og_title":"INICIA CONSTRUCCI\u00d3N \u00a0DE \u00a0ESTACI\u00d3N METROPOLITANA DE TRANSPORTE - Kuali","og_description":"Kuali\/Le\u00f3n, Gto.- Este jueves arranc\u00f3 la construcci\u00f3n de la primera estaci\u00f3n de transferencia de transporte p\u00fablico que integra deporte, medio ambiente y movilidad. Se trata de la Estaci\u00f3n de Transferencia Metropolitana y ser\u00e1 \u00fanica en M\u00e9xico. En la obra se invierten 90 millones de pesos, beneficiar\u00e1 a 110 mil personas al d\u00eda y el tiempo [&hellip;]","og_url":"https:\/\/kuali.com.mx\/web\/2023\/12\/21\/inicia-construccion-de-estacion-metropolitana-de-transporte\/","og_site_name":"Kuali","article_publisher":"https:\/\/kuali.com.mx\/web\/wp-content\/uploads\/2018\/04\/cropped-kuali_logo-1-1.png","article_published_time":"2023-12-21T23:43:12+00:00","article_modified_time":"2023-12-21T23:43:14+00:00","og_image":[{"width":1700,"height":750,"url":"https:\/\/kuali.com.mx\/web\/wp-content\/uploads\/2023\/12\/Estacion-Metropolitana.gif","type":"image\/gif"}],"author":"Kuali Staff","twitter_card":"summary_large_image","twitter_creator":"@kuali_noticias","twitter_site":"@kuali_noticias","twitter_misc":{"Escrito por":"Kuali Staff","Tiempo de lectura":"3 minutos"},"schema":{"@context":"https:\/\/schema.org","@graph":[{"@type":"Article","@id":"https:\/\/kuali.com.mx\/web\/2023\/12\/21\/inicia-construccion-de-estacion-metropolitana-de-transporte\/#article","isPartOf":{"@id":"https:\/\/kuali.com.mx\/web\/2023\/12\/21\/inicia-construccion-de-estacion-metropolitana-de-transporte\/"},"author":{"name":"Kuali Staff","@id":"https:\/\/kuali.com.mx\/web\/#\/schema\/person\/6f89ffa8ecba9dae50662357923c5289"},"headline":"INICIA CONSTRUCCI\u00d3N \u00a0DE \u00a0ESTACI\u00d3N METROPOLITANA DE TRANSPORTE","datePublished":"2023-12-21T23:43:12+00:00","dateModified":"2023-12-21T23:43:14+00:00","mainEntityOfPage":{"@id":"https:\/\/kuali.com.mx\/web\/2023\/12\/21\/inicia-construccion-de-estacion-metropolitana-de-transporte\/"},"wordCount":544,"commentCount":0,"image":{"@id":"https:\/\/kuali.com.mx\/web\/2023\/12\/21\/inicia-construccion-de-estacion-metropolitana-de-transporte\/#primaryimage"},"thumbnailUrl":"https:\/\/kuali.com.mx\/web\/wp-content\/uploads\/2023\/12\/Estacion-Metropolitana.gif","keywords":["Alejandra Guti\u00e9rrez","Estaci\u00f3n Metropolitana","Le\u00f3n","Obra p\u00fablica","Transporte p\u00fablico"],"articleSection":["Pol\u00edtica"],"inLanguage":"es","potentialAction":[{"@type":"CommentAction","name":"Comment","target":["https:\/\/kuali.com.mx\/web\/2023\/12\/21\/inicia-construccion-de-estacion-metropolitana-de-transporte\/#respond"]}]},{"@type":"WebPage","@id":"https:\/\/kuali.com.mx\/web\/2023\/12\/21\/inicia-construccion-de-estacion-metropolitana-de-transporte\/","url":"https:\/\/kuali.com.mx\/web\/2023\/12\/21\/inicia-construccion-de-estacion-metropolitana-de-transporte\/","name":"INICIA CONSTRUCCI\u00d3N \u00a0DE \u00a0ESTACI\u00d3N METROPOLITANA DE TRANSPORTE - Kuali","isPartOf":{"@id":"https:\/\/kuali.com.mx\/web\/#website"},"primaryImageOfPage":{"@id":"https:\/\/kuali.com.mx\/web\/2023\/12\/21\/inicia-construccion-de-estacion-metropolitana-de-transporte\/#primaryimage"},"image":{"@id":"https:\/\/kuali.com.mx\/web\/2023\/12\/21\/inicia-construccion-de-estacion-metropolitana-de-transporte\/#primaryimage"},"thumbnailUrl":"https:\/\/kuali.com.mx\/web\/wp-content\/uploads\/2023\/12\/Estacion-Metropolitana.gif","datePublished":"2023-12-21T23:43:12+00:00","dateModified":"2023-12-21T23:43:14+00:00","author":{"@id":"https:\/\/kuali.com.mx\/web\/#\/schema\/person\/6f89ffa8ecba9dae50662357923c5289"},"breadcrumb":{"@id":"https:\/\/kuali.com.mx\/web\/2023\/12\/21\/inicia-construccion-de-estacion-metropolitana-de-transporte\/#breadcrumb"},"inLanguage":"es","potentialAction":[{"@type":"ReadAction","target":["https:\/\/kuali.com.mx\/web\/2023\/12\/21\/inicia-construccion-de-estacion-metropolitana-de-transporte\/"]}]},{"@type":"ImageObject","inLanguage":"es","@id":"https:\/\/kuali.com.mx\/web\/2023\/12\/21\/inicia-construccion-de-estacion-metropolitana-de-transporte\/#primaryimage","url":"https:\/\/kuali.com.mx\/web\/wp-content\/uploads\/2023\/12\/Estacion-Metropolitana.gif","contentUrl":"https:\/\/kuali.com.mx\/web\/wp-content\/uploads\/2023\/12\/Estacion-Metropolitana.gif","width":1700,"height":750},{"@type":"BreadcrumbList","@id":"https:\/\/kuali.com.mx\/web\/2023\/12\/21\/inicia-construccion-de-estacion-metropolitana-de-transporte\/#breadcrumb","itemListElement":[{"@type":"ListItem","position":1,"name":"Inicio","item":"https:\/\/kuali.com.mx\/web\/"},{"@type":"ListItem","position":2,"name":"INICIA CONSTRUCCI\u00d3N \u00a0DE \u00a0ESTACI\u00d3N METROPOLITANA DE TRANSPORTE"}]},{"@type":"WebSite","@id":"https:\/\/kuali.com.mx\/web\/#website","url":"https:\/\/kuali.com.mx\/web\/","name":"Kuali","description":"","potentialAction":[{"@type":"SearchAction","target":{"@type":"EntryPoint","urlTemplate":"https:\/\/kuali.com.mx\/web\/?s={search_term_string}"},"query-input":{"@type":"PropertyValueSpecification","valueRequired":true,"valueName":"search_term_string"}}],"inLanguage":"es"},{"@type":"Person","@id":"https:\/\/kuali.com.mx\/web\/#\/schema\/person\/6f89ffa8ecba9dae50662357923c5289","name":"Kuali Staff","image":{"@type":"ImageObject","inLanguage":"es","@id":"https:\/\/secure.gravatar.com\/avatar\/f917ad82e5ab71227a733c78b6e60715476f69ee6be59feee4eb5d9920c89e0f?s=96&d=mm&r=g","url":"https:\/\/secure.gravatar.com\/avatar\/f917ad82e5ab71227a733c78b6e60715476f69ee6be59feee4eb5d9920c89e0f?s=96&d=mm&r=g","contentUrl":"https:\/\/secure.gravatar.com\/avatar\/f917ad82e5ab71227a733c78b6e60715476f69ee6be59feee4eb5d9920c89e0f?s=96&d=mm&r=g","caption":"Kuali Staff"},"url":"https:\/\/kuali.com.mx\/web\/author\/lagarto\/"}]}},"_links":{"self":[{"href":"https:\/\/kuali.com.mx\/web\/wp-json\/wp\/v2\/posts\/132777","targetHints":{"allow":["GET"]}}],"collection":[{"href":"https:\/\/kuali.com.mx\/web\/wp-json\/wp\/v2\/posts"}],"about":[{"href":"https:\/\/kuali.com.mx\/web\/wp-json\/wp\/v2\/types\/post"}],"author":[{"embeddable":true,"href":"https:\/\/kuali.com.mx\/web\/wp-json\/wp\/v2\/users\/2"}],"replies":[{"embeddable":true,"href":"https:\/\/kuali.com.mx\/web\/wp-json\/wp\/v2\/comments?post=132777"}],"version-history":[{"count":1,"href":"https:\/\/kuali.com.mx\/web\/wp-json\/wp\/v2\/posts\/132777\/revisions"}],"predecessor-version":[{"id":132782,"href":"https:\/\/kuali.com.mx\/web\/wp-json\/wp\/v2\/posts\/132777\/revisions\/132782"}],"wp:featuredmedia":[{"embeddable":true,"href":"https:\/\/kuali.com.mx\/web\/wp-json\/wp\/v2\/media\/132781"}],"wp:attachment":[{"href":"https:\/\/kuali.com.mx\/web\/wp-json\/wp\/v2\/media?parent=132777"}],"wp:term":[{"taxonomy":"category","embeddable":true,"href":"https:\/\/kuali.com.mx\/web\/wp-json\/wp\/v2\/categories?post=132777"},{"taxonomy":"post_tag","embeddable":true,"href":"https:\/\/kuali.com.mx\/web\/wp-json\/wp\/v2\/tags?post=132777"}],"curies":[{"name":"wp","href":"https:\/\/api.w.org\/{rel}","templated":true}]}}