{"id":132673,"date":"2023-12-20T17:07:06","date_gmt":"2023-12-20T23:07:06","guid":{"rendered":"https:\/\/kuali.com.mx\/web\/?p=132673"},"modified":"2023-12-20T17:58:55","modified_gmt":"2023-12-20T23:58:55","slug":"celebran-200-anos-de-libertad-y-soberania-de-guanajuato","status":"publish","type":"post","link":"https:\/\/kuali.com.mx\/web\/2023\/12\/20\/celebran-200-anos-de-libertad-y-soberania-de-guanajuato\/","title":{"rendered":"CELEBRAN 200 A\u00d1OS DE LIBERTAD Y SOBERAN\u00cdA DE GUANAJUATO"},"content":{"rendered":"\n<p><strong>Kuali\/Guanajuato, Gto.-<\/strong> Este d\u00eda se conmemoran los 200 a\u00f1os de libertad y soberan\u00eda de Guanajuato como entidad federativa, y como parte de las celebraciones fue presentada la nueva bandera.<\/p>\n\n\n\n<p>Desde este mi\u00e9rcoles y cada 20 de diciembre ser\u00e1 d\u00eda inh\u00e1bil en el estado para honrar dicho acontecimiento.<\/p>\n\n\n\n<p>&nbsp;\u201cGuanajuato ha sido siempre y sigue siendo protagonista de la historia nacional. Somos cuna de la independencia y tambi\u00e9n cuna del federalismo. Desde Guanajuato impulsamos la lucha por la libertad y la independencia y fomentamos la unidad nacional\u201d, dijo en su mensaje el gobernador de Guanajuato, Diego Sinhue Rodr\u00edguez Vallejo, al presidir la ceremonia por los 200 a\u00f1os de que Guanajuato se constituy\u00f3 como Estado Libre y Soberano un 20 de diciembre de 1823.<\/p>\n\n\n<div class=\"wp-block-image\">\n<figure class=\"aligncenter size-full\"><img loading=\"lazy\" decoding=\"async\" width=\"1024\" height=\"683\" src=\"https:\/\/kuali.com.mx\/web\/wp-content\/uploads\/2023\/12\/200-anos-Guanajuato-11.gif\" alt=\"\" class=\"wp-image-132678\"\/><figcaption>A partir de hoy, el 20 de diciembre es d\u00eda ferado en el estado de Guanajuato. FOTO: ESPECIAL<\/figcaption><\/figure>\n<\/div>\n\n\n<p>La historia nacional registra p\u00e1ginas de gloria escritas con el talento, la creatividad, el amor por M\u00e9xico de mujeres y hombres guanajuatenses, a quienes hoy se les rinde un homenaje. Son guanajuatenses que incursionaron en todos los \u00e1mbitos de la vida nacional, como el arte, la cultura, el cine, la m\u00fasica, la investigaci\u00f3n, la creaci\u00f3n de instituciones, entre muchos rubros m\u00e1s, dijo el mandatario estatal.<\/p>\n\n\n\n<p>\u201cHoy m\u00e1s que nunca tenemos que estar orgullosos de Guanajuato, debemos seguir construyendo nuestro destino y aportar a nuestro pa\u00eds\u201d.<\/p>\n\n\n\n<blockquote class=\"wp-block-quote is-layout-flow wp-block-quote-is-layout-flow\"><p><strong><em>\u201cM\u00e9xico no se entender\u00eda sin Guanajuato, porque Guanajuato ha estado ah\u00ed en los momentos m\u00e1s importantes de nuestra naci\u00f3n, y Guanajuato no se entender\u00eda sin el valor de nuestra gente\u201d. <\/em><\/strong><\/p><cite>Diego Sinhue Rodr\u00edguez Vallejo<\/cite><\/blockquote>\n\n\n\n<p>Durante la&nbsp; sesi\u00f3n solemne de la Comisi\u00f3n de Celebraciones por los 200 a\u00f1os de Guanajuato como Entidad Libre y Soberana, Diego Sinhue &nbsp;entreg\u00f3 la nueva bandera con el escudo oficial de la entidad a la escolta de las Fuerzas de Seguridad P\u00fablica del Estado (FSPE).<\/p>\n\n\n\n<p><strong>20 de diciembre D\u00eda de la Bandera de Guanajuato<\/strong><\/p>\n\n\n\n<p>As\u00ed, se estableci\u00f3 el 20 de diciembre como D\u00eda de la Bandera de Guanajuato, en el que, desde hoy, se realizar\u00e1n jornadas c\u00edvicas de conmemoraci\u00f3n, respeto y exaltaci\u00f3n del L\u00e1baro.<\/p>\n\n\n\n<p>\u201cConvoco a todas y todos los habitantes de Guanajuato a hacerlos propios para conocer su significado y con ello fomentar el amor por nuestra tierra; vamos a llevarlos en todo lo alto, como la m\u00e1xima expresi\u00f3n de nuestro amor por nuestro estado\u201d, dijo.<\/p>\n\n\n<div class=\"wp-block-image\">\n<figure class=\"aligncenter size-full\"><img loading=\"lazy\" decoding=\"async\" width=\"692\" height=\"1024\" src=\"https:\/\/kuali.com.mx\/web\/wp-content\/uploads\/2023\/12\/Bandera-xde-Guanajuato.jpg\" alt=\"\" class=\"wp-image-132680\" srcset=\"https:\/\/kuali.com.mx\/web\/wp-content\/uploads\/2023\/12\/Bandera-xde-Guanajuato.jpg 692w, https:\/\/kuali.com.mx\/web\/wp-content\/uploads\/2023\/12\/Bandera-xde-Guanajuato-203x300.jpg 203w, https:\/\/kuali.com.mx\/web\/wp-content\/uploads\/2023\/12\/Bandera-xde-Guanajuato-78x116.jpg 78w\" sizes=\"auto, (max-width: 692px) 100vw, 692px\" \/><figcaption>El 20 de diciembre se celebra el D\u00eda de la Bandera de Guanajuato. FOTO: ESPECIAL<\/figcaption><\/figure>\n<\/div>\n\n\n<p>La Bandera de Guanajuato es rectangular en color blanco, con un marco dorado y al centro contiene el escudo.<\/p>\n\n\n\n<p>El escudo de Guanajuato est\u00e1 sobre una placa de oro con la imagen de la Santa Fe al centro; en la base se enlaza en una concha sostenida por dos ramos de laurel lazadas por una cinta azul, apoy\u00e1ndose en una repisa con apariencia de m\u00e1rmol; el Escudo tiene una corona sostenida por un tablado de hojas de acanto.<\/p>\n\n\n\n<p>La celebraci\u00f3n fue presidida por el gobernador en las instalaciones del Museo Palacio de Los Poderes, donde estuvo acompa\u00f1ado por el secretario de Gobierno, Jes\u00fas Oviedo Herrera; la presidenta del Supremo Tribunal de Justicia y del Consejo del Poder Judicial del Estado de Guanajuato, Ma. Rosa Medina Rodr\u00edguez; el presidente del Congreso del Estado de Guanajuato, Miguel \u00c1ngel Salim Alle; y el Comandante de la 16ava. Zona Militar, General Enrique Garc\u00eda Jaramillo.<\/p>\n\n\n\n<p>Adem\u00e1s de presidentes municipales e integrantes del gabinete legal y ampliado del gobierno estatal.<\/p>\n\n\n<div class=\"wp-block-image\">\n<figure class=\"aligncenter size-full\"><img loading=\"lazy\" decoding=\"async\" width=\"1024\" height=\"683\" src=\"https:\/\/kuali.com.mx\/web\/wp-content\/uploads\/2023\/12\/200-anos-Guanajuato-13.gif\" alt=\"\" class=\"wp-image-132679\"\/><figcaption>Como parte de los festejos fue concelebrada una misa de acci\u00f3n de gracias en la Bas\u00edlica Colegiata de Nuestra Se\u00f1ora de Guanajuato. FOTO: ESPECIAL<\/figcaption><\/figure>\n<\/div>\n\n\n<p><strong>Entregan reconocimientos<\/strong><\/p>\n\n\n\n<p>M\u00e1s tarde, en Sesi\u00f3n Solemne del Congreso del Estado de Guanajuato se entreg\u00f3 la Condecoraci\u00f3n \"Miguel Hidalgo y Costilla\" y los Premios Estatales.<\/p>\n\n\n\n<p>\u201cMuchas felicidades a Francisco Javier Cruz Olivares por recibir la Condecoraci\u00f3n Miguel Hidalgo, que es la m\u00e1xima presea que otorga el poder legislativo. Te la mereces Francisco Javier, rec\u00edbela con mucho orgullo porque es un reconocimiento de parte de las y los guanajuatenses\u201d, le djo el gobernador.<\/p>\n\n\n\n<p>Tambi\u00e9n felicit\u00f3 a quienes recibieron el Premio Estatal de Periodismo y el Premio Estatal a la Mujer \u201cEmma Godoy\u201d, en sus diferentes categor\u00edas; el Premio Estatal de Ciencias \u201cAlfredo Dug\u00e9s\u201d; y el Premio Estatal al M\u00e9rito C\u00edvico.<\/p>\n\n\n\n<p>\u201cIgualmente, nuestro reconocimiento al Heroico Cuerpo de Bomberos Voluntarios de Guanajuato, por el Premio Estatal de Solidaridad Social; as\u00ed como a la Orquesta Sinf\u00f3nica de la Universidad de Guanajuato (OSUG) por el Premio Estatal de Artes Diego Rivera\u201d.<\/p>\n\n\n\n<p>\u201cSi\u00e9ntanse muy orgullosos de su trabajo, de su vocaci\u00f3n de vida, de su talento y de todo lo que han entregado en favor de la sociedad. Por supuesto la felicitaci\u00f3n es tambi\u00e9n para sus familiares, porque el apoyo de la familia es indispensable para lograr sus metas\u201d, expres\u00f3 Rodr\u00edguez Vallejo.<\/p>\n","protected":false},"excerpt":{"rendered":"Kuali\/Guanajuato, Gto.- Este d\u00eda se conmemoran los 200 a\u00f1os de libertad y soberan\u00eda de Guanajuato como entidad federativa, y como parte de las celebraciones fue presentada la nueva bandera. Desde este mi\u00e9rcoles y cada 20 de diciembre ser\u00e1 d\u00eda inh\u00e1bil en el estado para honrar dicho acontecimiento. &nbsp;\u201cGuanajuato ha sido siempre y sigue siendo protagonista [&hellip;]","protected":false},"author":2,"featured_media":132677,"comment_status":"open","ping_status":"open","sticky":false,"template":"","format":"standard","meta":{"_seopress_robots_primary_cat":"none","_seopress_titles_title":"","_seopress_titles_desc":"","_seopress_robots_index":"","_monsterinsights_skip_tracking":false,"_monsterinsights_sitenote_active":false,"_monsterinsights_sitenote_note":"","_monsterinsights_sitenote_category":0,"footnotes":""},"categories":[3,69],"tags":[3196,3163,3195,3193,9,3192],"class_list":["post-132673","post","type-post","status-publish","format-standard","has-post-thumbnail","hentry","category-politica","category-slider","tag-20-de-diciembre","tag-200-anos","tag-escudo","tag-estados-soberanos","tag-guanajuato","tag-premios-estatales"],"yoast_head":"<!-- This site is optimized with the Yoast SEO plugin v27.4 - https:\/\/yoast.com\/product\/yoast-seo-wordpress\/ -->\n<title>CELEBRAN 200 A\u00d1OS DE LIBERTAD Y SOBERAN\u00cdA DE GUANAJUATO - Kuali<\/title>\n<meta name=\"robots\" content=\"index, follow, max-snippet:-1, max-image-preview:large, max-video-preview:-1\" \/>\n<link rel=\"canonical\" href=\"https:\/\/kuali.com.mx\/web\/2023\/12\/20\/celebran-200-anos-de-libertad-y-soberania-de-guanajuato\/\" \/>\n<meta property=\"og:locale\" content=\"es_MX\" \/>\n<meta property=\"og:type\" content=\"article\" \/>\n<meta property=\"og:title\" content=\"CELEBRAN 200 A\u00d1OS DE LIBERTAD Y SOBERAN\u00cdA DE GUANAJUATO - Kuali\" \/>\n<meta property=\"og:description\" content=\"Kuali\/Guanajuato, Gto.- Este d\u00eda se conmemoran los 200 a\u00f1os de libertad y soberan\u00eda de Guanajuato como entidad federativa, y como parte de las celebraciones fue presentada la nueva bandera. Desde este mi\u00e9rcoles y cada 20 de diciembre ser\u00e1 d\u00eda inh\u00e1bil en el estado para honrar dicho acontecimiento. &nbsp;\u201cGuanajuato ha sido siempre y sigue siendo protagonista [&hellip;]\" \/>\n<meta property=\"og:url\" content=\"https:\/\/kuali.com.mx\/web\/2023\/12\/20\/celebran-200-anos-de-libertad-y-soberania-de-guanajuato\/\" \/>\n<meta property=\"og:site_name\" content=\"Kuali\" \/>\n<meta property=\"article:publisher\" content=\"https:\/\/kuali.com.mx\/web\/wp-content\/uploads\/2018\/04\/cropped-kuali_logo-1-1.png\" \/>\n<meta property=\"article:published_time\" content=\"2023-12-20T23:07:06+00:00\" \/>\n<meta property=\"article:modified_time\" content=\"2023-12-20T23:58:55+00:00\" \/>\n<meta property=\"og:image\" content=\"https:\/\/kuali.com.mx\/web\/wp-content\/uploads\/2023\/12\/200-anos-Guanajuato-2.gif\" \/>\n\t<meta property=\"og:image:width\" content=\"1900\" \/>\n\t<meta property=\"og:image:height\" content=\"750\" \/>\n\t<meta property=\"og:image:type\" content=\"image\/gif\" \/>\n<meta name=\"author\" content=\"Kuali Staff\" \/>\n<meta name=\"twitter:card\" content=\"summary_large_image\" \/>\n<meta name=\"twitter:creator\" content=\"@kuali_noticias\" \/>\n<meta name=\"twitter:site\" content=\"@kuali_noticias\" \/>\n<meta name=\"twitter:label1\" content=\"Escrito por\" \/>\n\t<meta name=\"twitter:data1\" content=\"Kuali Staff\" \/>\n\t<meta name=\"twitter:label2\" content=\"Tiempo de lectura\" \/>\n\t<meta name=\"twitter:data2\" content=\"4 minutos\" \/>\n<script type=\"application\/ld+json\" class=\"yoast-schema-graph\">{\"@context\":\"https:\\\/\\\/schema.org\",\"@graph\":[{\"@type\":\"Article\",\"@id\":\"https:\\\/\\\/kuali.com.mx\\\/web\\\/2023\\\/12\\\/20\\\/celebran-200-anos-de-libertad-y-soberania-de-guanajuato\\\/#article\",\"isPartOf\":{\"@id\":\"https:\\\/\\\/kuali.com.mx\\\/web\\\/2023\\\/12\\\/20\\\/celebran-200-anos-de-libertad-y-soberania-de-guanajuato\\\/\"},\"author\":{\"name\":\"Kuali Staff\",\"@id\":\"https:\\\/\\\/kuali.com.mx\\\/web\\\/#\\\/schema\\\/person\\\/6f89ffa8ecba9dae50662357923c5289\"},\"headline\":\"CELEBRAN 200 A\u00d1OS DE LIBERTAD Y SOBERAN\u00cdA DE GUANAJUATO\",\"datePublished\":\"2023-12-20T23:07:06+00:00\",\"dateModified\":\"2023-12-20T23:58:55+00:00\",\"mainEntityOfPage\":{\"@id\":\"https:\\\/\\\/kuali.com.mx\\\/web\\\/2023\\\/12\\\/20\\\/celebran-200-anos-de-libertad-y-soberania-de-guanajuato\\\/\"},\"wordCount\":856,\"commentCount\":0,\"image\":{\"@id\":\"https:\\\/\\\/kuali.com.mx\\\/web\\\/2023\\\/12\\\/20\\\/celebran-200-anos-de-libertad-y-soberania-de-guanajuato\\\/#primaryimage\"},\"thumbnailUrl\":\"https:\\\/\\\/kuali.com.mx\\\/web\\\/wp-content\\\/uploads\\\/2023\\\/12\\\/200-anos-Guanajuato-2.gif\",\"keywords\":[\"20 de diciembre\",\"200 a\u00f1os\",\"Escudo\",\"Estados soberanos\",\"Guanajuato\",\"Premios estatales\"],\"articleSection\":[\"Pol\u00edtica\",\"slider\"],\"inLanguage\":\"es\",\"potentialAction\":[{\"@type\":\"CommentAction\",\"name\":\"Comment\",\"target\":[\"https:\\\/\\\/kuali.com.mx\\\/web\\\/2023\\\/12\\\/20\\\/celebran-200-anos-de-libertad-y-soberania-de-guanajuato\\\/#respond\"]}]},{\"@type\":\"WebPage\",\"@id\":\"https:\\\/\\\/kuali.com.mx\\\/web\\\/2023\\\/12\\\/20\\\/celebran-200-anos-de-libertad-y-soberania-de-guanajuato\\\/\",\"url\":\"https:\\\/\\\/kuali.com.mx\\\/web\\\/2023\\\/12\\\/20\\\/celebran-200-anos-de-libertad-y-soberania-de-guanajuato\\\/\",\"name\":\"CELEBRAN 200 A\u00d1OS DE LIBERTAD Y SOBERAN\u00cdA DE GUANAJUATO - Kuali\",\"isPartOf\":{\"@id\":\"https:\\\/\\\/kuali.com.mx\\\/web\\\/#website\"},\"primaryImageOfPage\":{\"@id\":\"https:\\\/\\\/kuali.com.mx\\\/web\\\/2023\\\/12\\\/20\\\/celebran-200-anos-de-libertad-y-soberania-de-guanajuato\\\/#primaryimage\"},\"image\":{\"@id\":\"https:\\\/\\\/kuali.com.mx\\\/web\\\/2023\\\/12\\\/20\\\/celebran-200-anos-de-libertad-y-soberania-de-guanajuato\\\/#primaryimage\"},\"thumbnailUrl\":\"https:\\\/\\\/kuali.com.mx\\\/web\\\/wp-content\\\/uploads\\\/2023\\\/12\\\/200-anos-Guanajuato-2.gif\",\"datePublished\":\"2023-12-20T23:07:06+00:00\",\"dateModified\":\"2023-12-20T23:58:55+00:00\",\"author\":{\"@id\":\"https:\\\/\\\/kuali.com.mx\\\/web\\\/#\\\/schema\\\/person\\\/6f89ffa8ecba9dae50662357923c5289\"},\"breadcrumb\":{\"@id\":\"https:\\\/\\\/kuali.com.mx\\\/web\\\/2023\\\/12\\\/20\\\/celebran-200-anos-de-libertad-y-soberania-de-guanajuato\\\/#breadcrumb\"},\"inLanguage\":\"es\",\"potentialAction\":[{\"@type\":\"ReadAction\",\"target\":[\"https:\\\/\\\/kuali.com.mx\\\/web\\\/2023\\\/12\\\/20\\\/celebran-200-anos-de-libertad-y-soberania-de-guanajuato\\\/\"]}]},{\"@type\":\"ImageObject\",\"inLanguage\":\"es\",\"@id\":\"https:\\\/\\\/kuali.com.mx\\\/web\\\/2023\\\/12\\\/20\\\/celebran-200-anos-de-libertad-y-soberania-de-guanajuato\\\/#primaryimage\",\"url\":\"https:\\\/\\\/kuali.com.mx\\\/web\\\/wp-content\\\/uploads\\\/2023\\\/12\\\/200-anos-Guanajuato-2.gif\",\"contentUrl\":\"https:\\\/\\\/kuali.com.mx\\\/web\\\/wp-content\\\/uploads\\\/2023\\\/12\\\/200-anos-Guanajuato-2.gif\",\"width\":1900,\"height\":750},{\"@type\":\"BreadcrumbList\",\"@id\":\"https:\\\/\\\/kuali.com.mx\\\/web\\\/2023\\\/12\\\/20\\\/celebran-200-anos-de-libertad-y-soberania-de-guanajuato\\\/#breadcrumb\",\"itemListElement\":[{\"@type\":\"ListItem\",\"position\":1,\"name\":\"Inicio\",\"item\":\"https:\\\/\\\/kuali.com.mx\\\/web\\\/\"},{\"@type\":\"ListItem\",\"position\":2,\"name\":\"CELEBRAN 200 A\u00d1OS DE LIBERTAD Y SOBERAN\u00cdA DE GUANAJUATO\"}]},{\"@type\":\"WebSite\",\"@id\":\"https:\\\/\\\/kuali.com.mx\\\/web\\\/#website\",\"url\":\"https:\\\/\\\/kuali.com.mx\\\/web\\\/\",\"name\":\"Kuali\",\"description\":\"\",\"potentialAction\":[{\"@type\":\"SearchAction\",\"target\":{\"@type\":\"EntryPoint\",\"urlTemplate\":\"https:\\\/\\\/kuali.com.mx\\\/web\\\/?s={search_term_string}\"},\"query-input\":{\"@type\":\"PropertyValueSpecification\",\"valueRequired\":true,\"valueName\":\"search_term_string\"}}],\"inLanguage\":\"es\"},{\"@type\":\"Person\",\"@id\":\"https:\\\/\\\/kuali.com.mx\\\/web\\\/#\\\/schema\\\/person\\\/6f89ffa8ecba9dae50662357923c5289\",\"name\":\"Kuali Staff\",\"image\":{\"@type\":\"ImageObject\",\"inLanguage\":\"es\",\"@id\":\"https:\\\/\\\/secure.gravatar.com\\\/avatar\\\/f917ad82e5ab71227a733c78b6e60715476f69ee6be59feee4eb5d9920c89e0f?s=96&d=mm&r=g\",\"url\":\"https:\\\/\\\/secure.gravatar.com\\\/avatar\\\/f917ad82e5ab71227a733c78b6e60715476f69ee6be59feee4eb5d9920c89e0f?s=96&d=mm&r=g\",\"contentUrl\":\"https:\\\/\\\/secure.gravatar.com\\\/avatar\\\/f917ad82e5ab71227a733c78b6e60715476f69ee6be59feee4eb5d9920c89e0f?s=96&d=mm&r=g\",\"caption\":\"Kuali Staff\"},\"url\":\"https:\\\/\\\/kuali.com.mx\\\/web\\\/author\\\/lagarto\\\/\"}]}<\/script>\n<!-- \/ Yoast SEO plugin. -->","yoast_head_json":{"title":"CELEBRAN 200 A\u00d1OS DE LIBERTAD Y SOBERAN\u00cdA DE GUANAJUATO - Kuali","robots":{"index":"index","follow":"follow","max-snippet":"max-snippet:-1","max-image-preview":"max-image-preview:large","max-video-preview":"max-video-preview:-1"},"canonical":"https:\/\/kuali.com.mx\/web\/2023\/12\/20\/celebran-200-anos-de-libertad-y-soberania-de-guanajuato\/","og_locale":"es_MX","og_type":"article","og_title":"CELEBRAN 200 A\u00d1OS DE LIBERTAD Y SOBERAN\u00cdA DE GUANAJUATO - Kuali","og_description":"Kuali\/Guanajuato, Gto.- Este d\u00eda se conmemoran los 200 a\u00f1os de libertad y soberan\u00eda de Guanajuato como entidad federativa, y como parte de las celebraciones fue presentada la nueva bandera. Desde este mi\u00e9rcoles y cada 20 de diciembre ser\u00e1 d\u00eda inh\u00e1bil en el estado para honrar dicho acontecimiento. &nbsp;\u201cGuanajuato ha sido siempre y sigue siendo protagonista [&hellip;]","og_url":"https:\/\/kuali.com.mx\/web\/2023\/12\/20\/celebran-200-anos-de-libertad-y-soberania-de-guanajuato\/","og_site_name":"Kuali","article_publisher":"https:\/\/kuali.com.mx\/web\/wp-content\/uploads\/2018\/04\/cropped-kuali_logo-1-1.png","article_published_time":"2023-12-20T23:07:06+00:00","article_modified_time":"2023-12-20T23:58:55+00:00","og_image":[{"width":1900,"height":750,"url":"https:\/\/kuali.com.mx\/web\/wp-content\/uploads\/2023\/12\/200-anos-Guanajuato-2.gif","type":"image\/gif"}],"author":"Kuali Staff","twitter_card":"summary_large_image","twitter_creator":"@kuali_noticias","twitter_site":"@kuali_noticias","twitter_misc":{"Escrito por":"Kuali Staff","Tiempo de lectura":"4 minutos"},"schema":{"@context":"https:\/\/schema.org","@graph":[{"@type":"Article","@id":"https:\/\/kuali.com.mx\/web\/2023\/12\/20\/celebran-200-anos-de-libertad-y-soberania-de-guanajuato\/#article","isPartOf":{"@id":"https:\/\/kuali.com.mx\/web\/2023\/12\/20\/celebran-200-anos-de-libertad-y-soberania-de-guanajuato\/"},"author":{"name":"Kuali Staff","@id":"https:\/\/kuali.com.mx\/web\/#\/schema\/person\/6f89ffa8ecba9dae50662357923c5289"},"headline":"CELEBRAN 200 A\u00d1OS DE LIBERTAD Y SOBERAN\u00cdA DE GUANAJUATO","datePublished":"2023-12-20T23:07:06+00:00","dateModified":"2023-12-20T23:58:55+00:00","mainEntityOfPage":{"@id":"https:\/\/kuali.com.mx\/web\/2023\/12\/20\/celebran-200-anos-de-libertad-y-soberania-de-guanajuato\/"},"wordCount":856,"commentCount":0,"image":{"@id":"https:\/\/kuali.com.mx\/web\/2023\/12\/20\/celebran-200-anos-de-libertad-y-soberania-de-guanajuato\/#primaryimage"},"thumbnailUrl":"https:\/\/kuali.com.mx\/web\/wp-content\/uploads\/2023\/12\/200-anos-Guanajuato-2.gif","keywords":["20 de diciembre","200 a\u00f1os","Escudo","Estados soberanos","Guanajuato","Premios estatales"],"articleSection":["Pol\u00edtica","slider"],"inLanguage":"es","potentialAction":[{"@type":"CommentAction","name":"Comment","target":["https:\/\/kuali.com.mx\/web\/2023\/12\/20\/celebran-200-anos-de-libertad-y-soberania-de-guanajuato\/#respond"]}]},{"@type":"WebPage","@id":"https:\/\/kuali.com.mx\/web\/2023\/12\/20\/celebran-200-anos-de-libertad-y-soberania-de-guanajuato\/","url":"https:\/\/kuali.com.mx\/web\/2023\/12\/20\/celebran-200-anos-de-libertad-y-soberania-de-guanajuato\/","name":"CELEBRAN 200 A\u00d1OS DE LIBERTAD Y SOBERAN\u00cdA DE GUANAJUATO - Kuali","isPartOf":{"@id":"https:\/\/kuali.com.mx\/web\/#website"},"primaryImageOfPage":{"@id":"https:\/\/kuali.com.mx\/web\/2023\/12\/20\/celebran-200-anos-de-libertad-y-soberania-de-guanajuato\/#primaryimage"},"image":{"@id":"https:\/\/kuali.com.mx\/web\/2023\/12\/20\/celebran-200-anos-de-libertad-y-soberania-de-guanajuato\/#primaryimage"},"thumbnailUrl":"https:\/\/kuali.com.mx\/web\/wp-content\/uploads\/2023\/12\/200-anos-Guanajuato-2.gif","datePublished":"2023-12-20T23:07:06+00:00","dateModified":"2023-12-20T23:58:55+00:00","author":{"@id":"https:\/\/kuali.com.mx\/web\/#\/schema\/person\/6f89ffa8ecba9dae50662357923c5289"},"breadcrumb":{"@id":"https:\/\/kuali.com.mx\/web\/2023\/12\/20\/celebran-200-anos-de-libertad-y-soberania-de-guanajuato\/#breadcrumb"},"inLanguage":"es","potentialAction":[{"@type":"ReadAction","target":["https:\/\/kuali.com.mx\/web\/2023\/12\/20\/celebran-200-anos-de-libertad-y-soberania-de-guanajuato\/"]}]},{"@type":"ImageObject","inLanguage":"es","@id":"https:\/\/kuali.com.mx\/web\/2023\/12\/20\/celebran-200-anos-de-libertad-y-soberania-de-guanajuato\/#primaryimage","url":"https:\/\/kuali.com.mx\/web\/wp-content\/uploads\/2023\/12\/200-anos-Guanajuato-2.gif","contentUrl":"https:\/\/kuali.com.mx\/web\/wp-content\/uploads\/2023\/12\/200-anos-Guanajuato-2.gif","width":1900,"height":750},{"@type":"BreadcrumbList","@id":"https:\/\/kuali.com.mx\/web\/2023\/12\/20\/celebran-200-anos-de-libertad-y-soberania-de-guanajuato\/#breadcrumb","itemListElement":[{"@type":"ListItem","position":1,"name":"Inicio","item":"https:\/\/kuali.com.mx\/web\/"},{"@type":"ListItem","position":2,"name":"CELEBRAN 200 A\u00d1OS DE LIBERTAD Y SOBERAN\u00cdA DE GUANAJUATO"}]},{"@type":"WebSite","@id":"https:\/\/kuali.com.mx\/web\/#website","url":"https:\/\/kuali.com.mx\/web\/","name":"Kuali","description":"","potentialAction":[{"@type":"SearchAction","target":{"@type":"EntryPoint","urlTemplate":"https:\/\/kuali.com.mx\/web\/?s={search_term_string}"},"query-input":{"@type":"PropertyValueSpecification","valueRequired":true,"valueName":"search_term_string"}}],"inLanguage":"es"},{"@type":"Person","@id":"https:\/\/kuali.com.mx\/web\/#\/schema\/person\/6f89ffa8ecba9dae50662357923c5289","name":"Kuali Staff","image":{"@type":"ImageObject","inLanguage":"es","@id":"https:\/\/secure.gravatar.com\/avatar\/f917ad82e5ab71227a733c78b6e60715476f69ee6be59feee4eb5d9920c89e0f?s=96&d=mm&r=g","url":"https:\/\/secure.gravatar.com\/avatar\/f917ad82e5ab71227a733c78b6e60715476f69ee6be59feee4eb5d9920c89e0f?s=96&d=mm&r=g","contentUrl":"https:\/\/secure.gravatar.com\/avatar\/f917ad82e5ab71227a733c78b6e60715476f69ee6be59feee4eb5d9920c89e0f?s=96&d=mm&r=g","caption":"Kuali Staff"},"url":"https:\/\/kuali.com.mx\/web\/author\/lagarto\/"}]}},"_links":{"self":[{"href":"https:\/\/kuali.com.mx\/web\/wp-json\/wp\/v2\/posts\/132673","targetHints":{"allow":["GET"]}}],"collection":[{"href":"https:\/\/kuali.com.mx\/web\/wp-json\/wp\/v2\/posts"}],"about":[{"href":"https:\/\/kuali.com.mx\/web\/wp-json\/wp\/v2\/types\/post"}],"author":[{"embeddable":true,"href":"https:\/\/kuali.com.mx\/web\/wp-json\/wp\/v2\/users\/2"}],"replies":[{"embeddable":true,"href":"https:\/\/kuali.com.mx\/web\/wp-json\/wp\/v2\/comments?post=132673"}],"version-history":[{"count":2,"href":"https:\/\/kuali.com.mx\/web\/wp-json\/wp\/v2\/posts\/132673\/revisions"}],"predecessor-version":[{"id":132682,"href":"https:\/\/kuali.com.mx\/web\/wp-json\/wp\/v2\/posts\/132673\/revisions\/132682"}],"wp:featuredmedia":[{"embeddable":true,"href":"https:\/\/kuali.com.mx\/web\/wp-json\/wp\/v2\/media\/132677"}],"wp:attachment":[{"href":"https:\/\/kuali.com.mx\/web\/wp-json\/wp\/v2\/media?parent=132673"}],"wp:term":[{"taxonomy":"category","embeddable":true,"href":"https:\/\/kuali.com.mx\/web\/wp-json\/wp\/v2\/categories?post=132673"},{"taxonomy":"post_tag","embeddable":true,"href":"https:\/\/kuali.com.mx\/web\/wp-json\/wp\/v2\/tags?post=132673"}],"curies":[{"name":"wp","href":"https:\/\/api.w.org\/{rel}","templated":true}]}}